{"id":17420,"date":"2019-04-05T11:55:53","date_gmt":"2019-04-05T09:55:53","guid":{"rendered":"http:\/\/blanca.es\/?p=17420"},"modified":"2019-04-05T11:55:53","modified_gmt":"2019-04-05T09:55:53","slug":"elena-nunez-galera-leera-este-sabado-el-pregon-de-semana-santa","status":"publish","type":"post","link":"https:\/\/blanca.es\/nuevaweb\/elena-nunez-galera-leera-este-sabado-el-pregon-de-semana-santa\/","title":{"rendered":"Elena N\u00fa\u00f1ez Galera leer\u00e1 este s\u00e1bado el Preg\u00f3n de Semana Santa"},"content":{"rendered":"<p style=\"text-align: justify;\">La periodista Elena N\u00fa\u00f1ez Galera, que en la actualidad es la presentadora del programa <strong>M\u00e1laga24H<\/strong>, en la cadena malague\u00f1a, ser\u00e1 la encargada de dar el pistoletazo de salida a los actos de la Semana Santa de Blanca con la lectura del Preg\u00f3n, que tendr\u00e1 lugar este s\u00e1bado, 6 de abril, a las 21 horas en el Teatro Victoria.<\/p>\n<p style=\"text-align: justify;\"><a href=\"http:\/\/blanca.es\/web\/wp-content\/uploads\/2019\/04\/elena-nu\u00f1ez.jpeg\"><img loading=\"lazy\" decoding=\"async\" class=\"alignnone wp-image-17421\" src=\"http:\/\/blanca.es\/web\/wp-content\/uploads\/2019\/04\/elena-nu\u00f1ez.jpeg\" alt=\"\" width=\"342\" height=\"420\" \/><\/a><\/p>\n<p style=\"text-align: justify;\">Tanto Elena N\u00fa\u00f1ez como su familia, se encuentran muy unidas a la historia de las Cofrad\u00edas de Blanca. Cuando era muy peque\u00f1a, comenz\u00f3 a dar sus primeros pasos como penitente. Fue en la Real y Muy Ilustre Cofrad\u00eda de Nuestro Padre Jes\u00fas Nazareno. No fueron pocos los a\u00f1os que procesion\u00f3, cirio en mano, por las calles de Blanca.<\/p>\n<p style=\"text-align: justify;\">Siendo ya una adolescente, han sido varias veces las que ha formado parte del cortejo procesional. Como Hermana, en la Hermandad de la Real Congregaci\u00f3n de los Sagrados Corazones de Jes\u00fas y de Mar\u00eda y en la Hermandad de San Juan Evangelista. E incluso, guarda el grato y orgulloso recuerdo, de haber portado sobre sus hombros el peso de nuestra patrona, la Virgen de los Dolores.<\/p>\n<p style=\"text-align: justify;\">Adem\u00e1s, el Colegio P\u00fablico Antonio Molina Gonz\u00e1lez recibir\u00e1 el galard\u00f3n que le reconoce con el nombramiento de Cofrade del A\u00f1o y se har\u00e1 entrega de los premios del XVI Concurso de dibujo de Semana Santa que se realiza en los colegios del municipio.<\/p>\n<h2>Cartel de Semana Santa<\/h2>\n<p><a href=\"http:\/\/blanca.es\/web\/wp-content\/uploads\/2019\/04\/CARTEL-SEMANA-SANTAbaja.jpg\"><img loading=\"lazy\" decoding=\"async\" class=\"alignnone size-large wp-image-17409\" src=\"http:\/\/blanca.es\/web\/wp-content\/uploads\/2019\/04\/CARTEL-SEMANA-SANTAbaja-589x1024.jpg\" alt=\"\" width=\"589\" height=\"1024\" \/><\/a><\/p>\n<p>&nbsp;<\/p>\n","protected":false},"excerpt":{"rendered":"<p>La periodista Elena N\u00fa\u00f1ez Galera, que en la actualidad es la presentadora del programa M\u00e1laga24H, en la cadena malague\u00f1a, ser\u00e1 la encargada de dar el pistoletazo de salida a los actos de la Semana Santa de Blanca con la lectura del Preg\u00f3n, que tendr\u00e1 lugar este s\u00e1bado, 6 de abril, a las 21 horas en [&hellip;]<\/p>\n","protected":false},"author":2,"featured_media":17423,"comment_status":"closed","ping_status":"open","sticky":false,"template":"","format":"standard","meta":{"footnotes":""},"categories":[160,156],"tags":[],"class_list":["post-17420","post","type-post","status-publish","format-standard","has-post-thumbnail","hentry","category-cul_tur","category-institucional"],"yoast_head":"<!-- This site is optimized with the Yoast SEO plugin v28.1 - https:\/\/yoast.com\/product\/yoast-seo-wordpress\/ -->\n<title>Elena N\u00fa\u00f1ez Galera leer\u00e1 este s\u00e1bado el Preg\u00f3n de Semana Santa - Ayuntamiento de Blanca<\/title>\n<meta name=\"robots\" content=\"index, follow, max-snippet:-1, max-image-preview:large, max-video-preview:-1\" \/>\n<link rel=\"canonical\" href=\"https:\/\/blanca.es\/nuevaweb\/elena-nunez-galera-leera-este-sabado-el-pregon-de-semana-santa\/\" \/>\n<meta property=\"og:locale\" content=\"es_ES\" \/>\n<meta property=\"og:type\" content=\"article\" \/>\n<meta property=\"og:title\" content=\"Elena N\u00fa\u00f1ez Galera leer\u00e1 este s\u00e1bado el Preg\u00f3n de Semana Santa - Ayuntamiento de Blanca\" \/>\n<meta property=\"og:description\" content=\"La periodista Elena N\u00fa\u00f1ez Galera, que en la actualidad es la presentadora del programa M\u00e1laga24H, en la cadena malague\u00f1a, ser\u00e1 la encargada de dar el pistoletazo de salida a los actos de la Semana Santa de Blanca con la lectura del Preg\u00f3n, que tendr\u00e1 lugar este s\u00e1bado, 6 de abril, a las 21 horas en [&hellip;]\" \/>\n<meta property=\"og:url\" content=\"https:\/\/blanca.es\/nuevaweb\/elena-nunez-galera-leera-este-sabado-el-pregon-de-semana-santa\/\" \/>\n<meta property=\"og:site_name\" content=\"Ayuntamiento de Blanca\" \/>\n<meta property=\"article:publisher\" content=\"https:\/\/es-es.facebook.com\/AyuntamientodeBlanca\" \/>\n<meta property=\"article:published_time\" content=\"2019-04-05T09:55:53+00:00\" \/>\n<meta name=\"author\" content=\"Comunicaci\u00f3n\" \/>\n<meta name=\"twitter:card\" content=\"summary_large_image\" \/>\n<meta name=\"twitter:creator\" content=\"@ayto_blanca\" \/>\n<meta name=\"twitter:site\" content=\"@ayto_blanca\" \/>\n<meta name=\"twitter:label1\" content=\"Escrito por\" \/>\n\t<meta name=\"twitter:data1\" content=\"Comunicaci\u00f3n\" \/>\n\t<meta name=\"twitter:label2\" content=\"Tiempo de lectura\" \/>\n\t<meta name=\"twitter:data2\" content=\"1 minuto\" \/>\n<script type=\"application\/ld+json\" class=\"yoast-schema-graph\">{\"@context\":\"https:\\\/\\\/schema.org\",\"@graph\":[{\"@type\":\"Article\",\"@id\":\"https:\\\/\\\/blanca.es\\\/nuevaweb\\\/elena-nunez-galera-leera-este-sabado-el-pregon-de-semana-santa\\\/#article\",\"isPartOf\":{\"@id\":\"https:\\\/\\\/blanca.es\\\/nuevaweb\\\/elena-nunez-galera-leera-este-sabado-el-pregon-de-semana-santa\\\/\"},\"author\":{\"name\":\"Comunicaci\u00f3n\",\"@id\":\"https:\\\/\\\/blanca.es\\\/nuevaweb\\\/#\\\/schema\\\/person\\\/068ffbe563a96e998dc141bd91d5a84a\"},\"headline\":\"Elena N\u00fa\u00f1ez Galera leer\u00e1 este s\u00e1bado el Preg\u00f3n de Semana Santa\",\"datePublished\":\"2019-04-05T09:55:53+00:00\",\"mainEntityOfPage\":{\"@id\":\"https:\\\/\\\/blanca.es\\\/nuevaweb\\\/elena-nunez-galera-leera-este-sabado-el-pregon-de-semana-santa\\\/\"},\"wordCount\":262,\"publisher\":{\"@id\":\"https:\\\/\\\/blanca.es\\\/nuevaweb\\\/#organization\"},\"image\":{\"@id\":\"https:\\\/\\\/blanca.es\\\/nuevaweb\\\/elena-nunez-galera-leera-este-sabado-el-pregon-de-semana-santa\\\/#primaryimage\"},\"thumbnailUrl\":\"\",\"articleSection\":[\"Cultura y Turismo\",\"Institucional\"],\"inLanguage\":\"es\"},{\"@type\":\"WebPage\",\"@id\":\"https:\\\/\\\/blanca.es\\\/nuevaweb\\\/elena-nunez-galera-leera-este-sabado-el-pregon-de-semana-santa\\\/\",\"url\":\"https:\\\/\\\/blanca.es\\\/nuevaweb\\\/elena-nunez-galera-leera-este-sabado-el-pregon-de-semana-santa\\\/\",\"name\":\"Elena N\u00fa\u00f1ez Galera leer\u00e1 este s\u00e1bado el Preg\u00f3n de Semana Santa - Ayuntamiento de Blanca\",\"isPartOf\":{\"@id\":\"https:\\\/\\\/blanca.es\\\/nuevaweb\\\/#website\"},\"primaryImageOfPage\":{\"@id\":\"https:\\\/\\\/blanca.es\\\/nuevaweb\\\/elena-nunez-galera-leera-este-sabado-el-pregon-de-semana-santa\\\/#primaryimage\"},\"image\":{\"@id\":\"https:\\\/\\\/blanca.es\\\/nuevaweb\\\/elena-nunez-galera-leera-este-sabado-el-pregon-de-semana-santa\\\/#primaryimage\"},\"thumbnailUrl\":\"\",\"datePublished\":\"2019-04-05T09:55:53+00:00\",\"breadcrumb\":{\"@id\":\"https:\\\/\\\/blanca.es\\\/nuevaweb\\\/elena-nunez-galera-leera-este-sabado-el-pregon-de-semana-santa\\\/#breadcrumb\"},\"inLanguage\":\"es\",\"potentialAction\":[{\"@type\":\"ReadAction\",\"target\":[\"https:\\\/\\\/blanca.es\\\/nuevaweb\\\/elena-nunez-galera-leera-este-sabado-el-pregon-de-semana-santa\\\/\"]}]},{\"@type\":\"ImageObject\",\"inLanguage\":\"es\",\"@id\":\"https:\\\/\\\/blanca.es\\\/nuevaweb\\\/elena-nunez-galera-leera-este-sabado-el-pregon-de-semana-santa\\\/#primaryimage\",\"url\":\"\",\"contentUrl\":\"\"},{\"@type\":\"BreadcrumbList\",\"@id\":\"https:\\\/\\\/blanca.es\\\/nuevaweb\\\/elena-nunez-galera-leera-este-sabado-el-pregon-de-semana-santa\\\/#breadcrumb\",\"itemListElement\":[{\"@type\":\"ListItem\",\"position\":1,\"name\":\"Portada\",\"item\":\"https:\\\/\\\/blanca.es\\\/nuevaweb\\\/\"},{\"@type\":\"ListItem\",\"position\":2,\"name\":\"Elena N\u00fa\u00f1ez Galera leer\u00e1 este s\u00e1bado el Preg\u00f3n de Semana Santa\"}]},{\"@type\":\"WebSite\",\"@id\":\"https:\\\/\\\/blanca.es\\\/nuevaweb\\\/#website\",\"url\":\"https:\\\/\\\/blanca.es\\\/nuevaweb\\\/\",\"name\":\"Ayuntamiento de Blanca\",\"description\":\"Web Municipal Blanca (Murcia)\",\"publisher\":{\"@id\":\"https:\\\/\\\/blanca.es\\\/nuevaweb\\\/#organization\"},\"potentialAction\":[{\"@type\":\"SearchAction\",\"target\":{\"@type\":\"EntryPoint\",\"urlTemplate\":\"https:\\\/\\\/blanca.es\\\/nuevaweb\\\/?s={search_term_string}\"},\"query-input\":{\"@type\":\"PropertyValueSpecification\",\"valueRequired\":true,\"valueName\":\"search_term_string\"}}],\"inLanguage\":\"es\"},{\"@type\":\"Organization\",\"@id\":\"https:\\\/\\\/blanca.es\\\/nuevaweb\\\/#organization\",\"name\":\"Ayuntamiento de Blanca\",\"url\":\"https:\\\/\\\/blanca.es\\\/nuevaweb\\\/\",\"logo\":{\"@type\":\"ImageObject\",\"inLanguage\":\"es\",\"@id\":\"https:\\\/\\\/blanca.es\\\/nuevaweb\\\/#\\\/schema\\\/logo\\\/image\\\/\",\"url\":\"https:\\\/\\\/blanca.es\\\/nuevaweb\\\/wp-content\\\/uploads\\\/2020\\\/09\\\/Escudo_alta_cuadrado-3.png\",\"contentUrl\":\"https:\\\/\\\/blanca.es\\\/nuevaweb\\\/wp-content\\\/uploads\\\/2020\\\/09\\\/Escudo_alta_cuadrado-3.png\",\"width\":300,\"height\":300,\"caption\":\"Ayuntamiento de Blanca\"},\"image\":{\"@id\":\"https:\\\/\\\/blanca.es\\\/nuevaweb\\\/#\\\/schema\\\/logo\\\/image\\\/\"},\"sameAs\":[\"https:\\\/\\\/es-es.facebook.com\\\/AyuntamientodeBlanca\",\"https:\\\/\\\/x.com\\\/ayto_blanca\",\"https:\\\/\\\/www.youtube.com\\\/channel\\\/UC9weal_OZVKN6meF0Fd_rqw\"]},{\"@type\":\"Person\",\"@id\":\"https:\\\/\\\/blanca.es\\\/nuevaweb\\\/#\\\/schema\\\/person\\\/068ffbe563a96e998dc141bd91d5a84a\",\"name\":\"Comunicaci\u00f3n\",\"image\":{\"@type\":\"ImageObject\",\"inLanguage\":\"es\",\"@id\":\"https:\\\/\\\/secure.gravatar.com\\\/avatar\\\/0a6839cedbb80e4510cc6b40b620b579d19c8c87d368475504cb313c55980873?s=96&d=mm&r=g\",\"url\":\"https:\\\/\\\/secure.gravatar.com\\\/avatar\\\/0a6839cedbb80e4510cc6b40b620b579d19c8c87d368475504cb313c55980873?s=96&d=mm&r=g\",\"contentUrl\":\"https:\\\/\\\/secure.gravatar.com\\\/avatar\\\/0a6839cedbb80e4510cc6b40b620b579d19c8c87d368475504cb313c55980873?s=96&d=mm&r=g\",\"caption\":\"Comunicaci\u00f3n\"}}]}<\/script>\n<!-- \/ Yoast SEO plugin. -->","yoast_head_json":{"title":"Elena N\u00fa\u00f1ez Galera leer\u00e1 este s\u00e1bado el Preg\u00f3n de Semana Santa - Ayuntamiento de Blanca","robots":{"index":"index","follow":"follow","max-snippet":"max-snippet:-1","max-image-preview":"max-image-preview:large","max-video-preview":"max-video-preview:-1"},"canonical":"https:\/\/blanca.es\/nuevaweb\/elena-nunez-galera-leera-este-sabado-el-pregon-de-semana-santa\/","og_locale":"es_ES","og_type":"article","og_title":"Elena N\u00fa\u00f1ez Galera leer\u00e1 este s\u00e1bado el Preg\u00f3n de Semana Santa - Ayuntamiento de Blanca","og_description":"La periodista Elena N\u00fa\u00f1ez Galera, que en la actualidad es la presentadora del programa M\u00e1laga24H, en la cadena malague\u00f1a, ser\u00e1 la encargada de dar el pistoletazo de salida a los actos de la Semana Santa de Blanca con la lectura del Preg\u00f3n, que tendr\u00e1 lugar este s\u00e1bado, 6 de abril, a las 21 horas en [&hellip;]","og_url":"https:\/\/blanca.es\/nuevaweb\/elena-nunez-galera-leera-este-sabado-el-pregon-de-semana-santa\/","og_site_name":"Ayuntamiento de Blanca","article_publisher":"https:\/\/es-es.facebook.com\/AyuntamientodeBlanca","article_published_time":"2019-04-05T09:55:53+00:00","author":"Comunicaci\u00f3n","twitter_card":"summary_large_image","twitter_creator":"@ayto_blanca","twitter_site":"@ayto_blanca","twitter_misc":{"Escrito por":"Comunicaci\u00f3n","Tiempo de lectura":"1 minuto"},"schema":{"@context":"https:\/\/schema.org","@graph":[{"@type":"Article","@id":"https:\/\/blanca.es\/nuevaweb\/elena-nunez-galera-leera-este-sabado-el-pregon-de-semana-santa\/#article","isPartOf":{"@id":"https:\/\/blanca.es\/nuevaweb\/elena-nunez-galera-leera-este-sabado-el-pregon-de-semana-santa\/"},"author":{"name":"Comunicaci\u00f3n","@id":"https:\/\/blanca.es\/nuevaweb\/#\/schema\/person\/068ffbe563a96e998dc141bd91d5a84a"},"headline":"Elena N\u00fa\u00f1ez Galera leer\u00e1 este s\u00e1bado el Preg\u00f3n de Semana Santa","datePublished":"2019-04-05T09:55:53+00:00","mainEntityOfPage":{"@id":"https:\/\/blanca.es\/nuevaweb\/elena-nunez-galera-leera-este-sabado-el-pregon-de-semana-santa\/"},"wordCount":262,"publisher":{"@id":"https:\/\/blanca.es\/nuevaweb\/#organization"},"image":{"@id":"https:\/\/blanca.es\/nuevaweb\/elena-nunez-galera-leera-este-sabado-el-pregon-de-semana-santa\/#primaryimage"},"thumbnailUrl":"","articleSection":["Cultura y Turismo","Institucional"],"inLanguage":"es"},{"@type":"WebPage","@id":"https:\/\/blanca.es\/nuevaweb\/elena-nunez-galera-leera-este-sabado-el-pregon-de-semana-santa\/","url":"https:\/\/blanca.es\/nuevaweb\/elena-nunez-galera-leera-este-sabado-el-pregon-de-semana-santa\/","name":"Elena N\u00fa\u00f1ez Galera leer\u00e1 este s\u00e1bado el Preg\u00f3n de Semana Santa - Ayuntamiento de Blanca","isPartOf":{"@id":"https:\/\/blanca.es\/nuevaweb\/#website"},"primaryImageOfPage":{"@id":"https:\/\/blanca.es\/nuevaweb\/elena-nunez-galera-leera-este-sabado-el-pregon-de-semana-santa\/#primaryimage"},"image":{"@id":"https:\/\/blanca.es\/nuevaweb\/elena-nunez-galera-leera-este-sabado-el-pregon-de-semana-santa\/#primaryimage"},"thumbnailUrl":"","datePublished":"2019-04-05T09:55:53+00:00","breadcrumb":{"@id":"https:\/\/blanca.es\/nuevaweb\/elena-nunez-galera-leera-este-sabado-el-pregon-de-semana-santa\/#breadcrumb"},"inLanguage":"es","potentialAction":[{"@type":"ReadAction","target":["https:\/\/blanca.es\/nuevaweb\/elena-nunez-galera-leera-este-sabado-el-pregon-de-semana-santa\/"]}]},{"@type":"ImageObject","inLanguage":"es","@id":"https:\/\/blanca.es\/nuevaweb\/elena-nunez-galera-leera-este-sabado-el-pregon-de-semana-santa\/#primaryimage","url":"","contentUrl":""},{"@type":"BreadcrumbList","@id":"https:\/\/blanca.es\/nuevaweb\/elena-nunez-galera-leera-este-sabado-el-pregon-de-semana-santa\/#breadcrumb","itemListElement":[{"@type":"ListItem","position":1,"name":"Portada","item":"https:\/\/blanca.es\/nuevaweb\/"},{"@type":"ListItem","position":2,"name":"Elena N\u00fa\u00f1ez Galera leer\u00e1 este s\u00e1bado el Preg\u00f3n de Semana Santa"}]},{"@type":"WebSite","@id":"https:\/\/blanca.es\/nuevaweb\/#website","url":"https:\/\/blanca.es\/nuevaweb\/","name":"Ayuntamiento de Blanca","description":"Web Municipal Blanca (Murcia)","publisher":{"@id":"https:\/\/blanca.es\/nuevaweb\/#organization"},"potentialAction":[{"@type":"SearchAction","target":{"@type":"EntryPoint","urlTemplate":"https:\/\/blanca.es\/nuevaweb\/?s={search_term_string}"},"query-input":{"@type":"PropertyValueSpecification","valueRequired":true,"valueName":"search_term_string"}}],"inLanguage":"es"},{"@type":"Organization","@id":"https:\/\/blanca.es\/nuevaweb\/#organization","name":"Ayuntamiento de Blanca","url":"https:\/\/blanca.es\/nuevaweb\/","logo":{"@type":"ImageObject","inLanguage":"es","@id":"https:\/\/blanca.es\/nuevaweb\/#\/schema\/logo\/image\/","url":"https:\/\/blanca.es\/nuevaweb\/wp-content\/uploads\/2020\/09\/Escudo_alta_cuadrado-3.png","contentUrl":"https:\/\/blanca.es\/nuevaweb\/wp-content\/uploads\/2020\/09\/Escudo_alta_cuadrado-3.png","width":300,"height":300,"caption":"Ayuntamiento de Blanca"},"image":{"@id":"https:\/\/blanca.es\/nuevaweb\/#\/schema\/logo\/image\/"},"sameAs":["https:\/\/es-es.facebook.com\/AyuntamientodeBlanca","https:\/\/x.com\/ayto_blanca","https:\/\/www.youtube.com\/channel\/UC9weal_OZVKN6meF0Fd_rqw"]},{"@type":"Person","@id":"https:\/\/blanca.es\/nuevaweb\/#\/schema\/person\/068ffbe563a96e998dc141bd91d5a84a","name":"Comunicaci\u00f3n","image":{"@type":"ImageObject","inLanguage":"es","@id":"https:\/\/secure.gravatar.com\/avatar\/0a6839cedbb80e4510cc6b40b620b579d19c8c87d368475504cb313c55980873?s=96&d=mm&r=g","url":"https:\/\/secure.gravatar.com\/avatar\/0a6839cedbb80e4510cc6b40b620b579d19c8c87d368475504cb313c55980873?s=96&d=mm&r=g","contentUrl":"https:\/\/secure.gravatar.com\/avatar\/0a6839cedbb80e4510cc6b40b620b579d19c8c87d368475504cb313c55980873?s=96&d=mm&r=g","caption":"Comunicaci\u00f3n"}}]}},"_links":{"self":[{"href":"https:\/\/blanca.es\/nuevaweb\/wp-json\/wp\/v2\/posts\/17420","targetHints":{"allow":["GET"]}}],"collection":[{"href":"https:\/\/blanca.es\/nuevaweb\/wp-json\/wp\/v2\/posts"}],"about":[{"href":"https:\/\/blanca.es\/nuevaweb\/wp-json\/wp\/v2\/types\/post"}],"author":[{"embeddable":true,"href":"https:\/\/blanca.es\/nuevaweb\/wp-json\/wp\/v2\/users\/2"}],"replies":[{"embeddable":true,"href":"https:\/\/blanca.es\/nuevaweb\/wp-json\/wp\/v2\/comments?post=17420"}],"version-history":[{"count":0,"href":"https:\/\/blanca.es\/nuevaweb\/wp-json\/wp\/v2\/posts\/17420\/revisions"}],"wp:attachment":[{"href":"https:\/\/blanca.es\/nuevaweb\/wp-json\/wp\/v2\/media?parent=17420"}],"wp:term":[{"taxonomy":"category","embeddable":true,"href":"https:\/\/blanca.es\/nuevaweb\/wp-json\/wp\/v2\/categories?post=17420"},{"taxonomy":"post_tag","embeddable":true,"href":"https:\/\/blanca.es\/nuevaweb\/wp-json\/wp\/v2\/tags?post=17420"}],"curies":[{"name":"wp","href":"https:\/\/api.w.org\/{rel}","templated":true}]}}