{"id":20128,"date":"2020-03-01T11:52:55","date_gmt":"2020-03-01T10:52:55","guid":{"rendered":"http:\/\/blanca.es\/?p=20128"},"modified":"2020-03-01T11:52:55","modified_gmt":"2020-03-01T10:52:55","slug":"nuestra-senora-y-patrona-la-santisima-virgen-de-los-dolores-imagen-anunciadora-de-la-semana-santa-2020","status":"publish","type":"post","link":"https:\/\/blanca.es\/nuevaweb\/nuestra-senora-y-patrona-la-santisima-virgen-de-los-dolores-imagen-anunciadora-de-la-semana-santa-2020\/","title":{"rendered":"Nuestra Se\u00f1ora y Patrona la Sant\u00edsima Virgen de los Dolores imagen anunciadora de la Semana Santa 2020"},"content":{"rendered":"<p><span style=\"font-weight: 400;\">La Semana Santa de Blanca ya tiene cartel anunciador. Una imagen de Nuestra Se\u00f1ora y Patrona la Sant\u00edsima Virgen de los Dolores, con la fachada de la Iglesia San Juan Evangelista de fondo, anunciar\u00e1 esta festividad con una larga tradici\u00f3n en el municipio, que este a\u00f1o se celebra del 3 al 12 de abril.<\/span><\/p>\n<p><span style=\"font-weight: 400;\">La imagen del cartel anunciador es una fotograf\u00eda de Sacris, tomada en la procesi\u00f3n de Viernes Santo por la noche, y el dise\u00f1o ha corrido a cargo de Sebasti\u00e1n Guillam\u00f3n.<\/span><\/p>\n<p><span style=\"font-weight: 400;\">El Alcalde de Blanca, Pedro Luis Molina, la concejal de Cultura, Sole R\u00edos, el concejal de Seguridad Ciudadana, Jos\u00e9 Antonio Carpena, acudieron al acto de presentaci\u00f3n junto al presidente del Consejo Superior de Cofrad\u00edas y Hermandades de Pasi\u00f3n y Gloria de la Villa de Blanca, Jos\u00e9 Mar\u00eda Molina, el fot\u00f3grafo autor del cartel, Antonio Molina \u2018Sacris\u2019, el dise\u00f1ador del cartel, Sebasti\u00e1n Guillam\u00f3n, la presidenta de la Cofrad\u00eda Sacramental de Servitas de Nuestra Se\u00f1ora la Virgen de los Dolores, Elena Fern\u00e1ndez, y el secretario de la misma, \u00c1ngel Cano.\u00a0<\/span><\/p>\n<div id='gallery-1' class='gallery galleryid-20128 gallery-columns-3 gallery-size-thumbnail'><figure class='gallery-item'>\n\t\t\t<div class='gallery-icon landscape'>\n\t\t\t\t<a href='https:\/\/blanca.es\/nuevaweb\/wp-content\/uploads\/2020\/03\/Presentacion-cartel-Semana-Santa-2.jpg'><img loading=\"lazy\" decoding=\"async\" width=\"150\" height=\"150\" src=\"https:\/\/blanca.es\/nuevaweb\/wp-content\/uploads\/2020\/03\/Presentacion-cartel-Semana-Santa-2-150x150.jpg\" class=\"attachment-thumbnail size-thumbnail\" alt=\"\" \/><\/a>\n\t\t\t<\/div><\/figure><figure class='gallery-item'>\n\t\t\t<div class='gallery-icon portrait'>\n\t\t\t\t<a href='https:\/\/blanca.es\/nuevaweb\/wp-content\/uploads\/2020\/03\/Cartel-presentacion-Semana-Santa.jpg'><img loading=\"lazy\" decoding=\"async\" width=\"150\" height=\"150\" src=\"https:\/\/blanca.es\/nuevaweb\/wp-content\/uploads\/2020\/03\/Cartel-presentacion-Semana-Santa-150x150.jpg\" class=\"attachment-thumbnail size-thumbnail\" alt=\"\" \/><\/a>\n\t\t\t<\/div><\/figure>\n\t\t<\/div>\n\n<p>&nbsp;<\/p>\n<p><span style=\"font-weight: 400;\">El acto de anunciaci\u00f3n del cartel de la Semana Santa de Blanca 2020 comenz\u00f3 con un emotivo texto a cargo de Vicente Candel Fern\u00e1ndez, que recog\u00eda las siguientes palabras:<\/span><\/p>\n<p><em><span style=\"font-weight: 400;\">Mar\u00eda, Virgen, Dolorosa. Tres palabras tan hermosas como dif\u00edciles. Tan secreta su armon\u00eda, tan esquivas\u2026 Dolora, Virgen, Mar\u00eda. Jirones de Alma que atraviesan la nuestra cuando las empu\u00f1a el poeta, o las pronuncia el que, sin serlo, se deja cortar por la emoci\u00f3n que supone presentar el cartel anunciador de nuestra Semana Santa, siendo ilustrado este con la imagen de Nuestra Se\u00f1ora y Patrona la Virgen de los Dolores.<\/span><\/em><\/p>\n<p><em><span style=\"font-weight: 400;\">Se\u00f1or Cura P\u00e1rroco de san Juan Evangelista, D. Gin\u00e9s Amor Molina, Se\u00f1or Alcalde de Blanca, D. Pedro Luis Molina, Se\u00f1or Presidente del Consejo Superior de Cofrad\u00edas y Hermandades de Pasi\u00f3n y Gloria de la Villa de Blanca, D. Jos\u00e9 Mar\u00eda Molina Palaz\u00f3n, distintos representantes civiles y cofrades de esta Villa, vecinos todos de Blanca.<\/span><\/em><\/p>\n<p><em><span style=\"font-weight: 400;\">Es un enorme placer para m\u00ed, presentar este noche el cartel anunciador de la Semana Mayor de Blanca, durante la cual, los blanque\u00f1os conmemoraremos los Sagrados Misterios de la Pasi\u00f3n, Muerte y Resurecci\u00f3n de Nuestro Se\u00f1or Jesucristo.<\/span><\/em><\/p>\n<p><em><span style=\"font-weight: 400;\">La fotograf\u00eda, realizada y cedida por Sacris, es otra forma de amar la vida, capturando el tiempo y deteniendo los sentimientos para siempre, y que mejor representaci\u00f3n de las emociones comunes de los blanque\u00f1os, que la imagen enlutada de la Dolorosa en la noche del viernes santo, en la que mismo cielo sirve de palio a las estrellas que brotan su llanto, y en la que ante devota figura, sus hijos de Blanca, ponen de manifiesto sus problemas, necesidades, carencias y, c\u00f3mo no, la piadosa exigencia de quienes la necesitan, y que postr\u00e1ndose ante Ella, despliegan al viento la seda morena en la que envuelven sus amarguras.<\/span><\/em><\/p>\n<p><em><span style=\"font-weight: 400;\">No cabe duda, queridos vecinos, que este cartel permanecer\u00e1 en todos los hogares de Blanca, y que el saber sentir de cada blanque\u00f1o a su Virgen har\u00e1 que sea receptor de cientos de plegarias. Porque nadie reza a la Virgen como se reza en esta tierra, con recogimiento y con garbo, con devoci\u00f3n y con gracia, con salves, con oraciones y llantos que dicen guapa.<\/span><\/em><\/p>\n<p><em><span style=\"font-weight: 400;\">Sin duda de que este cartel, dise\u00f1ado por Sebasti\u00e1n Guillam\u00f3n ser\u00e1 del agrado de todos y cuantos lo contemplen. Aprovecho la ocasi\u00f3n para dar las gracias al Consejo Superior de Cofrad\u00edas y Hermandades por la confianza que han depositado en m\u00ed para esta presentaci\u00f3n y por tan gran honor que supone a mi persona.<\/span><\/em><\/p>\n<p><em><span style=\"font-weight: 400;\">Reciban todos los presentes mis mejores deseos.<\/span><\/em><\/p>\n<p><em><span style=\"font-weight: 400;\">Buenas noches.<\/span><\/em><\/p>\n<p>&nbsp;<\/p>\n<p>Fotograf\u00edas de Jose Antonio L\u00f3pez Rios.<\/p>\n<div id='gallery-2' class='gallery galleryid-20128 gallery-columns-3 gallery-size-thumbnail'><figure class='gallery-item'>\n\t\t\t<div class='gallery-icon landscape'>\n\t\t\t\t<a href='https:\/\/blanca.es\/nuevaweb\/wp-content\/uploads\/2020\/03\/Presentacion-cartel-Semana-Santa.jpg'><img loading=\"lazy\" decoding=\"async\" width=\"150\" height=\"150\" src=\"https:\/\/blanca.es\/nuevaweb\/wp-content\/uploads\/2020\/03\/Presentacion-cartel-Semana-Santa-150x150.jpg\" class=\"attachment-thumbnail size-thumbnail\" alt=\"\" \/><\/a>\n\t\t\t<\/div><\/figure><figure class='gallery-item'>\n\t\t\t<div class='gallery-icon landscape'>\n\t\t\t\t<a href='https:\/\/blanca.es\/nuevaweb\/wp-content\/uploads\/2020\/03\/Presentacion-cartel-Semana-Santa-1.jpg'><img loading=\"lazy\" decoding=\"async\" width=\"150\" height=\"150\" src=\"https:\/\/blanca.es\/nuevaweb\/wp-content\/uploads\/2020\/03\/Presentacion-cartel-Semana-Santa-1-150x150.jpg\" class=\"attachment-thumbnail size-thumbnail\" alt=\"\" \/><\/a>\n\t\t\t<\/div><\/figure>\n\t\t<\/div>\n\n","protected":false},"excerpt":{"rendered":"<p>La Semana Santa de Blanca ya tiene cartel anunciador. Una imagen de Nuestra Se\u00f1ora y Patrona la Sant\u00edsima Virgen de los Dolores, con la fachada de la Iglesia San Juan Evangelista de fondo, anunciar\u00e1 esta festividad con una larga tradici\u00f3n en el municipio, que este a\u00f1o se celebra del 3 al 12 de abril. La [&hellip;]<\/p>\n","protected":false},"author":2,"featured_media":20130,"comment_status":"closed","ping_status":"open","sticky":false,"template":"","format":"standard","meta":{"footnotes":""},"categories":[160,162],"tags":[],"class_list":["post-20128","post","type-post","status-publish","format-standard","has-post-thumbnail","hentry","category-cul_tur","category-fiestas"],"yoast_head":"<!-- This site is optimized with the Yoast SEO plugin v28.1 - https:\/\/yoast.com\/product\/yoast-seo-wordpress\/ -->\n<title>Nuestra Se\u00f1ora y Patrona la Sant\u00edsima Virgen de los Dolores imagen anunciadora de la Semana Santa 2020 - Ayuntamiento de Blanca<\/title>\n<meta name=\"robots\" content=\"index, follow, max-snippet:-1, max-image-preview:large, max-video-preview:-1\" \/>\n<link rel=\"canonical\" href=\"https:\/\/blanca.es\/nuevaweb\/nuestra-senora-y-patrona-la-santisima-virgen-de-los-dolores-imagen-anunciadora-de-la-semana-santa-2020\/\" \/>\n<meta property=\"og:locale\" content=\"es_ES\" \/>\n<meta property=\"og:type\" content=\"article\" \/>\n<meta property=\"og:title\" content=\"Nuestra Se\u00f1ora y Patrona la Sant\u00edsima Virgen de los Dolores imagen anunciadora de la Semana Santa 2020 - Ayuntamiento de Blanca\" \/>\n<meta property=\"og:description\" content=\"La Semana Santa de Blanca ya tiene cartel anunciador. Una imagen de Nuestra Se\u00f1ora y Patrona la Sant\u00edsima Virgen de los Dolores, con la fachada de la Iglesia San Juan Evangelista de fondo, anunciar\u00e1 esta festividad con una larga tradici\u00f3n en el municipio, que este a\u00f1o se celebra del 3 al 12 de abril. La [&hellip;]\" \/>\n<meta property=\"og:url\" content=\"https:\/\/blanca.es\/nuevaweb\/nuestra-senora-y-patrona-la-santisima-virgen-de-los-dolores-imagen-anunciadora-de-la-semana-santa-2020\/\" \/>\n<meta property=\"og:site_name\" content=\"Ayuntamiento de Blanca\" \/>\n<meta property=\"article:publisher\" content=\"https:\/\/es-es.facebook.com\/AyuntamientodeBlanca\" \/>\n<meta property=\"article:published_time\" content=\"2020-03-01T10:52:55+00:00\" \/>\n<meta property=\"og:image\" content=\"https:\/\/blanca.es\/nuevaweb\/wp-content\/uploads\/2020\/03\/Cartel-presentacion-Semana-Santa.jpg\" \/>\n\t<meta property=\"og:image:width\" content=\"800\" \/>\n\t<meta property=\"og:image:height\" content=\"1116\" \/>\n\t<meta property=\"og:image:type\" content=\"image\/jpeg\" \/>\n<meta name=\"author\" content=\"Comunicaci\u00f3n\" \/>\n<meta name=\"twitter:card\" content=\"summary_large_image\" \/>\n<meta name=\"twitter:creator\" content=\"@ayto_blanca\" \/>\n<meta name=\"twitter:site\" content=\"@ayto_blanca\" \/>\n<meta name=\"twitter:label1\" content=\"Escrito por\" \/>\n\t<meta name=\"twitter:data1\" content=\"Comunicaci\u00f3n\" \/>\n\t<meta name=\"twitter:label2\" content=\"Tiempo de lectura\" \/>\n\t<meta name=\"twitter:data2\" content=\"3 minutos\" \/>\n<script type=\"application\/ld+json\" class=\"yoast-schema-graph\">{\"@context\":\"https:\\\/\\\/schema.org\",\"@graph\":[{\"@type\":\"Article\",\"@id\":\"https:\\\/\\\/blanca.es\\\/nuevaweb\\\/nuestra-senora-y-patrona-la-santisima-virgen-de-los-dolores-imagen-anunciadora-de-la-semana-santa-2020\\\/#article\",\"isPartOf\":{\"@id\":\"https:\\\/\\\/blanca.es\\\/nuevaweb\\\/nuestra-senora-y-patrona-la-santisima-virgen-de-los-dolores-imagen-anunciadora-de-la-semana-santa-2020\\\/\"},\"author\":{\"name\":\"Comunicaci\u00f3n\",\"@id\":\"https:\\\/\\\/blanca.es\\\/nuevaweb\\\/#\\\/schema\\\/person\\\/068ffbe563a96e998dc141bd91d5a84a\"},\"headline\":\"Nuestra Se\u00f1ora y Patrona la Sant\u00edsima Virgen de los Dolores imagen anunciadora de la Semana Santa 2020\",\"datePublished\":\"2020-03-01T10:52:55+00:00\",\"mainEntityOfPage\":{\"@id\":\"https:\\\/\\\/blanca.es\\\/nuevaweb\\\/nuestra-senora-y-patrona-la-santisima-virgen-de-los-dolores-imagen-anunciadora-de-la-semana-santa-2020\\\/\"},\"wordCount\":690,\"publisher\":{\"@id\":\"https:\\\/\\\/blanca.es\\\/nuevaweb\\\/#organization\"},\"image\":{\"@id\":\"https:\\\/\\\/blanca.es\\\/nuevaweb\\\/nuestra-senora-y-patrona-la-santisima-virgen-de-los-dolores-imagen-anunciadora-de-la-semana-santa-2020\\\/#primaryimage\"},\"thumbnailUrl\":\"https:\\\/\\\/blanca.es\\\/nuevaweb\\\/wp-content\\\/uploads\\\/2020\\\/03\\\/Cartel-presentacion-Semana-Santa.jpg\",\"articleSection\":[\"Cultura y Turismo\",\"Fiestas\"],\"inLanguage\":\"es\"},{\"@type\":\"WebPage\",\"@id\":\"https:\\\/\\\/blanca.es\\\/nuevaweb\\\/nuestra-senora-y-patrona-la-santisima-virgen-de-los-dolores-imagen-anunciadora-de-la-semana-santa-2020\\\/\",\"url\":\"https:\\\/\\\/blanca.es\\\/nuevaweb\\\/nuestra-senora-y-patrona-la-santisima-virgen-de-los-dolores-imagen-anunciadora-de-la-semana-santa-2020\\\/\",\"name\":\"Nuestra Se\u00f1ora y Patrona la Sant\u00edsima Virgen de los Dolores imagen anunciadora de la Semana Santa 2020 - Ayuntamiento de Blanca\",\"isPartOf\":{\"@id\":\"https:\\\/\\\/blanca.es\\\/nuevaweb\\\/#website\"},\"primaryImageOfPage\":{\"@id\":\"https:\\\/\\\/blanca.es\\\/nuevaweb\\\/nuestra-senora-y-patrona-la-santisima-virgen-de-los-dolores-imagen-anunciadora-de-la-semana-santa-2020\\\/#primaryimage\"},\"image\":{\"@id\":\"https:\\\/\\\/blanca.es\\\/nuevaweb\\\/nuestra-senora-y-patrona-la-santisima-virgen-de-los-dolores-imagen-anunciadora-de-la-semana-santa-2020\\\/#primaryimage\"},\"thumbnailUrl\":\"https:\\\/\\\/blanca.es\\\/nuevaweb\\\/wp-content\\\/uploads\\\/2020\\\/03\\\/Cartel-presentacion-Semana-Santa.jpg\",\"datePublished\":\"2020-03-01T10:52:55+00:00\",\"breadcrumb\":{\"@id\":\"https:\\\/\\\/blanca.es\\\/nuevaweb\\\/nuestra-senora-y-patrona-la-santisima-virgen-de-los-dolores-imagen-anunciadora-de-la-semana-santa-2020\\\/#breadcrumb\"},\"inLanguage\":\"es\",\"potentialAction\":[{\"@type\":\"ReadAction\",\"target\":[\"https:\\\/\\\/blanca.es\\\/nuevaweb\\\/nuestra-senora-y-patrona-la-santisima-virgen-de-los-dolores-imagen-anunciadora-de-la-semana-santa-2020\\\/\"]}]},{\"@type\":\"ImageObject\",\"inLanguage\":\"es\",\"@id\":\"https:\\\/\\\/blanca.es\\\/nuevaweb\\\/nuestra-senora-y-patrona-la-santisima-virgen-de-los-dolores-imagen-anunciadora-de-la-semana-santa-2020\\\/#primaryimage\",\"url\":\"https:\\\/\\\/blanca.es\\\/nuevaweb\\\/wp-content\\\/uploads\\\/2020\\\/03\\\/Cartel-presentacion-Semana-Santa.jpg\",\"contentUrl\":\"https:\\\/\\\/blanca.es\\\/nuevaweb\\\/wp-content\\\/uploads\\\/2020\\\/03\\\/Cartel-presentacion-Semana-Santa.jpg\",\"width\":800,\"height\":1116},{\"@type\":\"BreadcrumbList\",\"@id\":\"https:\\\/\\\/blanca.es\\\/nuevaweb\\\/nuestra-senora-y-patrona-la-santisima-virgen-de-los-dolores-imagen-anunciadora-de-la-semana-santa-2020\\\/#breadcrumb\",\"itemListElement\":[{\"@type\":\"ListItem\",\"position\":1,\"name\":\"Portada\",\"item\":\"https:\\\/\\\/blanca.es\\\/nuevaweb\\\/\"},{\"@type\":\"ListItem\",\"position\":2,\"name\":\"Nuestra Se\u00f1ora y Patrona la Sant\u00edsima Virgen de los Dolores imagen anunciadora de la Semana Santa 2020\"}]},{\"@type\":\"WebSite\",\"@id\":\"https:\\\/\\\/blanca.es\\\/nuevaweb\\\/#website\",\"url\":\"https:\\\/\\\/blanca.es\\\/nuevaweb\\\/\",\"name\":\"Ayuntamiento de Blanca\",\"description\":\"Web Municipal Blanca (Murcia)\",\"publisher\":{\"@id\":\"https:\\\/\\\/blanca.es\\\/nuevaweb\\\/#organization\"},\"potentialAction\":[{\"@type\":\"SearchAction\",\"target\":{\"@type\":\"EntryPoint\",\"urlTemplate\":\"https:\\\/\\\/blanca.es\\\/nuevaweb\\\/?s={search_term_string}\"},\"query-input\":{\"@type\":\"PropertyValueSpecification\",\"valueRequired\":true,\"valueName\":\"search_term_string\"}}],\"inLanguage\":\"es\"},{\"@type\":\"Organization\",\"@id\":\"https:\\\/\\\/blanca.es\\\/nuevaweb\\\/#organization\",\"name\":\"Ayuntamiento de Blanca\",\"url\":\"https:\\\/\\\/blanca.es\\\/nuevaweb\\\/\",\"logo\":{\"@type\":\"ImageObject\",\"inLanguage\":\"es\",\"@id\":\"https:\\\/\\\/blanca.es\\\/nuevaweb\\\/#\\\/schema\\\/logo\\\/image\\\/\",\"url\":\"https:\\\/\\\/blanca.es\\\/nuevaweb\\\/wp-content\\\/uploads\\\/2020\\\/09\\\/Escudo_alta_cuadrado-3.png\",\"contentUrl\":\"https:\\\/\\\/blanca.es\\\/nuevaweb\\\/wp-content\\\/uploads\\\/2020\\\/09\\\/Escudo_alta_cuadrado-3.png\",\"width\":300,\"height\":300,\"caption\":\"Ayuntamiento de Blanca\"},\"image\":{\"@id\":\"https:\\\/\\\/blanca.es\\\/nuevaweb\\\/#\\\/schema\\\/logo\\\/image\\\/\"},\"sameAs\":[\"https:\\\/\\\/es-es.facebook.com\\\/AyuntamientodeBlanca\",\"https:\\\/\\\/x.com\\\/ayto_blanca\",\"https:\\\/\\\/www.youtube.com\\\/channel\\\/UC9weal_OZVKN6meF0Fd_rqw\"]},{\"@type\":\"Person\",\"@id\":\"https:\\\/\\\/blanca.es\\\/nuevaweb\\\/#\\\/schema\\\/person\\\/068ffbe563a96e998dc141bd91d5a84a\",\"name\":\"Comunicaci\u00f3n\",\"image\":{\"@type\":\"ImageObject\",\"inLanguage\":\"es\",\"@id\":\"https:\\\/\\\/secure.gravatar.com\\\/avatar\\\/0a6839cedbb80e4510cc6b40b620b579d19c8c87d368475504cb313c55980873?s=96&d=mm&r=g\",\"url\":\"https:\\\/\\\/secure.gravatar.com\\\/avatar\\\/0a6839cedbb80e4510cc6b40b620b579d19c8c87d368475504cb313c55980873?s=96&d=mm&r=g\",\"contentUrl\":\"https:\\\/\\\/secure.gravatar.com\\\/avatar\\\/0a6839cedbb80e4510cc6b40b620b579d19c8c87d368475504cb313c55980873?s=96&d=mm&r=g\",\"caption\":\"Comunicaci\u00f3n\"}}]}<\/script>\n<!-- \/ Yoast SEO plugin. -->","yoast_head_json":{"title":"Nuestra Se\u00f1ora y Patrona la Sant\u00edsima Virgen de los Dolores imagen anunciadora de la Semana Santa 2020 - Ayuntamiento de Blanca","robots":{"index":"index","follow":"follow","max-snippet":"max-snippet:-1","max-image-preview":"max-image-preview:large","max-video-preview":"max-video-preview:-1"},"canonical":"https:\/\/blanca.es\/nuevaweb\/nuestra-senora-y-patrona-la-santisima-virgen-de-los-dolores-imagen-anunciadora-de-la-semana-santa-2020\/","og_locale":"es_ES","og_type":"article","og_title":"Nuestra Se\u00f1ora y Patrona la Sant\u00edsima Virgen de los Dolores imagen anunciadora de la Semana Santa 2020 - Ayuntamiento de Blanca","og_description":"La Semana Santa de Blanca ya tiene cartel anunciador. Una imagen de Nuestra Se\u00f1ora y Patrona la Sant\u00edsima Virgen de los Dolores, con la fachada de la Iglesia San Juan Evangelista de fondo, anunciar\u00e1 esta festividad con una larga tradici\u00f3n en el municipio, que este a\u00f1o se celebra del 3 al 12 de abril. La [&hellip;]","og_url":"https:\/\/blanca.es\/nuevaweb\/nuestra-senora-y-patrona-la-santisima-virgen-de-los-dolores-imagen-anunciadora-de-la-semana-santa-2020\/","og_site_name":"Ayuntamiento de Blanca","article_publisher":"https:\/\/es-es.facebook.com\/AyuntamientodeBlanca","article_published_time":"2020-03-01T10:52:55+00:00","og_image":[{"width":800,"height":1116,"url":"https:\/\/blanca.es\/nuevaweb\/wp-content\/uploads\/2020\/03\/Cartel-presentacion-Semana-Santa.jpg","type":"image\/jpeg"}],"author":"Comunicaci\u00f3n","twitter_card":"summary_large_image","twitter_creator":"@ayto_blanca","twitter_site":"@ayto_blanca","twitter_misc":{"Escrito por":"Comunicaci\u00f3n","Tiempo de lectura":"3 minutos"},"schema":{"@context":"https:\/\/schema.org","@graph":[{"@type":"Article","@id":"https:\/\/blanca.es\/nuevaweb\/nuestra-senora-y-patrona-la-santisima-virgen-de-los-dolores-imagen-anunciadora-de-la-semana-santa-2020\/#article","isPartOf":{"@id":"https:\/\/blanca.es\/nuevaweb\/nuestra-senora-y-patrona-la-santisima-virgen-de-los-dolores-imagen-anunciadora-de-la-semana-santa-2020\/"},"author":{"name":"Comunicaci\u00f3n","@id":"https:\/\/blanca.es\/nuevaweb\/#\/schema\/person\/068ffbe563a96e998dc141bd91d5a84a"},"headline":"Nuestra Se\u00f1ora y Patrona la Sant\u00edsima Virgen de los Dolores imagen anunciadora de la Semana Santa 2020","datePublished":"2020-03-01T10:52:55+00:00","mainEntityOfPage":{"@id":"https:\/\/blanca.es\/nuevaweb\/nuestra-senora-y-patrona-la-santisima-virgen-de-los-dolores-imagen-anunciadora-de-la-semana-santa-2020\/"},"wordCount":690,"publisher":{"@id":"https:\/\/blanca.es\/nuevaweb\/#organization"},"image":{"@id":"https:\/\/blanca.es\/nuevaweb\/nuestra-senora-y-patrona-la-santisima-virgen-de-los-dolores-imagen-anunciadora-de-la-semana-santa-2020\/#primaryimage"},"thumbnailUrl":"https:\/\/blanca.es\/nuevaweb\/wp-content\/uploads\/2020\/03\/Cartel-presentacion-Semana-Santa.jpg","articleSection":["Cultura y Turismo","Fiestas"],"inLanguage":"es"},{"@type":"WebPage","@id":"https:\/\/blanca.es\/nuevaweb\/nuestra-senora-y-patrona-la-santisima-virgen-de-los-dolores-imagen-anunciadora-de-la-semana-santa-2020\/","url":"https:\/\/blanca.es\/nuevaweb\/nuestra-senora-y-patrona-la-santisima-virgen-de-los-dolores-imagen-anunciadora-de-la-semana-santa-2020\/","name":"Nuestra Se\u00f1ora y Patrona la Sant\u00edsima Virgen de los Dolores imagen anunciadora de la Semana Santa 2020 - Ayuntamiento de Blanca","isPartOf":{"@id":"https:\/\/blanca.es\/nuevaweb\/#website"},"primaryImageOfPage":{"@id":"https:\/\/blanca.es\/nuevaweb\/nuestra-senora-y-patrona-la-santisima-virgen-de-los-dolores-imagen-anunciadora-de-la-semana-santa-2020\/#primaryimage"},"image":{"@id":"https:\/\/blanca.es\/nuevaweb\/nuestra-senora-y-patrona-la-santisima-virgen-de-los-dolores-imagen-anunciadora-de-la-semana-santa-2020\/#primaryimage"},"thumbnailUrl":"https:\/\/blanca.es\/nuevaweb\/wp-content\/uploads\/2020\/03\/Cartel-presentacion-Semana-Santa.jpg","datePublished":"2020-03-01T10:52:55+00:00","breadcrumb":{"@id":"https:\/\/blanca.es\/nuevaweb\/nuestra-senora-y-patrona-la-santisima-virgen-de-los-dolores-imagen-anunciadora-de-la-semana-santa-2020\/#breadcrumb"},"inLanguage":"es","potentialAction":[{"@type":"ReadAction","target":["https:\/\/blanca.es\/nuevaweb\/nuestra-senora-y-patrona-la-santisima-virgen-de-los-dolores-imagen-anunciadora-de-la-semana-santa-2020\/"]}]},{"@type":"ImageObject","inLanguage":"es","@id":"https:\/\/blanca.es\/nuevaweb\/nuestra-senora-y-patrona-la-santisima-virgen-de-los-dolores-imagen-anunciadora-de-la-semana-santa-2020\/#primaryimage","url":"https:\/\/blanca.es\/nuevaweb\/wp-content\/uploads\/2020\/03\/Cartel-presentacion-Semana-Santa.jpg","contentUrl":"https:\/\/blanca.es\/nuevaweb\/wp-content\/uploads\/2020\/03\/Cartel-presentacion-Semana-Santa.jpg","width":800,"height":1116},{"@type":"BreadcrumbList","@id":"https:\/\/blanca.es\/nuevaweb\/nuestra-senora-y-patrona-la-santisima-virgen-de-los-dolores-imagen-anunciadora-de-la-semana-santa-2020\/#breadcrumb","itemListElement":[{"@type":"ListItem","position":1,"name":"Portada","item":"https:\/\/blanca.es\/nuevaweb\/"},{"@type":"ListItem","position":2,"name":"Nuestra Se\u00f1ora y Patrona la Sant\u00edsima Virgen de los Dolores imagen anunciadora de la Semana Santa 2020"}]},{"@type":"WebSite","@id":"https:\/\/blanca.es\/nuevaweb\/#website","url":"https:\/\/blanca.es\/nuevaweb\/","name":"Ayuntamiento de Blanca","description":"Web Municipal Blanca (Murcia)","publisher":{"@id":"https:\/\/blanca.es\/nuevaweb\/#organization"},"potentialAction":[{"@type":"SearchAction","target":{"@type":"EntryPoint","urlTemplate":"https:\/\/blanca.es\/nuevaweb\/?s={search_term_string}"},"query-input":{"@type":"PropertyValueSpecification","valueRequired":true,"valueName":"search_term_string"}}],"inLanguage":"es"},{"@type":"Organization","@id":"https:\/\/blanca.es\/nuevaweb\/#organization","name":"Ayuntamiento de Blanca","url":"https:\/\/blanca.es\/nuevaweb\/","logo":{"@type":"ImageObject","inLanguage":"es","@id":"https:\/\/blanca.es\/nuevaweb\/#\/schema\/logo\/image\/","url":"https:\/\/blanca.es\/nuevaweb\/wp-content\/uploads\/2020\/09\/Escudo_alta_cuadrado-3.png","contentUrl":"https:\/\/blanca.es\/nuevaweb\/wp-content\/uploads\/2020\/09\/Escudo_alta_cuadrado-3.png","width":300,"height":300,"caption":"Ayuntamiento de Blanca"},"image":{"@id":"https:\/\/blanca.es\/nuevaweb\/#\/schema\/logo\/image\/"},"sameAs":["https:\/\/es-es.facebook.com\/AyuntamientodeBlanca","https:\/\/x.com\/ayto_blanca","https:\/\/www.youtube.com\/channel\/UC9weal_OZVKN6meF0Fd_rqw"]},{"@type":"Person","@id":"https:\/\/blanca.es\/nuevaweb\/#\/schema\/person\/068ffbe563a96e998dc141bd91d5a84a","name":"Comunicaci\u00f3n","image":{"@type":"ImageObject","inLanguage":"es","@id":"https:\/\/secure.gravatar.com\/avatar\/0a6839cedbb80e4510cc6b40b620b579d19c8c87d368475504cb313c55980873?s=96&d=mm&r=g","url":"https:\/\/secure.gravatar.com\/avatar\/0a6839cedbb80e4510cc6b40b620b579d19c8c87d368475504cb313c55980873?s=96&d=mm&r=g","contentUrl":"https:\/\/secure.gravatar.com\/avatar\/0a6839cedbb80e4510cc6b40b620b579d19c8c87d368475504cb313c55980873?s=96&d=mm&r=g","caption":"Comunicaci\u00f3n"}}]}},"_links":{"self":[{"href":"https:\/\/blanca.es\/nuevaweb\/wp-json\/wp\/v2\/posts\/20128","targetHints":{"allow":["GET"]}}],"collection":[{"href":"https:\/\/blanca.es\/nuevaweb\/wp-json\/wp\/v2\/posts"}],"about":[{"href":"https:\/\/blanca.es\/nuevaweb\/wp-json\/wp\/v2\/types\/post"}],"author":[{"embeddable":true,"href":"https:\/\/blanca.es\/nuevaweb\/wp-json\/wp\/v2\/users\/2"}],"replies":[{"embeddable":true,"href":"https:\/\/blanca.es\/nuevaweb\/wp-json\/wp\/v2\/comments?post=20128"}],"version-history":[{"count":0,"href":"https:\/\/blanca.es\/nuevaweb\/wp-json\/wp\/v2\/posts\/20128\/revisions"}],"wp:featuredmedia":[{"embeddable":true,"href":"https:\/\/blanca.es\/nuevaweb\/wp-json\/wp\/v2\/media\/20130"}],"wp:attachment":[{"href":"https:\/\/blanca.es\/nuevaweb\/wp-json\/wp\/v2\/media?parent=20128"}],"wp:term":[{"taxonomy":"category","embeddable":true,"href":"https:\/\/blanca.es\/nuevaweb\/wp-json\/wp\/v2\/categories?post=20128"},{"taxonomy":"post_tag","embeddable":true,"href":"https:\/\/blanca.es\/nuevaweb\/wp-json\/wp\/v2\/tags?post=20128"}],"curies":[{"name":"wp","href":"https:\/\/api.w.org\/{rel}","templated":true}]}}