{"id":20143,"date":"2020-03-03T19:55:54","date_gmt":"2020-03-03T18:55:54","guid":{"rendered":"http:\/\/blanca.es\/?p=20143"},"modified":"2020-03-03T19:55:54","modified_gmt":"2020-03-03T18:55:54","slug":"el-alcalde-de-blanca-presenta-en-el-teatro-romea-el-i-gastro-encuentro-del-valle-de-ricote","status":"publish","type":"post","link":"https:\/\/blanca.es\/nuevaweb\/el-alcalde-de-blanca-presenta-en-el-teatro-romea-el-i-gastro-encuentro-del-valle-de-ricote\/","title":{"rendered":"El alcalde de Blanca presenta, en el Teatro Romea, el \u2018I Gastro-Encuentro del Valle de Ricote\u2019"},"content":{"rendered":"<p style=\"text-align: justify;\">El alcalde de Blanca, Pedro Luis Molina junto con la concejal de Turismo, Ana Bel\u00e9n L\u00f3pez, la consejera de Turismo, Cristina S\u00e1nchez, el alcalde de Murcia, Jos\u00e9 Ballesta, el pintor blanque\u00f1o, Pedro Cano, el sumiller blanque\u00f1o, Alejandro Ramos, y el chef, Rodi F\u00e9rnandez presentaron, en el d\u00eda de ayer, en el Sal\u00f3n de los Espejos del Teatro Romea de Murcia el Primer Gastro-Encuentro del Valle de Ricote, que se celebrar\u00e1 en Blanca los pr\u00f3ximos 25 y 26 de abril.<\/p>\n<p style=\"text-align: justify;\">En el acto, el alcalde de Blanca present\u00f3 el v\u00eddeo tur\u00edstico \u2018Blanca, Coraz\u00f3n del Valle de Ricote\u2019 y destac\u00f3 la importancia que tiene para el municipio este proyecto como impulso a la gastronom\u00eda y turismo local. Pedro Luis Molina tambi\u00e9n apunt\u00f3 el deseo de que el proyecto, que arranca este a\u00f1o con su primera edici\u00f3n, se convierta en un referente para toda la Regi\u00f3n.<\/p>\n<p style=\"text-align: justify;\">La consejera de Turismo, Juventud y Deportes, Cristina S\u00e1nchez, coment\u00f3 la importancia de esta iniciativa gastron\u00f3mica, ya que cuenta con sabor a turismo y a gastronom\u00eda murciana. Adem\u00e1s, el alcalde de Murcia, Jos\u00e9 Ballesta, destac\u00f3 el valor que tiene para Murcia, Capital Gastron\u00f3mica 2020, la expansi\u00f3n de los proyectos gastron\u00f3micos y tur\u00edsticos a \u00a0todos los municipios de la Regi\u00f3n.<\/p>\n<p style=\"text-align: justify;\">Por su parte, el pintor blanque\u00f1o, Pedro Cano, coment\u00f3 la importancia cultural y gastron\u00f3mica de Blanca como reclamo tur\u00edstico y alab\u00f3 al lim\u00f3n, ya que para \u00e9l es el producto que ha marcado su carrera como artista.<\/p>\n<p style=\"text-align: justify;\">El evento estuvo amenizado por los platos realizados por el chef, Rodi Fern\u00e1ndez, inspirados en obras de Pedro Cano y por los vinos del sumiller blanque\u00f1o, Alejandro Ramos. Ambos profesionales coordinaran la organizaci\u00f3n del Gastro-Encuentro junto con el Ayuntamiento de Blanca.<\/p>\n<p style=\"text-align: justify;\">La feria gastron\u00f3mica, que se inaugurar\u00e1 la ma\u00f1ana del 25 de abril a las 13:00 horas, se celebrar\u00e1 en un entorno \u00fanico, como es la avenida del R\u00edo Segura, a la orilla del r\u00edo, entre vegetaci\u00f3n y agua; un enclave que est\u00e1 rodeado de paisajes naturales, de Huerta, \u00e1rboles frutales, c\u00edtricos y palmeras.<\/p>\n<p style=\"text-align: justify;\">El Primer Gastro-Encuentro del Valle de Ricote contar\u00e1 con m\u00e1s de 15 stands dedicados a restaurantes, bodegas y comercios del sector de la alimentaci\u00f3n. Los asistentes podr\u00e1n adquir\u00eds sus tapas por dos euros, cerveza por un euro y vino por un euro y medio.<\/p>\n<p style=\"text-align: justify;\">Los interesados en participar en el Primer Gastro-Encuentro del Valle de Ricote pueden inscribirse hasta el 23 de abril presentando su propuesta en el Ayuntamiento de Blanca.<\/p>\n<div id='gallery-1' class='gallery galleryid-20143 gallery-columns-3 gallery-size-thumbnail'><figure class='gallery-item'>\n\t\t\t<div class='gallery-icon landscape'>\n\t\t\t\t<a href='https:\/\/blanca.es\/nuevaweb\/wp-content\/uploads\/2020\/03\/Presentacion-Gastro-Encuentro-del-Valle-de-Ricote-1.jpg'><img loading=\"lazy\" decoding=\"async\" width=\"150\" height=\"150\" src=\"https:\/\/blanca.es\/nuevaweb\/wp-content\/uploads\/2020\/03\/Presentacion-Gastro-Encuentro-del-Valle-de-Ricote-1-150x150.jpg\" class=\"attachment-thumbnail size-thumbnail\" alt=\"\" \/><\/a>\n\t\t\t<\/div><\/figure><figure class='gallery-item'>\n\t\t\t<div class='gallery-icon landscape'>\n\t\t\t\t<a href='https:\/\/blanca.es\/nuevaweb\/wp-content\/uploads\/2020\/03\/Presentacion-Gastro-Encuentro-del-Valle-de-Ricote.jpg'><img loading=\"lazy\" decoding=\"async\" width=\"150\" height=\"150\" src=\"https:\/\/blanca.es\/nuevaweb\/wp-content\/uploads\/2020\/03\/Presentacion-Gastro-Encuentro-del-Valle-de-Ricote-150x150.jpg\" class=\"attachment-thumbnail size-thumbnail\" alt=\"\" \/><\/a>\n\t\t\t<\/div><\/figure>\n\t\t<\/div>\n\n","protected":false},"excerpt":{"rendered":"<p>El alcalde de Blanca, Pedro Luis Molina junto con la concejal de Turismo, Ana Bel\u00e9n L\u00f3pez, la consejera de Turismo, Cristina S\u00e1nchez, el alcalde de Murcia, Jos\u00e9 Ballesta, el pintor blanque\u00f1o, Pedro Cano, el sumiller blanque\u00f1o, Alejandro Ramos, y el chef, Rodi F\u00e9rnandez presentaron, en el d\u00eda de ayer, en el Sal\u00f3n de los Espejos [&hellip;]<\/p>\n","protected":false},"author":2,"featured_media":20145,"comment_status":"closed","ping_status":"open","sticky":false,"template":"","format":"standard","meta":{"footnotes":""},"categories":[160],"tags":[],"class_list":["post-20143","post","type-post","status-publish","format-standard","has-post-thumbnail","hentry","category-cul_tur"],"yoast_head":"<!-- This site is optimized with the Yoast SEO plugin v28.1 - https:\/\/yoast.com\/product\/yoast-seo-wordpress\/ -->\n<title>El alcalde de Blanca presenta, en el Teatro Romea, el \u2018I Gastro-Encuentro del Valle de Ricote\u2019 - Ayuntamiento de Blanca<\/title>\n<meta name=\"robots\" content=\"index, follow, max-snippet:-1, max-image-preview:large, max-video-preview:-1\" \/>\n<link rel=\"canonical\" href=\"https:\/\/blanca.es\/nuevaweb\/el-alcalde-de-blanca-presenta-en-el-teatro-romea-el-i-gastro-encuentro-del-valle-de-ricote\/\" \/>\n<meta property=\"og:locale\" content=\"es_ES\" \/>\n<meta property=\"og:type\" content=\"article\" \/>\n<meta property=\"og:title\" content=\"El alcalde de Blanca presenta, en el Teatro Romea, el \u2018I Gastro-Encuentro del Valle de Ricote\u2019 - Ayuntamiento de Blanca\" \/>\n<meta property=\"og:description\" content=\"El alcalde de Blanca, Pedro Luis Molina junto con la concejal de Turismo, Ana Bel\u00e9n L\u00f3pez, la consejera de Turismo, Cristina S\u00e1nchez, el alcalde de Murcia, Jos\u00e9 Ballesta, el pintor blanque\u00f1o, Pedro Cano, el sumiller blanque\u00f1o, Alejandro Ramos, y el chef, Rodi F\u00e9rnandez presentaron, en el d\u00eda de ayer, en el Sal\u00f3n de los Espejos [&hellip;]\" \/>\n<meta property=\"og:url\" content=\"https:\/\/blanca.es\/nuevaweb\/el-alcalde-de-blanca-presenta-en-el-teatro-romea-el-i-gastro-encuentro-del-valle-de-ricote\/\" \/>\n<meta property=\"og:site_name\" content=\"Ayuntamiento de Blanca\" \/>\n<meta property=\"article:publisher\" content=\"https:\/\/es-es.facebook.com\/AyuntamientodeBlanca\" \/>\n<meta property=\"article:published_time\" content=\"2020-03-03T18:55:54+00:00\" \/>\n<meta property=\"og:image\" content=\"https:\/\/blanca.es\/nuevaweb\/wp-content\/uploads\/2020\/03\/Presentacion-Gastro-Encuentro-del-Valle-de-Ricote.jpg\" \/>\n\t<meta property=\"og:image:width\" content=\"800\" \/>\n\t<meta property=\"og:image:height\" content=\"600\" \/>\n\t<meta property=\"og:image:type\" content=\"image\/jpeg\" \/>\n<meta name=\"author\" content=\"Comunicaci\u00f3n\" \/>\n<meta name=\"twitter:card\" content=\"summary_large_image\" \/>\n<meta name=\"twitter:creator\" content=\"@ayto_blanca\" \/>\n<meta name=\"twitter:site\" content=\"@ayto_blanca\" \/>\n<meta name=\"twitter:label1\" content=\"Escrito por\" \/>\n\t<meta name=\"twitter:data1\" content=\"Comunicaci\u00f3n\" \/>\n\t<meta name=\"twitter:label2\" content=\"Tiempo de lectura\" \/>\n\t<meta name=\"twitter:data2\" content=\"2 minutos\" \/>\n<script type=\"application\/ld+json\" class=\"yoast-schema-graph\">{\"@context\":\"https:\\\/\\\/schema.org\",\"@graph\":[{\"@type\":\"Article\",\"@id\":\"https:\\\/\\\/blanca.es\\\/nuevaweb\\\/el-alcalde-de-blanca-presenta-en-el-teatro-romea-el-i-gastro-encuentro-del-valle-de-ricote\\\/#article\",\"isPartOf\":{\"@id\":\"https:\\\/\\\/blanca.es\\\/nuevaweb\\\/el-alcalde-de-blanca-presenta-en-el-teatro-romea-el-i-gastro-encuentro-del-valle-de-ricote\\\/\"},\"author\":{\"name\":\"Comunicaci\u00f3n\",\"@id\":\"https:\\\/\\\/blanca.es\\\/nuevaweb\\\/#\\\/schema\\\/person\\\/068ffbe563a96e998dc141bd91d5a84a\"},\"headline\":\"El alcalde de Blanca presenta, en el Teatro Romea, el \u2018I Gastro-Encuentro del Valle de Ricote\u2019\",\"datePublished\":\"2020-03-03T18:55:54+00:00\",\"mainEntityOfPage\":{\"@id\":\"https:\\\/\\\/blanca.es\\\/nuevaweb\\\/el-alcalde-de-blanca-presenta-en-el-teatro-romea-el-i-gastro-encuentro-del-valle-de-ricote\\\/\"},\"wordCount\":462,\"publisher\":{\"@id\":\"https:\\\/\\\/blanca.es\\\/nuevaweb\\\/#organization\"},\"image\":{\"@id\":\"https:\\\/\\\/blanca.es\\\/nuevaweb\\\/el-alcalde-de-blanca-presenta-en-el-teatro-romea-el-i-gastro-encuentro-del-valle-de-ricote\\\/#primaryimage\"},\"thumbnailUrl\":\"https:\\\/\\\/blanca.es\\\/nuevaweb\\\/wp-content\\\/uploads\\\/2020\\\/03\\\/Presentacion-Gastro-Encuentro-del-Valle-de-Ricote.jpg\",\"articleSection\":[\"Cultura y Turismo\"],\"inLanguage\":\"es\"},{\"@type\":\"WebPage\",\"@id\":\"https:\\\/\\\/blanca.es\\\/nuevaweb\\\/el-alcalde-de-blanca-presenta-en-el-teatro-romea-el-i-gastro-encuentro-del-valle-de-ricote\\\/\",\"url\":\"https:\\\/\\\/blanca.es\\\/nuevaweb\\\/el-alcalde-de-blanca-presenta-en-el-teatro-romea-el-i-gastro-encuentro-del-valle-de-ricote\\\/\",\"name\":\"El alcalde de Blanca presenta, en el Teatro Romea, el \u2018I Gastro-Encuentro del Valle de Ricote\u2019 - Ayuntamiento de Blanca\",\"isPartOf\":{\"@id\":\"https:\\\/\\\/blanca.es\\\/nuevaweb\\\/#website\"},\"primaryImageOfPage\":{\"@id\":\"https:\\\/\\\/blanca.es\\\/nuevaweb\\\/el-alcalde-de-blanca-presenta-en-el-teatro-romea-el-i-gastro-encuentro-del-valle-de-ricote\\\/#primaryimage\"},\"image\":{\"@id\":\"https:\\\/\\\/blanca.es\\\/nuevaweb\\\/el-alcalde-de-blanca-presenta-en-el-teatro-romea-el-i-gastro-encuentro-del-valle-de-ricote\\\/#primaryimage\"},\"thumbnailUrl\":\"https:\\\/\\\/blanca.es\\\/nuevaweb\\\/wp-content\\\/uploads\\\/2020\\\/03\\\/Presentacion-Gastro-Encuentro-del-Valle-de-Ricote.jpg\",\"datePublished\":\"2020-03-03T18:55:54+00:00\",\"breadcrumb\":{\"@id\":\"https:\\\/\\\/blanca.es\\\/nuevaweb\\\/el-alcalde-de-blanca-presenta-en-el-teatro-romea-el-i-gastro-encuentro-del-valle-de-ricote\\\/#breadcrumb\"},\"inLanguage\":\"es\",\"potentialAction\":[{\"@type\":\"ReadAction\",\"target\":[\"https:\\\/\\\/blanca.es\\\/nuevaweb\\\/el-alcalde-de-blanca-presenta-en-el-teatro-romea-el-i-gastro-encuentro-del-valle-de-ricote\\\/\"]}]},{\"@type\":\"ImageObject\",\"inLanguage\":\"es\",\"@id\":\"https:\\\/\\\/blanca.es\\\/nuevaweb\\\/el-alcalde-de-blanca-presenta-en-el-teatro-romea-el-i-gastro-encuentro-del-valle-de-ricote\\\/#primaryimage\",\"url\":\"https:\\\/\\\/blanca.es\\\/nuevaweb\\\/wp-content\\\/uploads\\\/2020\\\/03\\\/Presentacion-Gastro-Encuentro-del-Valle-de-Ricote.jpg\",\"contentUrl\":\"https:\\\/\\\/blanca.es\\\/nuevaweb\\\/wp-content\\\/uploads\\\/2020\\\/03\\\/Presentacion-Gastro-Encuentro-del-Valle-de-Ricote.jpg\",\"width\":800,\"height\":600},{\"@type\":\"BreadcrumbList\",\"@id\":\"https:\\\/\\\/blanca.es\\\/nuevaweb\\\/el-alcalde-de-blanca-presenta-en-el-teatro-romea-el-i-gastro-encuentro-del-valle-de-ricote\\\/#breadcrumb\",\"itemListElement\":[{\"@type\":\"ListItem\",\"position\":1,\"name\":\"Portada\",\"item\":\"https:\\\/\\\/blanca.es\\\/nuevaweb\\\/\"},{\"@type\":\"ListItem\",\"position\":2,\"name\":\"El alcalde de Blanca presenta, en el Teatro Romea, el \u2018I Gastro-Encuentro del Valle de Ricote\u2019\"}]},{\"@type\":\"WebSite\",\"@id\":\"https:\\\/\\\/blanca.es\\\/nuevaweb\\\/#website\",\"url\":\"https:\\\/\\\/blanca.es\\\/nuevaweb\\\/\",\"name\":\"Ayuntamiento de Blanca\",\"description\":\"Web Municipal Blanca (Murcia)\",\"publisher\":{\"@id\":\"https:\\\/\\\/blanca.es\\\/nuevaweb\\\/#organization\"},\"potentialAction\":[{\"@type\":\"SearchAction\",\"target\":{\"@type\":\"EntryPoint\",\"urlTemplate\":\"https:\\\/\\\/blanca.es\\\/nuevaweb\\\/?s={search_term_string}\"},\"query-input\":{\"@type\":\"PropertyValueSpecification\",\"valueRequired\":true,\"valueName\":\"search_term_string\"}}],\"inLanguage\":\"es\"},{\"@type\":\"Organization\",\"@id\":\"https:\\\/\\\/blanca.es\\\/nuevaweb\\\/#organization\",\"name\":\"Ayuntamiento de Blanca\",\"url\":\"https:\\\/\\\/blanca.es\\\/nuevaweb\\\/\",\"logo\":{\"@type\":\"ImageObject\",\"inLanguage\":\"es\",\"@id\":\"https:\\\/\\\/blanca.es\\\/nuevaweb\\\/#\\\/schema\\\/logo\\\/image\\\/\",\"url\":\"https:\\\/\\\/blanca.es\\\/nuevaweb\\\/wp-content\\\/uploads\\\/2020\\\/09\\\/Escudo_alta_cuadrado-3.png\",\"contentUrl\":\"https:\\\/\\\/blanca.es\\\/nuevaweb\\\/wp-content\\\/uploads\\\/2020\\\/09\\\/Escudo_alta_cuadrado-3.png\",\"width\":300,\"height\":300,\"caption\":\"Ayuntamiento de Blanca\"},\"image\":{\"@id\":\"https:\\\/\\\/blanca.es\\\/nuevaweb\\\/#\\\/schema\\\/logo\\\/image\\\/\"},\"sameAs\":[\"https:\\\/\\\/es-es.facebook.com\\\/AyuntamientodeBlanca\",\"https:\\\/\\\/x.com\\\/ayto_blanca\",\"https:\\\/\\\/www.youtube.com\\\/channel\\\/UC9weal_OZVKN6meF0Fd_rqw\"]},{\"@type\":\"Person\",\"@id\":\"https:\\\/\\\/blanca.es\\\/nuevaweb\\\/#\\\/schema\\\/person\\\/068ffbe563a96e998dc141bd91d5a84a\",\"name\":\"Comunicaci\u00f3n\",\"image\":{\"@type\":\"ImageObject\",\"inLanguage\":\"es\",\"@id\":\"https:\\\/\\\/secure.gravatar.com\\\/avatar\\\/0a6839cedbb80e4510cc6b40b620b579d19c8c87d368475504cb313c55980873?s=96&d=mm&r=g\",\"url\":\"https:\\\/\\\/secure.gravatar.com\\\/avatar\\\/0a6839cedbb80e4510cc6b40b620b579d19c8c87d368475504cb313c55980873?s=96&d=mm&r=g\",\"contentUrl\":\"https:\\\/\\\/secure.gravatar.com\\\/avatar\\\/0a6839cedbb80e4510cc6b40b620b579d19c8c87d368475504cb313c55980873?s=96&d=mm&r=g\",\"caption\":\"Comunicaci\u00f3n\"}}]}<\/script>\n<!-- \/ Yoast SEO plugin. -->","yoast_head_json":{"title":"El alcalde de Blanca presenta, en el Teatro Romea, el \u2018I Gastro-Encuentro del Valle de Ricote\u2019 - Ayuntamiento de Blanca","robots":{"index":"index","follow":"follow","max-snippet":"max-snippet:-1","max-image-preview":"max-image-preview:large","max-video-preview":"max-video-preview:-1"},"canonical":"https:\/\/blanca.es\/nuevaweb\/el-alcalde-de-blanca-presenta-en-el-teatro-romea-el-i-gastro-encuentro-del-valle-de-ricote\/","og_locale":"es_ES","og_type":"article","og_title":"El alcalde de Blanca presenta, en el Teatro Romea, el \u2018I Gastro-Encuentro del Valle de Ricote\u2019 - Ayuntamiento de Blanca","og_description":"El alcalde de Blanca, Pedro Luis Molina junto con la concejal de Turismo, Ana Bel\u00e9n L\u00f3pez, la consejera de Turismo, Cristina S\u00e1nchez, el alcalde de Murcia, Jos\u00e9 Ballesta, el pintor blanque\u00f1o, Pedro Cano, el sumiller blanque\u00f1o, Alejandro Ramos, y el chef, Rodi F\u00e9rnandez presentaron, en el d\u00eda de ayer, en el Sal\u00f3n de los Espejos [&hellip;]","og_url":"https:\/\/blanca.es\/nuevaweb\/el-alcalde-de-blanca-presenta-en-el-teatro-romea-el-i-gastro-encuentro-del-valle-de-ricote\/","og_site_name":"Ayuntamiento de Blanca","article_publisher":"https:\/\/es-es.facebook.com\/AyuntamientodeBlanca","article_published_time":"2020-03-03T18:55:54+00:00","og_image":[{"width":800,"height":600,"url":"https:\/\/blanca.es\/nuevaweb\/wp-content\/uploads\/2020\/03\/Presentacion-Gastro-Encuentro-del-Valle-de-Ricote.jpg","type":"image\/jpeg"}],"author":"Comunicaci\u00f3n","twitter_card":"summary_large_image","twitter_creator":"@ayto_blanca","twitter_site":"@ayto_blanca","twitter_misc":{"Escrito por":"Comunicaci\u00f3n","Tiempo de lectura":"2 minutos"},"schema":{"@context":"https:\/\/schema.org","@graph":[{"@type":"Article","@id":"https:\/\/blanca.es\/nuevaweb\/el-alcalde-de-blanca-presenta-en-el-teatro-romea-el-i-gastro-encuentro-del-valle-de-ricote\/#article","isPartOf":{"@id":"https:\/\/blanca.es\/nuevaweb\/el-alcalde-de-blanca-presenta-en-el-teatro-romea-el-i-gastro-encuentro-del-valle-de-ricote\/"},"author":{"name":"Comunicaci\u00f3n","@id":"https:\/\/blanca.es\/nuevaweb\/#\/schema\/person\/068ffbe563a96e998dc141bd91d5a84a"},"headline":"El alcalde de Blanca presenta, en el Teatro Romea, el \u2018I Gastro-Encuentro del Valle de Ricote\u2019","datePublished":"2020-03-03T18:55:54+00:00","mainEntityOfPage":{"@id":"https:\/\/blanca.es\/nuevaweb\/el-alcalde-de-blanca-presenta-en-el-teatro-romea-el-i-gastro-encuentro-del-valle-de-ricote\/"},"wordCount":462,"publisher":{"@id":"https:\/\/blanca.es\/nuevaweb\/#organization"},"image":{"@id":"https:\/\/blanca.es\/nuevaweb\/el-alcalde-de-blanca-presenta-en-el-teatro-romea-el-i-gastro-encuentro-del-valle-de-ricote\/#primaryimage"},"thumbnailUrl":"https:\/\/blanca.es\/nuevaweb\/wp-content\/uploads\/2020\/03\/Presentacion-Gastro-Encuentro-del-Valle-de-Ricote.jpg","articleSection":["Cultura y Turismo"],"inLanguage":"es"},{"@type":"WebPage","@id":"https:\/\/blanca.es\/nuevaweb\/el-alcalde-de-blanca-presenta-en-el-teatro-romea-el-i-gastro-encuentro-del-valle-de-ricote\/","url":"https:\/\/blanca.es\/nuevaweb\/el-alcalde-de-blanca-presenta-en-el-teatro-romea-el-i-gastro-encuentro-del-valle-de-ricote\/","name":"El alcalde de Blanca presenta, en el Teatro Romea, el \u2018I Gastro-Encuentro del Valle de Ricote\u2019 - Ayuntamiento de Blanca","isPartOf":{"@id":"https:\/\/blanca.es\/nuevaweb\/#website"},"primaryImageOfPage":{"@id":"https:\/\/blanca.es\/nuevaweb\/el-alcalde-de-blanca-presenta-en-el-teatro-romea-el-i-gastro-encuentro-del-valle-de-ricote\/#primaryimage"},"image":{"@id":"https:\/\/blanca.es\/nuevaweb\/el-alcalde-de-blanca-presenta-en-el-teatro-romea-el-i-gastro-encuentro-del-valle-de-ricote\/#primaryimage"},"thumbnailUrl":"https:\/\/blanca.es\/nuevaweb\/wp-content\/uploads\/2020\/03\/Presentacion-Gastro-Encuentro-del-Valle-de-Ricote.jpg","datePublished":"2020-03-03T18:55:54+00:00","breadcrumb":{"@id":"https:\/\/blanca.es\/nuevaweb\/el-alcalde-de-blanca-presenta-en-el-teatro-romea-el-i-gastro-encuentro-del-valle-de-ricote\/#breadcrumb"},"inLanguage":"es","potentialAction":[{"@type":"ReadAction","target":["https:\/\/blanca.es\/nuevaweb\/el-alcalde-de-blanca-presenta-en-el-teatro-romea-el-i-gastro-encuentro-del-valle-de-ricote\/"]}]},{"@type":"ImageObject","inLanguage":"es","@id":"https:\/\/blanca.es\/nuevaweb\/el-alcalde-de-blanca-presenta-en-el-teatro-romea-el-i-gastro-encuentro-del-valle-de-ricote\/#primaryimage","url":"https:\/\/blanca.es\/nuevaweb\/wp-content\/uploads\/2020\/03\/Presentacion-Gastro-Encuentro-del-Valle-de-Ricote.jpg","contentUrl":"https:\/\/blanca.es\/nuevaweb\/wp-content\/uploads\/2020\/03\/Presentacion-Gastro-Encuentro-del-Valle-de-Ricote.jpg","width":800,"height":600},{"@type":"BreadcrumbList","@id":"https:\/\/blanca.es\/nuevaweb\/el-alcalde-de-blanca-presenta-en-el-teatro-romea-el-i-gastro-encuentro-del-valle-de-ricote\/#breadcrumb","itemListElement":[{"@type":"ListItem","position":1,"name":"Portada","item":"https:\/\/blanca.es\/nuevaweb\/"},{"@type":"ListItem","position":2,"name":"El alcalde de Blanca presenta, en el Teatro Romea, el \u2018I Gastro-Encuentro del Valle de Ricote\u2019"}]},{"@type":"WebSite","@id":"https:\/\/blanca.es\/nuevaweb\/#website","url":"https:\/\/blanca.es\/nuevaweb\/","name":"Ayuntamiento de Blanca","description":"Web Municipal Blanca (Murcia)","publisher":{"@id":"https:\/\/blanca.es\/nuevaweb\/#organization"},"potentialAction":[{"@type":"SearchAction","target":{"@type":"EntryPoint","urlTemplate":"https:\/\/blanca.es\/nuevaweb\/?s={search_term_string}"},"query-input":{"@type":"PropertyValueSpecification","valueRequired":true,"valueName":"search_term_string"}}],"inLanguage":"es"},{"@type":"Organization","@id":"https:\/\/blanca.es\/nuevaweb\/#organization","name":"Ayuntamiento de Blanca","url":"https:\/\/blanca.es\/nuevaweb\/","logo":{"@type":"ImageObject","inLanguage":"es","@id":"https:\/\/blanca.es\/nuevaweb\/#\/schema\/logo\/image\/","url":"https:\/\/blanca.es\/nuevaweb\/wp-content\/uploads\/2020\/09\/Escudo_alta_cuadrado-3.png","contentUrl":"https:\/\/blanca.es\/nuevaweb\/wp-content\/uploads\/2020\/09\/Escudo_alta_cuadrado-3.png","width":300,"height":300,"caption":"Ayuntamiento de Blanca"},"image":{"@id":"https:\/\/blanca.es\/nuevaweb\/#\/schema\/logo\/image\/"},"sameAs":["https:\/\/es-es.facebook.com\/AyuntamientodeBlanca","https:\/\/x.com\/ayto_blanca","https:\/\/www.youtube.com\/channel\/UC9weal_OZVKN6meF0Fd_rqw"]},{"@type":"Person","@id":"https:\/\/blanca.es\/nuevaweb\/#\/schema\/person\/068ffbe563a96e998dc141bd91d5a84a","name":"Comunicaci\u00f3n","image":{"@type":"ImageObject","inLanguage":"es","@id":"https:\/\/secure.gravatar.com\/avatar\/0a6839cedbb80e4510cc6b40b620b579d19c8c87d368475504cb313c55980873?s=96&d=mm&r=g","url":"https:\/\/secure.gravatar.com\/avatar\/0a6839cedbb80e4510cc6b40b620b579d19c8c87d368475504cb313c55980873?s=96&d=mm&r=g","contentUrl":"https:\/\/secure.gravatar.com\/avatar\/0a6839cedbb80e4510cc6b40b620b579d19c8c87d368475504cb313c55980873?s=96&d=mm&r=g","caption":"Comunicaci\u00f3n"}}]}},"_links":{"self":[{"href":"https:\/\/blanca.es\/nuevaweb\/wp-json\/wp\/v2\/posts\/20143","targetHints":{"allow":["GET"]}}],"collection":[{"href":"https:\/\/blanca.es\/nuevaweb\/wp-json\/wp\/v2\/posts"}],"about":[{"href":"https:\/\/blanca.es\/nuevaweb\/wp-json\/wp\/v2\/types\/post"}],"author":[{"embeddable":true,"href":"https:\/\/blanca.es\/nuevaweb\/wp-json\/wp\/v2\/users\/2"}],"replies":[{"embeddable":true,"href":"https:\/\/blanca.es\/nuevaweb\/wp-json\/wp\/v2\/comments?post=20143"}],"version-history":[{"count":0,"href":"https:\/\/blanca.es\/nuevaweb\/wp-json\/wp\/v2\/posts\/20143\/revisions"}],"wp:featuredmedia":[{"embeddable":true,"href":"https:\/\/blanca.es\/nuevaweb\/wp-json\/wp\/v2\/media\/20145"}],"wp:attachment":[{"href":"https:\/\/blanca.es\/nuevaweb\/wp-json\/wp\/v2\/media?parent=20143"}],"wp:term":[{"taxonomy":"category","embeddable":true,"href":"https:\/\/blanca.es\/nuevaweb\/wp-json\/wp\/v2\/categories?post=20143"},{"taxonomy":"post_tag","embeddable":true,"href":"https:\/\/blanca.es\/nuevaweb\/wp-json\/wp\/v2\/tags?post=20143"}],"curies":[{"name":"wp","href":"https:\/\/api.w.org\/{rel}","templated":true}]}}