{"id":22060,"date":"2021-11-17T11:26:16","date_gmt":"2021-11-17T10:26:16","guid":{"rendered":"https:\/\/blanca.es\/nuevaweb\/?p=22060"},"modified":"2021-11-17T11:26:17","modified_gmt":"2021-11-17T10:26:17","slug":"el-autor-internacional-dimas-prychyslyy-presenta-su-premiada-obra-no-hay-gacelas-en-finlandia-en-rio-de-letras","status":"publish","type":"post","link":"https:\/\/blanca.es\/nuevaweb\/el-autor-internacional-dimas-prychyslyy-presenta-su-premiada-obra-no-hay-gacelas-en-finlandia-en-rio-de-letras\/","title":{"rendered":"El autor internacional Dimas Prychyslyy presenta su premiada obra \u2018No hay gacelas en Finlandia\u2019 en \u2018R\u00edo de Letras\u2019"},"content":{"rendered":"\n<p class=\"wp-block-paragraph\"><strong>El escritor ha sido galardonado con el Premio 25 Primaveras de Novela por este trabajo literario, una distinci\u00f3n creada para obras de autores menores de treinta a\u00f1os.<\/strong><\/p>\n\n\n\n<p class=\"wp-block-paragraph\">El escritor internacional Dimas Prychyslyy participar\u00e1 ma\u00f1ana en el ciclo literario \u2018R\u00edo de Letras\u2019, organizado por el Ayuntamiento de Blanca, a partir de las 19,30 horas en la Fundaci\u00f3n Pedro Cano.<\/p>\n\n\n\n<p class=\"wp-block-paragraph\">El autor estar\u00e1 acompa\u00f1ado por \u00c1ngeles Molina, escritora, miembro de la Sede de la UMU en Blanca y Vicepresidenta del Club de Lectura de Blanca, durante el coloquio en el que presentar\u00e1 \u2018No hay gacelas en Finlandia.<\/p>\n\n\n\n<p class=\"wp-block-paragraph\">Este trabajo literario ha ganado el Premio 25 Primaveras, convocado excepcionalmente por Espasa y \u00c1mbito Cultural para conmemorar la XXV\u00aa edici\u00f3n del premio Primavera de Novela, con el objetivo de reconocer y encontrar nuevas voces de autores menores de treinta a\u00f1os,<\/p>\n\n\n\n<p class=\"wp-block-paragraph\">Este reconocimiento avala esta obra que se asemeja a un puzle con toques de Valle-Incl\u00e1n pero a lo Burroughs pasado por Bola\u00f1o, que el lector ha de construir con la convicci\u00f3n de que la lectura es una sutil forma de violencia y de que todos, personajes, autor y lectores, son trozos de papel en recipientes de vidrio, en definitiva un libro que va m\u00e1s all\u00e1 de normas cl\u00e1sicas de la narrativa.<\/p>\n\n\n\n<p class=\"wp-block-paragraph\"><strong>Trayectoria profesional<\/strong><\/p>\n\n\n\n<p class=\"wp-block-paragraph\">Dimas Prychyslyy (Elisavetgrado, 1992) es graduado en Filolog\u00eda Hisp\u00e1nica por la Universidad de Salamanca y M\u00e1ster en Escritura Creativa por la Universidad Complutense de Madrid. Ha publicado el poemario \u2018Mudocin\u00e9tica\u2019 (Ediciones Idea, 2010) y ha sido galardonado con el Premio Val\u00e8ncia Nova en su categor\u00eda de poes\u00eda en castellano por \u2018MollyHouse\u2019 (Hiperi\u00f3n, 2017).<\/p>\n\n\n\n<p class=\"wp-block-paragraph\">Ha participado en las antolog\u00edas \u2018Piel Fina\u2019, poes\u00eda joven espa\u00f1ola (Maremagnum, 2019) y \u2018De la intimidad\u2019 (Renacimiento, 2019). En 2019 fue galardonado con el V Premio Logro\u00f1o de Narrativa para J\u00f3venes Escritores por su libro de relatos titulado \u2018Tres en raya\u2019.<\/p>\n\n\n\n<p class=\"wp-block-paragraph\">En 2020 publica \u2018Con la frente marchita\u2019 en la editorial dos Bigotes. Durante el curso 2016-2017 recibi\u00f3 una beca en la Fundaci\u00f3n Antonio Gala. Escribe tanto poes\u00eda como prosa, que considera distintas caras de la misma moneda, para acercarse a temas como la identidad o la marginalidad.<\/p>\n","protected":false},"excerpt":{"rendered":"<p>El escritor ha sido galardonado con el Premio 25 Primaveras de Novela por este trabajo literario, una distinci\u00f3n creada para obras de autores menores de treinta a\u00f1os.<\/p>\n","protected":false},"author":2,"featured_media":22061,"comment_status":"closed","ping_status":"open","sticky":false,"template":"","format":"standard","meta":{"footnotes":""},"categories":[160],"tags":[],"class_list":["post-22060","post","type-post","status-publish","format-standard","has-post-thumbnail","hentry","category-cul_tur"],"yoast_head":"<!-- This site is optimized with the Yoast SEO plugin v28.1 - https:\/\/yoast.com\/product\/yoast-seo-wordpress\/ -->\n<title>El autor internacional Dimas Prychyslyy presenta su premiada obra \u2018No hay gacelas en Finlandia\u2019 en \u2018R\u00edo de Letras\u2019 - Ayuntamiento de Blanca<\/title>\n<meta name=\"robots\" content=\"index, follow, max-snippet:-1, max-image-preview:large, max-video-preview:-1\" \/>\n<link rel=\"canonical\" href=\"https:\/\/blanca.es\/nuevaweb\/el-autor-internacional-dimas-prychyslyy-presenta-su-premiada-obra-no-hay-gacelas-en-finlandia-en-rio-de-letras\/\" \/>\n<meta property=\"og:locale\" content=\"es_ES\" \/>\n<meta property=\"og:type\" content=\"article\" \/>\n<meta property=\"og:title\" content=\"El autor internacional Dimas Prychyslyy presenta su premiada obra \u2018No hay gacelas en Finlandia\u2019 en \u2018R\u00edo de Letras\u2019 - Ayuntamiento de Blanca\" \/>\n<meta property=\"og:description\" content=\"El escritor ha sido galardonado con el Premio 25 Primaveras de Novela por este trabajo literario, una distinci\u00f3n creada para obras de autores menores de treinta a\u00f1os.\" \/>\n<meta property=\"og:url\" content=\"https:\/\/blanca.es\/nuevaweb\/el-autor-internacional-dimas-prychyslyy-presenta-su-premiada-obra-no-hay-gacelas-en-finlandia-en-rio-de-letras\/\" \/>\n<meta property=\"og:site_name\" content=\"Ayuntamiento de Blanca\" \/>\n<meta property=\"article:publisher\" content=\"https:\/\/es-es.facebook.com\/AyuntamientodeBlanca\" \/>\n<meta property=\"article:published_time\" content=\"2021-11-17T10:26:16+00:00\" \/>\n<meta property=\"article:modified_time\" content=\"2021-11-17T10:26:17+00:00\" \/>\n<meta property=\"og:image\" content=\"https:\/\/blanca.es\/nuevaweb\/wp-content\/uploads\/2021\/11\/Cartel-Dimas-Prychyslyy.jpg\" \/>\n\t<meta property=\"og:image:width\" content=\"1587\" \/>\n\t<meta property=\"og:image:height\" content=\"2245\" \/>\n\t<meta property=\"og:image:type\" content=\"image\/jpeg\" \/>\n<meta name=\"author\" content=\"Comunicaci\u00f3n\" \/>\n<meta name=\"twitter:card\" content=\"summary_large_image\" \/>\n<meta name=\"twitter:creator\" content=\"@ayto_blanca\" \/>\n<meta name=\"twitter:site\" content=\"@ayto_blanca\" \/>\n<meta name=\"twitter:label1\" content=\"Escrito por\" \/>\n\t<meta name=\"twitter:data1\" content=\"Comunicaci\u00f3n\" \/>\n\t<meta name=\"twitter:label2\" content=\"Tiempo de lectura\" \/>\n\t<meta name=\"twitter:data2\" content=\"2 minutos\" \/>\n<script type=\"application\/ld+json\" class=\"yoast-schema-graph\">{\"@context\":\"https:\\\/\\\/schema.org\",\"@graph\":[{\"@type\":\"Article\",\"@id\":\"https:\\\/\\\/blanca.es\\\/nuevaweb\\\/el-autor-internacional-dimas-prychyslyy-presenta-su-premiada-obra-no-hay-gacelas-en-finlandia-en-rio-de-letras\\\/#article\",\"isPartOf\":{\"@id\":\"https:\\\/\\\/blanca.es\\\/nuevaweb\\\/el-autor-internacional-dimas-prychyslyy-presenta-su-premiada-obra-no-hay-gacelas-en-finlandia-en-rio-de-letras\\\/\"},\"author\":{\"name\":\"Comunicaci\u00f3n\",\"@id\":\"https:\\\/\\\/blanca.es\\\/nuevaweb\\\/#\\\/schema\\\/person\\\/068ffbe563a96e998dc141bd91d5a84a\"},\"headline\":\"El autor internacional Dimas Prychyslyy presenta su premiada obra \u2018No hay gacelas en Finlandia\u2019 en \u2018R\u00edo de Letras\u2019\",\"datePublished\":\"2021-11-17T10:26:16+00:00\",\"dateModified\":\"2021-11-17T10:26:17+00:00\",\"mainEntityOfPage\":{\"@id\":\"https:\\\/\\\/blanca.es\\\/nuevaweb\\\/el-autor-internacional-dimas-prychyslyy-presenta-su-premiada-obra-no-hay-gacelas-en-finlandia-en-rio-de-letras\\\/\"},\"wordCount\":387,\"publisher\":{\"@id\":\"https:\\\/\\\/blanca.es\\\/nuevaweb\\\/#organization\"},\"image\":{\"@id\":\"https:\\\/\\\/blanca.es\\\/nuevaweb\\\/el-autor-internacional-dimas-prychyslyy-presenta-su-premiada-obra-no-hay-gacelas-en-finlandia-en-rio-de-letras\\\/#primaryimage\"},\"thumbnailUrl\":\"https:\\\/\\\/blanca.es\\\/nuevaweb\\\/wp-content\\\/uploads\\\/2021\\\/11\\\/Cartel-Dimas-Prychyslyy.jpg\",\"articleSection\":[\"Cultura y Turismo\"],\"inLanguage\":\"es\"},{\"@type\":\"WebPage\",\"@id\":\"https:\\\/\\\/blanca.es\\\/nuevaweb\\\/el-autor-internacional-dimas-prychyslyy-presenta-su-premiada-obra-no-hay-gacelas-en-finlandia-en-rio-de-letras\\\/\",\"url\":\"https:\\\/\\\/blanca.es\\\/nuevaweb\\\/el-autor-internacional-dimas-prychyslyy-presenta-su-premiada-obra-no-hay-gacelas-en-finlandia-en-rio-de-letras\\\/\",\"name\":\"El autor internacional Dimas Prychyslyy presenta su premiada obra \u2018No hay gacelas en Finlandia\u2019 en \u2018R\u00edo de Letras\u2019 - Ayuntamiento de Blanca\",\"isPartOf\":{\"@id\":\"https:\\\/\\\/blanca.es\\\/nuevaweb\\\/#website\"},\"primaryImageOfPage\":{\"@id\":\"https:\\\/\\\/blanca.es\\\/nuevaweb\\\/el-autor-internacional-dimas-prychyslyy-presenta-su-premiada-obra-no-hay-gacelas-en-finlandia-en-rio-de-letras\\\/#primaryimage\"},\"image\":{\"@id\":\"https:\\\/\\\/blanca.es\\\/nuevaweb\\\/el-autor-internacional-dimas-prychyslyy-presenta-su-premiada-obra-no-hay-gacelas-en-finlandia-en-rio-de-letras\\\/#primaryimage\"},\"thumbnailUrl\":\"https:\\\/\\\/blanca.es\\\/nuevaweb\\\/wp-content\\\/uploads\\\/2021\\\/11\\\/Cartel-Dimas-Prychyslyy.jpg\",\"datePublished\":\"2021-11-17T10:26:16+00:00\",\"dateModified\":\"2021-11-17T10:26:17+00:00\",\"breadcrumb\":{\"@id\":\"https:\\\/\\\/blanca.es\\\/nuevaweb\\\/el-autor-internacional-dimas-prychyslyy-presenta-su-premiada-obra-no-hay-gacelas-en-finlandia-en-rio-de-letras\\\/#breadcrumb\"},\"inLanguage\":\"es\",\"potentialAction\":[{\"@type\":\"ReadAction\",\"target\":[\"https:\\\/\\\/blanca.es\\\/nuevaweb\\\/el-autor-internacional-dimas-prychyslyy-presenta-su-premiada-obra-no-hay-gacelas-en-finlandia-en-rio-de-letras\\\/\"]}]},{\"@type\":\"ImageObject\",\"inLanguage\":\"es\",\"@id\":\"https:\\\/\\\/blanca.es\\\/nuevaweb\\\/el-autor-internacional-dimas-prychyslyy-presenta-su-premiada-obra-no-hay-gacelas-en-finlandia-en-rio-de-letras\\\/#primaryimage\",\"url\":\"https:\\\/\\\/blanca.es\\\/nuevaweb\\\/wp-content\\\/uploads\\\/2021\\\/11\\\/Cartel-Dimas-Prychyslyy.jpg\",\"contentUrl\":\"https:\\\/\\\/blanca.es\\\/nuevaweb\\\/wp-content\\\/uploads\\\/2021\\\/11\\\/Cartel-Dimas-Prychyslyy.jpg\",\"width\":1587,\"height\":2245},{\"@type\":\"BreadcrumbList\",\"@id\":\"https:\\\/\\\/blanca.es\\\/nuevaweb\\\/el-autor-internacional-dimas-prychyslyy-presenta-su-premiada-obra-no-hay-gacelas-en-finlandia-en-rio-de-letras\\\/#breadcrumb\",\"itemListElement\":[{\"@type\":\"ListItem\",\"position\":1,\"name\":\"Portada\",\"item\":\"https:\\\/\\\/blanca.es\\\/nuevaweb\\\/\"},{\"@type\":\"ListItem\",\"position\":2,\"name\":\"El autor internacional Dimas Prychyslyy presenta su premiada obra \u2018No hay gacelas en Finlandia\u2019 en \u2018R\u00edo de Letras\u2019\"}]},{\"@type\":\"WebSite\",\"@id\":\"https:\\\/\\\/blanca.es\\\/nuevaweb\\\/#website\",\"url\":\"https:\\\/\\\/blanca.es\\\/nuevaweb\\\/\",\"name\":\"Ayuntamiento de Blanca\",\"description\":\"Web Municipal Blanca (Murcia)\",\"publisher\":{\"@id\":\"https:\\\/\\\/blanca.es\\\/nuevaweb\\\/#organization\"},\"potentialAction\":[{\"@type\":\"SearchAction\",\"target\":{\"@type\":\"EntryPoint\",\"urlTemplate\":\"https:\\\/\\\/blanca.es\\\/nuevaweb\\\/?s={search_term_string}\"},\"query-input\":{\"@type\":\"PropertyValueSpecification\",\"valueRequired\":true,\"valueName\":\"search_term_string\"}}],\"inLanguage\":\"es\"},{\"@type\":\"Organization\",\"@id\":\"https:\\\/\\\/blanca.es\\\/nuevaweb\\\/#organization\",\"name\":\"Ayuntamiento de Blanca\",\"url\":\"https:\\\/\\\/blanca.es\\\/nuevaweb\\\/\",\"logo\":{\"@type\":\"ImageObject\",\"inLanguage\":\"es\",\"@id\":\"https:\\\/\\\/blanca.es\\\/nuevaweb\\\/#\\\/schema\\\/logo\\\/image\\\/\",\"url\":\"https:\\\/\\\/blanca.es\\\/nuevaweb\\\/wp-content\\\/uploads\\\/2020\\\/09\\\/Escudo_alta_cuadrado-3.png\",\"contentUrl\":\"https:\\\/\\\/blanca.es\\\/nuevaweb\\\/wp-content\\\/uploads\\\/2020\\\/09\\\/Escudo_alta_cuadrado-3.png\",\"width\":300,\"height\":300,\"caption\":\"Ayuntamiento de Blanca\"},\"image\":{\"@id\":\"https:\\\/\\\/blanca.es\\\/nuevaweb\\\/#\\\/schema\\\/logo\\\/image\\\/\"},\"sameAs\":[\"https:\\\/\\\/es-es.facebook.com\\\/AyuntamientodeBlanca\",\"https:\\\/\\\/x.com\\\/ayto_blanca\",\"https:\\\/\\\/www.youtube.com\\\/channel\\\/UC9weal_OZVKN6meF0Fd_rqw\"]},{\"@type\":\"Person\",\"@id\":\"https:\\\/\\\/blanca.es\\\/nuevaweb\\\/#\\\/schema\\\/person\\\/068ffbe563a96e998dc141bd91d5a84a\",\"name\":\"Comunicaci\u00f3n\",\"image\":{\"@type\":\"ImageObject\",\"inLanguage\":\"es\",\"@id\":\"https:\\\/\\\/secure.gravatar.com\\\/avatar\\\/0a6839cedbb80e4510cc6b40b620b579d19c8c87d368475504cb313c55980873?s=96&d=mm&r=g\",\"url\":\"https:\\\/\\\/secure.gravatar.com\\\/avatar\\\/0a6839cedbb80e4510cc6b40b620b579d19c8c87d368475504cb313c55980873?s=96&d=mm&r=g\",\"contentUrl\":\"https:\\\/\\\/secure.gravatar.com\\\/avatar\\\/0a6839cedbb80e4510cc6b40b620b579d19c8c87d368475504cb313c55980873?s=96&d=mm&r=g\",\"caption\":\"Comunicaci\u00f3n\"}}]}<\/script>\n<!-- \/ Yoast SEO plugin. -->","yoast_head_json":{"title":"El autor internacional Dimas Prychyslyy presenta su premiada obra \u2018No hay gacelas en Finlandia\u2019 en \u2018R\u00edo de Letras\u2019 - Ayuntamiento de Blanca","robots":{"index":"index","follow":"follow","max-snippet":"max-snippet:-1","max-image-preview":"max-image-preview:large","max-video-preview":"max-video-preview:-1"},"canonical":"https:\/\/blanca.es\/nuevaweb\/el-autor-internacional-dimas-prychyslyy-presenta-su-premiada-obra-no-hay-gacelas-en-finlandia-en-rio-de-letras\/","og_locale":"es_ES","og_type":"article","og_title":"El autor internacional Dimas Prychyslyy presenta su premiada obra \u2018No hay gacelas en Finlandia\u2019 en \u2018R\u00edo de Letras\u2019 - Ayuntamiento de Blanca","og_description":"El escritor ha sido galardonado con el Premio 25 Primaveras de Novela por este trabajo literario, una distinci\u00f3n creada para obras de autores menores de treinta a\u00f1os.","og_url":"https:\/\/blanca.es\/nuevaweb\/el-autor-internacional-dimas-prychyslyy-presenta-su-premiada-obra-no-hay-gacelas-en-finlandia-en-rio-de-letras\/","og_site_name":"Ayuntamiento de Blanca","article_publisher":"https:\/\/es-es.facebook.com\/AyuntamientodeBlanca","article_published_time":"2021-11-17T10:26:16+00:00","article_modified_time":"2021-11-17T10:26:17+00:00","og_image":[{"width":1587,"height":2245,"url":"https:\/\/blanca.es\/nuevaweb\/wp-content\/uploads\/2021\/11\/Cartel-Dimas-Prychyslyy.jpg","type":"image\/jpeg"}],"author":"Comunicaci\u00f3n","twitter_card":"summary_large_image","twitter_creator":"@ayto_blanca","twitter_site":"@ayto_blanca","twitter_misc":{"Escrito por":"Comunicaci\u00f3n","Tiempo de lectura":"2 minutos"},"schema":{"@context":"https:\/\/schema.org","@graph":[{"@type":"Article","@id":"https:\/\/blanca.es\/nuevaweb\/el-autor-internacional-dimas-prychyslyy-presenta-su-premiada-obra-no-hay-gacelas-en-finlandia-en-rio-de-letras\/#article","isPartOf":{"@id":"https:\/\/blanca.es\/nuevaweb\/el-autor-internacional-dimas-prychyslyy-presenta-su-premiada-obra-no-hay-gacelas-en-finlandia-en-rio-de-letras\/"},"author":{"name":"Comunicaci\u00f3n","@id":"https:\/\/blanca.es\/nuevaweb\/#\/schema\/person\/068ffbe563a96e998dc141bd91d5a84a"},"headline":"El autor internacional Dimas Prychyslyy presenta su premiada obra \u2018No hay gacelas en Finlandia\u2019 en \u2018R\u00edo de Letras\u2019","datePublished":"2021-11-17T10:26:16+00:00","dateModified":"2021-11-17T10:26:17+00:00","mainEntityOfPage":{"@id":"https:\/\/blanca.es\/nuevaweb\/el-autor-internacional-dimas-prychyslyy-presenta-su-premiada-obra-no-hay-gacelas-en-finlandia-en-rio-de-letras\/"},"wordCount":387,"publisher":{"@id":"https:\/\/blanca.es\/nuevaweb\/#organization"},"image":{"@id":"https:\/\/blanca.es\/nuevaweb\/el-autor-internacional-dimas-prychyslyy-presenta-su-premiada-obra-no-hay-gacelas-en-finlandia-en-rio-de-letras\/#primaryimage"},"thumbnailUrl":"https:\/\/blanca.es\/nuevaweb\/wp-content\/uploads\/2021\/11\/Cartel-Dimas-Prychyslyy.jpg","articleSection":["Cultura y Turismo"],"inLanguage":"es"},{"@type":"WebPage","@id":"https:\/\/blanca.es\/nuevaweb\/el-autor-internacional-dimas-prychyslyy-presenta-su-premiada-obra-no-hay-gacelas-en-finlandia-en-rio-de-letras\/","url":"https:\/\/blanca.es\/nuevaweb\/el-autor-internacional-dimas-prychyslyy-presenta-su-premiada-obra-no-hay-gacelas-en-finlandia-en-rio-de-letras\/","name":"El autor internacional Dimas Prychyslyy presenta su premiada obra \u2018No hay gacelas en Finlandia\u2019 en \u2018R\u00edo de Letras\u2019 - Ayuntamiento de Blanca","isPartOf":{"@id":"https:\/\/blanca.es\/nuevaweb\/#website"},"primaryImageOfPage":{"@id":"https:\/\/blanca.es\/nuevaweb\/el-autor-internacional-dimas-prychyslyy-presenta-su-premiada-obra-no-hay-gacelas-en-finlandia-en-rio-de-letras\/#primaryimage"},"image":{"@id":"https:\/\/blanca.es\/nuevaweb\/el-autor-internacional-dimas-prychyslyy-presenta-su-premiada-obra-no-hay-gacelas-en-finlandia-en-rio-de-letras\/#primaryimage"},"thumbnailUrl":"https:\/\/blanca.es\/nuevaweb\/wp-content\/uploads\/2021\/11\/Cartel-Dimas-Prychyslyy.jpg","datePublished":"2021-11-17T10:26:16+00:00","dateModified":"2021-11-17T10:26:17+00:00","breadcrumb":{"@id":"https:\/\/blanca.es\/nuevaweb\/el-autor-internacional-dimas-prychyslyy-presenta-su-premiada-obra-no-hay-gacelas-en-finlandia-en-rio-de-letras\/#breadcrumb"},"inLanguage":"es","potentialAction":[{"@type":"ReadAction","target":["https:\/\/blanca.es\/nuevaweb\/el-autor-internacional-dimas-prychyslyy-presenta-su-premiada-obra-no-hay-gacelas-en-finlandia-en-rio-de-letras\/"]}]},{"@type":"ImageObject","inLanguage":"es","@id":"https:\/\/blanca.es\/nuevaweb\/el-autor-internacional-dimas-prychyslyy-presenta-su-premiada-obra-no-hay-gacelas-en-finlandia-en-rio-de-letras\/#primaryimage","url":"https:\/\/blanca.es\/nuevaweb\/wp-content\/uploads\/2021\/11\/Cartel-Dimas-Prychyslyy.jpg","contentUrl":"https:\/\/blanca.es\/nuevaweb\/wp-content\/uploads\/2021\/11\/Cartel-Dimas-Prychyslyy.jpg","width":1587,"height":2245},{"@type":"BreadcrumbList","@id":"https:\/\/blanca.es\/nuevaweb\/el-autor-internacional-dimas-prychyslyy-presenta-su-premiada-obra-no-hay-gacelas-en-finlandia-en-rio-de-letras\/#breadcrumb","itemListElement":[{"@type":"ListItem","position":1,"name":"Portada","item":"https:\/\/blanca.es\/nuevaweb\/"},{"@type":"ListItem","position":2,"name":"El autor internacional Dimas Prychyslyy presenta su premiada obra \u2018No hay gacelas en Finlandia\u2019 en \u2018R\u00edo de Letras\u2019"}]},{"@type":"WebSite","@id":"https:\/\/blanca.es\/nuevaweb\/#website","url":"https:\/\/blanca.es\/nuevaweb\/","name":"Ayuntamiento de Blanca","description":"Web Municipal Blanca (Murcia)","publisher":{"@id":"https:\/\/blanca.es\/nuevaweb\/#organization"},"potentialAction":[{"@type":"SearchAction","target":{"@type":"EntryPoint","urlTemplate":"https:\/\/blanca.es\/nuevaweb\/?s={search_term_string}"},"query-input":{"@type":"PropertyValueSpecification","valueRequired":true,"valueName":"search_term_string"}}],"inLanguage":"es"},{"@type":"Organization","@id":"https:\/\/blanca.es\/nuevaweb\/#organization","name":"Ayuntamiento de Blanca","url":"https:\/\/blanca.es\/nuevaweb\/","logo":{"@type":"ImageObject","inLanguage":"es","@id":"https:\/\/blanca.es\/nuevaweb\/#\/schema\/logo\/image\/","url":"https:\/\/blanca.es\/nuevaweb\/wp-content\/uploads\/2020\/09\/Escudo_alta_cuadrado-3.png","contentUrl":"https:\/\/blanca.es\/nuevaweb\/wp-content\/uploads\/2020\/09\/Escudo_alta_cuadrado-3.png","width":300,"height":300,"caption":"Ayuntamiento de Blanca"},"image":{"@id":"https:\/\/blanca.es\/nuevaweb\/#\/schema\/logo\/image\/"},"sameAs":["https:\/\/es-es.facebook.com\/AyuntamientodeBlanca","https:\/\/x.com\/ayto_blanca","https:\/\/www.youtube.com\/channel\/UC9weal_OZVKN6meF0Fd_rqw"]},{"@type":"Person","@id":"https:\/\/blanca.es\/nuevaweb\/#\/schema\/person\/068ffbe563a96e998dc141bd91d5a84a","name":"Comunicaci\u00f3n","image":{"@type":"ImageObject","inLanguage":"es","@id":"https:\/\/secure.gravatar.com\/avatar\/0a6839cedbb80e4510cc6b40b620b579d19c8c87d368475504cb313c55980873?s=96&d=mm&r=g","url":"https:\/\/secure.gravatar.com\/avatar\/0a6839cedbb80e4510cc6b40b620b579d19c8c87d368475504cb313c55980873?s=96&d=mm&r=g","contentUrl":"https:\/\/secure.gravatar.com\/avatar\/0a6839cedbb80e4510cc6b40b620b579d19c8c87d368475504cb313c55980873?s=96&d=mm&r=g","caption":"Comunicaci\u00f3n"}}]}},"_links":{"self":[{"href":"https:\/\/blanca.es\/nuevaweb\/wp-json\/wp\/v2\/posts\/22060","targetHints":{"allow":["GET"]}}],"collection":[{"href":"https:\/\/blanca.es\/nuevaweb\/wp-json\/wp\/v2\/posts"}],"about":[{"href":"https:\/\/blanca.es\/nuevaweb\/wp-json\/wp\/v2\/types\/post"}],"author":[{"embeddable":true,"href":"https:\/\/blanca.es\/nuevaweb\/wp-json\/wp\/v2\/users\/2"}],"replies":[{"embeddable":true,"href":"https:\/\/blanca.es\/nuevaweb\/wp-json\/wp\/v2\/comments?post=22060"}],"version-history":[{"count":1,"href":"https:\/\/blanca.es\/nuevaweb\/wp-json\/wp\/v2\/posts\/22060\/revisions"}],"predecessor-version":[{"id":22062,"href":"https:\/\/blanca.es\/nuevaweb\/wp-json\/wp\/v2\/posts\/22060\/revisions\/22062"}],"wp:featuredmedia":[{"embeddable":true,"href":"https:\/\/blanca.es\/nuevaweb\/wp-json\/wp\/v2\/media\/22061"}],"wp:attachment":[{"href":"https:\/\/blanca.es\/nuevaweb\/wp-json\/wp\/v2\/media?parent=22060"}],"wp:term":[{"taxonomy":"category","embeddable":true,"href":"https:\/\/blanca.es\/nuevaweb\/wp-json\/wp\/v2\/categories?post=22060"},{"taxonomy":"post_tag","embeddable":true,"href":"https:\/\/blanca.es\/nuevaweb\/wp-json\/wp\/v2\/tags?post=22060"}],"curies":[{"name":"wp","href":"https:\/\/api.w.org\/{rel}","templated":true}]}}