{"id":22709,"date":"2022-05-06T07:50:45","date_gmt":"2022-05-06T06:50:45","guid":{"rendered":"https:\/\/blanca.es\/nuevaweb\/?p=22709"},"modified":"2022-05-06T07:50:48","modified_gmt":"2022-05-06T06:50:48","slug":"cuenta-atras-para-que-blanca-se-convierta-en-capital-del-turismo-rural-2022","status":"publish","type":"post","link":"https:\/\/blanca.es\/nuevaweb\/cuenta-atras-para-que-blanca-se-convierta-en-capital-del-turismo-rural-2022\/","title":{"rendered":"Cuenta atr\u00e1s para que Blanca se convierta en Capital del Turismo Rural 2022"},"content":{"rendered":"\n<p class=\"wp-block-paragraph\"><strong>Hasta el pr\u00f3ximo martes, 10 de mayo, estar\u00e1 abierto el periodo de votaci\u00f3n popular en la web <a href=\"http:\/\/www.escapadarural.com\/capital-turismo-rural\/2022\">www.escapadarural.com\/capital-turismo-rural\/2022<\/a><\/strong><\/p>\n\n\n\n<p class=\"wp-block-paragraph\">El municipio de Blanca ya est\u00e1 en la cuenta atr\u00e1s para convertirse en Capital del Turismo Rural 2022, una iniciativa nacional promovida por EscapadaRural.com, la plataforma web especializada en alojamientos rurales m\u00e1s importante de Espa\u00f1a.<\/p>\n\n\n\n<p class=\"wp-block-paragraph\">Hasta el pr\u00f3ximo martes, 10 de mayo, estar\u00e1 abierto el periodo de votaci\u00f3n popular para elegir al vencedor a trav\u00e9s de la p\u00e1gina web <strong><a href=\"http:\/\/www.escapadarural.com\/capital-turismo-rural\/2022\">www.escapadarural.com\/capital-turismo-rural\/2022<\/a><\/strong><\/p>\n\n\n\n<p class=\"wp-block-paragraph\">El ganador de la VI Edici\u00f3n de la Capital de Turismo Rural se dar\u00e1 a conocer el pr\u00f3ximo 12 de mayo.<\/p>\n\n\n\n<p class=\"wp-block-paragraph\">En este sentido el alcalde del Ayuntamiento de Blanca, Pedro Luis Molina, ha asegurado que \u201cel hecho de que el municipio se convierta en Capital de Turismo Rural 2022 supondr\u00eda un espaldarazo para impulsar la oferta tur\u00edstica no s\u00f3lo de Blanca si no de todo el Valle de Ricote y la Regi\u00f3n de Murcia\u201d.<\/p>\n\n\n\n<p class=\"wp-block-paragraph\">Para apoyar la labor de difusi\u00f3n Pau Garc\u00eda Solbes, del blog \u2018elpachinko.com\u2019, visit\u00f3 como embajador el municipio durante el pasado fin de semana y tuvo la oportunidad de conocer el rico patrimonio cultural y natural del entorno, as\u00ed como disfrutar de actividades de turismo activo como el senderismo o el descenso del R\u00edo Segura.<\/p>\n\n\n\n<figure class=\"wp-block-image size-large\"><img loading=\"lazy\" decoding=\"async\" width=\"1024\" height=\"683\" src=\"https:\/\/blanca.es\/nuevaweb\/wp-content\/uploads\/2022\/05\/2022_05_06_Panoramica-Blanca-1024x683.jpg\" alt=\"\" class=\"wp-image-22711\" srcset=\"https:\/\/blanca.es\/nuevaweb\/wp-content\/uploads\/2022\/05\/2022_05_06_Panoramica-Blanca-1024x683.jpg 1024w, https:\/\/blanca.es\/nuevaweb\/wp-content\/uploads\/2022\/05\/2022_05_06_Panoramica-Blanca-300x200.jpg 300w, https:\/\/blanca.es\/nuevaweb\/wp-content\/uploads\/2022\/05\/2022_05_06_Panoramica-Blanca-768x512.jpg 768w, https:\/\/blanca.es\/nuevaweb\/wp-content\/uploads\/2022\/05\/2022_05_06_Panoramica-Blanca-1536x1024.jpg 1536w, https:\/\/blanca.es\/nuevaweb\/wp-content\/uploads\/2022\/05\/2022_05_06_Panoramica-Blanca-2048x1365.jpg 2048w\" sizes=\"auto, (max-width: 1024px) 100vw, 1024px\" \/><\/figure>\n\n\n\n<p class=\"wp-block-paragraph\">Fotos: Sacris<\/p>\n","protected":false},"excerpt":{"rendered":"<p>Hasta el pr\u00f3ximo martes, 10 de mayo, estar\u00e1 abierto el periodo de votaci\u00f3n popular en la web www.escapadarural.com\/capital-turismo-rural\/2022<\/p>\n","protected":false},"author":2,"featured_media":22710,"comment_status":"closed","ping_status":"open","sticky":false,"template":"","format":"standard","meta":{"footnotes":""},"categories":[160],"tags":[],"class_list":["post-22709","post","type-post","status-publish","format-standard","has-post-thumbnail","hentry","category-cul_tur"],"yoast_head":"<!-- This site is optimized with the Yoast SEO plugin v28.1 - https:\/\/yoast.com\/product\/yoast-seo-wordpress\/ -->\n<title>Cuenta atr\u00e1s para que Blanca se convierta en Capital del Turismo Rural 2022 - Ayuntamiento de Blanca<\/title>\n<meta name=\"robots\" content=\"index, follow, max-snippet:-1, max-image-preview:large, max-video-preview:-1\" \/>\n<link rel=\"canonical\" href=\"https:\/\/blanca.es\/nuevaweb\/cuenta-atras-para-que-blanca-se-convierta-en-capital-del-turismo-rural-2022\/\" \/>\n<meta property=\"og:locale\" content=\"es_ES\" \/>\n<meta property=\"og:type\" content=\"article\" \/>\n<meta property=\"og:title\" content=\"Cuenta atr\u00e1s para que Blanca se convierta en Capital del Turismo Rural 2022 - Ayuntamiento de Blanca\" \/>\n<meta property=\"og:description\" content=\"Hasta el pr\u00f3ximo martes, 10 de mayo, estar\u00e1 abierto el periodo de votaci\u00f3n popular en la web www.escapadarural.com\/capital-turismo-rural\/2022\" \/>\n<meta property=\"og:url\" content=\"https:\/\/blanca.es\/nuevaweb\/cuenta-atras-para-que-blanca-se-convierta-en-capital-del-turismo-rural-2022\/\" \/>\n<meta property=\"og:site_name\" content=\"Ayuntamiento de Blanca\" \/>\n<meta property=\"article:publisher\" content=\"https:\/\/es-es.facebook.com\/AyuntamientodeBlanca\" \/>\n<meta property=\"article:published_time\" content=\"2022-05-06T06:50:45+00:00\" \/>\n<meta property=\"article:modified_time\" content=\"2022-05-06T06:50:48+00:00\" \/>\n<meta property=\"og:image\" content=\"https:\/\/blanca.es\/nuevaweb\/wp-content\/uploads\/2022\/05\/2022_05_06_-Imagen-del-pantano-de-Blanca-scaled.jpg\" \/>\n\t<meta property=\"og:image:width\" content=\"2560\" \/>\n\t<meta property=\"og:image:height\" content=\"1920\" \/>\n\t<meta property=\"og:image:type\" content=\"image\/jpeg\" \/>\n<meta name=\"author\" content=\"Comunicaci\u00f3n\" \/>\n<meta name=\"twitter:card\" content=\"summary_large_image\" \/>\n<meta name=\"twitter:creator\" content=\"@ayto_blanca\" \/>\n<meta name=\"twitter:site\" content=\"@ayto_blanca\" \/>\n<meta name=\"twitter:label1\" content=\"Escrito por\" \/>\n\t<meta name=\"twitter:data1\" content=\"Comunicaci\u00f3n\" \/>\n\t<meta name=\"twitter:label2\" content=\"Tiempo de lectura\" \/>\n\t<meta name=\"twitter:data2\" content=\"2 minutos\" \/>\n<script type=\"application\/ld+json\" class=\"yoast-schema-graph\">{\"@context\":\"https:\\\/\\\/schema.org\",\"@graph\":[{\"@type\":\"Article\",\"@id\":\"https:\\\/\\\/blanca.es\\\/nuevaweb\\\/cuenta-atras-para-que-blanca-se-convierta-en-capital-del-turismo-rural-2022\\\/#article\",\"isPartOf\":{\"@id\":\"https:\\\/\\\/blanca.es\\\/nuevaweb\\\/cuenta-atras-para-que-blanca-se-convierta-en-capital-del-turismo-rural-2022\\\/\"},\"author\":{\"name\":\"Comunicaci\u00f3n\",\"@id\":\"https:\\\/\\\/blanca.es\\\/nuevaweb\\\/#\\\/schema\\\/person\\\/068ffbe563a96e998dc141bd91d5a84a\"},\"headline\":\"Cuenta atr\u00e1s para que Blanca se convierta en Capital del Turismo Rural 2022\",\"datePublished\":\"2022-05-06T06:50:45+00:00\",\"dateModified\":\"2022-05-06T06:50:48+00:00\",\"mainEntityOfPage\":{\"@id\":\"https:\\\/\\\/blanca.es\\\/nuevaweb\\\/cuenta-atras-para-que-blanca-se-convierta-en-capital-del-turismo-rural-2022\\\/\"},\"wordCount\":243,\"publisher\":{\"@id\":\"https:\\\/\\\/blanca.es\\\/nuevaweb\\\/#organization\"},\"image\":{\"@id\":\"https:\\\/\\\/blanca.es\\\/nuevaweb\\\/cuenta-atras-para-que-blanca-se-convierta-en-capital-del-turismo-rural-2022\\\/#primaryimage\"},\"thumbnailUrl\":\"https:\\\/\\\/blanca.es\\\/nuevaweb\\\/wp-content\\\/uploads\\\/2022\\\/05\\\/2022_05_06_-Imagen-del-pantano-de-Blanca-scaled.jpg\",\"articleSection\":[\"Cultura y Turismo\"],\"inLanguage\":\"es\"},{\"@type\":\"WebPage\",\"@id\":\"https:\\\/\\\/blanca.es\\\/nuevaweb\\\/cuenta-atras-para-que-blanca-se-convierta-en-capital-del-turismo-rural-2022\\\/\",\"url\":\"https:\\\/\\\/blanca.es\\\/nuevaweb\\\/cuenta-atras-para-que-blanca-se-convierta-en-capital-del-turismo-rural-2022\\\/\",\"name\":\"Cuenta atr\u00e1s para que Blanca se convierta en Capital del Turismo Rural 2022 - Ayuntamiento de Blanca\",\"isPartOf\":{\"@id\":\"https:\\\/\\\/blanca.es\\\/nuevaweb\\\/#website\"},\"primaryImageOfPage\":{\"@id\":\"https:\\\/\\\/blanca.es\\\/nuevaweb\\\/cuenta-atras-para-que-blanca-se-convierta-en-capital-del-turismo-rural-2022\\\/#primaryimage\"},\"image\":{\"@id\":\"https:\\\/\\\/blanca.es\\\/nuevaweb\\\/cuenta-atras-para-que-blanca-se-convierta-en-capital-del-turismo-rural-2022\\\/#primaryimage\"},\"thumbnailUrl\":\"https:\\\/\\\/blanca.es\\\/nuevaweb\\\/wp-content\\\/uploads\\\/2022\\\/05\\\/2022_05_06_-Imagen-del-pantano-de-Blanca-scaled.jpg\",\"datePublished\":\"2022-05-06T06:50:45+00:00\",\"dateModified\":\"2022-05-06T06:50:48+00:00\",\"breadcrumb\":{\"@id\":\"https:\\\/\\\/blanca.es\\\/nuevaweb\\\/cuenta-atras-para-que-blanca-se-convierta-en-capital-del-turismo-rural-2022\\\/#breadcrumb\"},\"inLanguage\":\"es\",\"potentialAction\":[{\"@type\":\"ReadAction\",\"target\":[\"https:\\\/\\\/blanca.es\\\/nuevaweb\\\/cuenta-atras-para-que-blanca-se-convierta-en-capital-del-turismo-rural-2022\\\/\"]}]},{\"@type\":\"ImageObject\",\"inLanguage\":\"es\",\"@id\":\"https:\\\/\\\/blanca.es\\\/nuevaweb\\\/cuenta-atras-para-que-blanca-se-convierta-en-capital-del-turismo-rural-2022\\\/#primaryimage\",\"url\":\"https:\\\/\\\/blanca.es\\\/nuevaweb\\\/wp-content\\\/uploads\\\/2022\\\/05\\\/2022_05_06_-Imagen-del-pantano-de-Blanca-scaled.jpg\",\"contentUrl\":\"https:\\\/\\\/blanca.es\\\/nuevaweb\\\/wp-content\\\/uploads\\\/2022\\\/05\\\/2022_05_06_-Imagen-del-pantano-de-Blanca-scaled.jpg\",\"width\":2560,\"height\":1920},{\"@type\":\"BreadcrumbList\",\"@id\":\"https:\\\/\\\/blanca.es\\\/nuevaweb\\\/cuenta-atras-para-que-blanca-se-convierta-en-capital-del-turismo-rural-2022\\\/#breadcrumb\",\"itemListElement\":[{\"@type\":\"ListItem\",\"position\":1,\"name\":\"Portada\",\"item\":\"https:\\\/\\\/blanca.es\\\/nuevaweb\\\/\"},{\"@type\":\"ListItem\",\"position\":2,\"name\":\"Cuenta atr\u00e1s para que Blanca se convierta en Capital del Turismo Rural 2022\"}]},{\"@type\":\"WebSite\",\"@id\":\"https:\\\/\\\/blanca.es\\\/nuevaweb\\\/#website\",\"url\":\"https:\\\/\\\/blanca.es\\\/nuevaweb\\\/\",\"name\":\"Ayuntamiento de Blanca\",\"description\":\"Web Municipal Blanca (Murcia)\",\"publisher\":{\"@id\":\"https:\\\/\\\/blanca.es\\\/nuevaweb\\\/#organization\"},\"potentialAction\":[{\"@type\":\"SearchAction\",\"target\":{\"@type\":\"EntryPoint\",\"urlTemplate\":\"https:\\\/\\\/blanca.es\\\/nuevaweb\\\/?s={search_term_string}\"},\"query-input\":{\"@type\":\"PropertyValueSpecification\",\"valueRequired\":true,\"valueName\":\"search_term_string\"}}],\"inLanguage\":\"es\"},{\"@type\":\"Organization\",\"@id\":\"https:\\\/\\\/blanca.es\\\/nuevaweb\\\/#organization\",\"name\":\"Ayuntamiento de Blanca\",\"url\":\"https:\\\/\\\/blanca.es\\\/nuevaweb\\\/\",\"logo\":{\"@type\":\"ImageObject\",\"inLanguage\":\"es\",\"@id\":\"https:\\\/\\\/blanca.es\\\/nuevaweb\\\/#\\\/schema\\\/logo\\\/image\\\/\",\"url\":\"https:\\\/\\\/blanca.es\\\/nuevaweb\\\/wp-content\\\/uploads\\\/2020\\\/09\\\/Escudo_alta_cuadrado-3.png\",\"contentUrl\":\"https:\\\/\\\/blanca.es\\\/nuevaweb\\\/wp-content\\\/uploads\\\/2020\\\/09\\\/Escudo_alta_cuadrado-3.png\",\"width\":300,\"height\":300,\"caption\":\"Ayuntamiento de Blanca\"},\"image\":{\"@id\":\"https:\\\/\\\/blanca.es\\\/nuevaweb\\\/#\\\/schema\\\/logo\\\/image\\\/\"},\"sameAs\":[\"https:\\\/\\\/es-es.facebook.com\\\/AyuntamientodeBlanca\",\"https:\\\/\\\/x.com\\\/ayto_blanca\",\"https:\\\/\\\/www.youtube.com\\\/channel\\\/UC9weal_OZVKN6meF0Fd_rqw\"]},{\"@type\":\"Person\",\"@id\":\"https:\\\/\\\/blanca.es\\\/nuevaweb\\\/#\\\/schema\\\/person\\\/068ffbe563a96e998dc141bd91d5a84a\",\"name\":\"Comunicaci\u00f3n\",\"image\":{\"@type\":\"ImageObject\",\"inLanguage\":\"es\",\"@id\":\"https:\\\/\\\/secure.gravatar.com\\\/avatar\\\/0a6839cedbb80e4510cc6b40b620b579d19c8c87d368475504cb313c55980873?s=96&d=mm&r=g\",\"url\":\"https:\\\/\\\/secure.gravatar.com\\\/avatar\\\/0a6839cedbb80e4510cc6b40b620b579d19c8c87d368475504cb313c55980873?s=96&d=mm&r=g\",\"contentUrl\":\"https:\\\/\\\/secure.gravatar.com\\\/avatar\\\/0a6839cedbb80e4510cc6b40b620b579d19c8c87d368475504cb313c55980873?s=96&d=mm&r=g\",\"caption\":\"Comunicaci\u00f3n\"}}]}<\/script>\n<!-- \/ Yoast SEO plugin. -->","yoast_head_json":{"title":"Cuenta atr\u00e1s para que Blanca se convierta en Capital del Turismo Rural 2022 - Ayuntamiento de Blanca","robots":{"index":"index","follow":"follow","max-snippet":"max-snippet:-1","max-image-preview":"max-image-preview:large","max-video-preview":"max-video-preview:-1"},"canonical":"https:\/\/blanca.es\/nuevaweb\/cuenta-atras-para-que-blanca-se-convierta-en-capital-del-turismo-rural-2022\/","og_locale":"es_ES","og_type":"article","og_title":"Cuenta atr\u00e1s para que Blanca se convierta en Capital del Turismo Rural 2022 - Ayuntamiento de Blanca","og_description":"Hasta el pr\u00f3ximo martes, 10 de mayo, estar\u00e1 abierto el periodo de votaci\u00f3n popular en la web www.escapadarural.com\/capital-turismo-rural\/2022","og_url":"https:\/\/blanca.es\/nuevaweb\/cuenta-atras-para-que-blanca-se-convierta-en-capital-del-turismo-rural-2022\/","og_site_name":"Ayuntamiento de Blanca","article_publisher":"https:\/\/es-es.facebook.com\/AyuntamientodeBlanca","article_published_time":"2022-05-06T06:50:45+00:00","article_modified_time":"2022-05-06T06:50:48+00:00","og_image":[{"width":2560,"height":1920,"url":"https:\/\/blanca.es\/nuevaweb\/wp-content\/uploads\/2022\/05\/2022_05_06_-Imagen-del-pantano-de-Blanca-scaled.jpg","type":"image\/jpeg"}],"author":"Comunicaci\u00f3n","twitter_card":"summary_large_image","twitter_creator":"@ayto_blanca","twitter_site":"@ayto_blanca","twitter_misc":{"Escrito por":"Comunicaci\u00f3n","Tiempo de lectura":"2 minutos"},"schema":{"@context":"https:\/\/schema.org","@graph":[{"@type":"Article","@id":"https:\/\/blanca.es\/nuevaweb\/cuenta-atras-para-que-blanca-se-convierta-en-capital-del-turismo-rural-2022\/#article","isPartOf":{"@id":"https:\/\/blanca.es\/nuevaweb\/cuenta-atras-para-que-blanca-se-convierta-en-capital-del-turismo-rural-2022\/"},"author":{"name":"Comunicaci\u00f3n","@id":"https:\/\/blanca.es\/nuevaweb\/#\/schema\/person\/068ffbe563a96e998dc141bd91d5a84a"},"headline":"Cuenta atr\u00e1s para que Blanca se convierta en Capital del Turismo Rural 2022","datePublished":"2022-05-06T06:50:45+00:00","dateModified":"2022-05-06T06:50:48+00:00","mainEntityOfPage":{"@id":"https:\/\/blanca.es\/nuevaweb\/cuenta-atras-para-que-blanca-se-convierta-en-capital-del-turismo-rural-2022\/"},"wordCount":243,"publisher":{"@id":"https:\/\/blanca.es\/nuevaweb\/#organization"},"image":{"@id":"https:\/\/blanca.es\/nuevaweb\/cuenta-atras-para-que-blanca-se-convierta-en-capital-del-turismo-rural-2022\/#primaryimage"},"thumbnailUrl":"https:\/\/blanca.es\/nuevaweb\/wp-content\/uploads\/2022\/05\/2022_05_06_-Imagen-del-pantano-de-Blanca-scaled.jpg","articleSection":["Cultura y Turismo"],"inLanguage":"es"},{"@type":"WebPage","@id":"https:\/\/blanca.es\/nuevaweb\/cuenta-atras-para-que-blanca-se-convierta-en-capital-del-turismo-rural-2022\/","url":"https:\/\/blanca.es\/nuevaweb\/cuenta-atras-para-que-blanca-se-convierta-en-capital-del-turismo-rural-2022\/","name":"Cuenta atr\u00e1s para que Blanca se convierta en Capital del Turismo Rural 2022 - Ayuntamiento de Blanca","isPartOf":{"@id":"https:\/\/blanca.es\/nuevaweb\/#website"},"primaryImageOfPage":{"@id":"https:\/\/blanca.es\/nuevaweb\/cuenta-atras-para-que-blanca-se-convierta-en-capital-del-turismo-rural-2022\/#primaryimage"},"image":{"@id":"https:\/\/blanca.es\/nuevaweb\/cuenta-atras-para-que-blanca-se-convierta-en-capital-del-turismo-rural-2022\/#primaryimage"},"thumbnailUrl":"https:\/\/blanca.es\/nuevaweb\/wp-content\/uploads\/2022\/05\/2022_05_06_-Imagen-del-pantano-de-Blanca-scaled.jpg","datePublished":"2022-05-06T06:50:45+00:00","dateModified":"2022-05-06T06:50:48+00:00","breadcrumb":{"@id":"https:\/\/blanca.es\/nuevaweb\/cuenta-atras-para-que-blanca-se-convierta-en-capital-del-turismo-rural-2022\/#breadcrumb"},"inLanguage":"es","potentialAction":[{"@type":"ReadAction","target":["https:\/\/blanca.es\/nuevaweb\/cuenta-atras-para-que-blanca-se-convierta-en-capital-del-turismo-rural-2022\/"]}]},{"@type":"ImageObject","inLanguage":"es","@id":"https:\/\/blanca.es\/nuevaweb\/cuenta-atras-para-que-blanca-se-convierta-en-capital-del-turismo-rural-2022\/#primaryimage","url":"https:\/\/blanca.es\/nuevaweb\/wp-content\/uploads\/2022\/05\/2022_05_06_-Imagen-del-pantano-de-Blanca-scaled.jpg","contentUrl":"https:\/\/blanca.es\/nuevaweb\/wp-content\/uploads\/2022\/05\/2022_05_06_-Imagen-del-pantano-de-Blanca-scaled.jpg","width":2560,"height":1920},{"@type":"BreadcrumbList","@id":"https:\/\/blanca.es\/nuevaweb\/cuenta-atras-para-que-blanca-se-convierta-en-capital-del-turismo-rural-2022\/#breadcrumb","itemListElement":[{"@type":"ListItem","position":1,"name":"Portada","item":"https:\/\/blanca.es\/nuevaweb\/"},{"@type":"ListItem","position":2,"name":"Cuenta atr\u00e1s para que Blanca se convierta en Capital del Turismo Rural 2022"}]},{"@type":"WebSite","@id":"https:\/\/blanca.es\/nuevaweb\/#website","url":"https:\/\/blanca.es\/nuevaweb\/","name":"Ayuntamiento de Blanca","description":"Web Municipal Blanca (Murcia)","publisher":{"@id":"https:\/\/blanca.es\/nuevaweb\/#organization"},"potentialAction":[{"@type":"SearchAction","target":{"@type":"EntryPoint","urlTemplate":"https:\/\/blanca.es\/nuevaweb\/?s={search_term_string}"},"query-input":{"@type":"PropertyValueSpecification","valueRequired":true,"valueName":"search_term_string"}}],"inLanguage":"es"},{"@type":"Organization","@id":"https:\/\/blanca.es\/nuevaweb\/#organization","name":"Ayuntamiento de Blanca","url":"https:\/\/blanca.es\/nuevaweb\/","logo":{"@type":"ImageObject","inLanguage":"es","@id":"https:\/\/blanca.es\/nuevaweb\/#\/schema\/logo\/image\/","url":"https:\/\/blanca.es\/nuevaweb\/wp-content\/uploads\/2020\/09\/Escudo_alta_cuadrado-3.png","contentUrl":"https:\/\/blanca.es\/nuevaweb\/wp-content\/uploads\/2020\/09\/Escudo_alta_cuadrado-3.png","width":300,"height":300,"caption":"Ayuntamiento de Blanca"},"image":{"@id":"https:\/\/blanca.es\/nuevaweb\/#\/schema\/logo\/image\/"},"sameAs":["https:\/\/es-es.facebook.com\/AyuntamientodeBlanca","https:\/\/x.com\/ayto_blanca","https:\/\/www.youtube.com\/channel\/UC9weal_OZVKN6meF0Fd_rqw"]},{"@type":"Person","@id":"https:\/\/blanca.es\/nuevaweb\/#\/schema\/person\/068ffbe563a96e998dc141bd91d5a84a","name":"Comunicaci\u00f3n","image":{"@type":"ImageObject","inLanguage":"es","@id":"https:\/\/secure.gravatar.com\/avatar\/0a6839cedbb80e4510cc6b40b620b579d19c8c87d368475504cb313c55980873?s=96&d=mm&r=g","url":"https:\/\/secure.gravatar.com\/avatar\/0a6839cedbb80e4510cc6b40b620b579d19c8c87d368475504cb313c55980873?s=96&d=mm&r=g","contentUrl":"https:\/\/secure.gravatar.com\/avatar\/0a6839cedbb80e4510cc6b40b620b579d19c8c87d368475504cb313c55980873?s=96&d=mm&r=g","caption":"Comunicaci\u00f3n"}}]}},"_links":{"self":[{"href":"https:\/\/blanca.es\/nuevaweb\/wp-json\/wp\/v2\/posts\/22709","targetHints":{"allow":["GET"]}}],"collection":[{"href":"https:\/\/blanca.es\/nuevaweb\/wp-json\/wp\/v2\/posts"}],"about":[{"href":"https:\/\/blanca.es\/nuevaweb\/wp-json\/wp\/v2\/types\/post"}],"author":[{"embeddable":true,"href":"https:\/\/blanca.es\/nuevaweb\/wp-json\/wp\/v2\/users\/2"}],"replies":[{"embeddable":true,"href":"https:\/\/blanca.es\/nuevaweb\/wp-json\/wp\/v2\/comments?post=22709"}],"version-history":[{"count":1,"href":"https:\/\/blanca.es\/nuevaweb\/wp-json\/wp\/v2\/posts\/22709\/revisions"}],"predecessor-version":[{"id":22712,"href":"https:\/\/blanca.es\/nuevaweb\/wp-json\/wp\/v2\/posts\/22709\/revisions\/22712"}],"wp:featuredmedia":[{"embeddable":true,"href":"https:\/\/blanca.es\/nuevaweb\/wp-json\/wp\/v2\/media\/22710"}],"wp:attachment":[{"href":"https:\/\/blanca.es\/nuevaweb\/wp-json\/wp\/v2\/media?parent=22709"}],"wp:term":[{"taxonomy":"category","embeddable":true,"href":"https:\/\/blanca.es\/nuevaweb\/wp-json\/wp\/v2\/categories?post=22709"},{"taxonomy":"post_tag","embeddable":true,"href":"https:\/\/blanca.es\/nuevaweb\/wp-json\/wp\/v2\/tags?post=22709"}],"curies":[{"name":"wp","href":"https:\/\/api.w.org\/{rel}","templated":true}]}}