{"id":23153,"date":"2022-06-06T10:32:19","date_gmt":"2022-06-06T08:32:19","guid":{"rendered":"https:\/\/blanca.es\/nuevaweb\/?p=23153"},"modified":"2022-06-06T10:51:16","modified_gmt":"2022-06-06T08:51:16","slug":"el-ayuntamiento-de-blanca-organiza-un-emotivo-acto-para-homenajear-a-las-victimas-de-la-covid-19-y-reconocer-las-actuaciones-de-diversos-colectivos-en-la-pandemia-y-la-dana","status":"publish","type":"post","link":"https:\/\/blanca.es\/nuevaweb\/el-ayuntamiento-de-blanca-organiza-un-emotivo-acto-para-homenajear-a-las-victimas-de-la-covid-19-y-reconocer-las-actuaciones-de-diversos-colectivos-en-la-pandemia-y-la-dana\/","title":{"rendered":"El Ayuntamiento de Blanca organiza un emotivo acto para homenajear a las v\u00edctimas de la Covid-19 y reconocer las actuaciones de diversos colectivos en la pandemia y la DANA"},"content":{"rendered":"\n<p class=\"wp-block-paragraph\"><strong>El evento se inici\u00f3 con la inauguraci\u00f3n de un memorial en la Plaza del Rubi\u00f3n y un acto en el Teatro Victoria.<\/strong><\/p>\n\n\n\n<p class=\"wp-block-paragraph\">El Ayuntamiento de Blanca llev\u00f3 a cabo ayer un acto de homenaje a las v\u00edctimas de la Covid-19 y de reconocimiento a distintos colectivos por sus actuaciones en la pandemia y la DANA.<\/p>\n\n\n\n<p class=\"wp-block-paragraph\">Los actos se abrieron con la inauguraci\u00f3n de un memorial, situado en la Plaza del Rubi\u00f3n, en memoria de los fallecidos por la Covid-19 y en agradecimiento a todos los colectivos que posibilitaron que los blanque\u00f1os y blanque\u00f1as superaran esta crisis sanitaria.<\/p>\n\n\n\n<p class=\"wp-block-paragraph\">A continuaci\u00f3n, el Teatro Victoria alberg\u00f3 el evento, conducido por la periodista Encarna Talavera, en el que se reconoci\u00f3 la labor de polic\u00eda local, protecci\u00f3n civil, voluntarios, trabajadores esenciales, empresas, donantes, trabajadores municipales y personal sanitario, al tiempo que se record\u00f3 a los fallecidos v\u00edctimas de la pandemia.<\/p>\n\n\n\n<p class=\"wp-block-paragraph\">En este sentido, el alcalde de Blanca, Pedro Luis Molina, destac\u00f3 durante su intervenci\u00f3n que \u201clas cat\u00e1strofes que han sucedido en los \u00faltimos a\u00f1os han puesto de relevancia los valores comunitarios de solidaridad y entrega a los dem\u00e1s en todos los colectivos que hemos homenajeado\u201d.<\/p>\n\n\n\n<p class=\"wp-block-paragraph\">La imagen del evento -que cont\u00f3 con la actuaci\u00f3n musical de Victoria Cava y la intervenci\u00f3n del Cronista Oficial de Blanca, \u00c1ngel R\u00edos- estuvo protagonizada por una emblem\u00e1tica obra del artista blanque\u00f1o Pedro Cano que representa la solidaridad humana.<\/p>\n\n\n\n<p class=\"wp-block-paragraph\"><strong>LISTADO DE RECONOCIMIENTOS:<\/strong><\/p>\n\n\n\n<ul class=\"wp-block-list\"><li>Menci\u00f3n especial Protecci\u00f3n Civil Valle de Ricote<\/li><\/ul>\n\n\n\n<ul class=\"wp-block-list\"><li>Menci\u00f3n al m\u00e9rito policial a los agentes Antonio Brocal Clemente y Juan Antonio Mart\u00ednez Berm\u00fadez por su participaci\u00f3n activa, llegando a prestar servicio fuera de la jornada laboral en colaboraci\u00f3n con unidades de investigaci\u00f3n de Guardia Civil, obteniendo como resultado la incautaci\u00f3n de un alijo de marihuana de m\u00e1s de 5000 plantas de cultivo INDOR. (El mayor golpe al cultivo de marihuana de la Regi\u00f3n de Murcia).<\/li><\/ul>\n\n\n\n<ul class=\"wp-block-list\"><li>Menci\u00f3n al m\u00e9rito policial a Joaqu\u00edn Toledo Cano, subinspector jefe, y Antonio Jes\u00fas Mart\u00ednez Murcia, agente por las actuaciones que se citan a continuaci\u00f3n:<\/li><\/ul>\n\n\n\n<ul class=\"wp-block-list\"><li>Por su participaci\u00f3n activa, llegando a prestar servicio fuera de la jornada laboral en colaboraci\u00f3n con unidades de investigaci\u00f3n de Guardia Civil, obteniendo como resultado la incautaci\u00f3n de un alijo de marihuana de m\u00e1s de 5000 plantas de cultivo INDOR. (El mayor golpe al cultivo de marihuana de la Regi\u00f3n de Murcia).<\/li><\/ul>\n\n\n\n<ul class=\"wp-block-list\"><li>Por llevar a cabo durante la pandemia (En el mes de abril de 2020) la desinfecci\u00f3n del edificio donde surgi\u00f3 el primer caso COVID, demostrando su dedicaci\u00f3n al servicio e implicaci\u00f3n como SERVICIO P\u00daBLICO. La relevancia del acto viene dada por la incertidumbre que en esas fechas ofrec\u00eda el VIRUS, con una tasa de mortalidad alta y con pocos datos sobre su propagaci\u00f3n.<\/li><\/ul>\n\n\n\n<ul class=\"wp-block-list\"><li>Menci\u00f3n general al cuerpo de la polic\u00eda local por sus actuaciones durante el Covid y la DANA.<\/li><\/ul>\n\n\n\n<ul class=\"wp-block-list\"><li>Reconocimiento a los siguientes voluntarios por sus valores comunitarios de solidaridad y entrega a los dem\u00e1s durante la pandemia y la DANA:<\/li><\/ul>\n\n\n\n<p class=\"wp-block-paragraph\">Andrea Molina Cano, Daniela Molina Candel, Diana Molina Motos, Gladis Cano Mi\u00f1ano, Jennifer Serrano Salar, Juan El\u00edas&nbsp; Pantoja Ruiz, Luc\u00eda Soriano Molina, M\u00aa Jes\u00fas Moreno Candel, Mar\u00eda \u00c1ngeles Cano Ib\u00e1\u00f1ez, Mar\u00eda Cano Escribano, Marina Toledo Toledo, Marta Laveda Box, Miranda Moreno N\u00fa\u00f1ez, Ra\u00fal Herrero Moreno, Sara Soriano Molina, \u00darsula Bravo Cuevas.<\/p>\n\n\n\n<p class=\"wp-block-paragraph\">A los voluntarios que colaboraron en la desinfecci\u00f3n de calles:<\/p>\n\n\n\n<p class=\"wp-block-paragraph\">Luis Candel y familia, Jose Luis Mart\u00ednez, Manolo Villa, Luis Caballero, Pepe Miralles y su hijo Pepito Miralles, Fransi Lucas, Alejandro G\u00f3mez, Jonathan Merenciano, Juan Antonio Mart\u00ednez Berm\u00fadez, Francisco Javier Salmer\u00f3n, Ra\u00fal Lucas, M\u00aa Teresa Molina, Jes\u00fas Bermejo, Emilio Molina y David Salinas.<\/p>\n\n\n\n<p class=\"wp-block-paragraph\">A las vecinas que hicieron mascarillas:<\/p>\n\n\n\n<p class=\"wp-block-paragraph\">Gloria Lucas, M. Dolores Moreno, Andrea Molina, Angelita G\u00f3mez, Andrea de Guillermo, Vanesa Fern\u00e1ndez , Rosario Gil Ortega, Pilar Mart\u00ednez Torrano, M\u00aa Carmen Molina, Mercedes Rodr\u00edguez, Natalia Cano S\u00e1nchez, Mercedes Molina Lucas.<\/p>\n\n\n\n<p class=\"wp-block-paragraph\">En nombre de todos ellos el voluntario Carlos Turp\u00edn Cano recibi\u00f3 el galard\u00f3n.<\/p>\n\n\n\n<p class=\"wp-block-paragraph\">&#8211; A C\u00e1ritas Blanca por la entrega de alimentos durante la pandemia. La voluntaria Inmaculada Molina y el p\u00e1rroco de Blanca Gin\u00e9s del Amor recogieron el reconocimiento.<\/p>\n\n\n\n<ul class=\"wp-block-list\"><li>A empresas, instituciones y personas que donaron material sanitario y\/o recursos para la desinfecci\u00f3n durante el Covid. Mar\u00eda \u00c1ngeles Carpena Cano de Frutas Mellado recogi\u00f3 el reconocimiento.<\/li><\/ul>\n\n\n\n<ul class=\"wp-block-list\"><li>A las empresas de turismo activo que prestaron desinteresadamente material n\u00e1utico durante la DANA de septiembre de 2019. Jes\u00fas Molina, gerente de Rafting Murcia, recogi\u00f3 el galard\u00f3n<\/li><\/ul>\n\n\n\n<ul class=\"wp-block-list\"><li>A trabajadores esenciales (tiendas de alimentaci\u00f3n, supermercados, \u00f3pticas, farmacias, transportistas etc.) que arriesgaron su salud y su vida durante el confinamiento decretado con motivo de la pandemia<\/li><\/ul>\n\n\n\n<p class=\"wp-block-paragraph\">Isa Alimentaci\u00f3n, Supermercados Sandi, Ch\u00e1rter y D\u00eda, Madeleine, Frutas Mellado, El mostrador de Jes\u00fas, Jos\u00e9 Mar\u00edaTrigueros, Verduler\u00eda Conchi, Supermercados Pepi, Fruter\u00eda Cristaye, Panader\u00edas La ardilla y La viga, \u00d3pticas: El Valle, Blanca&nbsp; Visi\u00f3n y A primera vista. Maclean Papel, Jes\u00fas Ricardo Molina, Adri\u00e1n Molina, Eco-Audio y Pilar Carrillo Morales. La presidenta de la Asociaci\u00f3n de Comerciantes de Blanca, M\u00aa Pilar Mart\u00ednez Torrano, recogi\u00f3 el reconocimiento.<\/p>\n\n\n\n<p class=\"wp-block-paragraph\">&#8211; Al personal sanitario del \u00e1rea IX y en especial al Centro de Salud de Blanca por la labor desarrollada durante la pandemia. Conchi Benavente, enfermera del Centro de Salud de Blanca, recogi\u00f3 el galard\u00f3n.<\/p>\n\n\n\n<p class=\"wp-block-paragraph\">&#8211; Los trabajadores de la Residencia y Centro de D\u00eda Virgen de los Dolores por la labor desarrollada durante el Covid. Luz M\u00aa Cano Mart\u00ednez, directora de la Residencia y Centro de D\u00eda Virgen de Los Dolores, recogi\u00f3 el galard\u00f3n.<\/p>\n\n\n\n<p class=\"wp-block-paragraph\">&#8211; A los trabajadores esenciales del Ayuntamiento de Blanca por sus actuaciones de limpieza, desinfecci\u00f3n y atenciones sociales durante la pandemia junto a los trabajadores del servicio de agua y basura de Blanca Fomento Social que estuvieron a pie de calle todos los d\u00edas. Sergio Gil, empleado municipal, fue el encargado de recoger el reconocimiento.<\/p>\n\n\n\n<div class=\"wp-block-image\"><figure class=\"aligncenter size-large\"><img loading=\"lazy\" decoding=\"async\" width=\"1024\" height=\"654\" src=\"https:\/\/blanca.es\/nuevaweb\/wp-content\/uploads\/2022\/06\/Foto-2-1024x654.jpg\" alt=\"\" class=\"wp-image-23155\" srcset=\"https:\/\/blanca.es\/nuevaweb\/wp-content\/uploads\/2022\/06\/Foto-2-1024x654.jpg 1024w, https:\/\/blanca.es\/nuevaweb\/wp-content\/uploads\/2022\/06\/Foto-2-300x192.jpg 300w, https:\/\/blanca.es\/nuevaweb\/wp-content\/uploads\/2022\/06\/Foto-2-768x490.jpg 768w, https:\/\/blanca.es\/nuevaweb\/wp-content\/uploads\/2022\/06\/Foto-2-1536x981.jpg 1536w, https:\/\/blanca.es\/nuevaweb\/wp-content\/uploads\/2022\/06\/Foto-2-2048x1308.jpg 2048w\" sizes=\"auto, (max-width: 1024px) 100vw, 1024px\" \/><\/figure><\/div>\n\n\n\n<p class=\"wp-block-paragraph\"><strong>LISTADO DE FALLECIDOS POR COVID-19 Y FAMILIARES:<\/strong><\/p>\n\n\n\n<p class=\"wp-block-paragraph\">1. Adela Garc\u00eda Mellado &#8211;&gt;&nbsp; Noem\u00ed Cano Velandrino (nieta)&nbsp;&nbsp;<\/p>\n\n\n\n<p class=\"wp-block-paragraph\">2. Jos\u00e9 Molina Garc\u00eda&#8211;&gt; Carmen Cano Molina (sobrina)<\/p>\n\n\n\n<p class=\"wp-block-paragraph\">3. Jos\u00e9 Laveda Puche y Dolores L\u00f3pez Buend\u00eda (marido y mujer)&#8211;&gt; M. Jos\u00e9 Laveda L\u00f3pez (hija)<\/p>\n\n\n\n<p class=\"wp-block-paragraph\">4. Juan Miguel Iniesta Alcaraz&#8211;&gt; M. Luisa Palaz\u00f3n Palaz\u00f3n (mujer)<\/p>\n\n\n\n<p class=\"wp-block-paragraph\">5. Rafael S\u00e1nchez Fuentes<\/p>\n\n\n\n<p class=\"wp-block-paragraph\">6. Jos\u00e9 Salvador Garc\u00eda Soler&#8211;&gt; M. Encarnaci\u00f3n R\u00edos Yepes (amiga)<\/p>\n\n\n\n<p class=\"wp-block-paragraph\">7. Jes\u00fas S\u00e1nchez Ib\u00e1\u00f1ez &#8211;&gt; Conchi Ib\u00e1\u00f1ez R\u00edos (mujer)<\/p>\n\n\n\n<p class=\"wp-block-paragraph\">8. Luis Antonio Fern\u00e1ndez Rodr\u00edguez &#8211;&gt; Trinidad Rodr\u00edguez Molina (madre)<\/p>\n\n\n\n<p class=\"wp-block-paragraph\">9. Antonio Molina Ruiz &#8211;&gt; Carlos Molina Victorio (hijo)<\/p>\n\n\n\n<p class=\"wp-block-paragraph\">10. Rosario Molina Palaz\u00f3n&#8211;&gt; M\u00aa Rosa Cano Molina (hija)<\/p>\n\n\n\n<p class=\"wp-block-paragraph\">11. Jos\u00e9 Ram\u00f3n Molina Revilla&#8211;&gt; Elvira Molina Revilla (hermana)<\/p>\n\n\n\n<p class=\"wp-block-paragraph\">12. Consuelo Molina Molina&#8211;&gt; Inma Molina Trigueros (sobrina)<\/p>\n\n\n\n<p class=\"wp-block-paragraph\">13. Antonio Palaz\u00f3n Melgarejo&#8211;> Aurora Molina Jover (mujer) y su nieta\u00a0 Aida Yuste Palaz\u00f3n que hizo un agradecimiento en nombre de todos los familiares.<\/p>\n\n\n\n<p class=\"wp-block-paragraph\">Galer\u00eda de im\u00e1genes del evento:<\/p>\n\n\n\n<figure class=\"wp-block-gallery aligncenter columns-3 is-cropped wp-block-gallery-1 is-layout-flex wp-block-gallery-is-layout-flex\"><ul class=\"blocks-gallery-grid\"><li class=\"blocks-gallery-item\"><figure><img loading=\"lazy\" decoding=\"async\" width=\"783\" height=\"1024\" src=\"https:\/\/blanca.es\/nuevaweb\/wp-content\/uploads\/2022\/06\/Acto-Homenaje-victimas-COVID-19-y-DANA-005-783x1024.jpg\" alt=\"\" data-id=\"23156\" data-full-url=\"https:\/\/blanca.es\/nuevaweb\/wp-content\/uploads\/2022\/06\/Acto-Homenaje-victimas-COVID-19-y-DANA-005-scaled.jpg\" data-link=\"https:\/\/blanca.es\/nuevaweb\/?attachment_id=23156\" class=\"wp-image-23156\" srcset=\"https:\/\/blanca.es\/nuevaweb\/wp-content\/uploads\/2022\/06\/Acto-Homenaje-victimas-COVID-19-y-DANA-005-783x1024.jpg 783w, https:\/\/blanca.es\/nuevaweb\/wp-content\/uploads\/2022\/06\/Acto-Homenaje-victimas-COVID-19-y-DANA-005-229x300.jpg 229w, https:\/\/blanca.es\/nuevaweb\/wp-content\/uploads\/2022\/06\/Acto-Homenaje-victimas-COVID-19-y-DANA-005-768x1005.jpg 768w, https:\/\/blanca.es\/nuevaweb\/wp-content\/uploads\/2022\/06\/Acto-Homenaje-victimas-COVID-19-y-DANA-005-1174x1536.jpg 1174w, https:\/\/blanca.es\/nuevaweb\/wp-content\/uploads\/2022\/06\/Acto-Homenaje-victimas-COVID-19-y-DANA-005-1565x2048.jpg 1565w, https:\/\/blanca.es\/nuevaweb\/wp-content\/uploads\/2022\/06\/Acto-Homenaje-victimas-COVID-19-y-DANA-005-scaled.jpg 1957w\" sizes=\"auto, (max-width: 783px) 100vw, 783px\" \/><\/figure><\/li><li class=\"blocks-gallery-item\"><figure><img loading=\"lazy\" decoding=\"async\" width=\"1024\" height=\"631\" src=\"https:\/\/blanca.es\/nuevaweb\/wp-content\/uploads\/2022\/06\/Acto-Homenaje-victimas-COVID-19-y-DANA-010-1024x631.jpg\" alt=\"\" data-id=\"23157\" data-full-url=\"https:\/\/blanca.es\/nuevaweb\/wp-content\/uploads\/2022\/06\/Acto-Homenaje-victimas-COVID-19-y-DANA-010-scaled.jpg\" data-link=\"https:\/\/blanca.es\/nuevaweb\/?attachment_id=23157\" class=\"wp-image-23157\" srcset=\"https:\/\/blanca.es\/nuevaweb\/wp-content\/uploads\/2022\/06\/Acto-Homenaje-victimas-COVID-19-y-DANA-010-1024x631.jpg 1024w, https:\/\/blanca.es\/nuevaweb\/wp-content\/uploads\/2022\/06\/Acto-Homenaje-victimas-COVID-19-y-DANA-010-300x185.jpg 300w, https:\/\/blanca.es\/nuevaweb\/wp-content\/uploads\/2022\/06\/Acto-Homenaje-victimas-COVID-19-y-DANA-010-768x474.jpg 768w, https:\/\/blanca.es\/nuevaweb\/wp-content\/uploads\/2022\/06\/Acto-Homenaje-victimas-COVID-19-y-DANA-010-1536x947.jpg 1536w, https:\/\/blanca.es\/nuevaweb\/wp-content\/uploads\/2022\/06\/Acto-Homenaje-victimas-COVID-19-y-DANA-010-2048x1263.jpg 2048w\" sizes=\"auto, (max-width: 1024px) 100vw, 1024px\" \/><\/figure><\/li><li class=\"blocks-gallery-item\"><figure><img loading=\"lazy\" decoding=\"async\" width=\"973\" height=\"1024\" src=\"https:\/\/blanca.es\/nuevaweb\/wp-content\/uploads\/2022\/06\/Acto-Homenaje-victimas-COVID-19-y-DANA-014-973x1024.jpg\" alt=\"\" data-id=\"23158\" data-full-url=\"https:\/\/blanca.es\/nuevaweb\/wp-content\/uploads\/2022\/06\/Acto-Homenaje-victimas-COVID-19-y-DANA-014-scaled.jpg\" data-link=\"https:\/\/blanca.es\/nuevaweb\/?attachment_id=23158\" class=\"wp-image-23158\" srcset=\"https:\/\/blanca.es\/nuevaweb\/wp-content\/uploads\/2022\/06\/Acto-Homenaje-victimas-COVID-19-y-DANA-014-973x1024.jpg 973w, https:\/\/blanca.es\/nuevaweb\/wp-content\/uploads\/2022\/06\/Acto-Homenaje-victimas-COVID-19-y-DANA-014-285x300.jpg 285w, https:\/\/blanca.es\/nuevaweb\/wp-content\/uploads\/2022\/06\/Acto-Homenaje-victimas-COVID-19-y-DANA-014-768x808.jpg 768w, https:\/\/blanca.es\/nuevaweb\/wp-content\/uploads\/2022\/06\/Acto-Homenaje-victimas-COVID-19-y-DANA-014-1460x1536.jpg 1460w, https:\/\/blanca.es\/nuevaweb\/wp-content\/uploads\/2022\/06\/Acto-Homenaje-victimas-COVID-19-y-DANA-014-1947x2048.jpg 1947w\" sizes=\"auto, (max-width: 973px) 100vw, 973px\" \/><\/figure><\/li><li class=\"blocks-gallery-item\"><figure><img loading=\"lazy\" decoding=\"async\" width=\"1024\" height=\"1024\" src=\"https:\/\/blanca.es\/nuevaweb\/wp-content\/uploads\/2022\/06\/Acto-Homenaje-victimas-COVID-19-y-DANA-016-1024x1024.jpg\" alt=\"\" data-id=\"23159\" data-full-url=\"https:\/\/blanca.es\/nuevaweb\/wp-content\/uploads\/2022\/06\/Acto-Homenaje-victimas-COVID-19-y-DANA-016.jpg\" data-link=\"https:\/\/blanca.es\/nuevaweb\/?attachment_id=23159\" class=\"wp-image-23159\" srcset=\"https:\/\/blanca.es\/nuevaweb\/wp-content\/uploads\/2022\/06\/Acto-Homenaje-victimas-COVID-19-y-DANA-016-1024x1024.jpg 1024w, https:\/\/blanca.es\/nuevaweb\/wp-content\/uploads\/2022\/06\/Acto-Homenaje-victimas-COVID-19-y-DANA-016-300x300.jpg 300w, https:\/\/blanca.es\/nuevaweb\/wp-content\/uploads\/2022\/06\/Acto-Homenaje-victimas-COVID-19-y-DANA-016-150x150.jpg 150w, https:\/\/blanca.es\/nuevaweb\/wp-content\/uploads\/2022\/06\/Acto-Homenaje-victimas-COVID-19-y-DANA-016-768x768.jpg 768w, https:\/\/blanca.es\/nuevaweb\/wp-content\/uploads\/2022\/06\/Acto-Homenaje-victimas-COVID-19-y-DANA-016-1536x1536.jpg 1536w, https:\/\/blanca.es\/nuevaweb\/wp-content\/uploads\/2022\/06\/Acto-Homenaje-victimas-COVID-19-y-DANA-016.jpg 1872w\" sizes=\"auto, (max-width: 1024px) 100vw, 1024px\" \/><\/figure><\/li><li class=\"blocks-gallery-item\"><figure><img loading=\"lazy\" decoding=\"async\" width=\"1024\" height=\"791\" src=\"https:\/\/blanca.es\/nuevaweb\/wp-content\/uploads\/2022\/06\/Acto-Homenaje-victimas-COVID-19-y-DANA-021-1024x791.jpg\" alt=\"\" data-id=\"23160\" data-full-url=\"https:\/\/blanca.es\/nuevaweb\/wp-content\/uploads\/2022\/06\/Acto-Homenaje-victimas-COVID-19-y-DANA-021-scaled.jpg\" data-link=\"https:\/\/blanca.es\/nuevaweb\/?attachment_id=23160\" class=\"wp-image-23160\" srcset=\"https:\/\/blanca.es\/nuevaweb\/wp-content\/uploads\/2022\/06\/Acto-Homenaje-victimas-COVID-19-y-DANA-021-1024x791.jpg 1024w, https:\/\/blanca.es\/nuevaweb\/wp-content\/uploads\/2022\/06\/Acto-Homenaje-victimas-COVID-19-y-DANA-021-300x232.jpg 300w, https:\/\/blanca.es\/nuevaweb\/wp-content\/uploads\/2022\/06\/Acto-Homenaje-victimas-COVID-19-y-DANA-021-768x594.jpg 768w, https:\/\/blanca.es\/nuevaweb\/wp-content\/uploads\/2022\/06\/Acto-Homenaje-victimas-COVID-19-y-DANA-021-1536x1187.jpg 1536w, https:\/\/blanca.es\/nuevaweb\/wp-content\/uploads\/2022\/06\/Acto-Homenaje-victimas-COVID-19-y-DANA-021-2048x1583.jpg 2048w\" sizes=\"auto, (max-width: 1024px) 100vw, 1024px\" \/><\/figure><\/li><li class=\"blocks-gallery-item\"><figure><img loading=\"lazy\" decoding=\"async\" width=\"950\" height=\"1024\" src=\"https:\/\/blanca.es\/nuevaweb\/wp-content\/uploads\/2022\/06\/Acto-Homenaje-victimas-COVID-19-y-DANA-023-950x1024.jpg\" alt=\"\" data-id=\"23161\" data-full-url=\"https:\/\/blanca.es\/nuevaweb\/wp-content\/uploads\/2022\/06\/Acto-Homenaje-victimas-COVID-19-y-DANA-023-scaled.jpg\" data-link=\"https:\/\/blanca.es\/nuevaweb\/?attachment_id=23161\" class=\"wp-image-23161\" srcset=\"https:\/\/blanca.es\/nuevaweb\/wp-content\/uploads\/2022\/06\/Acto-Homenaje-victimas-COVID-19-y-DANA-023-950x1024.jpg 950w, https:\/\/blanca.es\/nuevaweb\/wp-content\/uploads\/2022\/06\/Acto-Homenaje-victimas-COVID-19-y-DANA-023-278x300.jpg 278w, https:\/\/blanca.es\/nuevaweb\/wp-content\/uploads\/2022\/06\/Acto-Homenaje-victimas-COVID-19-y-DANA-023-768x828.jpg 768w, https:\/\/blanca.es\/nuevaweb\/wp-content\/uploads\/2022\/06\/Acto-Homenaje-victimas-COVID-19-y-DANA-023-1425x1536.jpg 1425w, https:\/\/blanca.es\/nuevaweb\/wp-content\/uploads\/2022\/06\/Acto-Homenaje-victimas-COVID-19-y-DANA-023-1900x2048.jpg 1900w\" sizes=\"auto, (max-width: 950px) 100vw, 950px\" \/><\/figure><\/li><li class=\"blocks-gallery-item\"><figure><img loading=\"lazy\" decoding=\"async\" width=\"919\" height=\"1024\" src=\"https:\/\/blanca.es\/nuevaweb\/wp-content\/uploads\/2022\/06\/Acto-Homenaje-victimas-COVID-19-y-DANA-026-919x1024.jpg\" alt=\"\" data-id=\"23162\" data-full-url=\"https:\/\/blanca.es\/nuevaweb\/wp-content\/uploads\/2022\/06\/Acto-Homenaje-victimas-COVID-19-y-DANA-026-scaled.jpg\" data-link=\"https:\/\/blanca.es\/nuevaweb\/?attachment_id=23162\" class=\"wp-image-23162\" srcset=\"https:\/\/blanca.es\/nuevaweb\/wp-content\/uploads\/2022\/06\/Acto-Homenaje-victimas-COVID-19-y-DANA-026-919x1024.jpg 919w, https:\/\/blanca.es\/nuevaweb\/wp-content\/uploads\/2022\/06\/Acto-Homenaje-victimas-COVID-19-y-DANA-026-269x300.jpg 269w, https:\/\/blanca.es\/nuevaweb\/wp-content\/uploads\/2022\/06\/Acto-Homenaje-victimas-COVID-19-y-DANA-026-768x856.jpg 768w, https:\/\/blanca.es\/nuevaweb\/wp-content\/uploads\/2022\/06\/Acto-Homenaje-victimas-COVID-19-y-DANA-026-1378x1536.jpg 1378w, https:\/\/blanca.es\/nuevaweb\/wp-content\/uploads\/2022\/06\/Acto-Homenaje-victimas-COVID-19-y-DANA-026-1837x2048.jpg 1837w\" sizes=\"auto, (max-width: 919px) 100vw, 919px\" \/><\/figure><\/li><li class=\"blocks-gallery-item\"><figure><img loading=\"lazy\" decoding=\"async\" width=\"1024\" height=\"978\" src=\"https:\/\/blanca.es\/nuevaweb\/wp-content\/uploads\/2022\/06\/Acto-Homenaje-victimas-COVID-19-y-DANA-028-1024x978.jpg\" alt=\"\" data-id=\"23163\" data-full-url=\"https:\/\/blanca.es\/nuevaweb\/wp-content\/uploads\/2022\/06\/Acto-Homenaje-victimas-COVID-19-y-DANA-028-scaled.jpg\" data-link=\"https:\/\/blanca.es\/nuevaweb\/?attachment_id=23163\" class=\"wp-image-23163\" srcset=\"https:\/\/blanca.es\/nuevaweb\/wp-content\/uploads\/2022\/06\/Acto-Homenaje-victimas-COVID-19-y-DANA-028-1024x978.jpg 1024w, https:\/\/blanca.es\/nuevaweb\/wp-content\/uploads\/2022\/06\/Acto-Homenaje-victimas-COVID-19-y-DANA-028-300x287.jpg 300w, https:\/\/blanca.es\/nuevaweb\/wp-content\/uploads\/2022\/06\/Acto-Homenaje-victimas-COVID-19-y-DANA-028-768x734.jpg 768w, https:\/\/blanca.es\/nuevaweb\/wp-content\/uploads\/2022\/06\/Acto-Homenaje-victimas-COVID-19-y-DANA-028-1536x1467.jpg 1536w, https:\/\/blanca.es\/nuevaweb\/wp-content\/uploads\/2022\/06\/Acto-Homenaje-victimas-COVID-19-y-DANA-028-2048x1956.jpg 2048w\" sizes=\"auto, (max-width: 1024px) 100vw, 1024px\" \/><\/figure><\/li><li class=\"blocks-gallery-item\"><figure><img loading=\"lazy\" decoding=\"async\" width=\"991\" height=\"1024\" src=\"https:\/\/blanca.es\/nuevaweb\/wp-content\/uploads\/2022\/06\/Acto-Homenaje-victimas-COVID-19-y-DANA-030-991x1024.jpg\" alt=\"\" data-id=\"23164\" data-full-url=\"https:\/\/blanca.es\/nuevaweb\/wp-content\/uploads\/2022\/06\/Acto-Homenaje-victimas-COVID-19-y-DANA-030-scaled.jpg\" data-link=\"https:\/\/blanca.es\/nuevaweb\/?attachment_id=23164\" class=\"wp-image-23164\" srcset=\"https:\/\/blanca.es\/nuevaweb\/wp-content\/uploads\/2022\/06\/Acto-Homenaje-victimas-COVID-19-y-DANA-030-991x1024.jpg 991w, https:\/\/blanca.es\/nuevaweb\/wp-content\/uploads\/2022\/06\/Acto-Homenaje-victimas-COVID-19-y-DANA-030-290x300.jpg 290w, https:\/\/blanca.es\/nuevaweb\/wp-content\/uploads\/2022\/06\/Acto-Homenaje-victimas-COVID-19-y-DANA-030-768x794.jpg 768w, https:\/\/blanca.es\/nuevaweb\/wp-content\/uploads\/2022\/06\/Acto-Homenaje-victimas-COVID-19-y-DANA-030-1486x1536.jpg 1486w, https:\/\/blanca.es\/nuevaweb\/wp-content\/uploads\/2022\/06\/Acto-Homenaje-victimas-COVID-19-y-DANA-030-1981x2048.jpg 1981w\" sizes=\"auto, (max-width: 991px) 100vw, 991px\" \/><\/figure><\/li><li class=\"blocks-gallery-item\"><figure><img loading=\"lazy\" decoding=\"async\" width=\"806\" height=\"1024\" src=\"https:\/\/blanca.es\/nuevaweb\/wp-content\/uploads\/2022\/06\/Acto-Homenaje-victimas-COVID-19-y-DANA-032-806x1024.jpg\" alt=\"\" data-id=\"23165\" data-full-url=\"https:\/\/blanca.es\/nuevaweb\/wp-content\/uploads\/2022\/06\/Acto-Homenaje-victimas-COVID-19-y-DANA-032-scaled.jpg\" data-link=\"https:\/\/blanca.es\/nuevaweb\/?attachment_id=23165\" class=\"wp-image-23165\" srcset=\"https:\/\/blanca.es\/nuevaweb\/wp-content\/uploads\/2022\/06\/Acto-Homenaje-victimas-COVID-19-y-DANA-032-806x1024.jpg 806w, https:\/\/blanca.es\/nuevaweb\/wp-content\/uploads\/2022\/06\/Acto-Homenaje-victimas-COVID-19-y-DANA-032-236x300.jpg 236w, https:\/\/blanca.es\/nuevaweb\/wp-content\/uploads\/2022\/06\/Acto-Homenaje-victimas-COVID-19-y-DANA-032-768x976.jpg 768w, https:\/\/blanca.es\/nuevaweb\/wp-content\/uploads\/2022\/06\/Acto-Homenaje-victimas-COVID-19-y-DANA-032-1209x1536.jpg 1209w, https:\/\/blanca.es\/nuevaweb\/wp-content\/uploads\/2022\/06\/Acto-Homenaje-victimas-COVID-19-y-DANA-032-1612x2048.jpg 1612w, https:\/\/blanca.es\/nuevaweb\/wp-content\/uploads\/2022\/06\/Acto-Homenaje-victimas-COVID-19-y-DANA-032-scaled.jpg 2015w\" sizes=\"auto, (max-width: 806px) 100vw, 806px\" \/><\/figure><\/li><li class=\"blocks-gallery-item\"><figure><img loading=\"lazy\" decoding=\"async\" width=\"1024\" height=\"930\" src=\"https:\/\/blanca.es\/nuevaweb\/wp-content\/uploads\/2022\/06\/Acto-Homenaje-victimas-COVID-19-y-DANA-033-1024x930.jpg\" alt=\"\" data-id=\"23166\" data-full-url=\"https:\/\/blanca.es\/nuevaweb\/wp-content\/uploads\/2022\/06\/Acto-Homenaje-victimas-COVID-19-y-DANA-033-scaled.jpg\" data-link=\"https:\/\/blanca.es\/nuevaweb\/?attachment_id=23166\" class=\"wp-image-23166\" srcset=\"https:\/\/blanca.es\/nuevaweb\/wp-content\/uploads\/2022\/06\/Acto-Homenaje-victimas-COVID-19-y-DANA-033-1024x930.jpg 1024w, https:\/\/blanca.es\/nuevaweb\/wp-content\/uploads\/2022\/06\/Acto-Homenaje-victimas-COVID-19-y-DANA-033-300x272.jpg 300w, https:\/\/blanca.es\/nuevaweb\/wp-content\/uploads\/2022\/06\/Acto-Homenaje-victimas-COVID-19-y-DANA-033-768x697.jpg 768w, https:\/\/blanca.es\/nuevaweb\/wp-content\/uploads\/2022\/06\/Acto-Homenaje-victimas-COVID-19-y-DANA-033-1536x1395.jpg 1536w, https:\/\/blanca.es\/nuevaweb\/wp-content\/uploads\/2022\/06\/Acto-Homenaje-victimas-COVID-19-y-DANA-033-2048x1860.jpg 2048w\" sizes=\"auto, (max-width: 1024px) 100vw, 1024px\" \/><\/figure><\/li><li class=\"blocks-gallery-item\"><figure><img loading=\"lazy\" decoding=\"async\" width=\"801\" height=\"1024\" src=\"https:\/\/blanca.es\/nuevaweb\/wp-content\/uploads\/2022\/06\/Acto-Homenaje-victimas-COVID-19-y-DANA-039-801x1024.jpg\" alt=\"\" data-id=\"23167\" data-full-url=\"https:\/\/blanca.es\/nuevaweb\/wp-content\/uploads\/2022\/06\/Acto-Homenaje-victimas-COVID-19-y-DANA-039-scaled.jpg\" data-link=\"https:\/\/blanca.es\/nuevaweb\/?attachment_id=23167\" class=\"wp-image-23167\" srcset=\"https:\/\/blanca.es\/nuevaweb\/wp-content\/uploads\/2022\/06\/Acto-Homenaje-victimas-COVID-19-y-DANA-039-801x1024.jpg 801w, https:\/\/blanca.es\/nuevaweb\/wp-content\/uploads\/2022\/06\/Acto-Homenaje-victimas-COVID-19-y-DANA-039-235x300.jpg 235w, https:\/\/blanca.es\/nuevaweb\/wp-content\/uploads\/2022\/06\/Acto-Homenaje-victimas-COVID-19-y-DANA-039-768x981.jpg 768w, https:\/\/blanca.es\/nuevaweb\/wp-content\/uploads\/2022\/06\/Acto-Homenaje-victimas-COVID-19-y-DANA-039-1202x1536.jpg 1202w, https:\/\/blanca.es\/nuevaweb\/wp-content\/uploads\/2022\/06\/Acto-Homenaje-victimas-COVID-19-y-DANA-039-1603x2048.jpg 1603w, https:\/\/blanca.es\/nuevaweb\/wp-content\/uploads\/2022\/06\/Acto-Homenaje-victimas-COVID-19-y-DANA-039-scaled.jpg 2003w\" sizes=\"auto, (max-width: 801px) 100vw, 801px\" \/><\/figure><\/li><li class=\"blocks-gallery-item\"><figure><img loading=\"lazy\" decoding=\"async\" width=\"1024\" height=\"801\" src=\"https:\/\/blanca.es\/nuevaweb\/wp-content\/uploads\/2022\/06\/Acto-Homenaje-victimas-COVID-19-y-DANA-042-1024x801.jpg\" alt=\"\" data-id=\"23168\" data-full-url=\"https:\/\/blanca.es\/nuevaweb\/wp-content\/uploads\/2022\/06\/Acto-Homenaje-victimas-COVID-19-y-DANA-042-scaled.jpg\" data-link=\"https:\/\/blanca.es\/nuevaweb\/?attachment_id=23168\" class=\"wp-image-23168\" srcset=\"https:\/\/blanca.es\/nuevaweb\/wp-content\/uploads\/2022\/06\/Acto-Homenaje-victimas-COVID-19-y-DANA-042-1024x801.jpg 1024w, https:\/\/blanca.es\/nuevaweb\/wp-content\/uploads\/2022\/06\/Acto-Homenaje-victimas-COVID-19-y-DANA-042-300x235.jpg 300w, https:\/\/blanca.es\/nuevaweb\/wp-content\/uploads\/2022\/06\/Acto-Homenaje-victimas-COVID-19-y-DANA-042-768x601.jpg 768w, https:\/\/blanca.es\/nuevaweb\/wp-content\/uploads\/2022\/06\/Acto-Homenaje-victimas-COVID-19-y-DANA-042-1536x1202.jpg 1536w, https:\/\/blanca.es\/nuevaweb\/wp-content\/uploads\/2022\/06\/Acto-Homenaje-victimas-COVID-19-y-DANA-042-2048x1603.jpg 2048w\" sizes=\"auto, (max-width: 1024px) 100vw, 1024px\" \/><\/figure><\/li><li class=\"blocks-gallery-item\"><figure><img loading=\"lazy\" decoding=\"async\" width=\"1024\" height=\"1008\" src=\"https:\/\/blanca.es\/nuevaweb\/wp-content\/uploads\/2022\/06\/Acto-Homenaje-victimas-COVID-19-y-DANA-044-1024x1008.jpg\" alt=\"\" data-id=\"23169\" data-full-url=\"https:\/\/blanca.es\/nuevaweb\/wp-content\/uploads\/2022\/06\/Acto-Homenaje-victimas-COVID-19-y-DANA-044-scaled.jpg\" data-link=\"https:\/\/blanca.es\/nuevaweb\/?attachment_id=23169\" class=\"wp-image-23169\" srcset=\"https:\/\/blanca.es\/nuevaweb\/wp-content\/uploads\/2022\/06\/Acto-Homenaje-victimas-COVID-19-y-DANA-044-1024x1008.jpg 1024w, https:\/\/blanca.es\/nuevaweb\/wp-content\/uploads\/2022\/06\/Acto-Homenaje-victimas-COVID-19-y-DANA-044-300x295.jpg 300w, https:\/\/blanca.es\/nuevaweb\/wp-content\/uploads\/2022\/06\/Acto-Homenaje-victimas-COVID-19-y-DANA-044-768x756.jpg 768w, https:\/\/blanca.es\/nuevaweb\/wp-content\/uploads\/2022\/06\/Acto-Homenaje-victimas-COVID-19-y-DANA-044-1536x1512.jpg 1536w, https:\/\/blanca.es\/nuevaweb\/wp-content\/uploads\/2022\/06\/Acto-Homenaje-victimas-COVID-19-y-DANA-044-2048x2017.jpg 2048w\" sizes=\"auto, (max-width: 1024px) 100vw, 1024px\" \/><\/figure><\/li><li class=\"blocks-gallery-item\"><figure><img loading=\"lazy\" decoding=\"async\" width=\"968\" height=\"1024\" src=\"https:\/\/blanca.es\/nuevaweb\/wp-content\/uploads\/2022\/06\/Acto-Homenaje-victimas-COVID-19-y-DANA-047-968x1024.jpg\" alt=\"\" data-id=\"23170\" data-full-url=\"https:\/\/blanca.es\/nuevaweb\/wp-content\/uploads\/2022\/06\/Acto-Homenaje-victimas-COVID-19-y-DANA-047-scaled.jpg\" data-link=\"https:\/\/blanca.es\/nuevaweb\/?attachment_id=23170\" class=\"wp-image-23170\" srcset=\"https:\/\/blanca.es\/nuevaweb\/wp-content\/uploads\/2022\/06\/Acto-Homenaje-victimas-COVID-19-y-DANA-047-968x1024.jpg 968w, https:\/\/blanca.es\/nuevaweb\/wp-content\/uploads\/2022\/06\/Acto-Homenaje-victimas-COVID-19-y-DANA-047-284x300.jpg 284w, https:\/\/blanca.es\/nuevaweb\/wp-content\/uploads\/2022\/06\/Acto-Homenaje-victimas-COVID-19-y-DANA-047-768x812.jpg 768w, https:\/\/blanca.es\/nuevaweb\/wp-content\/uploads\/2022\/06\/Acto-Homenaje-victimas-COVID-19-y-DANA-047-1453x1536.jpg 1453w, https:\/\/blanca.es\/nuevaweb\/wp-content\/uploads\/2022\/06\/Acto-Homenaje-victimas-COVID-19-y-DANA-047-1937x2048.jpg 1937w\" sizes=\"auto, (max-width: 968px) 100vw, 968px\" \/><\/figure><\/li><li class=\"blocks-gallery-item\"><figure><img loading=\"lazy\" decoding=\"async\" width=\"1024\" height=\"1021\" src=\"https:\/\/blanca.es\/nuevaweb\/wp-content\/uploads\/2022\/06\/Acto-Homenaje-victimas-COVID-19-y-DANA-049-1024x1021.jpg\" alt=\"\" data-id=\"23171\" data-full-url=\"https:\/\/blanca.es\/nuevaweb\/wp-content\/uploads\/2022\/06\/Acto-Homenaje-victimas-COVID-19-y-DANA-049-scaled.jpg\" data-link=\"https:\/\/blanca.es\/nuevaweb\/?attachment_id=23171\" class=\"wp-image-23171\" srcset=\"https:\/\/blanca.es\/nuevaweb\/wp-content\/uploads\/2022\/06\/Acto-Homenaje-victimas-COVID-19-y-DANA-049-1024x1021.jpg 1024w, https:\/\/blanca.es\/nuevaweb\/wp-content\/uploads\/2022\/06\/Acto-Homenaje-victimas-COVID-19-y-DANA-049-300x300.jpg 300w, https:\/\/blanca.es\/nuevaweb\/wp-content\/uploads\/2022\/06\/Acto-Homenaje-victimas-COVID-19-y-DANA-049-150x150.jpg 150w, https:\/\/blanca.es\/nuevaweb\/wp-content\/uploads\/2022\/06\/Acto-Homenaje-victimas-COVID-19-y-DANA-049-768x766.jpg 768w, https:\/\/blanca.es\/nuevaweb\/wp-content\/uploads\/2022\/06\/Acto-Homenaje-victimas-COVID-19-y-DANA-049-1536x1531.jpg 1536w, https:\/\/blanca.es\/nuevaweb\/wp-content\/uploads\/2022\/06\/Acto-Homenaje-victimas-COVID-19-y-DANA-049-2048x2042.jpg 2048w\" sizes=\"auto, (max-width: 1024px) 100vw, 1024px\" \/><\/figure><\/li><li class=\"blocks-gallery-item\"><figure><img loading=\"lazy\" decoding=\"async\" width=\"874\" height=\"1024\" src=\"https:\/\/blanca.es\/nuevaweb\/wp-content\/uploads\/2022\/06\/Acto-Homenaje-victimas-COVID-19-y-DANA-051-874x1024.jpg\" alt=\"\" data-id=\"23172\" data-full-url=\"https:\/\/blanca.es\/nuevaweb\/wp-content\/uploads\/2022\/06\/Acto-Homenaje-victimas-COVID-19-y-DANA-051-scaled.jpg\" data-link=\"https:\/\/blanca.es\/nuevaweb\/?attachment_id=23172\" class=\"wp-image-23172\" srcset=\"https:\/\/blanca.es\/nuevaweb\/wp-content\/uploads\/2022\/06\/Acto-Homenaje-victimas-COVID-19-y-DANA-051-874x1024.jpg 874w, https:\/\/blanca.es\/nuevaweb\/wp-content\/uploads\/2022\/06\/Acto-Homenaje-victimas-COVID-19-y-DANA-051-256x300.jpg 256w, https:\/\/blanca.es\/nuevaweb\/wp-content\/uploads\/2022\/06\/Acto-Homenaje-victimas-COVID-19-y-DANA-051-768x900.jpg 768w, https:\/\/blanca.es\/nuevaweb\/wp-content\/uploads\/2022\/06\/Acto-Homenaje-victimas-COVID-19-y-DANA-051-1311x1536.jpg 1311w, https:\/\/blanca.es\/nuevaweb\/wp-content\/uploads\/2022\/06\/Acto-Homenaje-victimas-COVID-19-y-DANA-051-1748x2048.jpg 1748w\" sizes=\"auto, (max-width: 874px) 100vw, 874px\" \/><\/figure><\/li><li class=\"blocks-gallery-item\"><figure><img loading=\"lazy\" decoding=\"async\" width=\"985\" height=\"1024\" src=\"https:\/\/blanca.es\/nuevaweb\/wp-content\/uploads\/2022\/06\/Acto-Homenaje-victimas-COVID-19-y-DANA-054-985x1024.jpg\" alt=\"\" data-id=\"23173\" data-full-url=\"https:\/\/blanca.es\/nuevaweb\/wp-content\/uploads\/2022\/06\/Acto-Homenaje-victimas-COVID-19-y-DANA-054-scaled.jpg\" data-link=\"https:\/\/blanca.es\/nuevaweb\/?attachment_id=23173\" class=\"wp-image-23173\" srcset=\"https:\/\/blanca.es\/nuevaweb\/wp-content\/uploads\/2022\/06\/Acto-Homenaje-victimas-COVID-19-y-DANA-054-985x1024.jpg 985w, https:\/\/blanca.es\/nuevaweb\/wp-content\/uploads\/2022\/06\/Acto-Homenaje-victimas-COVID-19-y-DANA-054-289x300.jpg 289w, https:\/\/blanca.es\/nuevaweb\/wp-content\/uploads\/2022\/06\/Acto-Homenaje-victimas-COVID-19-y-DANA-054-768x798.jpg 768w, https:\/\/blanca.es\/nuevaweb\/wp-content\/uploads\/2022\/06\/Acto-Homenaje-victimas-COVID-19-y-DANA-054-1478x1536.jpg 1478w, https:\/\/blanca.es\/nuevaweb\/wp-content\/uploads\/2022\/06\/Acto-Homenaje-victimas-COVID-19-y-DANA-054-1970x2048.jpg 1970w\" sizes=\"auto, (max-width: 985px) 100vw, 985px\" \/><\/figure><\/li><li class=\"blocks-gallery-item\"><figure><img loading=\"lazy\" decoding=\"async\" width=\"1013\" height=\"1024\" src=\"https:\/\/blanca.es\/nuevaweb\/wp-content\/uploads\/2022\/06\/Acto-Homenaje-victimas-COVID-19-y-DANA-057-1013x1024.jpg\" alt=\"\" data-id=\"23174\" data-full-url=\"https:\/\/blanca.es\/nuevaweb\/wp-content\/uploads\/2022\/06\/Acto-Homenaje-victimas-COVID-19-y-DANA-057-scaled.jpg\" data-link=\"https:\/\/blanca.es\/nuevaweb\/?attachment_id=23174\" class=\"wp-image-23174\" srcset=\"https:\/\/blanca.es\/nuevaweb\/wp-content\/uploads\/2022\/06\/Acto-Homenaje-victimas-COVID-19-y-DANA-057-1013x1024.jpg 1013w, https:\/\/blanca.es\/nuevaweb\/wp-content\/uploads\/2022\/06\/Acto-Homenaje-victimas-COVID-19-y-DANA-057-297x300.jpg 297w, https:\/\/blanca.es\/nuevaweb\/wp-content\/uploads\/2022\/06\/Acto-Homenaje-victimas-COVID-19-y-DANA-057-768x776.jpg 768w, https:\/\/blanca.es\/nuevaweb\/wp-content\/uploads\/2022\/06\/Acto-Homenaje-victimas-COVID-19-y-DANA-057-1520x1536.jpg 1520w, https:\/\/blanca.es\/nuevaweb\/wp-content\/uploads\/2022\/06\/Acto-Homenaje-victimas-COVID-19-y-DANA-057-2026x2048.jpg 2026w\" sizes=\"auto, (max-width: 1013px) 100vw, 1013px\" \/><\/figure><\/li><li class=\"blocks-gallery-item\"><figure><img loading=\"lazy\" decoding=\"async\" width=\"704\" height=\"1024\" src=\"https:\/\/blanca.es\/nuevaweb\/wp-content\/uploads\/2022\/06\/Acto-Homenaje-victimas-COVID-19-y-DANA-060-704x1024.jpg\" alt=\"\" data-id=\"23175\" data-full-url=\"https:\/\/blanca.es\/nuevaweb\/wp-content\/uploads\/2022\/06\/Acto-Homenaje-victimas-COVID-19-y-DANA-060-scaled.jpg\" data-link=\"https:\/\/blanca.es\/nuevaweb\/?attachment_id=23175\" class=\"wp-image-23175\" srcset=\"https:\/\/blanca.es\/nuevaweb\/wp-content\/uploads\/2022\/06\/Acto-Homenaje-victimas-COVID-19-y-DANA-060-704x1024.jpg 704w, https:\/\/blanca.es\/nuevaweb\/wp-content\/uploads\/2022\/06\/Acto-Homenaje-victimas-COVID-19-y-DANA-060-206x300.jpg 206w, https:\/\/blanca.es\/nuevaweb\/wp-content\/uploads\/2022\/06\/Acto-Homenaje-victimas-COVID-19-y-DANA-060-768x1116.jpg 768w, https:\/\/blanca.es\/nuevaweb\/wp-content\/uploads\/2022\/06\/Acto-Homenaje-victimas-COVID-19-y-DANA-060-1057x1536.jpg 1057w, https:\/\/blanca.es\/nuevaweb\/wp-content\/uploads\/2022\/06\/Acto-Homenaje-victimas-COVID-19-y-DANA-060-1409x2048.jpg 1409w, https:\/\/blanca.es\/nuevaweb\/wp-content\/uploads\/2022\/06\/Acto-Homenaje-victimas-COVID-19-y-DANA-060-scaled.jpg 1761w\" sizes=\"auto, (max-width: 704px) 100vw, 704px\" \/><\/figure><\/li><li class=\"blocks-gallery-item\"><figure><img loading=\"lazy\" decoding=\"async\" width=\"922\" height=\"1024\" src=\"https:\/\/blanca.es\/nuevaweb\/wp-content\/uploads\/2022\/06\/Acto-Homenaje-victimas-COVID-19-y-DANA-064-922x1024.jpg\" alt=\"\" data-id=\"23176\" data-full-url=\"https:\/\/blanca.es\/nuevaweb\/wp-content\/uploads\/2022\/06\/Acto-Homenaje-victimas-COVID-19-y-DANA-064-scaled.jpg\" data-link=\"https:\/\/blanca.es\/nuevaweb\/?attachment_id=23176\" class=\"wp-image-23176\" srcset=\"https:\/\/blanca.es\/nuevaweb\/wp-content\/uploads\/2022\/06\/Acto-Homenaje-victimas-COVID-19-y-DANA-064-922x1024.jpg 922w, https:\/\/blanca.es\/nuevaweb\/wp-content\/uploads\/2022\/06\/Acto-Homenaje-victimas-COVID-19-y-DANA-064-270x300.jpg 270w, https:\/\/blanca.es\/nuevaweb\/wp-content\/uploads\/2022\/06\/Acto-Homenaje-victimas-COVID-19-y-DANA-064-768x853.jpg 768w, https:\/\/blanca.es\/nuevaweb\/wp-content\/uploads\/2022\/06\/Acto-Homenaje-victimas-COVID-19-y-DANA-064-1383x1536.jpg 1383w, https:\/\/blanca.es\/nuevaweb\/wp-content\/uploads\/2022\/06\/Acto-Homenaje-victimas-COVID-19-y-DANA-064-1844x2048.jpg 1844w\" sizes=\"auto, (max-width: 922px) 100vw, 922px\" \/><\/figure><\/li><li class=\"blocks-gallery-item\"><figure><img loading=\"lazy\" decoding=\"async\" width=\"778\" height=\"1024\" src=\"https:\/\/blanca.es\/nuevaweb\/wp-content\/uploads\/2022\/06\/Acto-Homenaje-victimas-COVID-19-y-DANA-076-778x1024.jpg\" alt=\"\" data-id=\"23177\" data-full-url=\"https:\/\/blanca.es\/nuevaweb\/wp-content\/uploads\/2022\/06\/Acto-Homenaje-victimas-COVID-19-y-DANA-076-scaled.jpg\" data-link=\"https:\/\/blanca.es\/nuevaweb\/?attachment_id=23177\" class=\"wp-image-23177\" srcset=\"https:\/\/blanca.es\/nuevaweb\/wp-content\/uploads\/2022\/06\/Acto-Homenaje-victimas-COVID-19-y-DANA-076-778x1024.jpg 778w, https:\/\/blanca.es\/nuevaweb\/wp-content\/uploads\/2022\/06\/Acto-Homenaje-victimas-COVID-19-y-DANA-076-228x300.jpg 228w, https:\/\/blanca.es\/nuevaweb\/wp-content\/uploads\/2022\/06\/Acto-Homenaje-victimas-COVID-19-y-DANA-076-768x1011.jpg 768w, https:\/\/blanca.es\/nuevaweb\/wp-content\/uploads\/2022\/06\/Acto-Homenaje-victimas-COVID-19-y-DANA-076-1167x1536.jpg 1167w, https:\/\/blanca.es\/nuevaweb\/wp-content\/uploads\/2022\/06\/Acto-Homenaje-victimas-COVID-19-y-DANA-076-1556x2048.jpg 1556w, https:\/\/blanca.es\/nuevaweb\/wp-content\/uploads\/2022\/06\/Acto-Homenaje-victimas-COVID-19-y-DANA-076-scaled.jpg 1944w\" sizes=\"auto, (max-width: 778px) 100vw, 778px\" \/><\/figure><\/li><li class=\"blocks-gallery-item\"><figure><img loading=\"lazy\" decoding=\"async\" width=\"1024\" height=\"858\" src=\"https:\/\/blanca.es\/nuevaweb\/wp-content\/uploads\/2022\/06\/Acto-Homenaje-victimas-COVID-19-y-DANA-081-1024x858.jpg\" alt=\"\" data-id=\"23178\" data-full-url=\"https:\/\/blanca.es\/nuevaweb\/wp-content\/uploads\/2022\/06\/Acto-Homenaje-victimas-COVID-19-y-DANA-081-scaled.jpg\" data-link=\"https:\/\/blanca.es\/nuevaweb\/?attachment_id=23178\" class=\"wp-image-23178\" srcset=\"https:\/\/blanca.es\/nuevaweb\/wp-content\/uploads\/2022\/06\/Acto-Homenaje-victimas-COVID-19-y-DANA-081-1024x858.jpg 1024w, https:\/\/blanca.es\/nuevaweb\/wp-content\/uploads\/2022\/06\/Acto-Homenaje-victimas-COVID-19-y-DANA-081-300x252.jpg 300w, https:\/\/blanca.es\/nuevaweb\/wp-content\/uploads\/2022\/06\/Acto-Homenaje-victimas-COVID-19-y-DANA-081-768x644.jpg 768w, https:\/\/blanca.es\/nuevaweb\/wp-content\/uploads\/2022\/06\/Acto-Homenaje-victimas-COVID-19-y-DANA-081-1536x1288.jpg 1536w, https:\/\/blanca.es\/nuevaweb\/wp-content\/uploads\/2022\/06\/Acto-Homenaje-victimas-COVID-19-y-DANA-081-2048x1717.jpg 2048w\" sizes=\"auto, (max-width: 1024px) 100vw, 1024px\" \/><\/figure><\/li><li class=\"blocks-gallery-item\"><figure><img loading=\"lazy\" decoding=\"async\" width=\"1024\" height=\"700\" src=\"https:\/\/blanca.es\/nuevaweb\/wp-content\/uploads\/2022\/06\/Acto-Homenaje-victimas-COVID-19-y-DANA-090-1024x700.jpg\" alt=\"\" data-id=\"23179\" data-full-url=\"https:\/\/blanca.es\/nuevaweb\/wp-content\/uploads\/2022\/06\/Acto-Homenaje-victimas-COVID-19-y-DANA-090-scaled.jpg\" data-link=\"https:\/\/blanca.es\/nuevaweb\/?attachment_id=23179\" class=\"wp-image-23179\" srcset=\"https:\/\/blanca.es\/nuevaweb\/wp-content\/uploads\/2022\/06\/Acto-Homenaje-victimas-COVID-19-y-DANA-090-1024x700.jpg 1024w, https:\/\/blanca.es\/nuevaweb\/wp-content\/uploads\/2022\/06\/Acto-Homenaje-victimas-COVID-19-y-DANA-090-300x205.jpg 300w, https:\/\/blanca.es\/nuevaweb\/wp-content\/uploads\/2022\/06\/Acto-Homenaje-victimas-COVID-19-y-DANA-090-768x525.jpg 768w, https:\/\/blanca.es\/nuevaweb\/wp-content\/uploads\/2022\/06\/Acto-Homenaje-victimas-COVID-19-y-DANA-090-1536x1050.jpg 1536w, https:\/\/blanca.es\/nuevaweb\/wp-content\/uploads\/2022\/06\/Acto-Homenaje-victimas-COVID-19-y-DANA-090-2048x1400.jpg 2048w\" sizes=\"auto, (max-width: 1024px) 100vw, 1024px\" \/><\/figure><\/li><li class=\"blocks-gallery-item\"><figure><img loading=\"lazy\" decoding=\"async\" width=\"1024\" height=\"681\" src=\"https:\/\/blanca.es\/nuevaweb\/wp-content\/uploads\/2022\/06\/Acto-Homenaje-victimas-COVID-19-y-DANA-092-1024x681.jpg\" alt=\"\" data-id=\"23180\" data-full-url=\"https:\/\/blanca.es\/nuevaweb\/wp-content\/uploads\/2022\/06\/Acto-Homenaje-victimas-COVID-19-y-DANA-092-scaled.jpg\" data-link=\"https:\/\/blanca.es\/nuevaweb\/?attachment_id=23180\" class=\"wp-image-23180\" srcset=\"https:\/\/blanca.es\/nuevaweb\/wp-content\/uploads\/2022\/06\/Acto-Homenaje-victimas-COVID-19-y-DANA-092-1024x681.jpg 1024w, https:\/\/blanca.es\/nuevaweb\/wp-content\/uploads\/2022\/06\/Acto-Homenaje-victimas-COVID-19-y-DANA-092-300x200.jpg 300w, https:\/\/blanca.es\/nuevaweb\/wp-content\/uploads\/2022\/06\/Acto-Homenaje-victimas-COVID-19-y-DANA-092-768x511.jpg 768w, https:\/\/blanca.es\/nuevaweb\/wp-content\/uploads\/2022\/06\/Acto-Homenaje-victimas-COVID-19-y-DANA-092-1536x1022.jpg 1536w, https:\/\/blanca.es\/nuevaweb\/wp-content\/uploads\/2022\/06\/Acto-Homenaje-victimas-COVID-19-y-DANA-092-2048x1363.jpg 2048w\" sizes=\"auto, (max-width: 1024px) 100vw, 1024px\" \/><\/figure><\/li><li class=\"blocks-gallery-item\"><figure><img loading=\"lazy\" decoding=\"async\" width=\"939\" height=\"1024\" src=\"https:\/\/blanca.es\/nuevaweb\/wp-content\/uploads\/2022\/06\/Acto-Homenaje-victimas-COVID-19-y-DANA-094-939x1024.jpg\" alt=\"\" data-id=\"23181\" data-full-url=\"https:\/\/blanca.es\/nuevaweb\/wp-content\/uploads\/2022\/06\/Acto-Homenaje-victimas-COVID-19-y-DANA-094-scaled.jpg\" data-link=\"https:\/\/blanca.es\/nuevaweb\/?attachment_id=23181\" class=\"wp-image-23181\" srcset=\"https:\/\/blanca.es\/nuevaweb\/wp-content\/uploads\/2022\/06\/Acto-Homenaje-victimas-COVID-19-y-DANA-094-939x1024.jpg 939w, https:\/\/blanca.es\/nuevaweb\/wp-content\/uploads\/2022\/06\/Acto-Homenaje-victimas-COVID-19-y-DANA-094-275x300.jpg 275w, https:\/\/blanca.es\/nuevaweb\/wp-content\/uploads\/2022\/06\/Acto-Homenaje-victimas-COVID-19-y-DANA-094-768x837.jpg 768w, https:\/\/blanca.es\/nuevaweb\/wp-content\/uploads\/2022\/06\/Acto-Homenaje-victimas-COVID-19-y-DANA-094-1409x1536.jpg 1409w, https:\/\/blanca.es\/nuevaweb\/wp-content\/uploads\/2022\/06\/Acto-Homenaje-victimas-COVID-19-y-DANA-094-1878x2048.jpg 1878w\" sizes=\"auto, (max-width: 939px) 100vw, 939px\" \/><\/figure><\/li><li class=\"blocks-gallery-item\"><figure><img loading=\"lazy\" decoding=\"async\" width=\"980\" height=\"1024\" src=\"https:\/\/blanca.es\/nuevaweb\/wp-content\/uploads\/2022\/06\/Acto-Homenaje-victimas-COVID-19-y-DANA-097-980x1024.jpg\" alt=\"\" data-id=\"23182\" data-full-url=\"https:\/\/blanca.es\/nuevaweb\/wp-content\/uploads\/2022\/06\/Acto-Homenaje-victimas-COVID-19-y-DANA-097-scaled.jpg\" data-link=\"https:\/\/blanca.es\/nuevaweb\/?attachment_id=23182\" class=\"wp-image-23182\" srcset=\"https:\/\/blanca.es\/nuevaweb\/wp-content\/uploads\/2022\/06\/Acto-Homenaje-victimas-COVID-19-y-DANA-097-980x1024.jpg 980w, https:\/\/blanca.es\/nuevaweb\/wp-content\/uploads\/2022\/06\/Acto-Homenaje-victimas-COVID-19-y-DANA-097-287x300.jpg 287w, https:\/\/blanca.es\/nuevaweb\/wp-content\/uploads\/2022\/06\/Acto-Homenaje-victimas-COVID-19-y-DANA-097-768x802.jpg 768w, https:\/\/blanca.es\/nuevaweb\/wp-content\/uploads\/2022\/06\/Acto-Homenaje-victimas-COVID-19-y-DANA-097-1470x1536.jpg 1470w, https:\/\/blanca.es\/nuevaweb\/wp-content\/uploads\/2022\/06\/Acto-Homenaje-victimas-COVID-19-y-DANA-097-1960x2048.jpg 1960w\" sizes=\"auto, (max-width: 980px) 100vw, 980px\" \/><\/figure><\/li><\/ul><\/figure>\n","protected":false},"excerpt":{"rendered":"<p>El evento se ha iniciado con la inauguraci\u00f3n de un memorial en la Plaza del Rubi\u00f3n y un acto en el Teatro Victoria.<\/p>\n","protected":false},"author":2,"featured_media":23154,"comment_status":"closed","ping_status":"open","sticky":false,"template":"","format":"standard","meta":{"footnotes":""},"categories":[156],"tags":[],"class_list":["post-23153","post","type-post","status-publish","format-standard","has-post-thumbnail","hentry","category-institucional"],"yoast_head":"<!-- This site is optimized with the Yoast SEO plugin v28.1 - https:\/\/yoast.com\/product\/yoast-seo-wordpress\/ -->\n<title>El Ayuntamiento de Blanca organiza un emotivo acto para homenajear a las v\u00edctimas de la Covid-19 y reconocer las actuaciones de diversos colectivos en la pandemia y la DANA - Ayuntamiento de Blanca<\/title>\n<meta name=\"robots\" content=\"index, follow, max-snippet:-1, max-image-preview:large, max-video-preview:-1\" \/>\n<link rel=\"canonical\" href=\"https:\/\/blanca.es\/nuevaweb\/el-ayuntamiento-de-blanca-organiza-un-emotivo-acto-para-homenajear-a-las-victimas-de-la-covid-19-y-reconocer-las-actuaciones-de-diversos-colectivos-en-la-pandemia-y-la-dana\/\" \/>\n<meta property=\"og:locale\" content=\"es_ES\" \/>\n<meta property=\"og:type\" content=\"article\" \/>\n<meta property=\"og:title\" content=\"El Ayuntamiento de Blanca organiza un emotivo acto para homenajear a las v\u00edctimas de la Covid-19 y reconocer las actuaciones de diversos colectivos en la pandemia y la DANA - Ayuntamiento de Blanca\" \/>\n<meta property=\"og:description\" content=\"El evento se ha iniciado con la inauguraci\u00f3n de un memorial en la Plaza del Rubi\u00f3n y un acto en el Teatro Victoria.\" \/>\n<meta property=\"og:url\" content=\"https:\/\/blanca.es\/nuevaweb\/el-ayuntamiento-de-blanca-organiza-un-emotivo-acto-para-homenajear-a-las-victimas-de-la-covid-19-y-reconocer-las-actuaciones-de-diversos-colectivos-en-la-pandemia-y-la-dana\/\" \/>\n<meta property=\"og:site_name\" content=\"Ayuntamiento de Blanca\" \/>\n<meta property=\"article:publisher\" content=\"https:\/\/es-es.facebook.com\/AyuntamientodeBlanca\" \/>\n<meta property=\"article:published_time\" content=\"2022-06-06T08:32:19+00:00\" \/>\n<meta property=\"article:modified_time\" content=\"2022-06-06T08:51:16+00:00\" \/>\n<meta property=\"og:image\" content=\"https:\/\/blanca.es\/nuevaweb\/wp-content\/uploads\/2022\/06\/Foto-1-scaled.jpg\" \/>\n\t<meta property=\"og:image:width\" content=\"2560\" \/>\n\t<meta property=\"og:image:height\" content=\"1282\" \/>\n\t<meta property=\"og:image:type\" content=\"image\/jpeg\" \/>\n<meta name=\"author\" content=\"Comunicaci\u00f3n\" \/>\n<meta name=\"twitter:card\" content=\"summary_large_image\" \/>\n<meta name=\"twitter:creator\" content=\"@ayto_blanca\" \/>\n<meta name=\"twitter:site\" content=\"@ayto_blanca\" \/>\n<meta name=\"twitter:label1\" content=\"Escrito por\" \/>\n\t<meta name=\"twitter:data1\" content=\"Comunicaci\u00f3n\" \/>\n\t<meta name=\"twitter:label2\" content=\"Tiempo de lectura\" \/>\n\t<meta name=\"twitter:data2\" content=\"11 minutos\" \/>\n<script type=\"application\/ld+json\" class=\"yoast-schema-graph\">{\"@context\":\"https:\\\/\\\/schema.org\",\"@graph\":[{\"@type\":\"Article\",\"@id\":\"https:\\\/\\\/blanca.es\\\/nuevaweb\\\/el-ayuntamiento-de-blanca-organiza-un-emotivo-acto-para-homenajear-a-las-victimas-de-la-covid-19-y-reconocer-las-actuaciones-de-diversos-colectivos-en-la-pandemia-y-la-dana\\\/#article\",\"isPartOf\":{\"@id\":\"https:\\\/\\\/blanca.es\\\/nuevaweb\\\/el-ayuntamiento-de-blanca-organiza-un-emotivo-acto-para-homenajear-a-las-victimas-de-la-covid-19-y-reconocer-las-actuaciones-de-diversos-colectivos-en-la-pandemia-y-la-dana\\\/\"},\"author\":{\"name\":\"Comunicaci\u00f3n\",\"@id\":\"https:\\\/\\\/blanca.es\\\/nuevaweb\\\/#\\\/schema\\\/person\\\/068ffbe563a96e998dc141bd91d5a84a\"},\"headline\":\"El Ayuntamiento de Blanca organiza un emotivo acto para homenajear a las v\u00edctimas de la Covid-19 y reconocer las actuaciones de diversos colectivos en la pandemia y la DANA\",\"datePublished\":\"2022-06-06T08:32:19+00:00\",\"dateModified\":\"2022-06-06T08:51:16+00:00\",\"mainEntityOfPage\":{\"@id\":\"https:\\\/\\\/blanca.es\\\/nuevaweb\\\/el-ayuntamiento-de-blanca-organiza-un-emotivo-acto-para-homenajear-a-las-victimas-de-la-covid-19-y-reconocer-las-actuaciones-de-diversos-colectivos-en-la-pandemia-y-la-dana\\\/\"},\"wordCount\":1250,\"publisher\":{\"@id\":\"https:\\\/\\\/blanca.es\\\/nuevaweb\\\/#organization\"},\"image\":{\"@id\":\"https:\\\/\\\/blanca.es\\\/nuevaweb\\\/el-ayuntamiento-de-blanca-organiza-un-emotivo-acto-para-homenajear-a-las-victimas-de-la-covid-19-y-reconocer-las-actuaciones-de-diversos-colectivos-en-la-pandemia-y-la-dana\\\/#primaryimage\"},\"thumbnailUrl\":\"https:\\\/\\\/blanca.es\\\/nuevaweb\\\/wp-content\\\/uploads\\\/2022\\\/06\\\/Foto-1-scaled.jpg\",\"articleSection\":[\"Institucional\"],\"inLanguage\":\"es\"},{\"@type\":\"WebPage\",\"@id\":\"https:\\\/\\\/blanca.es\\\/nuevaweb\\\/el-ayuntamiento-de-blanca-organiza-un-emotivo-acto-para-homenajear-a-las-victimas-de-la-covid-19-y-reconocer-las-actuaciones-de-diversos-colectivos-en-la-pandemia-y-la-dana\\\/\",\"url\":\"https:\\\/\\\/blanca.es\\\/nuevaweb\\\/el-ayuntamiento-de-blanca-organiza-un-emotivo-acto-para-homenajear-a-las-victimas-de-la-covid-19-y-reconocer-las-actuaciones-de-diversos-colectivos-en-la-pandemia-y-la-dana\\\/\",\"name\":\"El Ayuntamiento de Blanca organiza un emotivo acto para homenajear a las v\u00edctimas de la Covid-19 y reconocer las actuaciones de diversos colectivos en la pandemia y la DANA - Ayuntamiento de Blanca\",\"isPartOf\":{\"@id\":\"https:\\\/\\\/blanca.es\\\/nuevaweb\\\/#website\"},\"primaryImageOfPage\":{\"@id\":\"https:\\\/\\\/blanca.es\\\/nuevaweb\\\/el-ayuntamiento-de-blanca-organiza-un-emotivo-acto-para-homenajear-a-las-victimas-de-la-covid-19-y-reconocer-las-actuaciones-de-diversos-colectivos-en-la-pandemia-y-la-dana\\\/#primaryimage\"},\"image\":{\"@id\":\"https:\\\/\\\/blanca.es\\\/nuevaweb\\\/el-ayuntamiento-de-blanca-organiza-un-emotivo-acto-para-homenajear-a-las-victimas-de-la-covid-19-y-reconocer-las-actuaciones-de-diversos-colectivos-en-la-pandemia-y-la-dana\\\/#primaryimage\"},\"thumbnailUrl\":\"https:\\\/\\\/blanca.es\\\/nuevaweb\\\/wp-content\\\/uploads\\\/2022\\\/06\\\/Foto-1-scaled.jpg\",\"datePublished\":\"2022-06-06T08:32:19+00:00\",\"dateModified\":\"2022-06-06T08:51:16+00:00\",\"breadcrumb\":{\"@id\":\"https:\\\/\\\/blanca.es\\\/nuevaweb\\\/el-ayuntamiento-de-blanca-organiza-un-emotivo-acto-para-homenajear-a-las-victimas-de-la-covid-19-y-reconocer-las-actuaciones-de-diversos-colectivos-en-la-pandemia-y-la-dana\\\/#breadcrumb\"},\"inLanguage\":\"es\",\"potentialAction\":[{\"@type\":\"ReadAction\",\"target\":[\"https:\\\/\\\/blanca.es\\\/nuevaweb\\\/el-ayuntamiento-de-blanca-organiza-un-emotivo-acto-para-homenajear-a-las-victimas-de-la-covid-19-y-reconocer-las-actuaciones-de-diversos-colectivos-en-la-pandemia-y-la-dana\\\/\"]}]},{\"@type\":\"ImageObject\",\"inLanguage\":\"es\",\"@id\":\"https:\\\/\\\/blanca.es\\\/nuevaweb\\\/el-ayuntamiento-de-blanca-organiza-un-emotivo-acto-para-homenajear-a-las-victimas-de-la-covid-19-y-reconocer-las-actuaciones-de-diversos-colectivos-en-la-pandemia-y-la-dana\\\/#primaryimage\",\"url\":\"https:\\\/\\\/blanca.es\\\/nuevaweb\\\/wp-content\\\/uploads\\\/2022\\\/06\\\/Foto-1-scaled.jpg\",\"contentUrl\":\"https:\\\/\\\/blanca.es\\\/nuevaweb\\\/wp-content\\\/uploads\\\/2022\\\/06\\\/Foto-1-scaled.jpg\",\"width\":2560,\"height\":1282},{\"@type\":\"BreadcrumbList\",\"@id\":\"https:\\\/\\\/blanca.es\\\/nuevaweb\\\/el-ayuntamiento-de-blanca-organiza-un-emotivo-acto-para-homenajear-a-las-victimas-de-la-covid-19-y-reconocer-las-actuaciones-de-diversos-colectivos-en-la-pandemia-y-la-dana\\\/#breadcrumb\",\"itemListElement\":[{\"@type\":\"ListItem\",\"position\":1,\"name\":\"Portada\",\"item\":\"https:\\\/\\\/blanca.es\\\/nuevaweb\\\/\"},{\"@type\":\"ListItem\",\"position\":2,\"name\":\"El Ayuntamiento de Blanca organiza un emotivo acto para homenajear a las v\u00edctimas de la Covid-19 y reconocer las actuaciones de diversos colectivos en la pandemia y la DANA\"}]},{\"@type\":\"WebSite\",\"@id\":\"https:\\\/\\\/blanca.es\\\/nuevaweb\\\/#website\",\"url\":\"https:\\\/\\\/blanca.es\\\/nuevaweb\\\/\",\"name\":\"Ayuntamiento de Blanca\",\"description\":\"Web Municipal Blanca (Murcia)\",\"publisher\":{\"@id\":\"https:\\\/\\\/blanca.es\\\/nuevaweb\\\/#organization\"},\"potentialAction\":[{\"@type\":\"SearchAction\",\"target\":{\"@type\":\"EntryPoint\",\"urlTemplate\":\"https:\\\/\\\/blanca.es\\\/nuevaweb\\\/?s={search_term_string}\"},\"query-input\":{\"@type\":\"PropertyValueSpecification\",\"valueRequired\":true,\"valueName\":\"search_term_string\"}}],\"inLanguage\":\"es\"},{\"@type\":\"Organization\",\"@id\":\"https:\\\/\\\/blanca.es\\\/nuevaweb\\\/#organization\",\"name\":\"Ayuntamiento de Blanca\",\"url\":\"https:\\\/\\\/blanca.es\\\/nuevaweb\\\/\",\"logo\":{\"@type\":\"ImageObject\",\"inLanguage\":\"es\",\"@id\":\"https:\\\/\\\/blanca.es\\\/nuevaweb\\\/#\\\/schema\\\/logo\\\/image\\\/\",\"url\":\"https:\\\/\\\/blanca.es\\\/nuevaweb\\\/wp-content\\\/uploads\\\/2020\\\/09\\\/Escudo_alta_cuadrado-3.png\",\"contentUrl\":\"https:\\\/\\\/blanca.es\\\/nuevaweb\\\/wp-content\\\/uploads\\\/2020\\\/09\\\/Escudo_alta_cuadrado-3.png\",\"width\":300,\"height\":300,\"caption\":\"Ayuntamiento de Blanca\"},\"image\":{\"@id\":\"https:\\\/\\\/blanca.es\\\/nuevaweb\\\/#\\\/schema\\\/logo\\\/image\\\/\"},\"sameAs\":[\"https:\\\/\\\/es-es.facebook.com\\\/AyuntamientodeBlanca\",\"https:\\\/\\\/x.com\\\/ayto_blanca\",\"https:\\\/\\\/www.youtube.com\\\/channel\\\/UC9weal_OZVKN6meF0Fd_rqw\"]},{\"@type\":\"Person\",\"@id\":\"https:\\\/\\\/blanca.es\\\/nuevaweb\\\/#\\\/schema\\\/person\\\/068ffbe563a96e998dc141bd91d5a84a\",\"name\":\"Comunicaci\u00f3n\",\"image\":{\"@type\":\"ImageObject\",\"inLanguage\":\"es\",\"@id\":\"https:\\\/\\\/secure.gravatar.com\\\/avatar\\\/0a6839cedbb80e4510cc6b40b620b579d19c8c87d368475504cb313c55980873?s=96&d=mm&r=g\",\"url\":\"https:\\\/\\\/secure.gravatar.com\\\/avatar\\\/0a6839cedbb80e4510cc6b40b620b579d19c8c87d368475504cb313c55980873?s=96&d=mm&r=g\",\"contentUrl\":\"https:\\\/\\\/secure.gravatar.com\\\/avatar\\\/0a6839cedbb80e4510cc6b40b620b579d19c8c87d368475504cb313c55980873?s=96&d=mm&r=g\",\"caption\":\"Comunicaci\u00f3n\"}}]}<\/script>\n<!-- \/ Yoast SEO plugin. -->","yoast_head_json":{"title":"El Ayuntamiento de Blanca organiza un emotivo acto para homenajear a las v\u00edctimas de la Covid-19 y reconocer las actuaciones de diversos colectivos en la pandemia y la DANA - Ayuntamiento de Blanca","robots":{"index":"index","follow":"follow","max-snippet":"max-snippet:-1","max-image-preview":"max-image-preview:large","max-video-preview":"max-video-preview:-1"},"canonical":"https:\/\/blanca.es\/nuevaweb\/el-ayuntamiento-de-blanca-organiza-un-emotivo-acto-para-homenajear-a-las-victimas-de-la-covid-19-y-reconocer-las-actuaciones-de-diversos-colectivos-en-la-pandemia-y-la-dana\/","og_locale":"es_ES","og_type":"article","og_title":"El Ayuntamiento de Blanca organiza un emotivo acto para homenajear a las v\u00edctimas de la Covid-19 y reconocer las actuaciones de diversos colectivos en la pandemia y la DANA - Ayuntamiento de Blanca","og_description":"El evento se ha iniciado con la inauguraci\u00f3n de un memorial en la Plaza del Rubi\u00f3n y un acto en el Teatro Victoria.","og_url":"https:\/\/blanca.es\/nuevaweb\/el-ayuntamiento-de-blanca-organiza-un-emotivo-acto-para-homenajear-a-las-victimas-de-la-covid-19-y-reconocer-las-actuaciones-de-diversos-colectivos-en-la-pandemia-y-la-dana\/","og_site_name":"Ayuntamiento de Blanca","article_publisher":"https:\/\/es-es.facebook.com\/AyuntamientodeBlanca","article_published_time":"2022-06-06T08:32:19+00:00","article_modified_time":"2022-06-06T08:51:16+00:00","og_image":[{"width":2560,"height":1282,"url":"https:\/\/blanca.es\/nuevaweb\/wp-content\/uploads\/2022\/06\/Foto-1-scaled.jpg","type":"image\/jpeg"}],"author":"Comunicaci\u00f3n","twitter_card":"summary_large_image","twitter_creator":"@ayto_blanca","twitter_site":"@ayto_blanca","twitter_misc":{"Escrito por":"Comunicaci\u00f3n","Tiempo de lectura":"11 minutos"},"schema":{"@context":"https:\/\/schema.org","@graph":[{"@type":"Article","@id":"https:\/\/blanca.es\/nuevaweb\/el-ayuntamiento-de-blanca-organiza-un-emotivo-acto-para-homenajear-a-las-victimas-de-la-covid-19-y-reconocer-las-actuaciones-de-diversos-colectivos-en-la-pandemia-y-la-dana\/#article","isPartOf":{"@id":"https:\/\/blanca.es\/nuevaweb\/el-ayuntamiento-de-blanca-organiza-un-emotivo-acto-para-homenajear-a-las-victimas-de-la-covid-19-y-reconocer-las-actuaciones-de-diversos-colectivos-en-la-pandemia-y-la-dana\/"},"author":{"name":"Comunicaci\u00f3n","@id":"https:\/\/blanca.es\/nuevaweb\/#\/schema\/person\/068ffbe563a96e998dc141bd91d5a84a"},"headline":"El Ayuntamiento de Blanca organiza un emotivo acto para homenajear a las v\u00edctimas de la Covid-19 y reconocer las actuaciones de diversos colectivos en la pandemia y la DANA","datePublished":"2022-06-06T08:32:19+00:00","dateModified":"2022-06-06T08:51:16+00:00","mainEntityOfPage":{"@id":"https:\/\/blanca.es\/nuevaweb\/el-ayuntamiento-de-blanca-organiza-un-emotivo-acto-para-homenajear-a-las-victimas-de-la-covid-19-y-reconocer-las-actuaciones-de-diversos-colectivos-en-la-pandemia-y-la-dana\/"},"wordCount":1250,"publisher":{"@id":"https:\/\/blanca.es\/nuevaweb\/#organization"},"image":{"@id":"https:\/\/blanca.es\/nuevaweb\/el-ayuntamiento-de-blanca-organiza-un-emotivo-acto-para-homenajear-a-las-victimas-de-la-covid-19-y-reconocer-las-actuaciones-de-diversos-colectivos-en-la-pandemia-y-la-dana\/#primaryimage"},"thumbnailUrl":"https:\/\/blanca.es\/nuevaweb\/wp-content\/uploads\/2022\/06\/Foto-1-scaled.jpg","articleSection":["Institucional"],"inLanguage":"es"},{"@type":"WebPage","@id":"https:\/\/blanca.es\/nuevaweb\/el-ayuntamiento-de-blanca-organiza-un-emotivo-acto-para-homenajear-a-las-victimas-de-la-covid-19-y-reconocer-las-actuaciones-de-diversos-colectivos-en-la-pandemia-y-la-dana\/","url":"https:\/\/blanca.es\/nuevaweb\/el-ayuntamiento-de-blanca-organiza-un-emotivo-acto-para-homenajear-a-las-victimas-de-la-covid-19-y-reconocer-las-actuaciones-de-diversos-colectivos-en-la-pandemia-y-la-dana\/","name":"El Ayuntamiento de Blanca organiza un emotivo acto para homenajear a las v\u00edctimas de la Covid-19 y reconocer las actuaciones de diversos colectivos en la pandemia y la DANA - Ayuntamiento de Blanca","isPartOf":{"@id":"https:\/\/blanca.es\/nuevaweb\/#website"},"primaryImageOfPage":{"@id":"https:\/\/blanca.es\/nuevaweb\/el-ayuntamiento-de-blanca-organiza-un-emotivo-acto-para-homenajear-a-las-victimas-de-la-covid-19-y-reconocer-las-actuaciones-de-diversos-colectivos-en-la-pandemia-y-la-dana\/#primaryimage"},"image":{"@id":"https:\/\/blanca.es\/nuevaweb\/el-ayuntamiento-de-blanca-organiza-un-emotivo-acto-para-homenajear-a-las-victimas-de-la-covid-19-y-reconocer-las-actuaciones-de-diversos-colectivos-en-la-pandemia-y-la-dana\/#primaryimage"},"thumbnailUrl":"https:\/\/blanca.es\/nuevaweb\/wp-content\/uploads\/2022\/06\/Foto-1-scaled.jpg","datePublished":"2022-06-06T08:32:19+00:00","dateModified":"2022-06-06T08:51:16+00:00","breadcrumb":{"@id":"https:\/\/blanca.es\/nuevaweb\/el-ayuntamiento-de-blanca-organiza-un-emotivo-acto-para-homenajear-a-las-victimas-de-la-covid-19-y-reconocer-las-actuaciones-de-diversos-colectivos-en-la-pandemia-y-la-dana\/#breadcrumb"},"inLanguage":"es","potentialAction":[{"@type":"ReadAction","target":["https:\/\/blanca.es\/nuevaweb\/el-ayuntamiento-de-blanca-organiza-un-emotivo-acto-para-homenajear-a-las-victimas-de-la-covid-19-y-reconocer-las-actuaciones-de-diversos-colectivos-en-la-pandemia-y-la-dana\/"]}]},{"@type":"ImageObject","inLanguage":"es","@id":"https:\/\/blanca.es\/nuevaweb\/el-ayuntamiento-de-blanca-organiza-un-emotivo-acto-para-homenajear-a-las-victimas-de-la-covid-19-y-reconocer-las-actuaciones-de-diversos-colectivos-en-la-pandemia-y-la-dana\/#primaryimage","url":"https:\/\/blanca.es\/nuevaweb\/wp-content\/uploads\/2022\/06\/Foto-1-scaled.jpg","contentUrl":"https:\/\/blanca.es\/nuevaweb\/wp-content\/uploads\/2022\/06\/Foto-1-scaled.jpg","width":2560,"height":1282},{"@type":"BreadcrumbList","@id":"https:\/\/blanca.es\/nuevaweb\/el-ayuntamiento-de-blanca-organiza-un-emotivo-acto-para-homenajear-a-las-victimas-de-la-covid-19-y-reconocer-las-actuaciones-de-diversos-colectivos-en-la-pandemia-y-la-dana\/#breadcrumb","itemListElement":[{"@type":"ListItem","position":1,"name":"Portada","item":"https:\/\/blanca.es\/nuevaweb\/"},{"@type":"ListItem","position":2,"name":"El Ayuntamiento de Blanca organiza un emotivo acto para homenajear a las v\u00edctimas de la Covid-19 y reconocer las actuaciones de diversos colectivos en la pandemia y la DANA"}]},{"@type":"WebSite","@id":"https:\/\/blanca.es\/nuevaweb\/#website","url":"https:\/\/blanca.es\/nuevaweb\/","name":"Ayuntamiento de Blanca","description":"Web Municipal Blanca (Murcia)","publisher":{"@id":"https:\/\/blanca.es\/nuevaweb\/#organization"},"potentialAction":[{"@type":"SearchAction","target":{"@type":"EntryPoint","urlTemplate":"https:\/\/blanca.es\/nuevaweb\/?s={search_term_string}"},"query-input":{"@type":"PropertyValueSpecification","valueRequired":true,"valueName":"search_term_string"}}],"inLanguage":"es"},{"@type":"Organization","@id":"https:\/\/blanca.es\/nuevaweb\/#organization","name":"Ayuntamiento de Blanca","url":"https:\/\/blanca.es\/nuevaweb\/","logo":{"@type":"ImageObject","inLanguage":"es","@id":"https:\/\/blanca.es\/nuevaweb\/#\/schema\/logo\/image\/","url":"https:\/\/blanca.es\/nuevaweb\/wp-content\/uploads\/2020\/09\/Escudo_alta_cuadrado-3.png","contentUrl":"https:\/\/blanca.es\/nuevaweb\/wp-content\/uploads\/2020\/09\/Escudo_alta_cuadrado-3.png","width":300,"height":300,"caption":"Ayuntamiento de Blanca"},"image":{"@id":"https:\/\/blanca.es\/nuevaweb\/#\/schema\/logo\/image\/"},"sameAs":["https:\/\/es-es.facebook.com\/AyuntamientodeBlanca","https:\/\/x.com\/ayto_blanca","https:\/\/www.youtube.com\/channel\/UC9weal_OZVKN6meF0Fd_rqw"]},{"@type":"Person","@id":"https:\/\/blanca.es\/nuevaweb\/#\/schema\/person\/068ffbe563a96e998dc141bd91d5a84a","name":"Comunicaci\u00f3n","image":{"@type":"ImageObject","inLanguage":"es","@id":"https:\/\/secure.gravatar.com\/avatar\/0a6839cedbb80e4510cc6b40b620b579d19c8c87d368475504cb313c55980873?s=96&d=mm&r=g","url":"https:\/\/secure.gravatar.com\/avatar\/0a6839cedbb80e4510cc6b40b620b579d19c8c87d368475504cb313c55980873?s=96&d=mm&r=g","contentUrl":"https:\/\/secure.gravatar.com\/avatar\/0a6839cedbb80e4510cc6b40b620b579d19c8c87d368475504cb313c55980873?s=96&d=mm&r=g","caption":"Comunicaci\u00f3n"}}]}},"_links":{"self":[{"href":"https:\/\/blanca.es\/nuevaweb\/wp-json\/wp\/v2\/posts\/23153","targetHints":{"allow":["GET"]}}],"collection":[{"href":"https:\/\/blanca.es\/nuevaweb\/wp-json\/wp\/v2\/posts"}],"about":[{"href":"https:\/\/blanca.es\/nuevaweb\/wp-json\/wp\/v2\/types\/post"}],"author":[{"embeddable":true,"href":"https:\/\/blanca.es\/nuevaweb\/wp-json\/wp\/v2\/users\/2"}],"replies":[{"embeddable":true,"href":"https:\/\/blanca.es\/nuevaweb\/wp-json\/wp\/v2\/comments?post=23153"}],"version-history":[{"count":2,"href":"https:\/\/blanca.es\/nuevaweb\/wp-json\/wp\/v2\/posts\/23153\/revisions"}],"predecessor-version":[{"id":23185,"href":"https:\/\/blanca.es\/nuevaweb\/wp-json\/wp\/v2\/posts\/23153\/revisions\/23185"}],"wp:featuredmedia":[{"embeddable":true,"href":"https:\/\/blanca.es\/nuevaweb\/wp-json\/wp\/v2\/media\/23154"}],"wp:attachment":[{"href":"https:\/\/blanca.es\/nuevaweb\/wp-json\/wp\/v2\/media?parent=23153"}],"wp:term":[{"taxonomy":"category","embeddable":true,"href":"https:\/\/blanca.es\/nuevaweb\/wp-json\/wp\/v2\/categories?post=23153"},{"taxonomy":"post_tag","embeddable":true,"href":"https:\/\/blanca.es\/nuevaweb\/wp-json\/wp\/v2\/tags?post=23153"}],"curies":[{"name":"wp","href":"https:\/\/api.w.org\/{rel}","templated":true}]}}