{"id":23279,"date":"2022-06-24T09:47:08","date_gmt":"2022-06-24T07:47:08","guid":{"rendered":"https:\/\/blanca.es\/nuevaweb\/?p=23279"},"modified":"2022-06-24T09:58:32","modified_gmt":"2022-06-24T07:58:32","slug":"el-ayuntamiento-de-blanca-inaugura-un-parque-de-calistenia-ideado-por-6-jovenes-blanquenos","status":"publish","type":"post","link":"https:\/\/blanca.es\/nuevaweb\/el-ayuntamiento-de-blanca-inaugura-un-parque-de-calistenia-ideado-por-6-jovenes-blanquenos\/","title":{"rendered":"El Ayuntamiento de Blanca inaugura un parque de calistenia ideado por 6 j\u00f3venes blanque\u00f1os"},"content":{"rendered":"\n<p class=\"wp-block-paragraph\"><strong>Esta iniciativa tiene como objetivo lograr un espacio espec\u00edfico para la pr\u00e1ctica de actividad f\u00edsica al aire libre.<\/strong><\/p>\n\n\n\n<p class=\"wp-block-paragraph\">El Ayuntamiento de Murcia ha inaugurado el parque de calistenia \u2018Las Canales\u2019, una iniciativa de un grupo de 6 j\u00f3venes blanque\u00f1os, tres chicos y tres chicas entre 18 y 30 a\u00f1os, que ha contado con financiaci\u00f3n de la Uni\u00f3n Europea a trav\u00e9s del Cuerpo Europeo de la Solidaridad y con la coordinaci\u00f3n de la Asociaci\u00f3n E Cultura y Ocio.<\/p>\n\n\n\n<p class=\"wp-block-paragraph\">El acto ha contado con la intervenci\u00f3n del alcalde de Blanca, Pedro Luis Molina, y el director general de Juventud de la Regi\u00f3n de Murcia, Jos\u00e9 Manuel L\u00f3pez, puesto que asesores y gestores de Mundo Joven RM tambi\u00e9n han apoyado este proyecto.<\/p>\n\n\n\n<p class=\"wp-block-paragraph\">En concreto, se trata de la construcci\u00f3n de un parque de calistenia la han realizado los j\u00f3venes del municipio midiendo la zona de c\u00e9sped de Las Canales, situada junto al r\u00edo, y dise\u00f1ando las estructuras para su integraci\u00f3n sin alterar el espacio verde; una iniciativa que han llevado a cabo a lo largo de 6 meses, para promover el deporte en exterior, y que tambi\u00e9n ha conllevado su recuperaci\u00f3n medioambiental.<\/p>\n\n\n\n<p class=\"wp-block-paragraph\">Para ello se han instalado estructuras de acero galvanizado, 1 barra de pool, 1 multestaci\u00f3n de fuerza, 2 barras paralelas, 2 barras de dominadas y 3 anclajes trx. Posteriormente se a\u00f1adir\u00e1 un espacio de iniciaci\u00f3n a la escalada, entre otras actuaciones.<\/p>\n\n\n\n<p class=\"wp-block-paragraph\">Desde la Uni\u00f3n Europea, que ha aportado un presupuesto de 3.000 euros, se ha valorado de forma muy positiva la creaci\u00f3n de un espacio espec\u00edfico para la pr\u00e1ctica de actividad f\u00edsica al aire libre.<\/p>\n\n\n\n<figure class=\"wp-block-gallery aligncenter columns-3 is-cropped wp-block-gallery-1 is-layout-flex wp-block-gallery-is-layout-flex\"><ul class=\"blocks-gallery-grid\"><li class=\"blocks-gallery-item\"><figure><img loading=\"lazy\" decoding=\"async\" width=\"768\" height=\"1024\" src=\"https:\/\/blanca.es\/nuevaweb\/wp-content\/uploads\/2022\/06\/Foto-1-2-768x1024.jpg\" alt=\"\" data-id=\"23281\" data-link=\"https:\/\/blanca.es\/nuevaweb\/?attachment_id=23281\" class=\"wp-image-23281\" srcset=\"https:\/\/blanca.es\/nuevaweb\/wp-content\/uploads\/2022\/06\/Foto-1-2-768x1024.jpg 768w, https:\/\/blanca.es\/nuevaweb\/wp-content\/uploads\/2022\/06\/Foto-1-2-225x300.jpg 225w, https:\/\/blanca.es\/nuevaweb\/wp-content\/uploads\/2022\/06\/Foto-1-2.jpg 960w\" sizes=\"auto, (max-width: 768px) 100vw, 768px\" \/><\/figure><\/li><li class=\"blocks-gallery-item\"><figure><img loading=\"lazy\" decoding=\"async\" width=\"768\" height=\"1024\" src=\"https:\/\/blanca.es\/nuevaweb\/wp-content\/uploads\/2022\/06\/foto-2-1-768x1024.jpg\" alt=\"\" data-id=\"23282\" data-link=\"https:\/\/blanca.es\/nuevaweb\/?attachment_id=23282\" class=\"wp-image-23282\" srcset=\"https:\/\/blanca.es\/nuevaweb\/wp-content\/uploads\/2022\/06\/foto-2-1-768x1024.jpg 768w, https:\/\/blanca.es\/nuevaweb\/wp-content\/uploads\/2022\/06\/foto-2-1-225x300.jpg 225w, https:\/\/blanca.es\/nuevaweb\/wp-content\/uploads\/2022\/06\/foto-2-1-1152x1536.jpg 1152w, https:\/\/blanca.es\/nuevaweb\/wp-content\/uploads\/2022\/06\/foto-2-1.jpg 1500w\" sizes=\"auto, (max-width: 768px) 100vw, 768px\" \/><\/figure><\/li><li class=\"blocks-gallery-item\"><figure><img loading=\"lazy\" decoding=\"async\" width=\"909\" height=\"1024\" src=\"https:\/\/blanca.es\/nuevaweb\/wp-content\/uploads\/2022\/06\/foto-prueba.jpeg\" alt=\"\" data-id=\"23314\" data-link=\"https:\/\/blanca.es\/nuevaweb\/el-ayuntamiento-de-blanca-inaugura-un-parque-de-calistenia-ideado-por-6-jovenes-blanquenos\/foto-prueba\/\" class=\"wp-image-23314\" srcset=\"https:\/\/blanca.es\/nuevaweb\/wp-content\/uploads\/2022\/06\/foto-prueba.jpeg 909w, https:\/\/blanca.es\/nuevaweb\/wp-content\/uploads\/2022\/06\/foto-prueba-266x300.jpeg 266w, https:\/\/blanca.es\/nuevaweb\/wp-content\/uploads\/2022\/06\/foto-prueba-768x865.jpeg 768w\" sizes=\"auto, (max-width: 909px) 100vw, 909px\" \/><\/figure><\/li><li class=\"blocks-gallery-item\"><figure><img loading=\"lazy\" decoding=\"async\" width=\"1024\" height=\"911\" src=\"https:\/\/blanca.es\/nuevaweb\/wp-content\/uploads\/2022\/06\/Foto-1.jpeg\" alt=\"\" data-id=\"23316\" data-full-url=\"https:\/\/blanca.es\/nuevaweb\/wp-content\/uploads\/2022\/06\/Foto-1.jpeg\" data-link=\"https:\/\/blanca.es\/nuevaweb\/el-ayuntamiento-de-blanca-inaugura-un-parque-de-calistenia-ideado-por-6-jovenes-blanquenos\/foto-1-10\/\" class=\"wp-image-23316\" srcset=\"https:\/\/blanca.es\/nuevaweb\/wp-content\/uploads\/2022\/06\/Foto-1.jpeg 1024w, https:\/\/blanca.es\/nuevaweb\/wp-content\/uploads\/2022\/06\/Foto-1-300x267.jpeg 300w, https:\/\/blanca.es\/nuevaweb\/wp-content\/uploads\/2022\/06\/Foto-1-768x683.jpeg 768w\" sizes=\"auto, (max-width: 1024px) 100vw, 1024px\" \/><\/figure><\/li><li class=\"blocks-gallery-item\"><figure><img loading=\"lazy\" decoding=\"async\" width=\"983\" height=\"1024\" src=\"https:\/\/blanca.es\/nuevaweb\/wp-content\/uploads\/2022\/06\/foto-2.jpeg\" alt=\"\" data-id=\"23317\" data-full-url=\"https:\/\/blanca.es\/nuevaweb\/wp-content\/uploads\/2022\/06\/foto-2.jpeg\" data-link=\"https:\/\/blanca.es\/nuevaweb\/el-ayuntamiento-de-blanca-inaugura-un-parque-de-calistenia-ideado-por-6-jovenes-blanquenos\/foto-2-11\/\" class=\"wp-image-23317\" srcset=\"https:\/\/blanca.es\/nuevaweb\/wp-content\/uploads\/2022\/06\/foto-2.jpeg 983w, https:\/\/blanca.es\/nuevaweb\/wp-content\/uploads\/2022\/06\/foto-2-288x300.jpeg 288w, https:\/\/blanca.es\/nuevaweb\/wp-content\/uploads\/2022\/06\/foto-2-768x800.jpeg 768w\" sizes=\"auto, (max-width: 983px) 100vw, 983px\" \/><\/figure><\/li><li class=\"blocks-gallery-item\"><figure><img loading=\"lazy\" decoding=\"async\" width=\"927\" height=\"1024\" src=\"https:\/\/blanca.es\/nuevaweb\/wp-content\/uploads\/2022\/06\/foto-3.jpeg\" alt=\"\" data-id=\"23318\" data-full-url=\"https:\/\/blanca.es\/nuevaweb\/wp-content\/uploads\/2022\/06\/foto-3.jpeg\" data-link=\"https:\/\/blanca.es\/nuevaweb\/el-ayuntamiento-de-blanca-inaugura-un-parque-de-calistenia-ideado-por-6-jovenes-blanquenos\/foto-3-9\/\" class=\"wp-image-23318\" srcset=\"https:\/\/blanca.es\/nuevaweb\/wp-content\/uploads\/2022\/06\/foto-3.jpeg 927w, https:\/\/blanca.es\/nuevaweb\/wp-content\/uploads\/2022\/06\/foto-3-272x300.jpeg 272w, https:\/\/blanca.es\/nuevaweb\/wp-content\/uploads\/2022\/06\/foto-3-768x848.jpeg 768w\" sizes=\"auto, (max-width: 927px) 100vw, 927px\" \/><\/figure><\/li><\/ul><\/figure>\n","protected":false},"excerpt":{"rendered":"<p>Esta iniciativa tiene como objetivo lograr un espacio espec\u00edfico para la pr\u00e1ctica de actividad f\u00edsica al aire libre.<\/p>\n","protected":false},"author":2,"featured_media":23303,"comment_status":"closed","ping_status":"open","sticky":false,"template":"","format":"standard","meta":{"footnotes":""},"categories":[157,161],"tags":[],"class_list":["post-23279","post","type-post","status-publish","format-standard","has-post-thumbnail","hentry","category-deportes","category-juv"],"yoast_head":"<!-- This site is optimized with the Yoast SEO plugin v28.1 - https:\/\/yoast.com\/product\/yoast-seo-wordpress\/ -->\n<title>El Ayuntamiento de Blanca inaugura un parque de calistenia ideado por 6 j\u00f3venes blanque\u00f1os - Ayuntamiento de Blanca<\/title>\n<meta name=\"robots\" content=\"index, follow, max-snippet:-1, max-image-preview:large, max-video-preview:-1\" \/>\n<link rel=\"canonical\" href=\"https:\/\/blanca.es\/nuevaweb\/el-ayuntamiento-de-blanca-inaugura-un-parque-de-calistenia-ideado-por-6-jovenes-blanquenos\/\" \/>\n<meta property=\"og:locale\" content=\"es_ES\" \/>\n<meta property=\"og:type\" content=\"article\" \/>\n<meta property=\"og:title\" content=\"El Ayuntamiento de Blanca inaugura un parque de calistenia ideado por 6 j\u00f3venes blanque\u00f1os - Ayuntamiento de Blanca\" \/>\n<meta property=\"og:description\" content=\"Esta iniciativa tiene como objetivo lograr un espacio espec\u00edfico para la pr\u00e1ctica de actividad f\u00edsica al aire libre.\" \/>\n<meta property=\"og:url\" content=\"https:\/\/blanca.es\/nuevaweb\/el-ayuntamiento-de-blanca-inaugura-un-parque-de-calistenia-ideado-por-6-jovenes-blanquenos\/\" \/>\n<meta property=\"og:site_name\" content=\"Ayuntamiento de Blanca\" \/>\n<meta property=\"article:publisher\" content=\"https:\/\/es-es.facebook.com\/AyuntamientodeBlanca\" \/>\n<meta property=\"article:published_time\" content=\"2022-06-24T07:47:08+00:00\" \/>\n<meta property=\"article:modified_time\" content=\"2022-06-24T07:58:32+00:00\" \/>\n<meta property=\"og:image\" content=\"https:\/\/blanca.es\/nuevaweb\/wp-content\/uploads\/2022\/06\/2022_06_24_Inauguracio\u0301n-Parque-de-calistenia-scaled.jpg\" \/>\n\t<meta property=\"og:image:width\" content=\"2560\" \/>\n\t<meta property=\"og:image:height\" content=\"1920\" \/>\n\t<meta property=\"og:image:type\" content=\"image\/jpeg\" \/>\n<meta name=\"author\" content=\"Comunicaci\u00f3n\" \/>\n<meta name=\"twitter:card\" content=\"summary_large_image\" \/>\n<meta name=\"twitter:creator\" content=\"@ayto_blanca\" \/>\n<meta name=\"twitter:site\" content=\"@ayto_blanca\" \/>\n<meta name=\"twitter:label1\" content=\"Escrito por\" \/>\n\t<meta name=\"twitter:data1\" content=\"Comunicaci\u00f3n\" \/>\n\t<meta name=\"twitter:label2\" content=\"Tiempo de lectura\" \/>\n\t<meta name=\"twitter:data2\" content=\"3 minutos\" \/>\n<script type=\"application\/ld+json\" class=\"yoast-schema-graph\">{\"@context\":\"https:\\\/\\\/schema.org\",\"@graph\":[{\"@type\":\"Article\",\"@id\":\"https:\\\/\\\/blanca.es\\\/nuevaweb\\\/el-ayuntamiento-de-blanca-inaugura-un-parque-de-calistenia-ideado-por-6-jovenes-blanquenos\\\/#article\",\"isPartOf\":{\"@id\":\"https:\\\/\\\/blanca.es\\\/nuevaweb\\\/el-ayuntamiento-de-blanca-inaugura-un-parque-de-calistenia-ideado-por-6-jovenes-blanquenos\\\/\"},\"author\":{\"name\":\"Comunicaci\u00f3n\",\"@id\":\"https:\\\/\\\/blanca.es\\\/nuevaweb\\\/#\\\/schema\\\/person\\\/068ffbe563a96e998dc141bd91d5a84a\"},\"headline\":\"El Ayuntamiento de Blanca inaugura un parque de calistenia ideado por 6 j\u00f3venes blanque\u00f1os\",\"datePublished\":\"2022-06-24T07:47:08+00:00\",\"dateModified\":\"2022-06-24T07:58:32+00:00\",\"mainEntityOfPage\":{\"@id\":\"https:\\\/\\\/blanca.es\\\/nuevaweb\\\/el-ayuntamiento-de-blanca-inaugura-un-parque-de-calistenia-ideado-por-6-jovenes-blanquenos\\\/\"},\"wordCount\":300,\"publisher\":{\"@id\":\"https:\\\/\\\/blanca.es\\\/nuevaweb\\\/#organization\"},\"image\":{\"@id\":\"https:\\\/\\\/blanca.es\\\/nuevaweb\\\/el-ayuntamiento-de-blanca-inaugura-un-parque-de-calistenia-ideado-por-6-jovenes-blanquenos\\\/#primaryimage\"},\"thumbnailUrl\":\"https:\\\/\\\/blanca.es\\\/nuevaweb\\\/wp-content\\\/uploads\\\/2022\\\/06\\\/2022_06_24_Inauguracio\u0301n-Parque-de-calistenia-scaled.jpg\",\"articleSection\":[\"Deportes\",\"Juventud\"],\"inLanguage\":\"es\"},{\"@type\":\"WebPage\",\"@id\":\"https:\\\/\\\/blanca.es\\\/nuevaweb\\\/el-ayuntamiento-de-blanca-inaugura-un-parque-de-calistenia-ideado-por-6-jovenes-blanquenos\\\/\",\"url\":\"https:\\\/\\\/blanca.es\\\/nuevaweb\\\/el-ayuntamiento-de-blanca-inaugura-un-parque-de-calistenia-ideado-por-6-jovenes-blanquenos\\\/\",\"name\":\"El Ayuntamiento de Blanca inaugura un parque de calistenia ideado por 6 j\u00f3venes blanque\u00f1os - Ayuntamiento de Blanca\",\"isPartOf\":{\"@id\":\"https:\\\/\\\/blanca.es\\\/nuevaweb\\\/#website\"},\"primaryImageOfPage\":{\"@id\":\"https:\\\/\\\/blanca.es\\\/nuevaweb\\\/el-ayuntamiento-de-blanca-inaugura-un-parque-de-calistenia-ideado-por-6-jovenes-blanquenos\\\/#primaryimage\"},\"image\":{\"@id\":\"https:\\\/\\\/blanca.es\\\/nuevaweb\\\/el-ayuntamiento-de-blanca-inaugura-un-parque-de-calistenia-ideado-por-6-jovenes-blanquenos\\\/#primaryimage\"},\"thumbnailUrl\":\"https:\\\/\\\/blanca.es\\\/nuevaweb\\\/wp-content\\\/uploads\\\/2022\\\/06\\\/2022_06_24_Inauguracio\u0301n-Parque-de-calistenia-scaled.jpg\",\"datePublished\":\"2022-06-24T07:47:08+00:00\",\"dateModified\":\"2022-06-24T07:58:32+00:00\",\"breadcrumb\":{\"@id\":\"https:\\\/\\\/blanca.es\\\/nuevaweb\\\/el-ayuntamiento-de-blanca-inaugura-un-parque-de-calistenia-ideado-por-6-jovenes-blanquenos\\\/#breadcrumb\"},\"inLanguage\":\"es\",\"potentialAction\":[{\"@type\":\"ReadAction\",\"target\":[\"https:\\\/\\\/blanca.es\\\/nuevaweb\\\/el-ayuntamiento-de-blanca-inaugura-un-parque-de-calistenia-ideado-por-6-jovenes-blanquenos\\\/\"]}]},{\"@type\":\"ImageObject\",\"inLanguage\":\"es\",\"@id\":\"https:\\\/\\\/blanca.es\\\/nuevaweb\\\/el-ayuntamiento-de-blanca-inaugura-un-parque-de-calistenia-ideado-por-6-jovenes-blanquenos\\\/#primaryimage\",\"url\":\"https:\\\/\\\/blanca.es\\\/nuevaweb\\\/wp-content\\\/uploads\\\/2022\\\/06\\\/2022_06_24_Inauguracio\u0301n-Parque-de-calistenia-scaled.jpg\",\"contentUrl\":\"https:\\\/\\\/blanca.es\\\/nuevaweb\\\/wp-content\\\/uploads\\\/2022\\\/06\\\/2022_06_24_Inauguracio\u0301n-Parque-de-calistenia-scaled.jpg\",\"width\":2560,\"height\":1920,\"caption\":\"KODAK Digital Still Camera\"},{\"@type\":\"BreadcrumbList\",\"@id\":\"https:\\\/\\\/blanca.es\\\/nuevaweb\\\/el-ayuntamiento-de-blanca-inaugura-un-parque-de-calistenia-ideado-por-6-jovenes-blanquenos\\\/#breadcrumb\",\"itemListElement\":[{\"@type\":\"ListItem\",\"position\":1,\"name\":\"Portada\",\"item\":\"https:\\\/\\\/blanca.es\\\/nuevaweb\\\/\"},{\"@type\":\"ListItem\",\"position\":2,\"name\":\"El Ayuntamiento de Blanca inaugura un parque de calistenia ideado por 6 j\u00f3venes blanque\u00f1os\"}]},{\"@type\":\"WebSite\",\"@id\":\"https:\\\/\\\/blanca.es\\\/nuevaweb\\\/#website\",\"url\":\"https:\\\/\\\/blanca.es\\\/nuevaweb\\\/\",\"name\":\"Ayuntamiento de Blanca\",\"description\":\"Web Municipal Blanca (Murcia)\",\"publisher\":{\"@id\":\"https:\\\/\\\/blanca.es\\\/nuevaweb\\\/#organization\"},\"potentialAction\":[{\"@type\":\"SearchAction\",\"target\":{\"@type\":\"EntryPoint\",\"urlTemplate\":\"https:\\\/\\\/blanca.es\\\/nuevaweb\\\/?s={search_term_string}\"},\"query-input\":{\"@type\":\"PropertyValueSpecification\",\"valueRequired\":true,\"valueName\":\"search_term_string\"}}],\"inLanguage\":\"es\"},{\"@type\":\"Organization\",\"@id\":\"https:\\\/\\\/blanca.es\\\/nuevaweb\\\/#organization\",\"name\":\"Ayuntamiento de Blanca\",\"url\":\"https:\\\/\\\/blanca.es\\\/nuevaweb\\\/\",\"logo\":{\"@type\":\"ImageObject\",\"inLanguage\":\"es\",\"@id\":\"https:\\\/\\\/blanca.es\\\/nuevaweb\\\/#\\\/schema\\\/logo\\\/image\\\/\",\"url\":\"https:\\\/\\\/blanca.es\\\/nuevaweb\\\/wp-content\\\/uploads\\\/2020\\\/09\\\/Escudo_alta_cuadrado-3.png\",\"contentUrl\":\"https:\\\/\\\/blanca.es\\\/nuevaweb\\\/wp-content\\\/uploads\\\/2020\\\/09\\\/Escudo_alta_cuadrado-3.png\",\"width\":300,\"height\":300,\"caption\":\"Ayuntamiento de Blanca\"},\"image\":{\"@id\":\"https:\\\/\\\/blanca.es\\\/nuevaweb\\\/#\\\/schema\\\/logo\\\/image\\\/\"},\"sameAs\":[\"https:\\\/\\\/es-es.facebook.com\\\/AyuntamientodeBlanca\",\"https:\\\/\\\/x.com\\\/ayto_blanca\",\"https:\\\/\\\/www.youtube.com\\\/channel\\\/UC9weal_OZVKN6meF0Fd_rqw\"]},{\"@type\":\"Person\",\"@id\":\"https:\\\/\\\/blanca.es\\\/nuevaweb\\\/#\\\/schema\\\/person\\\/068ffbe563a96e998dc141bd91d5a84a\",\"name\":\"Comunicaci\u00f3n\",\"image\":{\"@type\":\"ImageObject\",\"inLanguage\":\"es\",\"@id\":\"https:\\\/\\\/secure.gravatar.com\\\/avatar\\\/0a6839cedbb80e4510cc6b40b620b579d19c8c87d368475504cb313c55980873?s=96&d=mm&r=g\",\"url\":\"https:\\\/\\\/secure.gravatar.com\\\/avatar\\\/0a6839cedbb80e4510cc6b40b620b579d19c8c87d368475504cb313c55980873?s=96&d=mm&r=g\",\"contentUrl\":\"https:\\\/\\\/secure.gravatar.com\\\/avatar\\\/0a6839cedbb80e4510cc6b40b620b579d19c8c87d368475504cb313c55980873?s=96&d=mm&r=g\",\"caption\":\"Comunicaci\u00f3n\"}}]}<\/script>\n<!-- \/ Yoast SEO plugin. -->","yoast_head_json":{"title":"El Ayuntamiento de Blanca inaugura un parque de calistenia ideado por 6 j\u00f3venes blanque\u00f1os - Ayuntamiento de Blanca","robots":{"index":"index","follow":"follow","max-snippet":"max-snippet:-1","max-image-preview":"max-image-preview:large","max-video-preview":"max-video-preview:-1"},"canonical":"https:\/\/blanca.es\/nuevaweb\/el-ayuntamiento-de-blanca-inaugura-un-parque-de-calistenia-ideado-por-6-jovenes-blanquenos\/","og_locale":"es_ES","og_type":"article","og_title":"El Ayuntamiento de Blanca inaugura un parque de calistenia ideado por 6 j\u00f3venes blanque\u00f1os - Ayuntamiento de Blanca","og_description":"Esta iniciativa tiene como objetivo lograr un espacio espec\u00edfico para la pr\u00e1ctica de actividad f\u00edsica al aire libre.","og_url":"https:\/\/blanca.es\/nuevaweb\/el-ayuntamiento-de-blanca-inaugura-un-parque-de-calistenia-ideado-por-6-jovenes-blanquenos\/","og_site_name":"Ayuntamiento de Blanca","article_publisher":"https:\/\/es-es.facebook.com\/AyuntamientodeBlanca","article_published_time":"2022-06-24T07:47:08+00:00","article_modified_time":"2022-06-24T07:58:32+00:00","og_image":[{"width":2560,"height":1920,"url":"https:\/\/blanca.es\/nuevaweb\/wp-content\/uploads\/2022\/06\/2022_06_24_Inauguracio\u0301n-Parque-de-calistenia-scaled.jpg","type":"image\/jpeg"}],"author":"Comunicaci\u00f3n","twitter_card":"summary_large_image","twitter_creator":"@ayto_blanca","twitter_site":"@ayto_blanca","twitter_misc":{"Escrito por":"Comunicaci\u00f3n","Tiempo de lectura":"3 minutos"},"schema":{"@context":"https:\/\/schema.org","@graph":[{"@type":"Article","@id":"https:\/\/blanca.es\/nuevaweb\/el-ayuntamiento-de-blanca-inaugura-un-parque-de-calistenia-ideado-por-6-jovenes-blanquenos\/#article","isPartOf":{"@id":"https:\/\/blanca.es\/nuevaweb\/el-ayuntamiento-de-blanca-inaugura-un-parque-de-calistenia-ideado-por-6-jovenes-blanquenos\/"},"author":{"name":"Comunicaci\u00f3n","@id":"https:\/\/blanca.es\/nuevaweb\/#\/schema\/person\/068ffbe563a96e998dc141bd91d5a84a"},"headline":"El Ayuntamiento de Blanca inaugura un parque de calistenia ideado por 6 j\u00f3venes blanque\u00f1os","datePublished":"2022-06-24T07:47:08+00:00","dateModified":"2022-06-24T07:58:32+00:00","mainEntityOfPage":{"@id":"https:\/\/blanca.es\/nuevaweb\/el-ayuntamiento-de-blanca-inaugura-un-parque-de-calistenia-ideado-por-6-jovenes-blanquenos\/"},"wordCount":300,"publisher":{"@id":"https:\/\/blanca.es\/nuevaweb\/#organization"},"image":{"@id":"https:\/\/blanca.es\/nuevaweb\/el-ayuntamiento-de-blanca-inaugura-un-parque-de-calistenia-ideado-por-6-jovenes-blanquenos\/#primaryimage"},"thumbnailUrl":"https:\/\/blanca.es\/nuevaweb\/wp-content\/uploads\/2022\/06\/2022_06_24_Inauguracio\u0301n-Parque-de-calistenia-scaled.jpg","articleSection":["Deportes","Juventud"],"inLanguage":"es"},{"@type":"WebPage","@id":"https:\/\/blanca.es\/nuevaweb\/el-ayuntamiento-de-blanca-inaugura-un-parque-de-calistenia-ideado-por-6-jovenes-blanquenos\/","url":"https:\/\/blanca.es\/nuevaweb\/el-ayuntamiento-de-blanca-inaugura-un-parque-de-calistenia-ideado-por-6-jovenes-blanquenos\/","name":"El Ayuntamiento de Blanca inaugura un parque de calistenia ideado por 6 j\u00f3venes blanque\u00f1os - Ayuntamiento de Blanca","isPartOf":{"@id":"https:\/\/blanca.es\/nuevaweb\/#website"},"primaryImageOfPage":{"@id":"https:\/\/blanca.es\/nuevaweb\/el-ayuntamiento-de-blanca-inaugura-un-parque-de-calistenia-ideado-por-6-jovenes-blanquenos\/#primaryimage"},"image":{"@id":"https:\/\/blanca.es\/nuevaweb\/el-ayuntamiento-de-blanca-inaugura-un-parque-de-calistenia-ideado-por-6-jovenes-blanquenos\/#primaryimage"},"thumbnailUrl":"https:\/\/blanca.es\/nuevaweb\/wp-content\/uploads\/2022\/06\/2022_06_24_Inauguracio\u0301n-Parque-de-calistenia-scaled.jpg","datePublished":"2022-06-24T07:47:08+00:00","dateModified":"2022-06-24T07:58:32+00:00","breadcrumb":{"@id":"https:\/\/blanca.es\/nuevaweb\/el-ayuntamiento-de-blanca-inaugura-un-parque-de-calistenia-ideado-por-6-jovenes-blanquenos\/#breadcrumb"},"inLanguage":"es","potentialAction":[{"@type":"ReadAction","target":["https:\/\/blanca.es\/nuevaweb\/el-ayuntamiento-de-blanca-inaugura-un-parque-de-calistenia-ideado-por-6-jovenes-blanquenos\/"]}]},{"@type":"ImageObject","inLanguage":"es","@id":"https:\/\/blanca.es\/nuevaweb\/el-ayuntamiento-de-blanca-inaugura-un-parque-de-calistenia-ideado-por-6-jovenes-blanquenos\/#primaryimage","url":"https:\/\/blanca.es\/nuevaweb\/wp-content\/uploads\/2022\/06\/2022_06_24_Inauguracio\u0301n-Parque-de-calistenia-scaled.jpg","contentUrl":"https:\/\/blanca.es\/nuevaweb\/wp-content\/uploads\/2022\/06\/2022_06_24_Inauguracio\u0301n-Parque-de-calistenia-scaled.jpg","width":2560,"height":1920,"caption":"KODAK Digital Still Camera"},{"@type":"BreadcrumbList","@id":"https:\/\/blanca.es\/nuevaweb\/el-ayuntamiento-de-blanca-inaugura-un-parque-de-calistenia-ideado-por-6-jovenes-blanquenos\/#breadcrumb","itemListElement":[{"@type":"ListItem","position":1,"name":"Portada","item":"https:\/\/blanca.es\/nuevaweb\/"},{"@type":"ListItem","position":2,"name":"El Ayuntamiento de Blanca inaugura un parque de calistenia ideado por 6 j\u00f3venes blanque\u00f1os"}]},{"@type":"WebSite","@id":"https:\/\/blanca.es\/nuevaweb\/#website","url":"https:\/\/blanca.es\/nuevaweb\/","name":"Ayuntamiento de Blanca","description":"Web Municipal Blanca (Murcia)","publisher":{"@id":"https:\/\/blanca.es\/nuevaweb\/#organization"},"potentialAction":[{"@type":"SearchAction","target":{"@type":"EntryPoint","urlTemplate":"https:\/\/blanca.es\/nuevaweb\/?s={search_term_string}"},"query-input":{"@type":"PropertyValueSpecification","valueRequired":true,"valueName":"search_term_string"}}],"inLanguage":"es"},{"@type":"Organization","@id":"https:\/\/blanca.es\/nuevaweb\/#organization","name":"Ayuntamiento de Blanca","url":"https:\/\/blanca.es\/nuevaweb\/","logo":{"@type":"ImageObject","inLanguage":"es","@id":"https:\/\/blanca.es\/nuevaweb\/#\/schema\/logo\/image\/","url":"https:\/\/blanca.es\/nuevaweb\/wp-content\/uploads\/2020\/09\/Escudo_alta_cuadrado-3.png","contentUrl":"https:\/\/blanca.es\/nuevaweb\/wp-content\/uploads\/2020\/09\/Escudo_alta_cuadrado-3.png","width":300,"height":300,"caption":"Ayuntamiento de Blanca"},"image":{"@id":"https:\/\/blanca.es\/nuevaweb\/#\/schema\/logo\/image\/"},"sameAs":["https:\/\/es-es.facebook.com\/AyuntamientodeBlanca","https:\/\/x.com\/ayto_blanca","https:\/\/www.youtube.com\/channel\/UC9weal_OZVKN6meF0Fd_rqw"]},{"@type":"Person","@id":"https:\/\/blanca.es\/nuevaweb\/#\/schema\/person\/068ffbe563a96e998dc141bd91d5a84a","name":"Comunicaci\u00f3n","image":{"@type":"ImageObject","inLanguage":"es","@id":"https:\/\/secure.gravatar.com\/avatar\/0a6839cedbb80e4510cc6b40b620b579d19c8c87d368475504cb313c55980873?s=96&d=mm&r=g","url":"https:\/\/secure.gravatar.com\/avatar\/0a6839cedbb80e4510cc6b40b620b579d19c8c87d368475504cb313c55980873?s=96&d=mm&r=g","contentUrl":"https:\/\/secure.gravatar.com\/avatar\/0a6839cedbb80e4510cc6b40b620b579d19c8c87d368475504cb313c55980873?s=96&d=mm&r=g","caption":"Comunicaci\u00f3n"}}]}},"_links":{"self":[{"href":"https:\/\/blanca.es\/nuevaweb\/wp-json\/wp\/v2\/posts\/23279","targetHints":{"allow":["GET"]}}],"collection":[{"href":"https:\/\/blanca.es\/nuevaweb\/wp-json\/wp\/v2\/posts"}],"about":[{"href":"https:\/\/blanca.es\/nuevaweb\/wp-json\/wp\/v2\/types\/post"}],"author":[{"embeddable":true,"href":"https:\/\/blanca.es\/nuevaweb\/wp-json\/wp\/v2\/users\/2"}],"replies":[{"embeddable":true,"href":"https:\/\/blanca.es\/nuevaweb\/wp-json\/wp\/v2\/comments?post=23279"}],"version-history":[{"count":6,"href":"https:\/\/blanca.es\/nuevaweb\/wp-json\/wp\/v2\/posts\/23279\/revisions"}],"predecessor-version":[{"id":23319,"href":"https:\/\/blanca.es\/nuevaweb\/wp-json\/wp\/v2\/posts\/23279\/revisions\/23319"}],"wp:featuredmedia":[{"embeddable":true,"href":"https:\/\/blanca.es\/nuevaweb\/wp-json\/wp\/v2\/media\/23303"}],"wp:attachment":[{"href":"https:\/\/blanca.es\/nuevaweb\/wp-json\/wp\/v2\/media?parent=23279"}],"wp:term":[{"taxonomy":"category","embeddable":true,"href":"https:\/\/blanca.es\/nuevaweb\/wp-json\/wp\/v2\/categories?post=23279"},{"taxonomy":"post_tag","embeddable":true,"href":"https:\/\/blanca.es\/nuevaweb\/wp-json\/wp\/v2\/tags?post=23279"}],"curies":[{"name":"wp","href":"https:\/\/api.w.org\/{rel}","templated":true}]}}