{"id":23505,"date":"2022-07-08T09:36:05","date_gmt":"2022-07-08T07:36:05","guid":{"rendered":"https:\/\/blanca.es\/nuevaweb\/?p=23505"},"modified":"2022-07-08T09:36:07","modified_gmt":"2022-07-08T07:36:07","slug":"la-orquesta-sinfonica-de-la-region-de-murcia-y-su-directora-virginia-martinez-inauguran-el-i-festival-musica-en-el-valle","status":"publish","type":"post","link":"https:\/\/blanca.es\/nuevaweb\/la-orquesta-sinfonica-de-la-region-de-murcia-y-su-directora-virginia-martinez-inauguran-el-i-festival-musica-en-el-valle\/","title":{"rendered":"La Orquesta Sinf\u00f3nica de la Regi\u00f3n de Murcia y su directora Virginia Mart\u00ednez inauguran el I Festival M\u00fasica en el Valle"},"content":{"rendered":"\n<p class=\"wp-block-paragraph\"><strong>El Ayuntamiento de Blanca ha organizado este evento cultural que se extender\u00e1 hasta el pr\u00f3ximo 24 de julio y contar\u00e1 con m\u00faltiples actuaciones con el hilo conductor de la m\u00fasica cl\u00e1sica.<\/strong><\/p>\n\n\n\n<p class=\"wp-block-paragraph\">La Orquesta Sinf\u00f3nica de la Regi\u00f3n de Murcia (OSRM) y su directora titular Virginia Mart\u00ednez inauguran ma\u00f1ana, 9 de julio, a partir de las 22,00 h. en la Plaza del Ayuntamiento el I Festival M\u00fasica en el Valle, organizado por el Ayuntamiento de Blanca a trav\u00e9s de la Concejal\u00eda de Cultura, con un repertorio basado en bandas sonoras de pel\u00edculas.<\/p>\n\n\n\n<p class=\"wp-block-paragraph\">El programa que ofrecer\u00e1 la OSRM estar\u00e1 formado por cl\u00e1sicos del cine de todas las \u00e9pocas, incluyendo los mayores \u00e9xitos de los \u00faltimos a\u00f1os, utilizando una plantilla ampliada de su org\u00e1nico, y con obras de compositores como Nino Rota, Ennio Morricone o John Williams.<\/p>\n\n\n\n<p class=\"wp-block-paragraph\">Esta iniciativa cultural nace con el objetivo de mostrar distintos rincones del municipio, con un enfoque distinto al habitual, puesto que aunar\u00e1 distintas disciplinas, tanto art\u00edsticas como de otra \u00edndole, mezcl\u00e1ndolas con la m\u00fasica para conseguir un resultado atractivo para el p\u00fablico. En concreto, la m\u00fasica se unir\u00e1 a la naturaleza, la gastronom\u00eda, la danza, el cine y la pintura, entre otros. A este hecho se suman los diferentes escenarios en los que tendr\u00e1n lugar los conciertos y unos espect\u00e1culos novedosos y de gran nivel art\u00edstico.<\/p>\n\n\n\n<p class=\"wp-block-paragraph\"><strong>Otras actuaciones<\/strong><\/p>\n\n\n\n<p class=\"wp-block-paragraph\">Adem\u00e1s del concierto inaugural a partir del martes, 19 de julio, se combinar\u00e1 el senderismo y la m\u00fasica de cello, de la mano de Gonzalo Meseguer, cuya m\u00fasica sonar\u00e1 en la Ermita de San Roque.<\/p>\n\n\n\n<p class=\"wp-block-paragraph\">La m\u00fasica y la pintura tendr\u00e1n su lugar el mi\u00e9rcoles 20 de julio, cuando el quinteto de cuerda y clarinete URCI llevar\u00e1 a cabo su actuaci\u00f3n en el Centro IDOL rodeados de cuadros inspirados precisamente en esta disciplina art\u00edstica.<\/p>\n\n\n\n<p class=\"wp-block-paragraph\">El jueves, 21 de julio, se desarrollar\u00e1 un recital l\u00edrico en la Casa del Conde seguido de una cena-maridaje de la mano del chef blanque\u00f1o de Ta\u00falla, Rodi Fern\u00e1ndez y el sumiller Alejandro Ramos.<\/p>\n\n\n\n<p class=\"wp-block-paragraph\">Le seguir\u00e1n viernes, 22 julio, y s\u00e1bado, 23 de julio, en la Plaza de la Iglesia, las actuaciones de la Coral Ditirambo con teatro musical, y de Moggio Jazz, respectivamente. Y para el cierre del Festival se ha reservado la presentaci\u00f3n de la Orquesta Sinf\u00f3nica del Valle de Ricote (OSVAR), que actuar\u00e1 en la Plaza de la Iglesia el domingo, 24 de julio, con la direcci\u00f3n de V\u00edctor Cano y con un repertorio de m\u00fasica espa\u00f1ola.<\/p>\n\n\n\n<p class=\"wp-block-paragraph\">*Todas las actuaciones ser\u00e1n gratuitas a excepci\u00f3n de la cena-maridaje.<\/p>\n\n\n\n<p class=\"wp-block-paragraph\"><strong>Trayectoria OSRM<\/strong><\/p>\n\n\n\n<p class=\"wp-block-paragraph\">La Fundaci\u00f3n Orquesta Sinf\u00f3nica de la Regi\u00f3n de Murcia (OSRM) se constituye en septiembre de 2002 y, en la actualidad, est\u00e1 compuesta por una plantilla de 49 profesores. Virginia Mart\u00ednez es su directora titular y art\u00edstica.<\/p>\n\n\n\n<p class=\"wp-block-paragraph\">A lo largo de su trayectoria, la formaci\u00f3n ha recibido a directores invitados de renombre internacional y ofrece sendos ciclos de Abono Sinf\u00f3nico en Murcia, Cartagena y \u00c1guilas, as\u00ed como Conciertos Escolares y Conciertos en Familia con los que acerca la m\u00fasica cl\u00e1sica a los ni\u00f1os y j\u00f3venes. En este \u00e1mbito, la orquesta se ha convertido en todo un referente, con la programaci\u00f3n de espect\u00e1culos de alta calidad art\u00edstica y did\u00e1ctica, de la mano de los mejores especialistas en divulgaci\u00f3n musical, y la confecci\u00f3n de producciones propias.<\/p>\n\n\n\n<p class=\"wp-block-paragraph\">Es la versatilidad una de las caracter\u00edsticas que mejor definen a la OSRM al ser una de las formaciones m\u00e1s reclamadas a la hora de realidad maridajes musicales en numerosos festivales y conciertos extraordinarios en los que ha compartido escenario con int\u00e9rpretes de la talla de Noa, Joan Manuel Serrat, Estrella Morente, Omara Portuondo, Milton Nascimento, Gregory Porter, Second, Armando Manzanero, Vetusta Morla o Santiago Auser\u00f3n, entre otros.<\/p>\n\n\n\n<p class=\"wp-block-paragraph\">Adem\u00e1s, ha puesto banda sonora a documentales como \u2018La ma\u00f1ana de Salzillo\u2019, con m\u00fasica de Pedro Contreras; cortometrajes como \u2018El aud\u00edfono\u2019, de Samuel Quiles, con m\u00fasica de Iv\u00e1n Capillas; o pel\u00edculas de animaci\u00f3n como \u2018Carthago Nova\u2019 \u2013nominada a los Premios Goya 2011-.<\/p>\n\n\n\n<p class=\"wp-block-paragraph\">Tambi\u00e9n ha participado en la grabaci\u00f3n de discos como el del flautista Claudi Arimany, junto a quien interpret\u00f3 \u2018Air Valaques&#8217;, del compositor Franz Doppler, para el sello discogr\u00e1fico Naxos;&nbsp; \u2018Harspichordconcertos\u2019 de la clavecinista Silvia M\u00e1rquez; \u2018Vagamundo\u2019, proyecto sinf\u00f3nico del cantante Santiago Auser\u00f3n o \u2018Alba de los caminos\u2019 del compositor Ant\u00f3n Garc\u00eda Abril, entre otros.<\/p>\n\n\n\n<p class=\"wp-block-paragraph\">Ha realizado giras y actuaciones por distintas comunidades espa\u00f1olas, destacando sus actuaciones en el Auditorio Nacional, Teatro Real, Auditorio de Galicia, Teatro Villamarta de Jerez, Real Monasterio de San Lorenzo de El Escorial, Palacio de La Almudaina de Palma de Mallorca, Baluarte de Pamplona o Cervantes Theatre de Londres, entre otras.<\/p>\n\n\n\n<p class=\"wp-block-paragraph\">La Fundaci\u00f3n integra, adem\u00e1s de a la OSRM, a la Orquesta de J\u00f3venes de la Regi\u00f3n de Murcia (OJRM) y a la OARM (Orquesta de Aspirantes de la Regi\u00f3n de Murcia), reforzando as\u00ed su compromiso con la formaci\u00f3n y proyecci\u00f3n del talento musical desde edades tempranas.<\/p>\n\n\n\n<p class=\"wp-block-paragraph\"><strong>Biograf\u00eda Virginia Mart\u00ednez<\/strong><\/p>\n\n\n\n<p class=\"wp-block-paragraph\">Comienza sus estudios musicales con seis a\u00f1os en la Academia Municipal de Molina de Segura y, con solo trece a\u00f1os, se hace cargo de la direcci\u00f3n de los Coros Infantiles Municipales de su ciudad, labor que contin\u00faa hasta 1999, cuando se grad\u00faa en Piano y Armon\u00eda en el Conservatorio Superior de M\u00fasica de Murcia con los profesores Pilar y Pedro Valero.<\/p>\n\n\n\n<p class=\"wp-block-paragraph\">Posteriormente, es becada por la Fundaci\u00f3n S\u00e9neca para la ampliaci\u00f3n de sus estudios en Viena (Austria), donde estudia Direcci\u00f3n de Orquesta con Georg Mark. Finaliza en junio de 2003, dirigiendo en su concierto de graduaci\u00f3n a la Orquesta Sinf\u00f3nica de la Radio de Viena con \u2018Matr\u00edcula de Honor con menci\u00f3n especial\u2019.<\/p>\n\n\n\n<p class=\"wp-block-paragraph\">Desde entonces, ha dirigido con \u00e9xito a orquestas como, entre otras, la Sinf\u00f3nica del Vall\u00e9s, Orquesta Ib\u00e9rica, Orquesta Ciudad de Barcelona y Nacional de Catalu\u00f1a, Sinf\u00f3nica del Principado de Asturias, Orquesta Ciudad de Granada, Orquesta de C\u00f3rdoba, Orquesta del Principado de Asturias, Wiener Kammerorchester y Orquesta Nacional de Santo Domingo, entre otras.<\/p>\n\n\n\n<p class=\"wp-block-paragraph\">En enero de 2018 fue nombrada como una de las \u2018Mujeres del A\u00f1o\u2019 en la IX edici\u00f3n de los premios que concede la revista de \u00e1mbito nacional \u2018Mujer Hoy\u2019 (Grupo Vocento) y el 8 de marzo del mismo a\u00f1o recibi\u00f3 la distinci\u00f3n de \u2018Mujer Murciana del A\u00f1o 2018\u2019, otorgado por la Comunidad Aut\u00f3noma de Murcia, por ser \u201cuna de las m\u00e1s importantes y j\u00f3venes directoras de orquesta del plano internacional\u201d, as\u00ed como por \u201csu calidad humana y como docente\u201d, resultado de su incesante labor de acercamiento de la m\u00fasica cl\u00e1sica a los m\u00e1s j\u00f3venes.<\/p>\n\n\n\n<p class=\"wp-block-paragraph\">En la actualidad, es directora titular de la Orquesta de J\u00f3venes de la Regi\u00f3n de Murcia (OJRM) y, desde el a\u00f1o 2012, es directora titular y art\u00edstica de la Orquesta Sinf\u00f3nica de la Regi\u00f3n de Murcia (OSRM).<\/p>\n","protected":false},"excerpt":{"rendered":"<p>El Ayuntamiento de Blanca ha organizado este evento cultural que se extender\u00e1 hasta el pr\u00f3ximo 24 de julio y contar\u00e1 con m\u00faltiples actuaciones con el hilo conductor de la m\u00fasica cl\u00e1sica.<\/p>\n","protected":false},"author":2,"featured_media":23506,"comment_status":"closed","ping_status":"open","sticky":false,"template":"","format":"standard","meta":{"footnotes":""},"categories":[160],"tags":[],"class_list":["post-23505","post","type-post","status-publish","format-standard","has-post-thumbnail","hentry","category-cul_tur"],"yoast_head":"<!-- This site is optimized with the Yoast SEO plugin v28.1 - https:\/\/yoast.com\/product\/yoast-seo-wordpress\/ -->\n<title>La Orquesta Sinf\u00f3nica de la Regi\u00f3n de Murcia y su directora Virginia Mart\u00ednez inauguran el I Festival M\u00fasica en el Valle - Ayuntamiento de Blanca<\/title>\n<meta name=\"robots\" content=\"index, follow, max-snippet:-1, max-image-preview:large, max-video-preview:-1\" \/>\n<link rel=\"canonical\" href=\"https:\/\/blanca.es\/nuevaweb\/la-orquesta-sinfonica-de-la-region-de-murcia-y-su-directora-virginia-martinez-inauguran-el-i-festival-musica-en-el-valle\/\" \/>\n<meta property=\"og:locale\" content=\"es_ES\" \/>\n<meta property=\"og:type\" content=\"article\" \/>\n<meta property=\"og:title\" content=\"La Orquesta Sinf\u00f3nica de la Regi\u00f3n de Murcia y su directora Virginia Mart\u00ednez inauguran el I Festival M\u00fasica en el Valle - Ayuntamiento de Blanca\" \/>\n<meta property=\"og:description\" content=\"El Ayuntamiento de Blanca ha organizado este evento cultural que se extender\u00e1 hasta el pr\u00f3ximo 24 de julio y contar\u00e1 con m\u00faltiples actuaciones con el hilo conductor de la m\u00fasica cl\u00e1sica.\" \/>\n<meta property=\"og:url\" content=\"https:\/\/blanca.es\/nuevaweb\/la-orquesta-sinfonica-de-la-region-de-murcia-y-su-directora-virginia-martinez-inauguran-el-i-festival-musica-en-el-valle\/\" \/>\n<meta property=\"og:site_name\" content=\"Ayuntamiento de Blanca\" \/>\n<meta property=\"article:publisher\" content=\"https:\/\/es-es.facebook.com\/AyuntamientodeBlanca\" \/>\n<meta property=\"article:published_time\" content=\"2022-07-08T07:36:05+00:00\" \/>\n<meta property=\"article:modified_time\" content=\"2022-07-08T07:36:07+00:00\" \/>\n<meta property=\"og:image\" content=\"https:\/\/blanca.es\/nuevaweb\/wp-content\/uploads\/2022\/07\/MEV_Actuaciones_V3-01-1.jpg\" \/>\n\t<meta property=\"og:image:width\" content=\"2250\" \/>\n\t<meta property=\"og:image:height\" content=\"2250\" \/>\n\t<meta property=\"og:image:type\" content=\"image\/jpeg\" \/>\n<meta name=\"author\" content=\"Comunicaci\u00f3n\" \/>\n<meta name=\"twitter:card\" content=\"summary_large_image\" \/>\n<meta name=\"twitter:creator\" content=\"@ayto_blanca\" \/>\n<meta name=\"twitter:site\" content=\"@ayto_blanca\" \/>\n<meta name=\"twitter:label1\" content=\"Escrito por\" \/>\n\t<meta name=\"twitter:data1\" content=\"Comunicaci\u00f3n\" \/>\n\t<meta name=\"twitter:label2\" content=\"Tiempo de lectura\" \/>\n\t<meta name=\"twitter:data2\" content=\"6 minutos\" \/>\n<script type=\"application\/ld+json\" class=\"yoast-schema-graph\">{\"@context\":\"https:\\\/\\\/schema.org\",\"@graph\":[{\"@type\":\"Article\",\"@id\":\"https:\\\/\\\/blanca.es\\\/nuevaweb\\\/la-orquesta-sinfonica-de-la-region-de-murcia-y-su-directora-virginia-martinez-inauguran-el-i-festival-musica-en-el-valle\\\/#article\",\"isPartOf\":{\"@id\":\"https:\\\/\\\/blanca.es\\\/nuevaweb\\\/la-orquesta-sinfonica-de-la-region-de-murcia-y-su-directora-virginia-martinez-inauguran-el-i-festival-musica-en-el-valle\\\/\"},\"author\":{\"name\":\"Comunicaci\u00f3n\",\"@id\":\"https:\\\/\\\/blanca.es\\\/nuevaweb\\\/#\\\/schema\\\/person\\\/068ffbe563a96e998dc141bd91d5a84a\"},\"headline\":\"La Orquesta Sinf\u00f3nica de la Regi\u00f3n de Murcia y su directora Virginia Mart\u00ednez inauguran el I Festival M\u00fasica en el Valle\",\"datePublished\":\"2022-07-08T07:36:05+00:00\",\"dateModified\":\"2022-07-08T07:36:07+00:00\",\"mainEntityOfPage\":{\"@id\":\"https:\\\/\\\/blanca.es\\\/nuevaweb\\\/la-orquesta-sinfonica-de-la-region-de-murcia-y-su-directora-virginia-martinez-inauguran-el-i-festival-musica-en-el-valle\\\/\"},\"wordCount\":1242,\"publisher\":{\"@id\":\"https:\\\/\\\/blanca.es\\\/nuevaweb\\\/#organization\"},\"image\":{\"@id\":\"https:\\\/\\\/blanca.es\\\/nuevaweb\\\/la-orquesta-sinfonica-de-la-region-de-murcia-y-su-directora-virginia-martinez-inauguran-el-i-festival-musica-en-el-valle\\\/#primaryimage\"},\"thumbnailUrl\":\"https:\\\/\\\/blanca.es\\\/nuevaweb\\\/wp-content\\\/uploads\\\/2022\\\/07\\\/MEV_Actuaciones_V3-01-1.jpg\",\"articleSection\":[\"Cultura y Turismo\"],\"inLanguage\":\"es\"},{\"@type\":\"WebPage\",\"@id\":\"https:\\\/\\\/blanca.es\\\/nuevaweb\\\/la-orquesta-sinfonica-de-la-region-de-murcia-y-su-directora-virginia-martinez-inauguran-el-i-festival-musica-en-el-valle\\\/\",\"url\":\"https:\\\/\\\/blanca.es\\\/nuevaweb\\\/la-orquesta-sinfonica-de-la-region-de-murcia-y-su-directora-virginia-martinez-inauguran-el-i-festival-musica-en-el-valle\\\/\",\"name\":\"La Orquesta Sinf\u00f3nica de la Regi\u00f3n de Murcia y su directora Virginia Mart\u00ednez inauguran el I Festival M\u00fasica en el Valle - Ayuntamiento de Blanca\",\"isPartOf\":{\"@id\":\"https:\\\/\\\/blanca.es\\\/nuevaweb\\\/#website\"},\"primaryImageOfPage\":{\"@id\":\"https:\\\/\\\/blanca.es\\\/nuevaweb\\\/la-orquesta-sinfonica-de-la-region-de-murcia-y-su-directora-virginia-martinez-inauguran-el-i-festival-musica-en-el-valle\\\/#primaryimage\"},\"image\":{\"@id\":\"https:\\\/\\\/blanca.es\\\/nuevaweb\\\/la-orquesta-sinfonica-de-la-region-de-murcia-y-su-directora-virginia-martinez-inauguran-el-i-festival-musica-en-el-valle\\\/#primaryimage\"},\"thumbnailUrl\":\"https:\\\/\\\/blanca.es\\\/nuevaweb\\\/wp-content\\\/uploads\\\/2022\\\/07\\\/MEV_Actuaciones_V3-01-1.jpg\",\"datePublished\":\"2022-07-08T07:36:05+00:00\",\"dateModified\":\"2022-07-08T07:36:07+00:00\",\"breadcrumb\":{\"@id\":\"https:\\\/\\\/blanca.es\\\/nuevaweb\\\/la-orquesta-sinfonica-de-la-region-de-murcia-y-su-directora-virginia-martinez-inauguran-el-i-festival-musica-en-el-valle\\\/#breadcrumb\"},\"inLanguage\":\"es\",\"potentialAction\":[{\"@type\":\"ReadAction\",\"target\":[\"https:\\\/\\\/blanca.es\\\/nuevaweb\\\/la-orquesta-sinfonica-de-la-region-de-murcia-y-su-directora-virginia-martinez-inauguran-el-i-festival-musica-en-el-valle\\\/\"]}]},{\"@type\":\"ImageObject\",\"inLanguage\":\"es\",\"@id\":\"https:\\\/\\\/blanca.es\\\/nuevaweb\\\/la-orquesta-sinfonica-de-la-region-de-murcia-y-su-directora-virginia-martinez-inauguran-el-i-festival-musica-en-el-valle\\\/#primaryimage\",\"url\":\"https:\\\/\\\/blanca.es\\\/nuevaweb\\\/wp-content\\\/uploads\\\/2022\\\/07\\\/MEV_Actuaciones_V3-01-1.jpg\",\"contentUrl\":\"https:\\\/\\\/blanca.es\\\/nuevaweb\\\/wp-content\\\/uploads\\\/2022\\\/07\\\/MEV_Actuaciones_V3-01-1.jpg\",\"width\":2250,\"height\":2250},{\"@type\":\"BreadcrumbList\",\"@id\":\"https:\\\/\\\/blanca.es\\\/nuevaweb\\\/la-orquesta-sinfonica-de-la-region-de-murcia-y-su-directora-virginia-martinez-inauguran-el-i-festival-musica-en-el-valle\\\/#breadcrumb\",\"itemListElement\":[{\"@type\":\"ListItem\",\"position\":1,\"name\":\"Portada\",\"item\":\"https:\\\/\\\/blanca.es\\\/nuevaweb\\\/\"},{\"@type\":\"ListItem\",\"position\":2,\"name\":\"La Orquesta Sinf\u00f3nica de la Regi\u00f3n de Murcia y su directora Virginia Mart\u00ednez inauguran el I Festival M\u00fasica en el Valle\"}]},{\"@type\":\"WebSite\",\"@id\":\"https:\\\/\\\/blanca.es\\\/nuevaweb\\\/#website\",\"url\":\"https:\\\/\\\/blanca.es\\\/nuevaweb\\\/\",\"name\":\"Ayuntamiento de Blanca\",\"description\":\"Web Municipal Blanca (Murcia)\",\"publisher\":{\"@id\":\"https:\\\/\\\/blanca.es\\\/nuevaweb\\\/#organization\"},\"potentialAction\":[{\"@type\":\"SearchAction\",\"target\":{\"@type\":\"EntryPoint\",\"urlTemplate\":\"https:\\\/\\\/blanca.es\\\/nuevaweb\\\/?s={search_term_string}\"},\"query-input\":{\"@type\":\"PropertyValueSpecification\",\"valueRequired\":true,\"valueName\":\"search_term_string\"}}],\"inLanguage\":\"es\"},{\"@type\":\"Organization\",\"@id\":\"https:\\\/\\\/blanca.es\\\/nuevaweb\\\/#organization\",\"name\":\"Ayuntamiento de Blanca\",\"url\":\"https:\\\/\\\/blanca.es\\\/nuevaweb\\\/\",\"logo\":{\"@type\":\"ImageObject\",\"inLanguage\":\"es\",\"@id\":\"https:\\\/\\\/blanca.es\\\/nuevaweb\\\/#\\\/schema\\\/logo\\\/image\\\/\",\"url\":\"https:\\\/\\\/blanca.es\\\/nuevaweb\\\/wp-content\\\/uploads\\\/2020\\\/09\\\/Escudo_alta_cuadrado-3.png\",\"contentUrl\":\"https:\\\/\\\/blanca.es\\\/nuevaweb\\\/wp-content\\\/uploads\\\/2020\\\/09\\\/Escudo_alta_cuadrado-3.png\",\"width\":300,\"height\":300,\"caption\":\"Ayuntamiento de Blanca\"},\"image\":{\"@id\":\"https:\\\/\\\/blanca.es\\\/nuevaweb\\\/#\\\/schema\\\/logo\\\/image\\\/\"},\"sameAs\":[\"https:\\\/\\\/es-es.facebook.com\\\/AyuntamientodeBlanca\",\"https:\\\/\\\/x.com\\\/ayto_blanca\",\"https:\\\/\\\/www.youtube.com\\\/channel\\\/UC9weal_OZVKN6meF0Fd_rqw\"]},{\"@type\":\"Person\",\"@id\":\"https:\\\/\\\/blanca.es\\\/nuevaweb\\\/#\\\/schema\\\/person\\\/068ffbe563a96e998dc141bd91d5a84a\",\"name\":\"Comunicaci\u00f3n\",\"image\":{\"@type\":\"ImageObject\",\"inLanguage\":\"es\",\"@id\":\"https:\\\/\\\/secure.gravatar.com\\\/avatar\\\/0a6839cedbb80e4510cc6b40b620b579d19c8c87d368475504cb313c55980873?s=96&d=mm&r=g\",\"url\":\"https:\\\/\\\/secure.gravatar.com\\\/avatar\\\/0a6839cedbb80e4510cc6b40b620b579d19c8c87d368475504cb313c55980873?s=96&d=mm&r=g\",\"contentUrl\":\"https:\\\/\\\/secure.gravatar.com\\\/avatar\\\/0a6839cedbb80e4510cc6b40b620b579d19c8c87d368475504cb313c55980873?s=96&d=mm&r=g\",\"caption\":\"Comunicaci\u00f3n\"}}]}<\/script>\n<!-- \/ Yoast SEO plugin. -->","yoast_head_json":{"title":"La Orquesta Sinf\u00f3nica de la Regi\u00f3n de Murcia y su directora Virginia Mart\u00ednez inauguran el I Festival M\u00fasica en el Valle - Ayuntamiento de Blanca","robots":{"index":"index","follow":"follow","max-snippet":"max-snippet:-1","max-image-preview":"max-image-preview:large","max-video-preview":"max-video-preview:-1"},"canonical":"https:\/\/blanca.es\/nuevaweb\/la-orquesta-sinfonica-de-la-region-de-murcia-y-su-directora-virginia-martinez-inauguran-el-i-festival-musica-en-el-valle\/","og_locale":"es_ES","og_type":"article","og_title":"La Orquesta Sinf\u00f3nica de la Regi\u00f3n de Murcia y su directora Virginia Mart\u00ednez inauguran el I Festival M\u00fasica en el Valle - Ayuntamiento de Blanca","og_description":"El Ayuntamiento de Blanca ha organizado este evento cultural que se extender\u00e1 hasta el pr\u00f3ximo 24 de julio y contar\u00e1 con m\u00faltiples actuaciones con el hilo conductor de la m\u00fasica cl\u00e1sica.","og_url":"https:\/\/blanca.es\/nuevaweb\/la-orquesta-sinfonica-de-la-region-de-murcia-y-su-directora-virginia-martinez-inauguran-el-i-festival-musica-en-el-valle\/","og_site_name":"Ayuntamiento de Blanca","article_publisher":"https:\/\/es-es.facebook.com\/AyuntamientodeBlanca","article_published_time":"2022-07-08T07:36:05+00:00","article_modified_time":"2022-07-08T07:36:07+00:00","og_image":[{"width":2250,"height":2250,"url":"https:\/\/blanca.es\/nuevaweb\/wp-content\/uploads\/2022\/07\/MEV_Actuaciones_V3-01-1.jpg","type":"image\/jpeg"}],"author":"Comunicaci\u00f3n","twitter_card":"summary_large_image","twitter_creator":"@ayto_blanca","twitter_site":"@ayto_blanca","twitter_misc":{"Escrito por":"Comunicaci\u00f3n","Tiempo de lectura":"6 minutos"},"schema":{"@context":"https:\/\/schema.org","@graph":[{"@type":"Article","@id":"https:\/\/blanca.es\/nuevaweb\/la-orquesta-sinfonica-de-la-region-de-murcia-y-su-directora-virginia-martinez-inauguran-el-i-festival-musica-en-el-valle\/#article","isPartOf":{"@id":"https:\/\/blanca.es\/nuevaweb\/la-orquesta-sinfonica-de-la-region-de-murcia-y-su-directora-virginia-martinez-inauguran-el-i-festival-musica-en-el-valle\/"},"author":{"name":"Comunicaci\u00f3n","@id":"https:\/\/blanca.es\/nuevaweb\/#\/schema\/person\/068ffbe563a96e998dc141bd91d5a84a"},"headline":"La Orquesta Sinf\u00f3nica de la Regi\u00f3n de Murcia y su directora Virginia Mart\u00ednez inauguran el I Festival M\u00fasica en el Valle","datePublished":"2022-07-08T07:36:05+00:00","dateModified":"2022-07-08T07:36:07+00:00","mainEntityOfPage":{"@id":"https:\/\/blanca.es\/nuevaweb\/la-orquesta-sinfonica-de-la-region-de-murcia-y-su-directora-virginia-martinez-inauguran-el-i-festival-musica-en-el-valle\/"},"wordCount":1242,"publisher":{"@id":"https:\/\/blanca.es\/nuevaweb\/#organization"},"image":{"@id":"https:\/\/blanca.es\/nuevaweb\/la-orquesta-sinfonica-de-la-region-de-murcia-y-su-directora-virginia-martinez-inauguran-el-i-festival-musica-en-el-valle\/#primaryimage"},"thumbnailUrl":"https:\/\/blanca.es\/nuevaweb\/wp-content\/uploads\/2022\/07\/MEV_Actuaciones_V3-01-1.jpg","articleSection":["Cultura y Turismo"],"inLanguage":"es"},{"@type":"WebPage","@id":"https:\/\/blanca.es\/nuevaweb\/la-orquesta-sinfonica-de-la-region-de-murcia-y-su-directora-virginia-martinez-inauguran-el-i-festival-musica-en-el-valle\/","url":"https:\/\/blanca.es\/nuevaweb\/la-orquesta-sinfonica-de-la-region-de-murcia-y-su-directora-virginia-martinez-inauguran-el-i-festival-musica-en-el-valle\/","name":"La Orquesta Sinf\u00f3nica de la Regi\u00f3n de Murcia y su directora Virginia Mart\u00ednez inauguran el I Festival M\u00fasica en el Valle - Ayuntamiento de Blanca","isPartOf":{"@id":"https:\/\/blanca.es\/nuevaweb\/#website"},"primaryImageOfPage":{"@id":"https:\/\/blanca.es\/nuevaweb\/la-orquesta-sinfonica-de-la-region-de-murcia-y-su-directora-virginia-martinez-inauguran-el-i-festival-musica-en-el-valle\/#primaryimage"},"image":{"@id":"https:\/\/blanca.es\/nuevaweb\/la-orquesta-sinfonica-de-la-region-de-murcia-y-su-directora-virginia-martinez-inauguran-el-i-festival-musica-en-el-valle\/#primaryimage"},"thumbnailUrl":"https:\/\/blanca.es\/nuevaweb\/wp-content\/uploads\/2022\/07\/MEV_Actuaciones_V3-01-1.jpg","datePublished":"2022-07-08T07:36:05+00:00","dateModified":"2022-07-08T07:36:07+00:00","breadcrumb":{"@id":"https:\/\/blanca.es\/nuevaweb\/la-orquesta-sinfonica-de-la-region-de-murcia-y-su-directora-virginia-martinez-inauguran-el-i-festival-musica-en-el-valle\/#breadcrumb"},"inLanguage":"es","potentialAction":[{"@type":"ReadAction","target":["https:\/\/blanca.es\/nuevaweb\/la-orquesta-sinfonica-de-la-region-de-murcia-y-su-directora-virginia-martinez-inauguran-el-i-festival-musica-en-el-valle\/"]}]},{"@type":"ImageObject","inLanguage":"es","@id":"https:\/\/blanca.es\/nuevaweb\/la-orquesta-sinfonica-de-la-region-de-murcia-y-su-directora-virginia-martinez-inauguran-el-i-festival-musica-en-el-valle\/#primaryimage","url":"https:\/\/blanca.es\/nuevaweb\/wp-content\/uploads\/2022\/07\/MEV_Actuaciones_V3-01-1.jpg","contentUrl":"https:\/\/blanca.es\/nuevaweb\/wp-content\/uploads\/2022\/07\/MEV_Actuaciones_V3-01-1.jpg","width":2250,"height":2250},{"@type":"BreadcrumbList","@id":"https:\/\/blanca.es\/nuevaweb\/la-orquesta-sinfonica-de-la-region-de-murcia-y-su-directora-virginia-martinez-inauguran-el-i-festival-musica-en-el-valle\/#breadcrumb","itemListElement":[{"@type":"ListItem","position":1,"name":"Portada","item":"https:\/\/blanca.es\/nuevaweb\/"},{"@type":"ListItem","position":2,"name":"La Orquesta Sinf\u00f3nica de la Regi\u00f3n de Murcia y su directora Virginia Mart\u00ednez inauguran el I Festival M\u00fasica en el Valle"}]},{"@type":"WebSite","@id":"https:\/\/blanca.es\/nuevaweb\/#website","url":"https:\/\/blanca.es\/nuevaweb\/","name":"Ayuntamiento de Blanca","description":"Web Municipal Blanca (Murcia)","publisher":{"@id":"https:\/\/blanca.es\/nuevaweb\/#organization"},"potentialAction":[{"@type":"SearchAction","target":{"@type":"EntryPoint","urlTemplate":"https:\/\/blanca.es\/nuevaweb\/?s={search_term_string}"},"query-input":{"@type":"PropertyValueSpecification","valueRequired":true,"valueName":"search_term_string"}}],"inLanguage":"es"},{"@type":"Organization","@id":"https:\/\/blanca.es\/nuevaweb\/#organization","name":"Ayuntamiento de Blanca","url":"https:\/\/blanca.es\/nuevaweb\/","logo":{"@type":"ImageObject","inLanguage":"es","@id":"https:\/\/blanca.es\/nuevaweb\/#\/schema\/logo\/image\/","url":"https:\/\/blanca.es\/nuevaweb\/wp-content\/uploads\/2020\/09\/Escudo_alta_cuadrado-3.png","contentUrl":"https:\/\/blanca.es\/nuevaweb\/wp-content\/uploads\/2020\/09\/Escudo_alta_cuadrado-3.png","width":300,"height":300,"caption":"Ayuntamiento de Blanca"},"image":{"@id":"https:\/\/blanca.es\/nuevaweb\/#\/schema\/logo\/image\/"},"sameAs":["https:\/\/es-es.facebook.com\/AyuntamientodeBlanca","https:\/\/x.com\/ayto_blanca","https:\/\/www.youtube.com\/channel\/UC9weal_OZVKN6meF0Fd_rqw"]},{"@type":"Person","@id":"https:\/\/blanca.es\/nuevaweb\/#\/schema\/person\/068ffbe563a96e998dc141bd91d5a84a","name":"Comunicaci\u00f3n","image":{"@type":"ImageObject","inLanguage":"es","@id":"https:\/\/secure.gravatar.com\/avatar\/0a6839cedbb80e4510cc6b40b620b579d19c8c87d368475504cb313c55980873?s=96&d=mm&r=g","url":"https:\/\/secure.gravatar.com\/avatar\/0a6839cedbb80e4510cc6b40b620b579d19c8c87d368475504cb313c55980873?s=96&d=mm&r=g","contentUrl":"https:\/\/secure.gravatar.com\/avatar\/0a6839cedbb80e4510cc6b40b620b579d19c8c87d368475504cb313c55980873?s=96&d=mm&r=g","caption":"Comunicaci\u00f3n"}}]}},"_links":{"self":[{"href":"https:\/\/blanca.es\/nuevaweb\/wp-json\/wp\/v2\/posts\/23505","targetHints":{"allow":["GET"]}}],"collection":[{"href":"https:\/\/blanca.es\/nuevaweb\/wp-json\/wp\/v2\/posts"}],"about":[{"href":"https:\/\/blanca.es\/nuevaweb\/wp-json\/wp\/v2\/types\/post"}],"author":[{"embeddable":true,"href":"https:\/\/blanca.es\/nuevaweb\/wp-json\/wp\/v2\/users\/2"}],"replies":[{"embeddable":true,"href":"https:\/\/blanca.es\/nuevaweb\/wp-json\/wp\/v2\/comments?post=23505"}],"version-history":[{"count":1,"href":"https:\/\/blanca.es\/nuevaweb\/wp-json\/wp\/v2\/posts\/23505\/revisions"}],"predecessor-version":[{"id":23507,"href":"https:\/\/blanca.es\/nuevaweb\/wp-json\/wp\/v2\/posts\/23505\/revisions\/23507"}],"wp:featuredmedia":[{"embeddable":true,"href":"https:\/\/blanca.es\/nuevaweb\/wp-json\/wp\/v2\/media\/23506"}],"wp:attachment":[{"href":"https:\/\/blanca.es\/nuevaweb\/wp-json\/wp\/v2\/media?parent=23505"}],"wp:term":[{"taxonomy":"category","embeddable":true,"href":"https:\/\/blanca.es\/nuevaweb\/wp-json\/wp\/v2\/categories?post=23505"},{"taxonomy":"post_tag","embeddable":true,"href":"https:\/\/blanca.es\/nuevaweb\/wp-json\/wp\/v2\/tags?post=23505"}],"curies":[{"name":"wp","href":"https:\/\/api.w.org\/{rel}","templated":true}]}}