{"id":23673,"date":"2022-08-08T15:10:23","date_gmt":"2022-08-08T13:10:23","guid":{"rendered":"https:\/\/blanca.es\/nuevaweb\/?p=23673"},"modified":"2022-08-08T20:17:57","modified_gmt":"2022-08-08T18:17:57","slug":"el-encierro-tradicional-de-blanca-del-11-de-agosto-cambia-de-recorrido-y-discurrira-por-gran-via","status":"publish","type":"post","link":"https:\/\/blanca.es\/nuevaweb\/el-encierro-tradicional-de-blanca-del-11-de-agosto-cambia-de-recorrido-y-discurrira-por-gran-via\/","title":{"rendered":"El encierro tradicional de Blanca del 11 de agosto cambia de recorrido y discurrir\u00e1 por Gran V\u00eda"},"content":{"rendered":"\n<p class=\"wp-block-paragraph\"><strong><strong>Debido a un derrumbe en un inmueble de la calle Mayor el recorrido inicialmente anunciado se ver\u00e1 modificado, aunque se mantiene el mismo horario y d\u00eda, por lo que discurrir\u00e1 por Gran V\u00eda.<\/strong><\/strong><\/p>\n\n\n\n<p class=\"wp-block-paragraph\">Tras la Junta<strong> de <\/strong>Seguridad del Ayuntamiento de Blanca, que ha contado con el alcalde, Pedro Luis Molina; el concejal de Seguridad Ciudadana, Jos\u00e9 Antonio Carpena; el concejal de Festejos, Vicente Candel y con la jefatura de la polic\u00eda local y el departamento t\u00e9cnico de Urbanismo se ha decido acordar un cambio de recorrido para el encierro tradicional del d\u00eda 11 de agosto debido a un riesgo de derrumbe parcial del inmueble situado en calle Mayor n\u00famero 15 y 17.<\/p>\n\n\n\n<p class=\"wp-block-paragraph\">En esa reuni\u00f3n, por criterio e indicaciones de los servicios t\u00e9cnicos de Urbanismo del Consistorio blanque\u00f1o y ante el riesgo de que se pudieran producir nuevos derrumbes, se ha optado decidir entre suspender el encierro, realizar un cambio de recorrido, por Gran V\u00eda con el mismo horario o&nbsp; bien suspender el encierro.<\/p>\n\n\n\n<p class=\"wp-block-paragraph\">Estas edificaciones, situadas en la calle mayor 15 y 17 y calle Pinar 2, tienen m\u00e1s de 100 a\u00f1os y comparten muros de carga.<br>Tienen la declaraci\u00f3n de ruina de todo el conjunto edificatorio, y est\u00e1 actualmente requiri\u00e9ndose el proyecto de demolici\u00f3n.<\/p>\n\n\n\n<p class=\"wp-block-paragraph\">Debido a que este proceso de est\u00e1 prolongando en el tiempo porque la fachada de la calle mayor 15 contiene un escudo que est\u00e1 protegido por Patrimonio de la CARM, se corre el peligro de que durante el evento multitudinario del encierro pueda estar en peligro la integridad f\u00edsica de personas.<\/p>\n\n\n\n<p class=\"wp-block-paragraph\">A partir de ma\u00f1ana se va a proceder al saneamiento de la parte derruida. Esta tarde se ha suspendido el tr\u00e1fico rodado y &nbsp;se ha acordonado la zona para las obras.&nbsp; A los titulares de la propiedad se les requiri\u00f3 el proyecto de demolici\u00f3n pero ha fecha de hoy no se ha presentado.<\/p>\n\n\n\n<p class=\"wp-block-paragraph\">Consecuentemente, finalmente el encierro discurrir\u00e1 por Gran V\u00eda el mismo d\u00eda y a la misma hora, las 15,00 h., como medida de salvaguarda de la seguridad de las personas, evitando as\u00ed las posibles aglomeraciones que normalmente los d\u00edas de encierro se producen en las calles del casco antiguo y el peligro que pudiera conllevar.<\/p>\n","protected":false},"excerpt":{"rendered":"<p>Debido a un derrumbe en un inmueble de la calle Mayor el recorrido inicialmente anunciado se ver\u00e1 modificado, aunque se mantiene el mismo horario y d\u00eda.<\/p>\n","protected":false},"author":2,"featured_media":23674,"comment_status":"closed","ping_status":"open","sticky":false,"template":"","format":"standard","meta":{"footnotes":""},"categories":[160,162],"tags":[],"class_list":["post-23673","post","type-post","status-publish","format-standard","has-post-thumbnail","hentry","category-cul_tur","category-fiestas"],"yoast_head":"<!-- This site is optimized with the Yoast SEO plugin v28.1 - https:\/\/yoast.com\/product\/yoast-seo-wordpress\/ -->\n<title>El encierro tradicional de Blanca del 11 de agosto cambia de recorrido y discurrir\u00e1 por Gran V\u00eda - Ayuntamiento de Blanca<\/title>\n<meta name=\"robots\" content=\"index, follow, max-snippet:-1, max-image-preview:large, max-video-preview:-1\" \/>\n<link rel=\"canonical\" href=\"https:\/\/blanca.es\/nuevaweb\/el-encierro-tradicional-de-blanca-del-11-de-agosto-cambia-de-recorrido-y-discurrira-por-gran-via\/\" \/>\n<meta property=\"og:locale\" content=\"es_ES\" \/>\n<meta property=\"og:type\" content=\"article\" \/>\n<meta property=\"og:title\" content=\"El encierro tradicional de Blanca del 11 de agosto cambia de recorrido y discurrir\u00e1 por Gran V\u00eda - Ayuntamiento de Blanca\" \/>\n<meta property=\"og:description\" content=\"Debido a un derrumbe en un inmueble de la calle Mayor el recorrido inicialmente anunciado se ver\u00e1 modificado, aunque se mantiene el mismo horario y d\u00eda.\" \/>\n<meta property=\"og:url\" content=\"https:\/\/blanca.es\/nuevaweb\/el-encierro-tradicional-de-blanca-del-11-de-agosto-cambia-de-recorrido-y-discurrira-por-gran-via\/\" \/>\n<meta property=\"og:site_name\" content=\"Ayuntamiento de Blanca\" \/>\n<meta property=\"article:publisher\" content=\"https:\/\/es-es.facebook.com\/AyuntamientodeBlanca\" \/>\n<meta property=\"article:published_time\" content=\"2022-08-08T13:10:23+00:00\" \/>\n<meta property=\"article:modified_time\" content=\"2022-08-08T18:17:57+00:00\" \/>\n<meta property=\"og:image\" content=\"https:\/\/blanca.es\/nuevaweb\/wp-content\/uploads\/2022\/08\/imagen-encierro.jpeg\" \/>\n\t<meta property=\"og:image:width\" content=\"2048\" \/>\n\t<meta property=\"og:image:height\" content=\"1463\" \/>\n\t<meta property=\"og:image:type\" content=\"image\/jpeg\" \/>\n<meta name=\"author\" content=\"Comunicaci\u00f3n\" \/>\n<meta name=\"twitter:card\" content=\"summary_large_image\" \/>\n<meta name=\"twitter:creator\" content=\"@ayto_blanca\" \/>\n<meta name=\"twitter:site\" content=\"@ayto_blanca\" \/>\n<meta name=\"twitter:label1\" content=\"Escrito por\" \/>\n\t<meta name=\"twitter:data1\" content=\"Comunicaci\u00f3n\" \/>\n\t<meta name=\"twitter:label2\" content=\"Tiempo de lectura\" \/>\n\t<meta name=\"twitter:data2\" content=\"2 minutos\" \/>\n<script type=\"application\/ld+json\" class=\"yoast-schema-graph\">{\"@context\":\"https:\\\/\\\/schema.org\",\"@graph\":[{\"@type\":\"Article\",\"@id\":\"https:\\\/\\\/blanca.es\\\/nuevaweb\\\/el-encierro-tradicional-de-blanca-del-11-de-agosto-cambia-de-recorrido-y-discurrira-por-gran-via\\\/#article\",\"isPartOf\":{\"@id\":\"https:\\\/\\\/blanca.es\\\/nuevaweb\\\/el-encierro-tradicional-de-blanca-del-11-de-agosto-cambia-de-recorrido-y-discurrira-por-gran-via\\\/\"},\"author\":{\"name\":\"Comunicaci\u00f3n\",\"@id\":\"https:\\\/\\\/blanca.es\\\/nuevaweb\\\/#\\\/schema\\\/person\\\/068ffbe563a96e998dc141bd91d5a84a\"},\"headline\":\"El encierro tradicional de Blanca del 11 de agosto cambia de recorrido y discurrir\u00e1 por Gran V\u00eda\",\"datePublished\":\"2022-08-08T13:10:23+00:00\",\"dateModified\":\"2022-08-08T18:17:57+00:00\",\"mainEntityOfPage\":{\"@id\":\"https:\\\/\\\/blanca.es\\\/nuevaweb\\\/el-encierro-tradicional-de-blanca-del-11-de-agosto-cambia-de-recorrido-y-discurrira-por-gran-via\\\/\"},\"wordCount\":398,\"publisher\":{\"@id\":\"https:\\\/\\\/blanca.es\\\/nuevaweb\\\/#organization\"},\"image\":{\"@id\":\"https:\\\/\\\/blanca.es\\\/nuevaweb\\\/el-encierro-tradicional-de-blanca-del-11-de-agosto-cambia-de-recorrido-y-discurrira-por-gran-via\\\/#primaryimage\"},\"thumbnailUrl\":\"https:\\\/\\\/blanca.es\\\/nuevaweb\\\/wp-content\\\/uploads\\\/2022\\\/08\\\/imagen-encierro.jpeg\",\"articleSection\":[\"Cultura y Turismo\",\"Fiestas\"],\"inLanguage\":\"es\"},{\"@type\":\"WebPage\",\"@id\":\"https:\\\/\\\/blanca.es\\\/nuevaweb\\\/el-encierro-tradicional-de-blanca-del-11-de-agosto-cambia-de-recorrido-y-discurrira-por-gran-via\\\/\",\"url\":\"https:\\\/\\\/blanca.es\\\/nuevaweb\\\/el-encierro-tradicional-de-blanca-del-11-de-agosto-cambia-de-recorrido-y-discurrira-por-gran-via\\\/\",\"name\":\"El encierro tradicional de Blanca del 11 de agosto cambia de recorrido y discurrir\u00e1 por Gran V\u00eda - Ayuntamiento de Blanca\",\"isPartOf\":{\"@id\":\"https:\\\/\\\/blanca.es\\\/nuevaweb\\\/#website\"},\"primaryImageOfPage\":{\"@id\":\"https:\\\/\\\/blanca.es\\\/nuevaweb\\\/el-encierro-tradicional-de-blanca-del-11-de-agosto-cambia-de-recorrido-y-discurrira-por-gran-via\\\/#primaryimage\"},\"image\":{\"@id\":\"https:\\\/\\\/blanca.es\\\/nuevaweb\\\/el-encierro-tradicional-de-blanca-del-11-de-agosto-cambia-de-recorrido-y-discurrira-por-gran-via\\\/#primaryimage\"},\"thumbnailUrl\":\"https:\\\/\\\/blanca.es\\\/nuevaweb\\\/wp-content\\\/uploads\\\/2022\\\/08\\\/imagen-encierro.jpeg\",\"datePublished\":\"2022-08-08T13:10:23+00:00\",\"dateModified\":\"2022-08-08T18:17:57+00:00\",\"breadcrumb\":{\"@id\":\"https:\\\/\\\/blanca.es\\\/nuevaweb\\\/el-encierro-tradicional-de-blanca-del-11-de-agosto-cambia-de-recorrido-y-discurrira-por-gran-via\\\/#breadcrumb\"},\"inLanguage\":\"es\",\"potentialAction\":[{\"@type\":\"ReadAction\",\"target\":[\"https:\\\/\\\/blanca.es\\\/nuevaweb\\\/el-encierro-tradicional-de-blanca-del-11-de-agosto-cambia-de-recorrido-y-discurrira-por-gran-via\\\/\"]}]},{\"@type\":\"ImageObject\",\"inLanguage\":\"es\",\"@id\":\"https:\\\/\\\/blanca.es\\\/nuevaweb\\\/el-encierro-tradicional-de-blanca-del-11-de-agosto-cambia-de-recorrido-y-discurrira-por-gran-via\\\/#primaryimage\",\"url\":\"https:\\\/\\\/blanca.es\\\/nuevaweb\\\/wp-content\\\/uploads\\\/2022\\\/08\\\/imagen-encierro.jpeg\",\"contentUrl\":\"https:\\\/\\\/blanca.es\\\/nuevaweb\\\/wp-content\\\/uploads\\\/2022\\\/08\\\/imagen-encierro.jpeg\",\"width\":2048,\"height\":1463},{\"@type\":\"BreadcrumbList\",\"@id\":\"https:\\\/\\\/blanca.es\\\/nuevaweb\\\/el-encierro-tradicional-de-blanca-del-11-de-agosto-cambia-de-recorrido-y-discurrira-por-gran-via\\\/#breadcrumb\",\"itemListElement\":[{\"@type\":\"ListItem\",\"position\":1,\"name\":\"Portada\",\"item\":\"https:\\\/\\\/blanca.es\\\/nuevaweb\\\/\"},{\"@type\":\"ListItem\",\"position\":2,\"name\":\"El encierro tradicional de Blanca del 11 de agosto cambia de recorrido y discurrir\u00e1 por Gran V\u00eda\"}]},{\"@type\":\"WebSite\",\"@id\":\"https:\\\/\\\/blanca.es\\\/nuevaweb\\\/#website\",\"url\":\"https:\\\/\\\/blanca.es\\\/nuevaweb\\\/\",\"name\":\"Ayuntamiento de Blanca\",\"description\":\"Web Municipal Blanca (Murcia)\",\"publisher\":{\"@id\":\"https:\\\/\\\/blanca.es\\\/nuevaweb\\\/#organization\"},\"potentialAction\":[{\"@type\":\"SearchAction\",\"target\":{\"@type\":\"EntryPoint\",\"urlTemplate\":\"https:\\\/\\\/blanca.es\\\/nuevaweb\\\/?s={search_term_string}\"},\"query-input\":{\"@type\":\"PropertyValueSpecification\",\"valueRequired\":true,\"valueName\":\"search_term_string\"}}],\"inLanguage\":\"es\"},{\"@type\":\"Organization\",\"@id\":\"https:\\\/\\\/blanca.es\\\/nuevaweb\\\/#organization\",\"name\":\"Ayuntamiento de Blanca\",\"url\":\"https:\\\/\\\/blanca.es\\\/nuevaweb\\\/\",\"logo\":{\"@type\":\"ImageObject\",\"inLanguage\":\"es\",\"@id\":\"https:\\\/\\\/blanca.es\\\/nuevaweb\\\/#\\\/schema\\\/logo\\\/image\\\/\",\"url\":\"https:\\\/\\\/blanca.es\\\/nuevaweb\\\/wp-content\\\/uploads\\\/2020\\\/09\\\/Escudo_alta_cuadrado-3.png\",\"contentUrl\":\"https:\\\/\\\/blanca.es\\\/nuevaweb\\\/wp-content\\\/uploads\\\/2020\\\/09\\\/Escudo_alta_cuadrado-3.png\",\"width\":300,\"height\":300,\"caption\":\"Ayuntamiento de Blanca\"},\"image\":{\"@id\":\"https:\\\/\\\/blanca.es\\\/nuevaweb\\\/#\\\/schema\\\/logo\\\/image\\\/\"},\"sameAs\":[\"https:\\\/\\\/es-es.facebook.com\\\/AyuntamientodeBlanca\",\"https:\\\/\\\/x.com\\\/ayto_blanca\",\"https:\\\/\\\/www.youtube.com\\\/channel\\\/UC9weal_OZVKN6meF0Fd_rqw\"]},{\"@type\":\"Person\",\"@id\":\"https:\\\/\\\/blanca.es\\\/nuevaweb\\\/#\\\/schema\\\/person\\\/068ffbe563a96e998dc141bd91d5a84a\",\"name\":\"Comunicaci\u00f3n\",\"image\":{\"@type\":\"ImageObject\",\"inLanguage\":\"es\",\"@id\":\"https:\\\/\\\/secure.gravatar.com\\\/avatar\\\/0a6839cedbb80e4510cc6b40b620b579d19c8c87d368475504cb313c55980873?s=96&d=mm&r=g\",\"url\":\"https:\\\/\\\/secure.gravatar.com\\\/avatar\\\/0a6839cedbb80e4510cc6b40b620b579d19c8c87d368475504cb313c55980873?s=96&d=mm&r=g\",\"contentUrl\":\"https:\\\/\\\/secure.gravatar.com\\\/avatar\\\/0a6839cedbb80e4510cc6b40b620b579d19c8c87d368475504cb313c55980873?s=96&d=mm&r=g\",\"caption\":\"Comunicaci\u00f3n\"}}]}<\/script>\n<!-- \/ Yoast SEO plugin. -->","yoast_head_json":{"title":"El encierro tradicional de Blanca del 11 de agosto cambia de recorrido y discurrir\u00e1 por Gran V\u00eda - Ayuntamiento de Blanca","robots":{"index":"index","follow":"follow","max-snippet":"max-snippet:-1","max-image-preview":"max-image-preview:large","max-video-preview":"max-video-preview:-1"},"canonical":"https:\/\/blanca.es\/nuevaweb\/el-encierro-tradicional-de-blanca-del-11-de-agosto-cambia-de-recorrido-y-discurrira-por-gran-via\/","og_locale":"es_ES","og_type":"article","og_title":"El encierro tradicional de Blanca del 11 de agosto cambia de recorrido y discurrir\u00e1 por Gran V\u00eda - Ayuntamiento de Blanca","og_description":"Debido a un derrumbe en un inmueble de la calle Mayor el recorrido inicialmente anunciado se ver\u00e1 modificado, aunque se mantiene el mismo horario y d\u00eda.","og_url":"https:\/\/blanca.es\/nuevaweb\/el-encierro-tradicional-de-blanca-del-11-de-agosto-cambia-de-recorrido-y-discurrira-por-gran-via\/","og_site_name":"Ayuntamiento de Blanca","article_publisher":"https:\/\/es-es.facebook.com\/AyuntamientodeBlanca","article_published_time":"2022-08-08T13:10:23+00:00","article_modified_time":"2022-08-08T18:17:57+00:00","og_image":[{"width":2048,"height":1463,"url":"https:\/\/blanca.es\/nuevaweb\/wp-content\/uploads\/2022\/08\/imagen-encierro.jpeg","type":"image\/jpeg"}],"author":"Comunicaci\u00f3n","twitter_card":"summary_large_image","twitter_creator":"@ayto_blanca","twitter_site":"@ayto_blanca","twitter_misc":{"Escrito por":"Comunicaci\u00f3n","Tiempo de lectura":"2 minutos"},"schema":{"@context":"https:\/\/schema.org","@graph":[{"@type":"Article","@id":"https:\/\/blanca.es\/nuevaweb\/el-encierro-tradicional-de-blanca-del-11-de-agosto-cambia-de-recorrido-y-discurrira-por-gran-via\/#article","isPartOf":{"@id":"https:\/\/blanca.es\/nuevaweb\/el-encierro-tradicional-de-blanca-del-11-de-agosto-cambia-de-recorrido-y-discurrira-por-gran-via\/"},"author":{"name":"Comunicaci\u00f3n","@id":"https:\/\/blanca.es\/nuevaweb\/#\/schema\/person\/068ffbe563a96e998dc141bd91d5a84a"},"headline":"El encierro tradicional de Blanca del 11 de agosto cambia de recorrido y discurrir\u00e1 por Gran V\u00eda","datePublished":"2022-08-08T13:10:23+00:00","dateModified":"2022-08-08T18:17:57+00:00","mainEntityOfPage":{"@id":"https:\/\/blanca.es\/nuevaweb\/el-encierro-tradicional-de-blanca-del-11-de-agosto-cambia-de-recorrido-y-discurrira-por-gran-via\/"},"wordCount":398,"publisher":{"@id":"https:\/\/blanca.es\/nuevaweb\/#organization"},"image":{"@id":"https:\/\/blanca.es\/nuevaweb\/el-encierro-tradicional-de-blanca-del-11-de-agosto-cambia-de-recorrido-y-discurrira-por-gran-via\/#primaryimage"},"thumbnailUrl":"https:\/\/blanca.es\/nuevaweb\/wp-content\/uploads\/2022\/08\/imagen-encierro.jpeg","articleSection":["Cultura y Turismo","Fiestas"],"inLanguage":"es"},{"@type":"WebPage","@id":"https:\/\/blanca.es\/nuevaweb\/el-encierro-tradicional-de-blanca-del-11-de-agosto-cambia-de-recorrido-y-discurrira-por-gran-via\/","url":"https:\/\/blanca.es\/nuevaweb\/el-encierro-tradicional-de-blanca-del-11-de-agosto-cambia-de-recorrido-y-discurrira-por-gran-via\/","name":"El encierro tradicional de Blanca del 11 de agosto cambia de recorrido y discurrir\u00e1 por Gran V\u00eda - Ayuntamiento de Blanca","isPartOf":{"@id":"https:\/\/blanca.es\/nuevaweb\/#website"},"primaryImageOfPage":{"@id":"https:\/\/blanca.es\/nuevaweb\/el-encierro-tradicional-de-blanca-del-11-de-agosto-cambia-de-recorrido-y-discurrira-por-gran-via\/#primaryimage"},"image":{"@id":"https:\/\/blanca.es\/nuevaweb\/el-encierro-tradicional-de-blanca-del-11-de-agosto-cambia-de-recorrido-y-discurrira-por-gran-via\/#primaryimage"},"thumbnailUrl":"https:\/\/blanca.es\/nuevaweb\/wp-content\/uploads\/2022\/08\/imagen-encierro.jpeg","datePublished":"2022-08-08T13:10:23+00:00","dateModified":"2022-08-08T18:17:57+00:00","breadcrumb":{"@id":"https:\/\/blanca.es\/nuevaweb\/el-encierro-tradicional-de-blanca-del-11-de-agosto-cambia-de-recorrido-y-discurrira-por-gran-via\/#breadcrumb"},"inLanguage":"es","potentialAction":[{"@type":"ReadAction","target":["https:\/\/blanca.es\/nuevaweb\/el-encierro-tradicional-de-blanca-del-11-de-agosto-cambia-de-recorrido-y-discurrira-por-gran-via\/"]}]},{"@type":"ImageObject","inLanguage":"es","@id":"https:\/\/blanca.es\/nuevaweb\/el-encierro-tradicional-de-blanca-del-11-de-agosto-cambia-de-recorrido-y-discurrira-por-gran-via\/#primaryimage","url":"https:\/\/blanca.es\/nuevaweb\/wp-content\/uploads\/2022\/08\/imagen-encierro.jpeg","contentUrl":"https:\/\/blanca.es\/nuevaweb\/wp-content\/uploads\/2022\/08\/imagen-encierro.jpeg","width":2048,"height":1463},{"@type":"BreadcrumbList","@id":"https:\/\/blanca.es\/nuevaweb\/el-encierro-tradicional-de-blanca-del-11-de-agosto-cambia-de-recorrido-y-discurrira-por-gran-via\/#breadcrumb","itemListElement":[{"@type":"ListItem","position":1,"name":"Portada","item":"https:\/\/blanca.es\/nuevaweb\/"},{"@type":"ListItem","position":2,"name":"El encierro tradicional de Blanca del 11 de agosto cambia de recorrido y discurrir\u00e1 por Gran V\u00eda"}]},{"@type":"WebSite","@id":"https:\/\/blanca.es\/nuevaweb\/#website","url":"https:\/\/blanca.es\/nuevaweb\/","name":"Ayuntamiento de Blanca","description":"Web Municipal Blanca (Murcia)","publisher":{"@id":"https:\/\/blanca.es\/nuevaweb\/#organization"},"potentialAction":[{"@type":"SearchAction","target":{"@type":"EntryPoint","urlTemplate":"https:\/\/blanca.es\/nuevaweb\/?s={search_term_string}"},"query-input":{"@type":"PropertyValueSpecification","valueRequired":true,"valueName":"search_term_string"}}],"inLanguage":"es"},{"@type":"Organization","@id":"https:\/\/blanca.es\/nuevaweb\/#organization","name":"Ayuntamiento de Blanca","url":"https:\/\/blanca.es\/nuevaweb\/","logo":{"@type":"ImageObject","inLanguage":"es","@id":"https:\/\/blanca.es\/nuevaweb\/#\/schema\/logo\/image\/","url":"https:\/\/blanca.es\/nuevaweb\/wp-content\/uploads\/2020\/09\/Escudo_alta_cuadrado-3.png","contentUrl":"https:\/\/blanca.es\/nuevaweb\/wp-content\/uploads\/2020\/09\/Escudo_alta_cuadrado-3.png","width":300,"height":300,"caption":"Ayuntamiento de Blanca"},"image":{"@id":"https:\/\/blanca.es\/nuevaweb\/#\/schema\/logo\/image\/"},"sameAs":["https:\/\/es-es.facebook.com\/AyuntamientodeBlanca","https:\/\/x.com\/ayto_blanca","https:\/\/www.youtube.com\/channel\/UC9weal_OZVKN6meF0Fd_rqw"]},{"@type":"Person","@id":"https:\/\/blanca.es\/nuevaweb\/#\/schema\/person\/068ffbe563a96e998dc141bd91d5a84a","name":"Comunicaci\u00f3n","image":{"@type":"ImageObject","inLanguage":"es","@id":"https:\/\/secure.gravatar.com\/avatar\/0a6839cedbb80e4510cc6b40b620b579d19c8c87d368475504cb313c55980873?s=96&d=mm&r=g","url":"https:\/\/secure.gravatar.com\/avatar\/0a6839cedbb80e4510cc6b40b620b579d19c8c87d368475504cb313c55980873?s=96&d=mm&r=g","contentUrl":"https:\/\/secure.gravatar.com\/avatar\/0a6839cedbb80e4510cc6b40b620b579d19c8c87d368475504cb313c55980873?s=96&d=mm&r=g","caption":"Comunicaci\u00f3n"}}]}},"_links":{"self":[{"href":"https:\/\/blanca.es\/nuevaweb\/wp-json\/wp\/v2\/posts\/23673","targetHints":{"allow":["GET"]}}],"collection":[{"href":"https:\/\/blanca.es\/nuevaweb\/wp-json\/wp\/v2\/posts"}],"about":[{"href":"https:\/\/blanca.es\/nuevaweb\/wp-json\/wp\/v2\/types\/post"}],"author":[{"embeddable":true,"href":"https:\/\/blanca.es\/nuevaweb\/wp-json\/wp\/v2\/users\/2"}],"replies":[{"embeddable":true,"href":"https:\/\/blanca.es\/nuevaweb\/wp-json\/wp\/v2\/comments?post=23673"}],"version-history":[{"count":3,"href":"https:\/\/blanca.es\/nuevaweb\/wp-json\/wp\/v2\/posts\/23673\/revisions"}],"predecessor-version":[{"id":23678,"href":"https:\/\/blanca.es\/nuevaweb\/wp-json\/wp\/v2\/posts\/23673\/revisions\/23678"}],"wp:featuredmedia":[{"embeddable":true,"href":"https:\/\/blanca.es\/nuevaweb\/wp-json\/wp\/v2\/media\/23674"}],"wp:attachment":[{"href":"https:\/\/blanca.es\/nuevaweb\/wp-json\/wp\/v2\/media?parent=23673"}],"wp:term":[{"taxonomy":"category","embeddable":true,"href":"https:\/\/blanca.es\/nuevaweb\/wp-json\/wp\/v2\/categories?post=23673"},{"taxonomy":"post_tag","embeddable":true,"href":"https:\/\/blanca.es\/nuevaweb\/wp-json\/wp\/v2\/tags?post=23673"}],"curies":[{"name":"wp","href":"https:\/\/api.w.org\/{rel}","templated":true}]}}