{"id":23689,"date":"2022-08-11T18:56:09","date_gmt":"2022-08-11T16:56:09","guid":{"rendered":"https:\/\/blanca.es\/nuevaweb\/?p=23689"},"modified":"2022-08-15T00:12:19","modified_gmt":"2022-08-14T22:12:19","slug":"un-encierro-limpio-y-sin-heridos-en-el-primer-evento-taurino-de-las-fiestas-patronales-de-blanca-2022","status":"publish","type":"post","link":"https:\/\/blanca.es\/nuevaweb\/un-encierro-limpio-y-sin-heridos-en-el-primer-evento-taurino-de-las-fiestas-patronales-de-blanca-2022\/","title":{"rendered":"Un encierro limpio y sin heridos en el primer evento taurino de las Fiestas Patronales de Blanca 2022"},"content":{"rendered":"\n<p class=\"wp-block-paragraph\"><strong>Los astados han pasado por el nuevo recorrido que ha discurrido por Gran V\u00eda ante las m\u00e1s de 5.000 personas que se han congregado.<\/strong><\/p>\n\n\n\n<p class=\"wp-block-paragraph\">El municipio de Blanca, en el marco de sus Fiestas Patronales en honor a San Roque, ha celebrado hoy el primero de los cuatro encierros, tras dos a\u00f1os sin celebrarse estos eventos taurinos, declarados de Inter\u00e9s Tur\u00edstico Regional, debido a la pandemia, al que han acudido m\u00e1s de 5.000 personas.<\/p>\n\n\n\n<p class=\"wp-block-paragraph\">El primer encierro ha sido limpio y sin heridos, durante sus 14 minutos de duraci\u00f3n. Los astados salieron a las 15,20 h. pero uno de los toros se qued\u00f3 rezagado en el corral y fue necesario utilizar dos cabestros para poder terminar el encierro.<\/p>\n\n\n\n<p class=\"wp-block-paragraph\">El nuevo itinerario, que ha discurrido por Gran V\u00eda, ha permitido mayor afluencia de gente y mayor seguridad para los corredores durante el recorrido, si bien est\u00e1 previsto que el pr\u00f3ximo a\u00f1o se recupere el itinerario tradicional.<\/p>\n\n\n\n<p class=\"wp-block-paragraph\">Debido a un derrumbe parcial de un inmueble situado en la calle mayor, n\u00famero 15, en su fachada recayente a la calle Pinar y por recomendaciones de los servicios t\u00e9cnicos de Urbanismo del Consistorio blanque\u00f1o se hab\u00eda optado por un cambio en el recorrido que inicialmente iba a discurrir por el Casco Antiguo y finalmente se ha llevado a cabo por Gran V\u00eda.<\/p>\n\n\n\n<p class=\"wp-block-paragraph\">Todo ello en previsi\u00f3n de la salvaguarda de la seguridad de las personas, evitando as\u00ed las posibles aglomeraciones que normalmente los d\u00edas de encierro se producen en las calles del casco antiguo y el peligro que pudiera conllevar.<\/p>\n\n\n\n<p class=\"wp-block-paragraph\">Previamente la charanga \u2018Los informales\u2019 ha animado el recorrido desde los corrales hasta la plaza de toros port\u00e1til.<\/p>\n\n\n\n<p class=\"wp-block-paragraph\">El viernes, 12 de agosto, a partir de las 19,00 h. tendr\u00e1 lugar el III Concurso de Recortadores que cuenta con toros de la ganader\u00eda \u2018El Pizarral\u2019 para 12 recortadores de Valencia, Albacete y de la Regi\u00f3n de Murcia, entre los que figura el blanque\u00f1o Jes\u00fas Banegas. <strong><\/strong><\/p>\n\n\n\n<p class=\"wp-block-paragraph\">El pr\u00f3ximo encierro tendr\u00e1 lugar el s\u00e1bado, 13 de agosto, a partir de las 10,00 h. por Gran V\u00eda. Y a partir de 19,00 h. se llevar\u00e1 a cabo el II Certamen de Novilladas Villa de Blanca con la Primera Semifinal con novillos de Los Ma\u00f1os para un mano a mano entre Jorge Mart\u00ednez y Marcos Linares.<\/p>\n\n\n\n<p class=\"wp-block-paragraph\">Im\u00e1genes de Frutos.<\/p>\n\n\n\n<figure class=\"wp-block-gallery columns-3 is-cropped wp-block-gallery-1 is-layout-flex wp-block-gallery-is-layout-flex\"><ul class=\"blocks-gallery-grid\"><li class=\"blocks-gallery-item\"><figure><a href=\"https:\/\/blanca.es\/nuevaweb\/?attachment_id=23691\"><img loading=\"lazy\" decoding=\"async\" width=\"1024\" height=\"561\" src=\"https:\/\/blanca.es\/nuevaweb\/wp-content\/uploads\/2022\/08\/Z615666-1024x561.jpg\" alt=\"\" data-id=\"23691\" data-full-url=\"https:\/\/blanca.es\/nuevaweb\/wp-content\/uploads\/2022\/08\/Z615666-scaled.jpg\" data-link=\"https:\/\/blanca.es\/nuevaweb\/?attachment_id=23691\" class=\"wp-image-23691\" srcset=\"https:\/\/blanca.es\/nuevaweb\/wp-content\/uploads\/2022\/08\/Z615666-1024x561.jpg 1024w, https:\/\/blanca.es\/nuevaweb\/wp-content\/uploads\/2022\/08\/Z615666-300x164.jpg 300w, https:\/\/blanca.es\/nuevaweb\/wp-content\/uploads\/2022\/08\/Z615666-768x421.jpg 768w, https:\/\/blanca.es\/nuevaweb\/wp-content\/uploads\/2022\/08\/Z615666-1536x842.jpg 1536w, https:\/\/blanca.es\/nuevaweb\/wp-content\/uploads\/2022\/08\/Z615666-2048x1123.jpg 2048w\" sizes=\"auto, (max-width: 1024px) 100vw, 1024px\" \/><\/a><\/figure><\/li><li class=\"blocks-gallery-item\"><figure><a href=\"https:\/\/blanca.es\/nuevaweb\/?attachment_id=23692\"><img loading=\"lazy\" decoding=\"async\" width=\"1024\" height=\"701\" src=\"https:\/\/blanca.es\/nuevaweb\/wp-content\/uploads\/2022\/08\/Z615669-1024x701.jpg\" alt=\"\" data-id=\"23692\" data-full-url=\"https:\/\/blanca.es\/nuevaweb\/wp-content\/uploads\/2022\/08\/Z615669-scaled.jpg\" data-link=\"https:\/\/blanca.es\/nuevaweb\/?attachment_id=23692\" class=\"wp-image-23692\" srcset=\"https:\/\/blanca.es\/nuevaweb\/wp-content\/uploads\/2022\/08\/Z615669-1024x701.jpg 1024w, https:\/\/blanca.es\/nuevaweb\/wp-content\/uploads\/2022\/08\/Z615669-300x205.jpg 300w, https:\/\/blanca.es\/nuevaweb\/wp-content\/uploads\/2022\/08\/Z615669-768x526.jpg 768w, https:\/\/blanca.es\/nuevaweb\/wp-content\/uploads\/2022\/08\/Z615669-1536x1051.jpg 1536w, https:\/\/blanca.es\/nuevaweb\/wp-content\/uploads\/2022\/08\/Z615669-2048x1402.jpg 2048w\" sizes=\"auto, (max-width: 1024px) 100vw, 1024px\" \/><\/a><\/figure><\/li><li class=\"blocks-gallery-item\"><figure><a href=\"https:\/\/blanca.es\/nuevaweb\/?attachment_id=23693\"><img loading=\"lazy\" decoding=\"async\" width=\"1024\" height=\"647\" src=\"https:\/\/blanca.es\/nuevaweb\/wp-content\/uploads\/2022\/08\/Z620011-1024x647.jpg\" alt=\"\" data-id=\"23693\" data-full-url=\"https:\/\/blanca.es\/nuevaweb\/wp-content\/uploads\/2022\/08\/Z620011-scaled.jpg\" data-link=\"https:\/\/blanca.es\/nuevaweb\/?attachment_id=23693\" class=\"wp-image-23693\" srcset=\"https:\/\/blanca.es\/nuevaweb\/wp-content\/uploads\/2022\/08\/Z620011-1024x647.jpg 1024w, https:\/\/blanca.es\/nuevaweb\/wp-content\/uploads\/2022\/08\/Z620011-300x190.jpg 300w, https:\/\/blanca.es\/nuevaweb\/wp-content\/uploads\/2022\/08\/Z620011-768x485.jpg 768w, https:\/\/blanca.es\/nuevaweb\/wp-content\/uploads\/2022\/08\/Z620011-1536x971.jpg 1536w, https:\/\/blanca.es\/nuevaweb\/wp-content\/uploads\/2022\/08\/Z620011-2048x1295.jpg 2048w\" sizes=\"auto, (max-width: 1024px) 100vw, 1024px\" \/><\/a><\/figure><\/li><li class=\"blocks-gallery-item\"><figure><a href=\"https:\/\/blanca.es\/nuevaweb\/?attachment_id=23694\"><img loading=\"lazy\" decoding=\"async\" width=\"1024\" height=\"595\" src=\"https:\/\/blanca.es\/nuevaweb\/wp-content\/uploads\/2022\/08\/Z620015-1024x595.jpg\" alt=\"\" data-id=\"23694\" data-full-url=\"https:\/\/blanca.es\/nuevaweb\/wp-content\/uploads\/2022\/08\/Z620015-scaled.jpg\" data-link=\"https:\/\/blanca.es\/nuevaweb\/?attachment_id=23694\" class=\"wp-image-23694\" srcset=\"https:\/\/blanca.es\/nuevaweb\/wp-content\/uploads\/2022\/08\/Z620015-1024x595.jpg 1024w, https:\/\/blanca.es\/nuevaweb\/wp-content\/uploads\/2022\/08\/Z620015-300x174.jpg 300w, https:\/\/blanca.es\/nuevaweb\/wp-content\/uploads\/2022\/08\/Z620015-768x446.jpg 768w, https:\/\/blanca.es\/nuevaweb\/wp-content\/uploads\/2022\/08\/Z620015-1536x892.jpg 1536w, https:\/\/blanca.es\/nuevaweb\/wp-content\/uploads\/2022\/08\/Z620015-2048x1189.jpg 2048w\" sizes=\"auto, (max-width: 1024px) 100vw, 1024px\" \/><\/a><\/figure><\/li><li class=\"blocks-gallery-item\"><figure><a href=\"https:\/\/blanca.es\/nuevaweb\/?attachment_id=23695\"><img loading=\"lazy\" decoding=\"async\" width=\"786\" height=\"1024\" src=\"https:\/\/blanca.es\/nuevaweb\/wp-content\/uploads\/2022\/08\/Z620076-786x1024.jpg\" alt=\"\" data-id=\"23695\" data-full-url=\"https:\/\/blanca.es\/nuevaweb\/wp-content\/uploads\/2022\/08\/Z620076-scaled.jpg\" data-link=\"https:\/\/blanca.es\/nuevaweb\/?attachment_id=23695\" class=\"wp-image-23695\" srcset=\"https:\/\/blanca.es\/nuevaweb\/wp-content\/uploads\/2022\/08\/Z620076-786x1024.jpg 786w, https:\/\/blanca.es\/nuevaweb\/wp-content\/uploads\/2022\/08\/Z620076-230x300.jpg 230w, https:\/\/blanca.es\/nuevaweb\/wp-content\/uploads\/2022\/08\/Z620076-768x1000.jpg 768w, https:\/\/blanca.es\/nuevaweb\/wp-content\/uploads\/2022\/08\/Z620076-1180x1536.jpg 1180w, https:\/\/blanca.es\/nuevaweb\/wp-content\/uploads\/2022\/08\/Z620076-1573x2048.jpg 1573w, https:\/\/blanca.es\/nuevaweb\/wp-content\/uploads\/2022\/08\/Z620076-scaled.jpg 1966w\" sizes=\"auto, (max-width: 786px) 100vw, 786px\" \/><\/a><\/figure><\/li><li class=\"blocks-gallery-item\"><figure><a href=\"https:\/\/blanca.es\/nuevaweb\/?attachment_id=23696\"><img loading=\"lazy\" decoding=\"async\" width=\"775\" height=\"1024\" src=\"https:\/\/blanca.es\/nuevaweb\/wp-content\/uploads\/2022\/08\/Z620101-775x1024.jpg\" alt=\"\" data-id=\"23696\" data-full-url=\"https:\/\/blanca.es\/nuevaweb\/wp-content\/uploads\/2022\/08\/Z620101-scaled.jpg\" data-link=\"https:\/\/blanca.es\/nuevaweb\/?attachment_id=23696\" class=\"wp-image-23696\" srcset=\"https:\/\/blanca.es\/nuevaweb\/wp-content\/uploads\/2022\/08\/Z620101-775x1024.jpg 775w, https:\/\/blanca.es\/nuevaweb\/wp-content\/uploads\/2022\/08\/Z620101-227x300.jpg 227w, https:\/\/blanca.es\/nuevaweb\/wp-content\/uploads\/2022\/08\/Z620101-768x1014.jpg 768w, https:\/\/blanca.es\/nuevaweb\/wp-content\/uploads\/2022\/08\/Z620101-1163x1536.jpg 1163w, https:\/\/blanca.es\/nuevaweb\/wp-content\/uploads\/2022\/08\/Z620101-1550x2048.jpg 1550w, https:\/\/blanca.es\/nuevaweb\/wp-content\/uploads\/2022\/08\/Z620101-scaled.jpg 1938w\" sizes=\"auto, (max-width: 775px) 100vw, 775px\" \/><\/a><\/figure><\/li><li class=\"blocks-gallery-item\"><figure><a href=\"https:\/\/blanca.es\/nuevaweb\/?attachment_id=23697\"><img loading=\"lazy\" decoding=\"async\" width=\"1024\" height=\"1015\" src=\"https:\/\/blanca.es\/nuevaweb\/wp-content\/uploads\/2022\/08\/Z629860-1024x1015.jpg\" alt=\"\" data-id=\"23697\" data-full-url=\"https:\/\/blanca.es\/nuevaweb\/wp-content\/uploads\/2022\/08\/Z629860-scaled.jpg\" data-link=\"https:\/\/blanca.es\/nuevaweb\/?attachment_id=23697\" class=\"wp-image-23697\" srcset=\"https:\/\/blanca.es\/nuevaweb\/wp-content\/uploads\/2022\/08\/Z629860-1024x1015.jpg 1024w, https:\/\/blanca.es\/nuevaweb\/wp-content\/uploads\/2022\/08\/Z629860-300x297.jpg 300w, https:\/\/blanca.es\/nuevaweb\/wp-content\/uploads\/2022\/08\/Z629860-150x150.jpg 150w, https:\/\/blanca.es\/nuevaweb\/wp-content\/uploads\/2022\/08\/Z629860-768x761.jpg 768w, https:\/\/blanca.es\/nuevaweb\/wp-content\/uploads\/2022\/08\/Z629860-1536x1522.jpg 1536w, https:\/\/blanca.es\/nuevaweb\/wp-content\/uploads\/2022\/08\/Z629860-2048x2030.jpg 2048w\" sizes=\"auto, (max-width: 1024px) 100vw, 1024px\" \/><\/a><\/figure><\/li><li class=\"blocks-gallery-item\"><figure><a href=\"https:\/\/blanca.es\/nuevaweb\/?attachment_id=23698\"><img loading=\"lazy\" decoding=\"async\" width=\"847\" height=\"1024\" src=\"https:\/\/blanca.es\/nuevaweb\/wp-content\/uploads\/2022\/08\/Z629902-847x1024.jpg\" alt=\"\" data-id=\"23698\" data-full-url=\"https:\/\/blanca.es\/nuevaweb\/wp-content\/uploads\/2022\/08\/Z629902-scaled.jpg\" data-link=\"https:\/\/blanca.es\/nuevaweb\/?attachment_id=23698\" class=\"wp-image-23698\" srcset=\"https:\/\/blanca.es\/nuevaweb\/wp-content\/uploads\/2022\/08\/Z629902-847x1024.jpg 847w, https:\/\/blanca.es\/nuevaweb\/wp-content\/uploads\/2022\/08\/Z629902-248x300.jpg 248w, https:\/\/blanca.es\/nuevaweb\/wp-content\/uploads\/2022\/08\/Z629902-768x929.jpg 768w, https:\/\/blanca.es\/nuevaweb\/wp-content\/uploads\/2022\/08\/Z629902-1270x1536.jpg 1270w, https:\/\/blanca.es\/nuevaweb\/wp-content\/uploads\/2022\/08\/Z629902-1693x2048.jpg 1693w\" sizes=\"auto, (max-width: 847px) 100vw, 847px\" \/><\/a><\/figure><\/li><li class=\"blocks-gallery-item\"><figure><a href=\"https:\/\/blanca.es\/nuevaweb\/?attachment_id=23699\"><img loading=\"lazy\" decoding=\"async\" width=\"1024\" height=\"681\" src=\"https:\/\/blanca.es\/nuevaweb\/wp-content\/uploads\/2022\/08\/Z629985-1024x681.jpg\" alt=\"\" data-id=\"23699\" data-full-url=\"https:\/\/blanca.es\/nuevaweb\/wp-content\/uploads\/2022\/08\/Z629985-scaled.jpg\" data-link=\"https:\/\/blanca.es\/nuevaweb\/?attachment_id=23699\" class=\"wp-image-23699\" srcset=\"https:\/\/blanca.es\/nuevaweb\/wp-content\/uploads\/2022\/08\/Z629985-1024x681.jpg 1024w, https:\/\/blanca.es\/nuevaweb\/wp-content\/uploads\/2022\/08\/Z629985-300x200.jpg 300w, https:\/\/blanca.es\/nuevaweb\/wp-content\/uploads\/2022\/08\/Z629985-768x511.jpg 768w, https:\/\/blanca.es\/nuevaweb\/wp-content\/uploads\/2022\/08\/Z629985-1536x1022.jpg 1536w, https:\/\/blanca.es\/nuevaweb\/wp-content\/uploads\/2022\/08\/Z629985-2048x1363.jpg 2048w\" sizes=\"auto, (max-width: 1024px) 100vw, 1024px\" \/><\/a><\/figure><\/li><li class=\"blocks-gallery-item\"><figure><a href=\"https:\/\/blanca.es\/nuevaweb\/?attachment_id=23700\"><img loading=\"lazy\" decoding=\"async\" width=\"903\" height=\"1024\" src=\"https:\/\/blanca.es\/nuevaweb\/wp-content\/uploads\/2022\/08\/Foto-1-1-903x1024.jpg\" alt=\"\" data-id=\"23700\" data-full-url=\"https:\/\/blanca.es\/nuevaweb\/wp-content\/uploads\/2022\/08\/Foto-1-1-scaled.jpg\" data-link=\"https:\/\/blanca.es\/nuevaweb\/?attachment_id=23700\" class=\"wp-image-23700\" srcset=\"https:\/\/blanca.es\/nuevaweb\/wp-content\/uploads\/2022\/08\/Foto-1-1-903x1024.jpg 903w, https:\/\/blanca.es\/nuevaweb\/wp-content\/uploads\/2022\/08\/Foto-1-1-264x300.jpg 264w, https:\/\/blanca.es\/nuevaweb\/wp-content\/uploads\/2022\/08\/Foto-1-1-768x871.jpg 768w, https:\/\/blanca.es\/nuevaweb\/wp-content\/uploads\/2022\/08\/Foto-1-1-1354x1536.jpg 1354w, https:\/\/blanca.es\/nuevaweb\/wp-content\/uploads\/2022\/08\/Foto-1-1-1806x2048.jpg 1806w\" sizes=\"auto, (max-width: 903px) 100vw, 903px\" \/><\/a><\/figure><\/li><li class=\"blocks-gallery-item\"><figure><a href=\"https:\/\/blanca.es\/nuevaweb\/?attachment_id=23701\"><img loading=\"lazy\" decoding=\"async\" width=\"946\" height=\"1024\" src=\"https:\/\/blanca.es\/nuevaweb\/wp-content\/uploads\/2022\/08\/Foto-2-946x1024.jpg\" alt=\"\" data-id=\"23701\" data-full-url=\"https:\/\/blanca.es\/nuevaweb\/wp-content\/uploads\/2022\/08\/Foto-2-scaled.jpg\" data-link=\"https:\/\/blanca.es\/nuevaweb\/?attachment_id=23701\" class=\"wp-image-23701\" srcset=\"https:\/\/blanca.es\/nuevaweb\/wp-content\/uploads\/2022\/08\/Foto-2-946x1024.jpg 946w, https:\/\/blanca.es\/nuevaweb\/wp-content\/uploads\/2022\/08\/Foto-2-277x300.jpg 277w, https:\/\/blanca.es\/nuevaweb\/wp-content\/uploads\/2022\/08\/Foto-2-768x831.jpg 768w, https:\/\/blanca.es\/nuevaweb\/wp-content\/uploads\/2022\/08\/Foto-2-1420x1536.jpg 1420w, https:\/\/blanca.es\/nuevaweb\/wp-content\/uploads\/2022\/08\/Foto-2-1893x2048.jpg 1893w\" sizes=\"auto, (max-width: 946px) 100vw, 946px\" \/><\/a><\/figure><\/li><li class=\"blocks-gallery-item\"><figure><a href=\"https:\/\/blanca.es\/nuevaweb\/?attachment_id=23702\"><img loading=\"lazy\" decoding=\"async\" width=\"780\" height=\"1024\" src=\"https:\/\/blanca.es\/nuevaweb\/wp-content\/uploads\/2022\/08\/Foto-3-780x1024.jpg\" alt=\"\" data-id=\"23702\" data-full-url=\"https:\/\/blanca.es\/nuevaweb\/wp-content\/uploads\/2022\/08\/Foto-3-scaled.jpg\" data-link=\"https:\/\/blanca.es\/nuevaweb\/?attachment_id=23702\" class=\"wp-image-23702\" srcset=\"https:\/\/blanca.es\/nuevaweb\/wp-content\/uploads\/2022\/08\/Foto-3-780x1024.jpg 780w, https:\/\/blanca.es\/nuevaweb\/wp-content\/uploads\/2022\/08\/Foto-3-228x300.jpg 228w, https:\/\/blanca.es\/nuevaweb\/wp-content\/uploads\/2022\/08\/Foto-3-768x1009.jpg 768w, https:\/\/blanca.es\/nuevaweb\/wp-content\/uploads\/2022\/08\/Foto-3-1170x1536.jpg 1170w, https:\/\/blanca.es\/nuevaweb\/wp-content\/uploads\/2022\/08\/Foto-3-1559x2048.jpg 1559w, https:\/\/blanca.es\/nuevaweb\/wp-content\/uploads\/2022\/08\/Foto-3-scaled.jpg 1949w\" sizes=\"auto, (max-width: 780px) 100vw, 780px\" \/><\/a><\/figure><\/li><li class=\"blocks-gallery-item\"><figure><img decoding=\"async\" src=\"blob:https:\/\/blanca.es\/7edbed66-ee24-4943-875a-7da7ca3b1b5a\" data-id=\"\"\/><\/figure><\/li><\/ul><\/figure>\n","protected":false},"excerpt":{"rendered":"<p>Los astados han pasado por el nuevo recorrido que ha discurrido por Gran V\u00eda ante las m\u00e1s de 5.000 personas que se han congregado.<\/p>\n","protected":false},"author":2,"featured_media":23690,"comment_status":"closed","ping_status":"open","sticky":false,"template":"","format":"standard","meta":{"footnotes":""},"categories":[160,162],"tags":[],"class_list":["post-23689","post","type-post","status-publish","format-standard","has-post-thumbnail","hentry","category-cul_tur","category-fiestas"],"yoast_head":"<!-- This site is optimized with the Yoast SEO plugin v28.1 - https:\/\/yoast.com\/product\/yoast-seo-wordpress\/ -->\n<title>Un encierro limpio y sin heridos en el primer evento taurino de las Fiestas Patronales de Blanca 2022 - Ayuntamiento de Blanca<\/title>\n<meta name=\"robots\" content=\"index, follow, max-snippet:-1, max-image-preview:large, max-video-preview:-1\" \/>\n<link rel=\"canonical\" href=\"https:\/\/blanca.es\/nuevaweb\/un-encierro-limpio-y-sin-heridos-en-el-primer-evento-taurino-de-las-fiestas-patronales-de-blanca-2022\/\" \/>\n<meta property=\"og:locale\" content=\"es_ES\" \/>\n<meta property=\"og:type\" content=\"article\" \/>\n<meta property=\"og:title\" content=\"Un encierro limpio y sin heridos en el primer evento taurino de las Fiestas Patronales de Blanca 2022 - Ayuntamiento de Blanca\" \/>\n<meta property=\"og:description\" content=\"Los astados han pasado por el nuevo recorrido que ha discurrido por Gran V\u00eda ante las m\u00e1s de 5.000 personas que se han congregado.\" \/>\n<meta property=\"og:url\" content=\"https:\/\/blanca.es\/nuevaweb\/un-encierro-limpio-y-sin-heridos-en-el-primer-evento-taurino-de-las-fiestas-patronales-de-blanca-2022\/\" \/>\n<meta property=\"og:site_name\" content=\"Ayuntamiento de Blanca\" \/>\n<meta property=\"article:publisher\" content=\"https:\/\/es-es.facebook.com\/AyuntamientodeBlanca\" \/>\n<meta property=\"article:published_time\" content=\"2022-08-11T16:56:09+00:00\" \/>\n<meta property=\"article:modified_time\" content=\"2022-08-14T22:12:19+00:00\" \/>\n<meta property=\"og:image\" content=\"https:\/\/blanca.es\/nuevaweb\/wp-content\/uploads\/2022\/08\/Foto-1-scaled.jpg\" \/>\n\t<meta property=\"og:image:width\" content=\"2257\" \/>\n\t<meta property=\"og:image:height\" content=\"2560\" \/>\n\t<meta property=\"og:image:type\" content=\"image\/jpeg\" \/>\n<meta name=\"author\" content=\"Comunicaci\u00f3n\" \/>\n<meta name=\"twitter:card\" content=\"summary_large_image\" \/>\n<meta name=\"twitter:creator\" content=\"@ayto_blanca\" \/>\n<meta name=\"twitter:site\" content=\"@ayto_blanca\" \/>\n<meta name=\"twitter:label1\" content=\"Escrito por\" \/>\n\t<meta name=\"twitter:data1\" content=\"Comunicaci\u00f3n\" \/>\n\t<meta name=\"twitter:label2\" content=\"Tiempo de lectura\" \/>\n\t<meta name=\"twitter:data2\" content=\"5 minutos\" \/>\n<script type=\"application\/ld+json\" class=\"yoast-schema-graph\">{\"@context\":\"https:\\\/\\\/schema.org\",\"@graph\":[{\"@type\":\"Article\",\"@id\":\"https:\\\/\\\/blanca.es\\\/nuevaweb\\\/un-encierro-limpio-y-sin-heridos-en-el-primer-evento-taurino-de-las-fiestas-patronales-de-blanca-2022\\\/#article\",\"isPartOf\":{\"@id\":\"https:\\\/\\\/blanca.es\\\/nuevaweb\\\/un-encierro-limpio-y-sin-heridos-en-el-primer-evento-taurino-de-las-fiestas-patronales-de-blanca-2022\\\/\"},\"author\":{\"name\":\"Comunicaci\u00f3n\",\"@id\":\"https:\\\/\\\/blanca.es\\\/nuevaweb\\\/#\\\/schema\\\/person\\\/068ffbe563a96e998dc141bd91d5a84a\"},\"headline\":\"Un encierro limpio y sin heridos en el primer evento taurino de las Fiestas Patronales de Blanca 2022\",\"datePublished\":\"2022-08-11T16:56:09+00:00\",\"dateModified\":\"2022-08-14T22:12:19+00:00\",\"mainEntityOfPage\":{\"@id\":\"https:\\\/\\\/blanca.es\\\/nuevaweb\\\/un-encierro-limpio-y-sin-heridos-en-el-primer-evento-taurino-de-las-fiestas-patronales-de-blanca-2022\\\/\"},\"wordCount\":415,\"publisher\":{\"@id\":\"https:\\\/\\\/blanca.es\\\/nuevaweb\\\/#organization\"},\"image\":{\"@id\":\"https:\\\/\\\/blanca.es\\\/nuevaweb\\\/un-encierro-limpio-y-sin-heridos-en-el-primer-evento-taurino-de-las-fiestas-patronales-de-blanca-2022\\\/#primaryimage\"},\"thumbnailUrl\":\"https:\\\/\\\/blanca.es\\\/nuevaweb\\\/wp-content\\\/uploads\\\/2022\\\/08\\\/Foto-1-scaled.jpg\",\"articleSection\":[\"Cultura y Turismo\",\"Fiestas\"],\"inLanguage\":\"es\"},{\"@type\":\"WebPage\",\"@id\":\"https:\\\/\\\/blanca.es\\\/nuevaweb\\\/un-encierro-limpio-y-sin-heridos-en-el-primer-evento-taurino-de-las-fiestas-patronales-de-blanca-2022\\\/\",\"url\":\"https:\\\/\\\/blanca.es\\\/nuevaweb\\\/un-encierro-limpio-y-sin-heridos-en-el-primer-evento-taurino-de-las-fiestas-patronales-de-blanca-2022\\\/\",\"name\":\"Un encierro limpio y sin heridos en el primer evento taurino de las Fiestas Patronales de Blanca 2022 - Ayuntamiento de Blanca\",\"isPartOf\":{\"@id\":\"https:\\\/\\\/blanca.es\\\/nuevaweb\\\/#website\"},\"primaryImageOfPage\":{\"@id\":\"https:\\\/\\\/blanca.es\\\/nuevaweb\\\/un-encierro-limpio-y-sin-heridos-en-el-primer-evento-taurino-de-las-fiestas-patronales-de-blanca-2022\\\/#primaryimage\"},\"image\":{\"@id\":\"https:\\\/\\\/blanca.es\\\/nuevaweb\\\/un-encierro-limpio-y-sin-heridos-en-el-primer-evento-taurino-de-las-fiestas-patronales-de-blanca-2022\\\/#primaryimage\"},\"thumbnailUrl\":\"https:\\\/\\\/blanca.es\\\/nuevaweb\\\/wp-content\\\/uploads\\\/2022\\\/08\\\/Foto-1-scaled.jpg\",\"datePublished\":\"2022-08-11T16:56:09+00:00\",\"dateModified\":\"2022-08-14T22:12:19+00:00\",\"breadcrumb\":{\"@id\":\"https:\\\/\\\/blanca.es\\\/nuevaweb\\\/un-encierro-limpio-y-sin-heridos-en-el-primer-evento-taurino-de-las-fiestas-patronales-de-blanca-2022\\\/#breadcrumb\"},\"inLanguage\":\"es\",\"potentialAction\":[{\"@type\":\"ReadAction\",\"target\":[\"https:\\\/\\\/blanca.es\\\/nuevaweb\\\/un-encierro-limpio-y-sin-heridos-en-el-primer-evento-taurino-de-las-fiestas-patronales-de-blanca-2022\\\/\"]}]},{\"@type\":\"ImageObject\",\"inLanguage\":\"es\",\"@id\":\"https:\\\/\\\/blanca.es\\\/nuevaweb\\\/un-encierro-limpio-y-sin-heridos-en-el-primer-evento-taurino-de-las-fiestas-patronales-de-blanca-2022\\\/#primaryimage\",\"url\":\"https:\\\/\\\/blanca.es\\\/nuevaweb\\\/wp-content\\\/uploads\\\/2022\\\/08\\\/Foto-1-scaled.jpg\",\"contentUrl\":\"https:\\\/\\\/blanca.es\\\/nuevaweb\\\/wp-content\\\/uploads\\\/2022\\\/08\\\/Foto-1-scaled.jpg\",\"width\":2257,\"height\":2560},{\"@type\":\"BreadcrumbList\",\"@id\":\"https:\\\/\\\/blanca.es\\\/nuevaweb\\\/un-encierro-limpio-y-sin-heridos-en-el-primer-evento-taurino-de-las-fiestas-patronales-de-blanca-2022\\\/#breadcrumb\",\"itemListElement\":[{\"@type\":\"ListItem\",\"position\":1,\"name\":\"Portada\",\"item\":\"https:\\\/\\\/blanca.es\\\/nuevaweb\\\/\"},{\"@type\":\"ListItem\",\"position\":2,\"name\":\"Un encierro limpio y sin heridos en el primer evento taurino de las Fiestas Patronales de Blanca 2022\"}]},{\"@type\":\"WebSite\",\"@id\":\"https:\\\/\\\/blanca.es\\\/nuevaweb\\\/#website\",\"url\":\"https:\\\/\\\/blanca.es\\\/nuevaweb\\\/\",\"name\":\"Ayuntamiento de Blanca\",\"description\":\"Web Municipal Blanca (Murcia)\",\"publisher\":{\"@id\":\"https:\\\/\\\/blanca.es\\\/nuevaweb\\\/#organization\"},\"potentialAction\":[{\"@type\":\"SearchAction\",\"target\":{\"@type\":\"EntryPoint\",\"urlTemplate\":\"https:\\\/\\\/blanca.es\\\/nuevaweb\\\/?s={search_term_string}\"},\"query-input\":{\"@type\":\"PropertyValueSpecification\",\"valueRequired\":true,\"valueName\":\"search_term_string\"}}],\"inLanguage\":\"es\"},{\"@type\":\"Organization\",\"@id\":\"https:\\\/\\\/blanca.es\\\/nuevaweb\\\/#organization\",\"name\":\"Ayuntamiento de Blanca\",\"url\":\"https:\\\/\\\/blanca.es\\\/nuevaweb\\\/\",\"logo\":{\"@type\":\"ImageObject\",\"inLanguage\":\"es\",\"@id\":\"https:\\\/\\\/blanca.es\\\/nuevaweb\\\/#\\\/schema\\\/logo\\\/image\\\/\",\"url\":\"https:\\\/\\\/blanca.es\\\/nuevaweb\\\/wp-content\\\/uploads\\\/2020\\\/09\\\/Escudo_alta_cuadrado-3.png\",\"contentUrl\":\"https:\\\/\\\/blanca.es\\\/nuevaweb\\\/wp-content\\\/uploads\\\/2020\\\/09\\\/Escudo_alta_cuadrado-3.png\",\"width\":300,\"height\":300,\"caption\":\"Ayuntamiento de Blanca\"},\"image\":{\"@id\":\"https:\\\/\\\/blanca.es\\\/nuevaweb\\\/#\\\/schema\\\/logo\\\/image\\\/\"},\"sameAs\":[\"https:\\\/\\\/es-es.facebook.com\\\/AyuntamientodeBlanca\",\"https:\\\/\\\/x.com\\\/ayto_blanca\",\"https:\\\/\\\/www.youtube.com\\\/channel\\\/UC9weal_OZVKN6meF0Fd_rqw\"]},{\"@type\":\"Person\",\"@id\":\"https:\\\/\\\/blanca.es\\\/nuevaweb\\\/#\\\/schema\\\/person\\\/068ffbe563a96e998dc141bd91d5a84a\",\"name\":\"Comunicaci\u00f3n\",\"image\":{\"@type\":\"ImageObject\",\"inLanguage\":\"es\",\"@id\":\"https:\\\/\\\/secure.gravatar.com\\\/avatar\\\/0a6839cedbb80e4510cc6b40b620b579d19c8c87d368475504cb313c55980873?s=96&d=mm&r=g\",\"url\":\"https:\\\/\\\/secure.gravatar.com\\\/avatar\\\/0a6839cedbb80e4510cc6b40b620b579d19c8c87d368475504cb313c55980873?s=96&d=mm&r=g\",\"contentUrl\":\"https:\\\/\\\/secure.gravatar.com\\\/avatar\\\/0a6839cedbb80e4510cc6b40b620b579d19c8c87d368475504cb313c55980873?s=96&d=mm&r=g\",\"caption\":\"Comunicaci\u00f3n\"}}]}<\/script>\n<!-- \/ Yoast SEO plugin. -->","yoast_head_json":{"title":"Un encierro limpio y sin heridos en el primer evento taurino de las Fiestas Patronales de Blanca 2022 - Ayuntamiento de Blanca","robots":{"index":"index","follow":"follow","max-snippet":"max-snippet:-1","max-image-preview":"max-image-preview:large","max-video-preview":"max-video-preview:-1"},"canonical":"https:\/\/blanca.es\/nuevaweb\/un-encierro-limpio-y-sin-heridos-en-el-primer-evento-taurino-de-las-fiestas-patronales-de-blanca-2022\/","og_locale":"es_ES","og_type":"article","og_title":"Un encierro limpio y sin heridos en el primer evento taurino de las Fiestas Patronales de Blanca 2022 - Ayuntamiento de Blanca","og_description":"Los astados han pasado por el nuevo recorrido que ha discurrido por Gran V\u00eda ante las m\u00e1s de 5.000 personas que se han congregado.","og_url":"https:\/\/blanca.es\/nuevaweb\/un-encierro-limpio-y-sin-heridos-en-el-primer-evento-taurino-de-las-fiestas-patronales-de-blanca-2022\/","og_site_name":"Ayuntamiento de Blanca","article_publisher":"https:\/\/es-es.facebook.com\/AyuntamientodeBlanca","article_published_time":"2022-08-11T16:56:09+00:00","article_modified_time":"2022-08-14T22:12:19+00:00","og_image":[{"width":2257,"height":2560,"url":"https:\/\/blanca.es\/nuevaweb\/wp-content\/uploads\/2022\/08\/Foto-1-scaled.jpg","type":"image\/jpeg"}],"author":"Comunicaci\u00f3n","twitter_card":"summary_large_image","twitter_creator":"@ayto_blanca","twitter_site":"@ayto_blanca","twitter_misc":{"Escrito por":"Comunicaci\u00f3n","Tiempo de lectura":"5 minutos"},"schema":{"@context":"https:\/\/schema.org","@graph":[{"@type":"Article","@id":"https:\/\/blanca.es\/nuevaweb\/un-encierro-limpio-y-sin-heridos-en-el-primer-evento-taurino-de-las-fiestas-patronales-de-blanca-2022\/#article","isPartOf":{"@id":"https:\/\/blanca.es\/nuevaweb\/un-encierro-limpio-y-sin-heridos-en-el-primer-evento-taurino-de-las-fiestas-patronales-de-blanca-2022\/"},"author":{"name":"Comunicaci\u00f3n","@id":"https:\/\/blanca.es\/nuevaweb\/#\/schema\/person\/068ffbe563a96e998dc141bd91d5a84a"},"headline":"Un encierro limpio y sin heridos en el primer evento taurino de las Fiestas Patronales de Blanca 2022","datePublished":"2022-08-11T16:56:09+00:00","dateModified":"2022-08-14T22:12:19+00:00","mainEntityOfPage":{"@id":"https:\/\/blanca.es\/nuevaweb\/un-encierro-limpio-y-sin-heridos-en-el-primer-evento-taurino-de-las-fiestas-patronales-de-blanca-2022\/"},"wordCount":415,"publisher":{"@id":"https:\/\/blanca.es\/nuevaweb\/#organization"},"image":{"@id":"https:\/\/blanca.es\/nuevaweb\/un-encierro-limpio-y-sin-heridos-en-el-primer-evento-taurino-de-las-fiestas-patronales-de-blanca-2022\/#primaryimage"},"thumbnailUrl":"https:\/\/blanca.es\/nuevaweb\/wp-content\/uploads\/2022\/08\/Foto-1-scaled.jpg","articleSection":["Cultura y Turismo","Fiestas"],"inLanguage":"es"},{"@type":"WebPage","@id":"https:\/\/blanca.es\/nuevaweb\/un-encierro-limpio-y-sin-heridos-en-el-primer-evento-taurino-de-las-fiestas-patronales-de-blanca-2022\/","url":"https:\/\/blanca.es\/nuevaweb\/un-encierro-limpio-y-sin-heridos-en-el-primer-evento-taurino-de-las-fiestas-patronales-de-blanca-2022\/","name":"Un encierro limpio y sin heridos en el primer evento taurino de las Fiestas Patronales de Blanca 2022 - Ayuntamiento de Blanca","isPartOf":{"@id":"https:\/\/blanca.es\/nuevaweb\/#website"},"primaryImageOfPage":{"@id":"https:\/\/blanca.es\/nuevaweb\/un-encierro-limpio-y-sin-heridos-en-el-primer-evento-taurino-de-las-fiestas-patronales-de-blanca-2022\/#primaryimage"},"image":{"@id":"https:\/\/blanca.es\/nuevaweb\/un-encierro-limpio-y-sin-heridos-en-el-primer-evento-taurino-de-las-fiestas-patronales-de-blanca-2022\/#primaryimage"},"thumbnailUrl":"https:\/\/blanca.es\/nuevaweb\/wp-content\/uploads\/2022\/08\/Foto-1-scaled.jpg","datePublished":"2022-08-11T16:56:09+00:00","dateModified":"2022-08-14T22:12:19+00:00","breadcrumb":{"@id":"https:\/\/blanca.es\/nuevaweb\/un-encierro-limpio-y-sin-heridos-en-el-primer-evento-taurino-de-las-fiestas-patronales-de-blanca-2022\/#breadcrumb"},"inLanguage":"es","potentialAction":[{"@type":"ReadAction","target":["https:\/\/blanca.es\/nuevaweb\/un-encierro-limpio-y-sin-heridos-en-el-primer-evento-taurino-de-las-fiestas-patronales-de-blanca-2022\/"]}]},{"@type":"ImageObject","inLanguage":"es","@id":"https:\/\/blanca.es\/nuevaweb\/un-encierro-limpio-y-sin-heridos-en-el-primer-evento-taurino-de-las-fiestas-patronales-de-blanca-2022\/#primaryimage","url":"https:\/\/blanca.es\/nuevaweb\/wp-content\/uploads\/2022\/08\/Foto-1-scaled.jpg","contentUrl":"https:\/\/blanca.es\/nuevaweb\/wp-content\/uploads\/2022\/08\/Foto-1-scaled.jpg","width":2257,"height":2560},{"@type":"BreadcrumbList","@id":"https:\/\/blanca.es\/nuevaweb\/un-encierro-limpio-y-sin-heridos-en-el-primer-evento-taurino-de-las-fiestas-patronales-de-blanca-2022\/#breadcrumb","itemListElement":[{"@type":"ListItem","position":1,"name":"Portada","item":"https:\/\/blanca.es\/nuevaweb\/"},{"@type":"ListItem","position":2,"name":"Un encierro limpio y sin heridos en el primer evento taurino de las Fiestas Patronales de Blanca 2022"}]},{"@type":"WebSite","@id":"https:\/\/blanca.es\/nuevaweb\/#website","url":"https:\/\/blanca.es\/nuevaweb\/","name":"Ayuntamiento de Blanca","description":"Web Municipal Blanca (Murcia)","publisher":{"@id":"https:\/\/blanca.es\/nuevaweb\/#organization"},"potentialAction":[{"@type":"SearchAction","target":{"@type":"EntryPoint","urlTemplate":"https:\/\/blanca.es\/nuevaweb\/?s={search_term_string}"},"query-input":{"@type":"PropertyValueSpecification","valueRequired":true,"valueName":"search_term_string"}}],"inLanguage":"es"},{"@type":"Organization","@id":"https:\/\/blanca.es\/nuevaweb\/#organization","name":"Ayuntamiento de Blanca","url":"https:\/\/blanca.es\/nuevaweb\/","logo":{"@type":"ImageObject","inLanguage":"es","@id":"https:\/\/blanca.es\/nuevaweb\/#\/schema\/logo\/image\/","url":"https:\/\/blanca.es\/nuevaweb\/wp-content\/uploads\/2020\/09\/Escudo_alta_cuadrado-3.png","contentUrl":"https:\/\/blanca.es\/nuevaweb\/wp-content\/uploads\/2020\/09\/Escudo_alta_cuadrado-3.png","width":300,"height":300,"caption":"Ayuntamiento de Blanca"},"image":{"@id":"https:\/\/blanca.es\/nuevaweb\/#\/schema\/logo\/image\/"},"sameAs":["https:\/\/es-es.facebook.com\/AyuntamientodeBlanca","https:\/\/x.com\/ayto_blanca","https:\/\/www.youtube.com\/channel\/UC9weal_OZVKN6meF0Fd_rqw"]},{"@type":"Person","@id":"https:\/\/blanca.es\/nuevaweb\/#\/schema\/person\/068ffbe563a96e998dc141bd91d5a84a","name":"Comunicaci\u00f3n","image":{"@type":"ImageObject","inLanguage":"es","@id":"https:\/\/secure.gravatar.com\/avatar\/0a6839cedbb80e4510cc6b40b620b579d19c8c87d368475504cb313c55980873?s=96&d=mm&r=g","url":"https:\/\/secure.gravatar.com\/avatar\/0a6839cedbb80e4510cc6b40b620b579d19c8c87d368475504cb313c55980873?s=96&d=mm&r=g","contentUrl":"https:\/\/secure.gravatar.com\/avatar\/0a6839cedbb80e4510cc6b40b620b579d19c8c87d368475504cb313c55980873?s=96&d=mm&r=g","caption":"Comunicaci\u00f3n"}}]}},"_links":{"self":[{"href":"https:\/\/blanca.es\/nuevaweb\/wp-json\/wp\/v2\/posts\/23689","targetHints":{"allow":["GET"]}}],"collection":[{"href":"https:\/\/blanca.es\/nuevaweb\/wp-json\/wp\/v2\/posts"}],"about":[{"href":"https:\/\/blanca.es\/nuevaweb\/wp-json\/wp\/v2\/types\/post"}],"author":[{"embeddable":true,"href":"https:\/\/blanca.es\/nuevaweb\/wp-json\/wp\/v2\/users\/2"}],"replies":[{"embeddable":true,"href":"https:\/\/blanca.es\/nuevaweb\/wp-json\/wp\/v2\/comments?post=23689"}],"version-history":[{"count":4,"href":"https:\/\/blanca.es\/nuevaweb\/wp-json\/wp\/v2\/posts\/23689\/revisions"}],"predecessor-version":[{"id":23766,"href":"https:\/\/blanca.es\/nuevaweb\/wp-json\/wp\/v2\/posts\/23689\/revisions\/23766"}],"wp:featuredmedia":[{"embeddable":true,"href":"https:\/\/blanca.es\/nuevaweb\/wp-json\/wp\/v2\/media\/23690"}],"wp:attachment":[{"href":"https:\/\/blanca.es\/nuevaweb\/wp-json\/wp\/v2\/media?parent=23689"}],"wp:term":[{"taxonomy":"category","embeddable":true,"href":"https:\/\/blanca.es\/nuevaweb\/wp-json\/wp\/v2\/categories?post=23689"},{"taxonomy":"post_tag","embeddable":true,"href":"https:\/\/blanca.es\/nuevaweb\/wp-json\/wp\/v2\/tags?post=23689"}],"curies":[{"name":"wp","href":"https:\/\/api.w.org\/{rel}","templated":true}]}}