{"id":23938,"date":"2022-10-20T10:27:59","date_gmt":"2022-10-20T08:27:59","guid":{"rendered":"https:\/\/blanca.es\/nuevaweb\/?p=23938"},"modified":"2022-10-20T10:28:01","modified_gmt":"2022-10-20T08:28:01","slug":"mas-de-550-escolares-de-todos-los-centros-educativos-de-blanca-participan-en-los-actos-por-el-dia-de-la-escritura","status":"publish","type":"post","link":"https:\/\/blanca.es\/nuevaweb\/mas-de-550-escolares-de-todos-los-centros-educativos-de-blanca-participan-en-los-actos-por-el-dia-de-la-escritura\/","title":{"rendered":"M\u00e1s de 550 escolares de todos los centros educativos de Blanca participan en los actos por el D\u00eda de la Escritura"},"content":{"rendered":"\n<p class=\"wp-block-paragraph\"><strong>La escritora Mar\u00eda Men\u00e9ndez-Ponte ha sido la madrina de esta edici\u00f3n del proyecto \u2018Escribir para leer\u2019 en el que han participado los colegios Antonio Molina, La Milagrosa y Virgen del Pilar, junto al IES Valle del Segura.<\/strong><\/p>\n\n\n\n<p class=\"wp-block-paragraph\">El municipio de Blanca ha acogido a lo largo de esta semana los actos celebrados a prop\u00f3sito del D\u00eda de la Escritura en el que han participado 558 escolares de los colegios Antonio Molina, La Milagrosa y Virgen del Pilar, as\u00ed como el IES Valle del Segura, una iniciativa que se lleva cabo gracias al Consejo General del Libro y a la organizaci\u00f3n del Ayuntamiento de Blanca a trav\u00e9s de la Concejal\u00edas de Cultura y Educaci\u00f3n.<\/p>\n\n\n\n<p class=\"wp-block-paragraph\">El primero de ellos tuvo como escenario el Teatro Victoria donde se entregaron los premios de la duod\u00e9cima edici\u00f3n del certamen literario de relatos cortos \u2018El d\u00eda de la escritura, escribir para leer\u2019, en un evento que cont\u00f3 con el alcalde del Consistorio blanque\u00f1o y concejal de Cultura, Pedro Luis Molina; la concejala de Educaci\u00f3n, Paula Cano; la presidenta del Consejo General del Libro, Isabel Molina; la coordinadora del Proyecto, Sara Moreno; y la ilustradora del libro que se publicar\u00e1 con los relatos ganadores, Estefan\u00eda Ramos.<\/p>\n\n\n\n<p class=\"wp-block-paragraph\">&nbsp;Los galardonados este a\u00f1o han siguiendo los siguientes escolares: \u2018Un talento oculto\u2019 de Mario Navarro Pi\u00f1eira (Colegio La Milagrosa, 2\u00ba ESO), \u2018La \u00faltima melod\u00eda\u2019 de Oumniya El Hamiti El Aamri (Colegio La Milagrosa, 2\u00ba ESO), y \u2018El peque\u00f1o Dino\u2019 de Alain Carpena (Colegio Virgen del Pilar, 5\u00ba).<\/p>\n\n\n\n<p class=\"wp-block-paragraph\">Posteriormente, la madrina de esta edici\u00f3n, Mar\u00eda Men\u00e9ndez-Ponte ley\u00f3 el preg\u00f3n del \u2018D\u00eda de la Escritura\u2019 y se prest\u00f3 a resolver las innumerables preguntas de los escolares sobre el mundo literario y la interesante trayectoria personal y profesional de la autora elegida este a\u00f1o, que form\u00f3 parte de su discurso.<\/p>\n\n\n\n<p class=\"wp-block-paragraph\">Adem\u00e1s, los alumnos y alumnas mantuvieron en sus propios centros educativos un \u2018Encuentro con la madrina\u2019, que ha sido la encargada de tutorizar a los ni\u00f1os y ni\u00f1as de la localidad en la escritura de un relato durante el curso escolar.<\/p>\n\n\n\n<p class=\"wp-block-paragraph\"><strong>Biograf\u00eda madrina<\/strong><\/p>\n\n\n\n<p class=\"wp-block-paragraph\">La escritora Mar\u00eda Men\u00e9ndez-Ponte naci\u00f3 en Galicia. Comenz\u00f3 la carrera en la Universidad de Santiago de Compostela. All\u00ed, junto con un grupo de estudiantes, fund\u00f3 un cine-club, y public\u00f3 numerosos art\u00edculos en diversos peri\u00f3dicos gallegos.<\/p>\n\n\n\n<p class=\"wp-block-paragraph\">En 1974, se cas\u00f3, tuvo su primer hijo y se mud\u00f3 con su familia a Nueva York, donde vivi\u00f3 durante cinco a\u00f1os y donde se licenci\u00f3 en la Universidad Nacional de Educaci\u00f3n a Distancia. Despu\u00e9s se fue a vivir a Madrid, donde se licenci\u00f3 adem\u00e1s en Filolog\u00eda Hisp\u00e1nica.<\/p>\n\n\n\n<p class=\"wp-block-paragraph\">En la d\u00e9cada de los noventa comenz\u00f3 su labor de escritora, tanto de novela como de cuento y relato corto, fundamentalmente orientados a la literatura infantil y juvenil. Muchos de sus libros son grandes \u00e9xitos de ventas, como \u2018Nunca ser\u00e9 tu h\u00e9roe\u2019, por el que obtuvo el Libro de Oro en el 2006 al superar los 100.001 ejemplares vendidos. T\u00edtulo que actualmente cuenta con m\u00e1s de cuarenta ediciones en distintas colecciones. En 2015 apareci\u00f3 la segunda parte, \u2018H\u00e9roe a mi pesar\u2019 y en el 2017 la tercera, \u2018H\u00e9roe en deportivas\u2019.<\/p>\n\n\n\n<p class=\"wp-block-paragraph\">Lo mismo ocurre con los libros de \u2018Pupi\u2019, un personaje muy querido entre los ni\u00f1os que tiene varias colecciones muy divertidas.<\/p>\n\n\n\n<p class=\"wp-block-paragraph\">Tambi\u00e9n ha trabajado en la producci\u00f3n de numerosos libros de texto, proyectos musicales, guiones y numerosos art\u00edculos para la revista \u2018Padres y Maestros\u2019 y el peri\u00f3dico \u2018Escuela\u2019.<\/p>\n\n\n\n<figure class=\"wp-block-gallery columns-3 is-cropped wp-block-gallery-1 is-layout-flex wp-block-gallery-is-layout-flex\"><ul class=\"blocks-gallery-grid\"><li class=\"blocks-gallery-item\"><figure><img loading=\"lazy\" decoding=\"async\" width=\"802\" height=\"1024\" src=\"https:\/\/blanca.es\/nuevaweb\/wp-content\/uploads\/2022\/10\/Foto-2-1-802x1024.jpg\" alt=\"\" data-id=\"23951\" data-full-url=\"https:\/\/blanca.es\/nuevaweb\/wp-content\/uploads\/2022\/10\/Foto-2-1-scaled.jpg\" data-link=\"https:\/\/blanca.es\/nuevaweb\/?attachment_id=23951\" class=\"wp-image-23951\" srcset=\"https:\/\/blanca.es\/nuevaweb\/wp-content\/uploads\/2022\/10\/Foto-2-1-802x1024.jpg 802w, https:\/\/blanca.es\/nuevaweb\/wp-content\/uploads\/2022\/10\/Foto-2-1-235x300.jpg 235w, https:\/\/blanca.es\/nuevaweb\/wp-content\/uploads\/2022\/10\/Foto-2-1-768x980.jpg 768w, https:\/\/blanca.es\/nuevaweb\/wp-content\/uploads\/2022\/10\/Foto-2-1-1203x1536.jpg 1203w, https:\/\/blanca.es\/nuevaweb\/wp-content\/uploads\/2022\/10\/Foto-2-1-1604x2048.jpg 1604w, https:\/\/blanca.es\/nuevaweb\/wp-content\/uploads\/2022\/10\/Foto-2-1-scaled.jpg 2006w\" sizes=\"auto, (max-width: 802px) 100vw, 802px\" \/><\/figure><\/li><li class=\"blocks-gallery-item\"><figure><img loading=\"lazy\" decoding=\"async\" width=\"1024\" height=\"768\" src=\"https:\/\/blanca.es\/nuevaweb\/wp-content\/uploads\/2022\/10\/Foto-3-1-1024x768.jpg\" alt=\"\" data-id=\"23952\" data-full-url=\"https:\/\/blanca.es\/nuevaweb\/wp-content\/uploads\/2022\/10\/Foto-3-1-scaled.jpg\" data-link=\"https:\/\/blanca.es\/nuevaweb\/?attachment_id=23952\" class=\"wp-image-23952\" srcset=\"https:\/\/blanca.es\/nuevaweb\/wp-content\/uploads\/2022\/10\/Foto-3-1-1024x768.jpg 1024w, https:\/\/blanca.es\/nuevaweb\/wp-content\/uploads\/2022\/10\/Foto-3-1-300x225.jpg 300w, https:\/\/blanca.es\/nuevaweb\/wp-content\/uploads\/2022\/10\/Foto-3-1-768x576.jpg 768w, https:\/\/blanca.es\/nuevaweb\/wp-content\/uploads\/2022\/10\/Foto-3-1-1536x1152.jpg 1536w, https:\/\/blanca.es\/nuevaweb\/wp-content\/uploads\/2022\/10\/Foto-3-1-2048x1536.jpg 2048w\" sizes=\"auto, (max-width: 1024px) 100vw, 1024px\" \/><\/figure><\/li><li class=\"blocks-gallery-item\"><figure><img loading=\"lazy\" decoding=\"async\" width=\"1024\" height=\"768\" src=\"https:\/\/blanca.es\/nuevaweb\/wp-content\/uploads\/2022\/10\/Foto-4-2-1024x768.jpeg\" alt=\"\" data-id=\"23953\" data-full-url=\"https:\/\/blanca.es\/nuevaweb\/wp-content\/uploads\/2022\/10\/Foto-4-2.jpeg\" data-link=\"https:\/\/blanca.es\/nuevaweb\/?attachment_id=23953\" class=\"wp-image-23953\" srcset=\"https:\/\/blanca.es\/nuevaweb\/wp-content\/uploads\/2022\/10\/Foto-4-2-1024x768.jpeg 1024w, https:\/\/blanca.es\/nuevaweb\/wp-content\/uploads\/2022\/10\/Foto-4-2-300x225.jpeg 300w, https:\/\/blanca.es\/nuevaweb\/wp-content\/uploads\/2022\/10\/Foto-4-2-768x576.jpeg 768w, https:\/\/blanca.es\/nuevaweb\/wp-content\/uploads\/2022\/10\/Foto-4-2-1536x1152.jpeg 1536w, https:\/\/blanca.es\/nuevaweb\/wp-content\/uploads\/2022\/10\/Foto-4-2.jpeg 1600w\" sizes=\"auto, (max-width: 1024px) 100vw, 1024px\" \/><\/figure><\/li><li class=\"blocks-gallery-item\"><figure><img loading=\"lazy\" decoding=\"async\" width=\"1024\" height=\"766\" src=\"https:\/\/blanca.es\/nuevaweb\/wp-content\/uploads\/2022\/10\/Foto-5-2-1024x766.jpeg\" alt=\"\" data-id=\"23954\" data-full-url=\"https:\/\/blanca.es\/nuevaweb\/wp-content\/uploads\/2022\/10\/Foto-5-2.jpeg\" data-link=\"https:\/\/blanca.es\/nuevaweb\/?attachment_id=23954\" class=\"wp-image-23954\" srcset=\"https:\/\/blanca.es\/nuevaweb\/wp-content\/uploads\/2022\/10\/Foto-5-2-1024x766.jpeg 1024w, https:\/\/blanca.es\/nuevaweb\/wp-content\/uploads\/2022\/10\/Foto-5-2-300x224.jpeg 300w, https:\/\/blanca.es\/nuevaweb\/wp-content\/uploads\/2022\/10\/Foto-5-2-768x575.jpeg 768w, https:\/\/blanca.es\/nuevaweb\/wp-content\/uploads\/2022\/10\/Foto-5-2-1536x1149.jpeg 1536w, https:\/\/blanca.es\/nuevaweb\/wp-content\/uploads\/2022\/10\/Foto-5-2.jpeg 1600w\" sizes=\"auto, (max-width: 1024px) 100vw, 1024px\" \/><\/figure><\/li><li class=\"blocks-gallery-item\"><figure><img loading=\"lazy\" decoding=\"async\" width=\"768\" height=\"1024\" src=\"https:\/\/blanca.es\/nuevaweb\/wp-content\/uploads\/2022\/10\/Foto-6-2.jpeg\" alt=\"\" data-id=\"23955\" data-full-url=\"https:\/\/blanca.es\/nuevaweb\/wp-content\/uploads\/2022\/10\/Foto-6-2.jpeg\" data-link=\"https:\/\/blanca.es\/nuevaweb\/?attachment_id=23955\" class=\"wp-image-23955\" srcset=\"https:\/\/blanca.es\/nuevaweb\/wp-content\/uploads\/2022\/10\/Foto-6-2.jpeg 768w, https:\/\/blanca.es\/nuevaweb\/wp-content\/uploads\/2022\/10\/Foto-6-2-225x300.jpeg 225w\" sizes=\"auto, (max-width: 768px) 100vw, 768px\" \/><\/figure><\/li><li class=\"blocks-gallery-item\"><figure><img loading=\"lazy\" decoding=\"async\" width=\"1024\" height=\"681\" src=\"https:\/\/blanca.es\/nuevaweb\/wp-content\/uploads\/2022\/10\/foto-7-1-1024x681.jpg\" alt=\"\" data-id=\"23956\" data-full-url=\"https:\/\/blanca.es\/nuevaweb\/wp-content\/uploads\/2022\/10\/foto-7-1-scaled.jpg\" data-link=\"https:\/\/blanca.es\/nuevaweb\/?attachment_id=23956\" class=\"wp-image-23956\" srcset=\"https:\/\/blanca.es\/nuevaweb\/wp-content\/uploads\/2022\/10\/foto-7-1-1024x681.jpg 1024w, https:\/\/blanca.es\/nuevaweb\/wp-content\/uploads\/2022\/10\/foto-7-1-300x199.jpg 300w, https:\/\/blanca.es\/nuevaweb\/wp-content\/uploads\/2022\/10\/foto-7-1-768x511.jpg 768w, https:\/\/blanca.es\/nuevaweb\/wp-content\/uploads\/2022\/10\/foto-7-1-1536x1021.jpg 1536w, https:\/\/blanca.es\/nuevaweb\/wp-content\/uploads\/2022\/10\/foto-7-1-2048x1362.jpg 2048w\" sizes=\"auto, (max-width: 1024px) 100vw, 1024px\" \/><\/figure><\/li><li class=\"blocks-gallery-item\"><figure><img loading=\"lazy\" decoding=\"async\" width=\"1024\" height=\"768\" src=\"https:\/\/blanca.es\/nuevaweb\/wp-content\/uploads\/2022\/10\/foto-8-1-1024x768.jpg\" alt=\"\" data-id=\"23957\" data-full-url=\"https:\/\/blanca.es\/nuevaweb\/wp-content\/uploads\/2022\/10\/foto-8-1-scaled.jpg\" data-link=\"https:\/\/blanca.es\/nuevaweb\/?attachment_id=23957\" class=\"wp-image-23957\" srcset=\"https:\/\/blanca.es\/nuevaweb\/wp-content\/uploads\/2022\/10\/foto-8-1-1024x768.jpg 1024w, https:\/\/blanca.es\/nuevaweb\/wp-content\/uploads\/2022\/10\/foto-8-1-300x225.jpg 300w, https:\/\/blanca.es\/nuevaweb\/wp-content\/uploads\/2022\/10\/foto-8-1-768x576.jpg 768w, https:\/\/blanca.es\/nuevaweb\/wp-content\/uploads\/2022\/10\/foto-8-1-1536x1152.jpg 1536w, https:\/\/blanca.es\/nuevaweb\/wp-content\/uploads\/2022\/10\/foto-8-1-2048x1536.jpg 2048w\" sizes=\"auto, (max-width: 1024px) 100vw, 1024px\" \/><\/figure><\/li><li class=\"blocks-gallery-item\"><figure><img loading=\"lazy\" decoding=\"async\" width=\"1024\" height=\"768\" src=\"https:\/\/blanca.es\/nuevaweb\/wp-content\/uploads\/2022\/10\/Foto-9-1-1024x768.jpg\" alt=\"\" data-id=\"23958\" data-full-url=\"https:\/\/blanca.es\/nuevaweb\/wp-content\/uploads\/2022\/10\/Foto-9-1-scaled.jpg\" data-link=\"https:\/\/blanca.es\/nuevaweb\/?attachment_id=23958\" class=\"wp-image-23958\" srcset=\"https:\/\/blanca.es\/nuevaweb\/wp-content\/uploads\/2022\/10\/Foto-9-1-1024x768.jpg 1024w, https:\/\/blanca.es\/nuevaweb\/wp-content\/uploads\/2022\/10\/Foto-9-1-300x225.jpg 300w, https:\/\/blanca.es\/nuevaweb\/wp-content\/uploads\/2022\/10\/Foto-9-1-768x576.jpg 768w, https:\/\/blanca.es\/nuevaweb\/wp-content\/uploads\/2022\/10\/Foto-9-1-1536x1152.jpg 1536w, https:\/\/blanca.es\/nuevaweb\/wp-content\/uploads\/2022\/10\/Foto-9-1-2048x1536.jpg 2048w\" sizes=\"auto, (max-width: 1024px) 100vw, 1024px\" \/><\/figure><\/li><li class=\"blocks-gallery-item\"><figure><img loading=\"lazy\" decoding=\"async\" width=\"1024\" height=\"681\" src=\"https:\/\/blanca.es\/nuevaweb\/wp-content\/uploads\/2022\/10\/Foto-10-1-1024x681.jpg\" alt=\"\" data-id=\"23959\" data-full-url=\"https:\/\/blanca.es\/nuevaweb\/wp-content\/uploads\/2022\/10\/Foto-10-1-scaled.jpg\" data-link=\"https:\/\/blanca.es\/nuevaweb\/?attachment_id=23959\" class=\"wp-image-23959\" srcset=\"https:\/\/blanca.es\/nuevaweb\/wp-content\/uploads\/2022\/10\/Foto-10-1-1024x681.jpg 1024w, https:\/\/blanca.es\/nuevaweb\/wp-content\/uploads\/2022\/10\/Foto-10-1-300x199.jpg 300w, https:\/\/blanca.es\/nuevaweb\/wp-content\/uploads\/2022\/10\/Foto-10-1-768x511.jpg 768w, https:\/\/blanca.es\/nuevaweb\/wp-content\/uploads\/2022\/10\/Foto-10-1-1536x1021.jpg 1536w, https:\/\/blanca.es\/nuevaweb\/wp-content\/uploads\/2022\/10\/Foto-10-1-2048x1362.jpg 2048w\" sizes=\"auto, (max-width: 1024px) 100vw, 1024px\" \/><\/figure><\/li><li class=\"blocks-gallery-item\"><figure><img loading=\"lazy\" decoding=\"async\" width=\"1024\" height=\"681\" src=\"https:\/\/blanca.es\/nuevaweb\/wp-content\/uploads\/2022\/10\/Foto-11-1-1024x681.jpg\" alt=\"\" data-id=\"23960\" data-full-url=\"https:\/\/blanca.es\/nuevaweb\/wp-content\/uploads\/2022\/10\/Foto-11-1-scaled.jpg\" data-link=\"https:\/\/blanca.es\/nuevaweb\/?attachment_id=23960\" class=\"wp-image-23960\" srcset=\"https:\/\/blanca.es\/nuevaweb\/wp-content\/uploads\/2022\/10\/Foto-11-1-1024x681.jpg 1024w, https:\/\/blanca.es\/nuevaweb\/wp-content\/uploads\/2022\/10\/Foto-11-1-300x199.jpg 300w, https:\/\/blanca.es\/nuevaweb\/wp-content\/uploads\/2022\/10\/Foto-11-1-768x511.jpg 768w, https:\/\/blanca.es\/nuevaweb\/wp-content\/uploads\/2022\/10\/Foto-11-1-1536x1021.jpg 1536w, https:\/\/blanca.es\/nuevaweb\/wp-content\/uploads\/2022\/10\/Foto-11-1-2048x1362.jpg 2048w\" sizes=\"auto, (max-width: 1024px) 100vw, 1024px\" \/><\/figure><\/li><li class=\"blocks-gallery-item\"><figure><img loading=\"lazy\" decoding=\"async\" width=\"1024\" height=\"768\" src=\"https:\/\/blanca.es\/nuevaweb\/wp-content\/uploads\/2022\/10\/Foto-12-1-1024x768.jpg\" alt=\"\" data-id=\"23961\" data-full-url=\"https:\/\/blanca.es\/nuevaweb\/wp-content\/uploads\/2022\/10\/Foto-12-1-scaled.jpg\" data-link=\"https:\/\/blanca.es\/nuevaweb\/?attachment_id=23961\" class=\"wp-image-23961\" srcset=\"https:\/\/blanca.es\/nuevaweb\/wp-content\/uploads\/2022\/10\/Foto-12-1-1024x768.jpg 1024w, https:\/\/blanca.es\/nuevaweb\/wp-content\/uploads\/2022\/10\/Foto-12-1-300x225.jpg 300w, https:\/\/blanca.es\/nuevaweb\/wp-content\/uploads\/2022\/10\/Foto-12-1-768x576.jpg 768w, https:\/\/blanca.es\/nuevaweb\/wp-content\/uploads\/2022\/10\/Foto-12-1-1536x1152.jpg 1536w, https:\/\/blanca.es\/nuevaweb\/wp-content\/uploads\/2022\/10\/Foto-12-1-2048x1536.jpg 2048w\" sizes=\"auto, (max-width: 1024px) 100vw, 1024px\" \/><\/figure><\/li><\/ul><\/figure>\n","protected":false},"excerpt":{"rendered":"<p>La escritora Mar\u00eda Men\u00e9ndez-Ponte ha sido la madrina de esta edici\u00f3n del proyecto \u2018Escribir para leer\u2019 en el que han participado los colegios Antonio Molina, La Milagrosa y Virgen del Pilar, junto al IES Valle del Segura.<\/p>\n","protected":false},"author":2,"featured_media":23939,"comment_status":"closed","ping_status":"open","sticky":false,"template":"","format":"standard","meta":{"footnotes":""},"categories":[192],"tags":[],"class_list":["post-23938","post","type-post","status-publish","format-standard","has-post-thumbnail","hentry","category-educacion"],"yoast_head":"<!-- This site is optimized with the Yoast SEO plugin v28.1 - https:\/\/yoast.com\/product\/yoast-seo-wordpress\/ -->\n<title>M\u00e1s de 550 escolares de todos los centros educativos de Blanca participan en los actos por el D\u00eda de la Escritura - Ayuntamiento de Blanca<\/title>\n<meta name=\"robots\" content=\"index, follow, max-snippet:-1, max-image-preview:large, max-video-preview:-1\" \/>\n<link rel=\"canonical\" href=\"https:\/\/blanca.es\/nuevaweb\/mas-de-550-escolares-de-todos-los-centros-educativos-de-blanca-participan-en-los-actos-por-el-dia-de-la-escritura\/\" \/>\n<meta property=\"og:locale\" content=\"es_ES\" \/>\n<meta property=\"og:type\" content=\"article\" \/>\n<meta property=\"og:title\" content=\"M\u00e1s de 550 escolares de todos los centros educativos de Blanca participan en los actos por el D\u00eda de la Escritura - Ayuntamiento de Blanca\" \/>\n<meta property=\"og:description\" content=\"La escritora Mar\u00eda Men\u00e9ndez-Ponte ha sido la madrina de esta edici\u00f3n del proyecto \u2018Escribir para leer\u2019 en el que han participado los colegios Antonio Molina, La Milagrosa y Virgen del Pilar, junto al IES Valle del Segura.\" \/>\n<meta property=\"og:url\" content=\"https:\/\/blanca.es\/nuevaweb\/mas-de-550-escolares-de-todos-los-centros-educativos-de-blanca-participan-en-los-actos-por-el-dia-de-la-escritura\/\" \/>\n<meta property=\"og:site_name\" content=\"Ayuntamiento de Blanca\" \/>\n<meta property=\"article:publisher\" content=\"https:\/\/es-es.facebook.com\/AyuntamientodeBlanca\" \/>\n<meta property=\"article:published_time\" content=\"2022-10-20T08:27:59+00:00\" \/>\n<meta property=\"article:modified_time\" content=\"2022-10-20T08:28:01+00:00\" \/>\n<meta property=\"og:image\" content=\"https:\/\/blanca.es\/nuevaweb\/wp-content\/uploads\/2022\/10\/Foto-1-scaled.jpg\" \/>\n\t<meta property=\"og:image:width\" content=\"2560\" \/>\n\t<meta property=\"og:image:height\" content=\"1195\" \/>\n\t<meta property=\"og:image:type\" content=\"image\/jpeg\" \/>\n<meta name=\"author\" content=\"Comunicaci\u00f3n\" \/>\n<meta name=\"twitter:card\" content=\"summary_large_image\" \/>\n<meta name=\"twitter:creator\" content=\"@ayto_blanca\" \/>\n<meta name=\"twitter:site\" content=\"@ayto_blanca\" \/>\n<meta name=\"twitter:label1\" content=\"Escrito por\" \/>\n\t<meta name=\"twitter:data1\" content=\"Comunicaci\u00f3n\" \/>\n\t<meta name=\"twitter:label2\" content=\"Tiempo de lectura\" \/>\n\t<meta name=\"twitter:data2\" content=\"5 minutos\" \/>\n<script type=\"application\/ld+json\" class=\"yoast-schema-graph\">{\"@context\":\"https:\\\/\\\/schema.org\",\"@graph\":[{\"@type\":\"Article\",\"@id\":\"https:\\\/\\\/blanca.es\\\/nuevaweb\\\/mas-de-550-escolares-de-todos-los-centros-educativos-de-blanca-participan-en-los-actos-por-el-dia-de-la-escritura\\\/#article\",\"isPartOf\":{\"@id\":\"https:\\\/\\\/blanca.es\\\/nuevaweb\\\/mas-de-550-escolares-de-todos-los-centros-educativos-de-blanca-participan-en-los-actos-por-el-dia-de-la-escritura\\\/\"},\"author\":{\"name\":\"Comunicaci\u00f3n\",\"@id\":\"https:\\\/\\\/blanca.es\\\/nuevaweb\\\/#\\\/schema\\\/person\\\/068ffbe563a96e998dc141bd91d5a84a\"},\"headline\":\"M\u00e1s de 550 escolares de todos los centros educativos de Blanca participan en los actos por el D\u00eda de la Escritura\",\"datePublished\":\"2022-10-20T08:27:59+00:00\",\"dateModified\":\"2022-10-20T08:28:01+00:00\",\"mainEntityOfPage\":{\"@id\":\"https:\\\/\\\/blanca.es\\\/nuevaweb\\\/mas-de-550-escolares-de-todos-los-centros-educativos-de-blanca-participan-en-los-actos-por-el-dia-de-la-escritura\\\/\"},\"wordCount\":624,\"publisher\":{\"@id\":\"https:\\\/\\\/blanca.es\\\/nuevaweb\\\/#organization\"},\"image\":{\"@id\":\"https:\\\/\\\/blanca.es\\\/nuevaweb\\\/mas-de-550-escolares-de-todos-los-centros-educativos-de-blanca-participan-en-los-actos-por-el-dia-de-la-escritura\\\/#primaryimage\"},\"thumbnailUrl\":\"https:\\\/\\\/blanca.es\\\/nuevaweb\\\/wp-content\\\/uploads\\\/2022\\\/10\\\/Foto-1-scaled.jpg\",\"articleSection\":[\"Educaci\u00f3n\"],\"inLanguage\":\"es\"},{\"@type\":\"WebPage\",\"@id\":\"https:\\\/\\\/blanca.es\\\/nuevaweb\\\/mas-de-550-escolares-de-todos-los-centros-educativos-de-blanca-participan-en-los-actos-por-el-dia-de-la-escritura\\\/\",\"url\":\"https:\\\/\\\/blanca.es\\\/nuevaweb\\\/mas-de-550-escolares-de-todos-los-centros-educativos-de-blanca-participan-en-los-actos-por-el-dia-de-la-escritura\\\/\",\"name\":\"M\u00e1s de 550 escolares de todos los centros educativos de Blanca participan en los actos por el D\u00eda de la Escritura - Ayuntamiento de Blanca\",\"isPartOf\":{\"@id\":\"https:\\\/\\\/blanca.es\\\/nuevaweb\\\/#website\"},\"primaryImageOfPage\":{\"@id\":\"https:\\\/\\\/blanca.es\\\/nuevaweb\\\/mas-de-550-escolares-de-todos-los-centros-educativos-de-blanca-participan-en-los-actos-por-el-dia-de-la-escritura\\\/#primaryimage\"},\"image\":{\"@id\":\"https:\\\/\\\/blanca.es\\\/nuevaweb\\\/mas-de-550-escolares-de-todos-los-centros-educativos-de-blanca-participan-en-los-actos-por-el-dia-de-la-escritura\\\/#primaryimage\"},\"thumbnailUrl\":\"https:\\\/\\\/blanca.es\\\/nuevaweb\\\/wp-content\\\/uploads\\\/2022\\\/10\\\/Foto-1-scaled.jpg\",\"datePublished\":\"2022-10-20T08:27:59+00:00\",\"dateModified\":\"2022-10-20T08:28:01+00:00\",\"breadcrumb\":{\"@id\":\"https:\\\/\\\/blanca.es\\\/nuevaweb\\\/mas-de-550-escolares-de-todos-los-centros-educativos-de-blanca-participan-en-los-actos-por-el-dia-de-la-escritura\\\/#breadcrumb\"},\"inLanguage\":\"es\",\"potentialAction\":[{\"@type\":\"ReadAction\",\"target\":[\"https:\\\/\\\/blanca.es\\\/nuevaweb\\\/mas-de-550-escolares-de-todos-los-centros-educativos-de-blanca-participan-en-los-actos-por-el-dia-de-la-escritura\\\/\"]}]},{\"@type\":\"ImageObject\",\"inLanguage\":\"es\",\"@id\":\"https:\\\/\\\/blanca.es\\\/nuevaweb\\\/mas-de-550-escolares-de-todos-los-centros-educativos-de-blanca-participan-en-los-actos-por-el-dia-de-la-escritura\\\/#primaryimage\",\"url\":\"https:\\\/\\\/blanca.es\\\/nuevaweb\\\/wp-content\\\/uploads\\\/2022\\\/10\\\/Foto-1-scaled.jpg\",\"contentUrl\":\"https:\\\/\\\/blanca.es\\\/nuevaweb\\\/wp-content\\\/uploads\\\/2022\\\/10\\\/Foto-1-scaled.jpg\",\"width\":2560,\"height\":1195},{\"@type\":\"BreadcrumbList\",\"@id\":\"https:\\\/\\\/blanca.es\\\/nuevaweb\\\/mas-de-550-escolares-de-todos-los-centros-educativos-de-blanca-participan-en-los-actos-por-el-dia-de-la-escritura\\\/#breadcrumb\",\"itemListElement\":[{\"@type\":\"ListItem\",\"position\":1,\"name\":\"Portada\",\"item\":\"https:\\\/\\\/blanca.es\\\/nuevaweb\\\/\"},{\"@type\":\"ListItem\",\"position\":2,\"name\":\"M\u00e1s de 550 escolares de todos los centros educativos de Blanca participan en los actos por el D\u00eda de la Escritura\"}]},{\"@type\":\"WebSite\",\"@id\":\"https:\\\/\\\/blanca.es\\\/nuevaweb\\\/#website\",\"url\":\"https:\\\/\\\/blanca.es\\\/nuevaweb\\\/\",\"name\":\"Ayuntamiento de Blanca\",\"description\":\"Web Municipal Blanca (Murcia)\",\"publisher\":{\"@id\":\"https:\\\/\\\/blanca.es\\\/nuevaweb\\\/#organization\"},\"potentialAction\":[{\"@type\":\"SearchAction\",\"target\":{\"@type\":\"EntryPoint\",\"urlTemplate\":\"https:\\\/\\\/blanca.es\\\/nuevaweb\\\/?s={search_term_string}\"},\"query-input\":{\"@type\":\"PropertyValueSpecification\",\"valueRequired\":true,\"valueName\":\"search_term_string\"}}],\"inLanguage\":\"es\"},{\"@type\":\"Organization\",\"@id\":\"https:\\\/\\\/blanca.es\\\/nuevaweb\\\/#organization\",\"name\":\"Ayuntamiento de Blanca\",\"url\":\"https:\\\/\\\/blanca.es\\\/nuevaweb\\\/\",\"logo\":{\"@type\":\"ImageObject\",\"inLanguage\":\"es\",\"@id\":\"https:\\\/\\\/blanca.es\\\/nuevaweb\\\/#\\\/schema\\\/logo\\\/image\\\/\",\"url\":\"https:\\\/\\\/blanca.es\\\/nuevaweb\\\/wp-content\\\/uploads\\\/2020\\\/09\\\/Escudo_alta_cuadrado-3.png\",\"contentUrl\":\"https:\\\/\\\/blanca.es\\\/nuevaweb\\\/wp-content\\\/uploads\\\/2020\\\/09\\\/Escudo_alta_cuadrado-3.png\",\"width\":300,\"height\":300,\"caption\":\"Ayuntamiento de Blanca\"},\"image\":{\"@id\":\"https:\\\/\\\/blanca.es\\\/nuevaweb\\\/#\\\/schema\\\/logo\\\/image\\\/\"},\"sameAs\":[\"https:\\\/\\\/es-es.facebook.com\\\/AyuntamientodeBlanca\",\"https:\\\/\\\/x.com\\\/ayto_blanca\",\"https:\\\/\\\/www.youtube.com\\\/channel\\\/UC9weal_OZVKN6meF0Fd_rqw\"]},{\"@type\":\"Person\",\"@id\":\"https:\\\/\\\/blanca.es\\\/nuevaweb\\\/#\\\/schema\\\/person\\\/068ffbe563a96e998dc141bd91d5a84a\",\"name\":\"Comunicaci\u00f3n\",\"image\":{\"@type\":\"ImageObject\",\"inLanguage\":\"es\",\"@id\":\"https:\\\/\\\/secure.gravatar.com\\\/avatar\\\/0a6839cedbb80e4510cc6b40b620b579d19c8c87d368475504cb313c55980873?s=96&d=mm&r=g\",\"url\":\"https:\\\/\\\/secure.gravatar.com\\\/avatar\\\/0a6839cedbb80e4510cc6b40b620b579d19c8c87d368475504cb313c55980873?s=96&d=mm&r=g\",\"contentUrl\":\"https:\\\/\\\/secure.gravatar.com\\\/avatar\\\/0a6839cedbb80e4510cc6b40b620b579d19c8c87d368475504cb313c55980873?s=96&d=mm&r=g\",\"caption\":\"Comunicaci\u00f3n\"}}]}<\/script>\n<!-- \/ Yoast SEO plugin. -->","yoast_head_json":{"title":"M\u00e1s de 550 escolares de todos los centros educativos de Blanca participan en los actos por el D\u00eda de la Escritura - Ayuntamiento de Blanca","robots":{"index":"index","follow":"follow","max-snippet":"max-snippet:-1","max-image-preview":"max-image-preview:large","max-video-preview":"max-video-preview:-1"},"canonical":"https:\/\/blanca.es\/nuevaweb\/mas-de-550-escolares-de-todos-los-centros-educativos-de-blanca-participan-en-los-actos-por-el-dia-de-la-escritura\/","og_locale":"es_ES","og_type":"article","og_title":"M\u00e1s de 550 escolares de todos los centros educativos de Blanca participan en los actos por el D\u00eda de la Escritura - Ayuntamiento de Blanca","og_description":"La escritora Mar\u00eda Men\u00e9ndez-Ponte ha sido la madrina de esta edici\u00f3n del proyecto \u2018Escribir para leer\u2019 en el que han participado los colegios Antonio Molina, La Milagrosa y Virgen del Pilar, junto al IES Valle del Segura.","og_url":"https:\/\/blanca.es\/nuevaweb\/mas-de-550-escolares-de-todos-los-centros-educativos-de-blanca-participan-en-los-actos-por-el-dia-de-la-escritura\/","og_site_name":"Ayuntamiento de Blanca","article_publisher":"https:\/\/es-es.facebook.com\/AyuntamientodeBlanca","article_published_time":"2022-10-20T08:27:59+00:00","article_modified_time":"2022-10-20T08:28:01+00:00","og_image":[{"width":2560,"height":1195,"url":"https:\/\/blanca.es\/nuevaweb\/wp-content\/uploads\/2022\/10\/Foto-1-scaled.jpg","type":"image\/jpeg"}],"author":"Comunicaci\u00f3n","twitter_card":"summary_large_image","twitter_creator":"@ayto_blanca","twitter_site":"@ayto_blanca","twitter_misc":{"Escrito por":"Comunicaci\u00f3n","Tiempo de lectura":"5 minutos"},"schema":{"@context":"https:\/\/schema.org","@graph":[{"@type":"Article","@id":"https:\/\/blanca.es\/nuevaweb\/mas-de-550-escolares-de-todos-los-centros-educativos-de-blanca-participan-en-los-actos-por-el-dia-de-la-escritura\/#article","isPartOf":{"@id":"https:\/\/blanca.es\/nuevaweb\/mas-de-550-escolares-de-todos-los-centros-educativos-de-blanca-participan-en-los-actos-por-el-dia-de-la-escritura\/"},"author":{"name":"Comunicaci\u00f3n","@id":"https:\/\/blanca.es\/nuevaweb\/#\/schema\/person\/068ffbe563a96e998dc141bd91d5a84a"},"headline":"M\u00e1s de 550 escolares de todos los centros educativos de Blanca participan en los actos por el D\u00eda de la Escritura","datePublished":"2022-10-20T08:27:59+00:00","dateModified":"2022-10-20T08:28:01+00:00","mainEntityOfPage":{"@id":"https:\/\/blanca.es\/nuevaweb\/mas-de-550-escolares-de-todos-los-centros-educativos-de-blanca-participan-en-los-actos-por-el-dia-de-la-escritura\/"},"wordCount":624,"publisher":{"@id":"https:\/\/blanca.es\/nuevaweb\/#organization"},"image":{"@id":"https:\/\/blanca.es\/nuevaweb\/mas-de-550-escolares-de-todos-los-centros-educativos-de-blanca-participan-en-los-actos-por-el-dia-de-la-escritura\/#primaryimage"},"thumbnailUrl":"https:\/\/blanca.es\/nuevaweb\/wp-content\/uploads\/2022\/10\/Foto-1-scaled.jpg","articleSection":["Educaci\u00f3n"],"inLanguage":"es"},{"@type":"WebPage","@id":"https:\/\/blanca.es\/nuevaweb\/mas-de-550-escolares-de-todos-los-centros-educativos-de-blanca-participan-en-los-actos-por-el-dia-de-la-escritura\/","url":"https:\/\/blanca.es\/nuevaweb\/mas-de-550-escolares-de-todos-los-centros-educativos-de-blanca-participan-en-los-actos-por-el-dia-de-la-escritura\/","name":"M\u00e1s de 550 escolares de todos los centros educativos de Blanca participan en los actos por el D\u00eda de la Escritura - Ayuntamiento de Blanca","isPartOf":{"@id":"https:\/\/blanca.es\/nuevaweb\/#website"},"primaryImageOfPage":{"@id":"https:\/\/blanca.es\/nuevaweb\/mas-de-550-escolares-de-todos-los-centros-educativos-de-blanca-participan-en-los-actos-por-el-dia-de-la-escritura\/#primaryimage"},"image":{"@id":"https:\/\/blanca.es\/nuevaweb\/mas-de-550-escolares-de-todos-los-centros-educativos-de-blanca-participan-en-los-actos-por-el-dia-de-la-escritura\/#primaryimage"},"thumbnailUrl":"https:\/\/blanca.es\/nuevaweb\/wp-content\/uploads\/2022\/10\/Foto-1-scaled.jpg","datePublished":"2022-10-20T08:27:59+00:00","dateModified":"2022-10-20T08:28:01+00:00","breadcrumb":{"@id":"https:\/\/blanca.es\/nuevaweb\/mas-de-550-escolares-de-todos-los-centros-educativos-de-blanca-participan-en-los-actos-por-el-dia-de-la-escritura\/#breadcrumb"},"inLanguage":"es","potentialAction":[{"@type":"ReadAction","target":["https:\/\/blanca.es\/nuevaweb\/mas-de-550-escolares-de-todos-los-centros-educativos-de-blanca-participan-en-los-actos-por-el-dia-de-la-escritura\/"]}]},{"@type":"ImageObject","inLanguage":"es","@id":"https:\/\/blanca.es\/nuevaweb\/mas-de-550-escolares-de-todos-los-centros-educativos-de-blanca-participan-en-los-actos-por-el-dia-de-la-escritura\/#primaryimage","url":"https:\/\/blanca.es\/nuevaweb\/wp-content\/uploads\/2022\/10\/Foto-1-scaled.jpg","contentUrl":"https:\/\/blanca.es\/nuevaweb\/wp-content\/uploads\/2022\/10\/Foto-1-scaled.jpg","width":2560,"height":1195},{"@type":"BreadcrumbList","@id":"https:\/\/blanca.es\/nuevaweb\/mas-de-550-escolares-de-todos-los-centros-educativos-de-blanca-participan-en-los-actos-por-el-dia-de-la-escritura\/#breadcrumb","itemListElement":[{"@type":"ListItem","position":1,"name":"Portada","item":"https:\/\/blanca.es\/nuevaweb\/"},{"@type":"ListItem","position":2,"name":"M\u00e1s de 550 escolares de todos los centros educativos de Blanca participan en los actos por el D\u00eda de la Escritura"}]},{"@type":"WebSite","@id":"https:\/\/blanca.es\/nuevaweb\/#website","url":"https:\/\/blanca.es\/nuevaweb\/","name":"Ayuntamiento de Blanca","description":"Web Municipal Blanca (Murcia)","publisher":{"@id":"https:\/\/blanca.es\/nuevaweb\/#organization"},"potentialAction":[{"@type":"SearchAction","target":{"@type":"EntryPoint","urlTemplate":"https:\/\/blanca.es\/nuevaweb\/?s={search_term_string}"},"query-input":{"@type":"PropertyValueSpecification","valueRequired":true,"valueName":"search_term_string"}}],"inLanguage":"es"},{"@type":"Organization","@id":"https:\/\/blanca.es\/nuevaweb\/#organization","name":"Ayuntamiento de Blanca","url":"https:\/\/blanca.es\/nuevaweb\/","logo":{"@type":"ImageObject","inLanguage":"es","@id":"https:\/\/blanca.es\/nuevaweb\/#\/schema\/logo\/image\/","url":"https:\/\/blanca.es\/nuevaweb\/wp-content\/uploads\/2020\/09\/Escudo_alta_cuadrado-3.png","contentUrl":"https:\/\/blanca.es\/nuevaweb\/wp-content\/uploads\/2020\/09\/Escudo_alta_cuadrado-3.png","width":300,"height":300,"caption":"Ayuntamiento de Blanca"},"image":{"@id":"https:\/\/blanca.es\/nuevaweb\/#\/schema\/logo\/image\/"},"sameAs":["https:\/\/es-es.facebook.com\/AyuntamientodeBlanca","https:\/\/x.com\/ayto_blanca","https:\/\/www.youtube.com\/channel\/UC9weal_OZVKN6meF0Fd_rqw"]},{"@type":"Person","@id":"https:\/\/blanca.es\/nuevaweb\/#\/schema\/person\/068ffbe563a96e998dc141bd91d5a84a","name":"Comunicaci\u00f3n","image":{"@type":"ImageObject","inLanguage":"es","@id":"https:\/\/secure.gravatar.com\/avatar\/0a6839cedbb80e4510cc6b40b620b579d19c8c87d368475504cb313c55980873?s=96&d=mm&r=g","url":"https:\/\/secure.gravatar.com\/avatar\/0a6839cedbb80e4510cc6b40b620b579d19c8c87d368475504cb313c55980873?s=96&d=mm&r=g","contentUrl":"https:\/\/secure.gravatar.com\/avatar\/0a6839cedbb80e4510cc6b40b620b579d19c8c87d368475504cb313c55980873?s=96&d=mm&r=g","caption":"Comunicaci\u00f3n"}}]}},"_links":{"self":[{"href":"https:\/\/blanca.es\/nuevaweb\/wp-json\/wp\/v2\/posts\/23938","targetHints":{"allow":["GET"]}}],"collection":[{"href":"https:\/\/blanca.es\/nuevaweb\/wp-json\/wp\/v2\/posts"}],"about":[{"href":"https:\/\/blanca.es\/nuevaweb\/wp-json\/wp\/v2\/types\/post"}],"author":[{"embeddable":true,"href":"https:\/\/blanca.es\/nuevaweb\/wp-json\/wp\/v2\/users\/2"}],"replies":[{"embeddable":true,"href":"https:\/\/blanca.es\/nuevaweb\/wp-json\/wp\/v2\/comments?post=23938"}],"version-history":[{"count":1,"href":"https:\/\/blanca.es\/nuevaweb\/wp-json\/wp\/v2\/posts\/23938\/revisions"}],"predecessor-version":[{"id":23962,"href":"https:\/\/blanca.es\/nuevaweb\/wp-json\/wp\/v2\/posts\/23938\/revisions\/23962"}],"wp:featuredmedia":[{"embeddable":true,"href":"https:\/\/blanca.es\/nuevaweb\/wp-json\/wp\/v2\/media\/23939"}],"wp:attachment":[{"href":"https:\/\/blanca.es\/nuevaweb\/wp-json\/wp\/v2\/media?parent=23938"}],"wp:term":[{"taxonomy":"category","embeddable":true,"href":"https:\/\/blanca.es\/nuevaweb\/wp-json\/wp\/v2\/categories?post=23938"},{"taxonomy":"post_tag","embeddable":true,"href":"https:\/\/blanca.es\/nuevaweb\/wp-json\/wp\/v2\/tags?post=23938"}],"curies":[{"name":"wp","href":"https:\/\/api.w.org\/{rel}","templated":true}]}}