{"id":24033,"date":"2022-11-26T12:17:39","date_gmt":"2022-11-26T10:17:39","guid":{"rendered":"https:\/\/blanca.es\/nuevaweb\/?p=24033"},"modified":"2022-11-26T12:29:34","modified_gmt":"2022-11-26T10:29:34","slug":"el-ayuntamiento-de-blanca-lleva-a-cabo-un-sellado-de-urgencia-de-las-cubiertas-del-ceip-antonio-molina-debido-a-su-mal-estado","status":"publish","type":"post","link":"https:\/\/blanca.es\/nuevaweb\/el-ayuntamiento-de-blanca-lleva-a-cabo-un-sellado-de-urgencia-de-las-cubiertas-del-ceip-antonio-molina-debido-a-su-mal-estado\/","title":{"rendered":"El Ayuntamiento de Blanca lleva a cabo un sellado de urgencia de las cubiertas del CEIP Antonio Molina debido a su mal estado"},"content":{"rendered":"\n<p class=\"wp-block-paragraph\"><strong>El Consistorio blanque\u00f1o, ante la inacci\u00f3n durante a\u00f1os del Gobierno Regional, ha tomado esta decisi\u00f3n para permitir que durante los periodos de lluvia torrencial el centro educativo pueda llevar a cabo su normal funcionamiento, evitando adem\u00e1s posibles da\u00f1os materiales y riesgos a la integridad f\u00edsica de las personas. <\/strong><\/p>\n\n\n\n<p class=\"wp-block-paragraph\">El alcalde del Ayuntamiento de Blanca, Pedro Luis Molina, ha anunciado que ya se han iniciado las obras de urgencia para la sellado de las cubiertas del CEIP Antonio Molina debido al mal estado en el que se encuentran por presentar deficiencias importantes de falta de estanqueidad, lo que impide en los d\u00edas de lluvia intensa el normal funcionamiento del centro y pone en riesgo los bienes materiales y las personas.<\/p>\n\n\n\n<p class=\"wp-block-paragraph\">En concreto, se est\u00e1 realizando la intervenci\u00f3n exterior en los tejados del colegio para aislarlo t\u00e9rmicamente con espuma de poliuretano con el fin de evitar las goteras y peligros que ha sufrido el colegio durante los episodios recientes de intensas lluvias.<\/p>\n\n\n\n<p class=\"wp-block-paragraph\"><meta charset=\"utf-8\">Desde el Ayuntamiento de Blanca \u201cpedimos a la consejer\u00eda que act\u00fae ya e incluya en los presupuestos de la CARM para 2023 la rehabilitaci\u00f3n integral del CEIP Antonio Molina Gonz\u00e1lez y su ampliaci\u00f3n\u201d.<\/p>\n\n\n\n<p class=\"wp-block-paragraph\">El Consistorio blanque\u00f1o ha tomado esta decisi\u00f3n \u201caras de preservar la seguridad de alumnos, alumnas y profesores que est\u00e1n sufriendo las consecuencias de la inacci\u00f3n durante a\u00f1os de la Consejer\u00eda de Educaci\u00f3n, que ostenta las competencias en materia de infraestructuras de los centros educativos, y que se volvi\u00f3 a comprometer durante el \u00faltimo encuentro mantenido en octubre, a la rehabilitaci\u00f3n integral de las cubiertas para el verano de 2023\u201d, en palabras de Pedro Luis Molina.<\/p>\n\n\n\n<p class=\"wp-block-paragraph\">Actualmente, son muchos los problemas estructurales del colegio como la necesidad de rehabilitaci\u00f3n integral de las cubiertas, la falta de accesibilidad, los problemas con las instalaciones el\u00e9ctricas y clim\u00e1ticas obsoletas, la falta de espacios educativos, de techado en los patios, de escaleras de emergencia, de incumplimiento del c\u00f3digo t\u00e9cnico, entre otros.<\/p>\n\n\n\n<p class=\"wp-block-paragraph\"><\/p>\n\n\n\n<figure class=\"wp-block-image size-full\"><img loading=\"lazy\" decoding=\"async\" width=\"1024\" height=\"768\" src=\"https:\/\/blanca.es\/nuevaweb\/wp-content\/uploads\/2022\/11\/Imagen-inicio-sellado-CEIP-Antonio-Molina2.jpeg\" alt=\"\" class=\"wp-image-24105\" srcset=\"https:\/\/blanca.es\/nuevaweb\/wp-content\/uploads\/2022\/11\/Imagen-inicio-sellado-CEIP-Antonio-Molina2.jpeg 1024w, https:\/\/blanca.es\/nuevaweb\/wp-content\/uploads\/2022\/11\/Imagen-inicio-sellado-CEIP-Antonio-Molina2-300x225.jpeg 300w, https:\/\/blanca.es\/nuevaweb\/wp-content\/uploads\/2022\/11\/Imagen-inicio-sellado-CEIP-Antonio-Molina2-768x576.jpeg 768w\" sizes=\"auto, (max-width: 1024px) 100vw, 1024px\" \/><\/figure>\n","protected":false},"excerpt":{"rendered":"<p>El Consistorio blanque\u00f1o, ante la inacci\u00f3n durante a\u00f1os del Gobierno Regional, ha tomado esta decisi\u00f3n para permitir que durante los periodos de lluvia torrencial el centro educativo pueda llevar a cabo su normal funcionamiento, evitando adem\u00e1s posibles da\u00f1os materiales y riesgos a la integridad f\u00edsica de las personas. <\/p>\n","protected":false},"author":2,"featured_media":24104,"comment_status":"closed","ping_status":"open","sticky":false,"template":"","format":"standard","meta":{"footnotes":""},"categories":[192,166],"tags":[],"class_list":["post-24033","post","type-post","status-publish","format-standard","has-post-thumbnail","hentry","category-educacion","category-seguridad-ciudadana"],"yoast_head":"<!-- This site is optimized with the Yoast SEO plugin v28.1 - https:\/\/yoast.com\/product\/yoast-seo-wordpress\/ -->\n<title>El Ayuntamiento de Blanca lleva a cabo un sellado de urgencia de las cubiertas del CEIP Antonio Molina debido a su mal estado - Ayuntamiento de Blanca<\/title>\n<meta name=\"robots\" content=\"index, follow, max-snippet:-1, max-image-preview:large, max-video-preview:-1\" \/>\n<link rel=\"canonical\" href=\"https:\/\/blanca.es\/nuevaweb\/el-ayuntamiento-de-blanca-lleva-a-cabo-un-sellado-de-urgencia-de-las-cubiertas-del-ceip-antonio-molina-debido-a-su-mal-estado\/\" \/>\n<meta property=\"og:locale\" content=\"es_ES\" \/>\n<meta property=\"og:type\" content=\"article\" \/>\n<meta property=\"og:title\" content=\"El Ayuntamiento de Blanca lleva a cabo un sellado de urgencia de las cubiertas del CEIP Antonio Molina debido a su mal estado - Ayuntamiento de Blanca\" \/>\n<meta property=\"og:description\" content=\"El Consistorio blanque\u00f1o, ante la inacci\u00f3n durante a\u00f1os del Gobierno Regional, ha tomado esta decisi\u00f3n para permitir que durante los periodos de lluvia torrencial el centro educativo pueda llevar a cabo su normal funcionamiento, evitando adem\u00e1s posibles da\u00f1os materiales y riesgos a la integridad f\u00edsica de las personas.\" \/>\n<meta property=\"og:url\" content=\"https:\/\/blanca.es\/nuevaweb\/el-ayuntamiento-de-blanca-lleva-a-cabo-un-sellado-de-urgencia-de-las-cubiertas-del-ceip-antonio-molina-debido-a-su-mal-estado\/\" \/>\n<meta property=\"og:site_name\" content=\"Ayuntamiento de Blanca\" \/>\n<meta property=\"article:publisher\" content=\"https:\/\/es-es.facebook.com\/AyuntamientodeBlanca\" \/>\n<meta property=\"article:published_time\" content=\"2022-11-26T10:17:39+00:00\" \/>\n<meta property=\"article:modified_time\" content=\"2022-11-26T10:29:34+00:00\" \/>\n<meta property=\"og:image\" content=\"https:\/\/blanca.es\/nuevaweb\/wp-content\/uploads\/2022\/11\/Imagen-inicio-sellado-CEIP-Antonio-Molina-1.jpeg\" \/>\n\t<meta property=\"og:image:width\" content=\"1024\" \/>\n\t<meta property=\"og:image:height\" content=\"768\" \/>\n\t<meta property=\"og:image:type\" content=\"image\/jpeg\" \/>\n<meta name=\"author\" content=\"Comunicaci\u00f3n\" \/>\n<meta name=\"twitter:card\" content=\"summary_large_image\" \/>\n<meta name=\"twitter:creator\" content=\"@ayto_blanca\" \/>\n<meta name=\"twitter:site\" content=\"@ayto_blanca\" \/>\n<meta name=\"twitter:label1\" content=\"Escrito por\" \/>\n\t<meta name=\"twitter:data1\" content=\"Comunicaci\u00f3n\" \/>\n\t<meta name=\"twitter:label2\" content=\"Tiempo de lectura\" \/>\n\t<meta name=\"twitter:data2\" content=\"2 minutos\" \/>\n<script type=\"application\/ld+json\" class=\"yoast-schema-graph\">{\"@context\":\"https:\\\/\\\/schema.org\",\"@graph\":[{\"@type\":\"Article\",\"@id\":\"https:\\\/\\\/blanca.es\\\/nuevaweb\\\/el-ayuntamiento-de-blanca-lleva-a-cabo-un-sellado-de-urgencia-de-las-cubiertas-del-ceip-antonio-molina-debido-a-su-mal-estado\\\/#article\",\"isPartOf\":{\"@id\":\"https:\\\/\\\/blanca.es\\\/nuevaweb\\\/el-ayuntamiento-de-blanca-lleva-a-cabo-un-sellado-de-urgencia-de-las-cubiertas-del-ceip-antonio-molina-debido-a-su-mal-estado\\\/\"},\"author\":{\"name\":\"Comunicaci\u00f3n\",\"@id\":\"https:\\\/\\\/blanca.es\\\/nuevaweb\\\/#\\\/schema\\\/person\\\/068ffbe563a96e998dc141bd91d5a84a\"},\"headline\":\"El Ayuntamiento de Blanca lleva a cabo un sellado de urgencia de las cubiertas del CEIP Antonio Molina debido a su mal estado\",\"datePublished\":\"2022-11-26T10:17:39+00:00\",\"dateModified\":\"2022-11-26T10:29:34+00:00\",\"mainEntityOfPage\":{\"@id\":\"https:\\\/\\\/blanca.es\\\/nuevaweb\\\/el-ayuntamiento-de-blanca-lleva-a-cabo-un-sellado-de-urgencia-de-las-cubiertas-del-ceip-antonio-molina-debido-a-su-mal-estado\\\/\"},\"wordCount\":368,\"publisher\":{\"@id\":\"https:\\\/\\\/blanca.es\\\/nuevaweb\\\/#organization\"},\"image\":{\"@id\":\"https:\\\/\\\/blanca.es\\\/nuevaweb\\\/el-ayuntamiento-de-blanca-lleva-a-cabo-un-sellado-de-urgencia-de-las-cubiertas-del-ceip-antonio-molina-debido-a-su-mal-estado\\\/#primaryimage\"},\"thumbnailUrl\":\"https:\\\/\\\/blanca.es\\\/nuevaweb\\\/wp-content\\\/uploads\\\/2022\\\/11\\\/Imagen-inicio-sellado-CEIP-Antonio-Molina-1.jpeg\",\"articleSection\":[\"Educaci\u00f3n\",\"Seguridad Ciudadana\"],\"inLanguage\":\"es\"},{\"@type\":\"WebPage\",\"@id\":\"https:\\\/\\\/blanca.es\\\/nuevaweb\\\/el-ayuntamiento-de-blanca-lleva-a-cabo-un-sellado-de-urgencia-de-las-cubiertas-del-ceip-antonio-molina-debido-a-su-mal-estado\\\/\",\"url\":\"https:\\\/\\\/blanca.es\\\/nuevaweb\\\/el-ayuntamiento-de-blanca-lleva-a-cabo-un-sellado-de-urgencia-de-las-cubiertas-del-ceip-antonio-molina-debido-a-su-mal-estado\\\/\",\"name\":\"El Ayuntamiento de Blanca lleva a cabo un sellado de urgencia de las cubiertas del CEIP Antonio Molina debido a su mal estado - Ayuntamiento de Blanca\",\"isPartOf\":{\"@id\":\"https:\\\/\\\/blanca.es\\\/nuevaweb\\\/#website\"},\"primaryImageOfPage\":{\"@id\":\"https:\\\/\\\/blanca.es\\\/nuevaweb\\\/el-ayuntamiento-de-blanca-lleva-a-cabo-un-sellado-de-urgencia-de-las-cubiertas-del-ceip-antonio-molina-debido-a-su-mal-estado\\\/#primaryimage\"},\"image\":{\"@id\":\"https:\\\/\\\/blanca.es\\\/nuevaweb\\\/el-ayuntamiento-de-blanca-lleva-a-cabo-un-sellado-de-urgencia-de-las-cubiertas-del-ceip-antonio-molina-debido-a-su-mal-estado\\\/#primaryimage\"},\"thumbnailUrl\":\"https:\\\/\\\/blanca.es\\\/nuevaweb\\\/wp-content\\\/uploads\\\/2022\\\/11\\\/Imagen-inicio-sellado-CEIP-Antonio-Molina-1.jpeg\",\"datePublished\":\"2022-11-26T10:17:39+00:00\",\"dateModified\":\"2022-11-26T10:29:34+00:00\",\"breadcrumb\":{\"@id\":\"https:\\\/\\\/blanca.es\\\/nuevaweb\\\/el-ayuntamiento-de-blanca-lleva-a-cabo-un-sellado-de-urgencia-de-las-cubiertas-del-ceip-antonio-molina-debido-a-su-mal-estado\\\/#breadcrumb\"},\"inLanguage\":\"es\",\"potentialAction\":[{\"@type\":\"ReadAction\",\"target\":[\"https:\\\/\\\/blanca.es\\\/nuevaweb\\\/el-ayuntamiento-de-blanca-lleva-a-cabo-un-sellado-de-urgencia-de-las-cubiertas-del-ceip-antonio-molina-debido-a-su-mal-estado\\\/\"]}]},{\"@type\":\"ImageObject\",\"inLanguage\":\"es\",\"@id\":\"https:\\\/\\\/blanca.es\\\/nuevaweb\\\/el-ayuntamiento-de-blanca-lleva-a-cabo-un-sellado-de-urgencia-de-las-cubiertas-del-ceip-antonio-molina-debido-a-su-mal-estado\\\/#primaryimage\",\"url\":\"https:\\\/\\\/blanca.es\\\/nuevaweb\\\/wp-content\\\/uploads\\\/2022\\\/11\\\/Imagen-inicio-sellado-CEIP-Antonio-Molina-1.jpeg\",\"contentUrl\":\"https:\\\/\\\/blanca.es\\\/nuevaweb\\\/wp-content\\\/uploads\\\/2022\\\/11\\\/Imagen-inicio-sellado-CEIP-Antonio-Molina-1.jpeg\",\"width\":1024,\"height\":768},{\"@type\":\"BreadcrumbList\",\"@id\":\"https:\\\/\\\/blanca.es\\\/nuevaweb\\\/el-ayuntamiento-de-blanca-lleva-a-cabo-un-sellado-de-urgencia-de-las-cubiertas-del-ceip-antonio-molina-debido-a-su-mal-estado\\\/#breadcrumb\",\"itemListElement\":[{\"@type\":\"ListItem\",\"position\":1,\"name\":\"Portada\",\"item\":\"https:\\\/\\\/blanca.es\\\/nuevaweb\\\/\"},{\"@type\":\"ListItem\",\"position\":2,\"name\":\"El Ayuntamiento de Blanca lleva a cabo un sellado de urgencia de las cubiertas del CEIP Antonio Molina debido a su mal estado\"}]},{\"@type\":\"WebSite\",\"@id\":\"https:\\\/\\\/blanca.es\\\/nuevaweb\\\/#website\",\"url\":\"https:\\\/\\\/blanca.es\\\/nuevaweb\\\/\",\"name\":\"Ayuntamiento de Blanca\",\"description\":\"Web Municipal Blanca (Murcia)\",\"publisher\":{\"@id\":\"https:\\\/\\\/blanca.es\\\/nuevaweb\\\/#organization\"},\"potentialAction\":[{\"@type\":\"SearchAction\",\"target\":{\"@type\":\"EntryPoint\",\"urlTemplate\":\"https:\\\/\\\/blanca.es\\\/nuevaweb\\\/?s={search_term_string}\"},\"query-input\":{\"@type\":\"PropertyValueSpecification\",\"valueRequired\":true,\"valueName\":\"search_term_string\"}}],\"inLanguage\":\"es\"},{\"@type\":\"Organization\",\"@id\":\"https:\\\/\\\/blanca.es\\\/nuevaweb\\\/#organization\",\"name\":\"Ayuntamiento de Blanca\",\"url\":\"https:\\\/\\\/blanca.es\\\/nuevaweb\\\/\",\"logo\":{\"@type\":\"ImageObject\",\"inLanguage\":\"es\",\"@id\":\"https:\\\/\\\/blanca.es\\\/nuevaweb\\\/#\\\/schema\\\/logo\\\/image\\\/\",\"url\":\"https:\\\/\\\/blanca.es\\\/nuevaweb\\\/wp-content\\\/uploads\\\/2020\\\/09\\\/Escudo_alta_cuadrado-3.png\",\"contentUrl\":\"https:\\\/\\\/blanca.es\\\/nuevaweb\\\/wp-content\\\/uploads\\\/2020\\\/09\\\/Escudo_alta_cuadrado-3.png\",\"width\":300,\"height\":300,\"caption\":\"Ayuntamiento de Blanca\"},\"image\":{\"@id\":\"https:\\\/\\\/blanca.es\\\/nuevaweb\\\/#\\\/schema\\\/logo\\\/image\\\/\"},\"sameAs\":[\"https:\\\/\\\/es-es.facebook.com\\\/AyuntamientodeBlanca\",\"https:\\\/\\\/x.com\\\/ayto_blanca\",\"https:\\\/\\\/www.youtube.com\\\/channel\\\/UC9weal_OZVKN6meF0Fd_rqw\"]},{\"@type\":\"Person\",\"@id\":\"https:\\\/\\\/blanca.es\\\/nuevaweb\\\/#\\\/schema\\\/person\\\/068ffbe563a96e998dc141bd91d5a84a\",\"name\":\"Comunicaci\u00f3n\",\"image\":{\"@type\":\"ImageObject\",\"inLanguage\":\"es\",\"@id\":\"https:\\\/\\\/secure.gravatar.com\\\/avatar\\\/0a6839cedbb80e4510cc6b40b620b579d19c8c87d368475504cb313c55980873?s=96&d=mm&r=g\",\"url\":\"https:\\\/\\\/secure.gravatar.com\\\/avatar\\\/0a6839cedbb80e4510cc6b40b620b579d19c8c87d368475504cb313c55980873?s=96&d=mm&r=g\",\"contentUrl\":\"https:\\\/\\\/secure.gravatar.com\\\/avatar\\\/0a6839cedbb80e4510cc6b40b620b579d19c8c87d368475504cb313c55980873?s=96&d=mm&r=g\",\"caption\":\"Comunicaci\u00f3n\"}}]}<\/script>\n<!-- \/ Yoast SEO plugin. -->","yoast_head_json":{"title":"El Ayuntamiento de Blanca lleva a cabo un sellado de urgencia de las cubiertas del CEIP Antonio Molina debido a su mal estado - Ayuntamiento de Blanca","robots":{"index":"index","follow":"follow","max-snippet":"max-snippet:-1","max-image-preview":"max-image-preview:large","max-video-preview":"max-video-preview:-1"},"canonical":"https:\/\/blanca.es\/nuevaweb\/el-ayuntamiento-de-blanca-lleva-a-cabo-un-sellado-de-urgencia-de-las-cubiertas-del-ceip-antonio-molina-debido-a-su-mal-estado\/","og_locale":"es_ES","og_type":"article","og_title":"El Ayuntamiento de Blanca lleva a cabo un sellado de urgencia de las cubiertas del CEIP Antonio Molina debido a su mal estado - Ayuntamiento de Blanca","og_description":"El Consistorio blanque\u00f1o, ante la inacci\u00f3n durante a\u00f1os del Gobierno Regional, ha tomado esta decisi\u00f3n para permitir que durante los periodos de lluvia torrencial el centro educativo pueda llevar a cabo su normal funcionamiento, evitando adem\u00e1s posibles da\u00f1os materiales y riesgos a la integridad f\u00edsica de las personas.","og_url":"https:\/\/blanca.es\/nuevaweb\/el-ayuntamiento-de-blanca-lleva-a-cabo-un-sellado-de-urgencia-de-las-cubiertas-del-ceip-antonio-molina-debido-a-su-mal-estado\/","og_site_name":"Ayuntamiento de Blanca","article_publisher":"https:\/\/es-es.facebook.com\/AyuntamientodeBlanca","article_published_time":"2022-11-26T10:17:39+00:00","article_modified_time":"2022-11-26T10:29:34+00:00","og_image":[{"width":1024,"height":768,"url":"https:\/\/blanca.es\/nuevaweb\/wp-content\/uploads\/2022\/11\/Imagen-inicio-sellado-CEIP-Antonio-Molina-1.jpeg","type":"image\/jpeg"}],"author":"Comunicaci\u00f3n","twitter_card":"summary_large_image","twitter_creator":"@ayto_blanca","twitter_site":"@ayto_blanca","twitter_misc":{"Escrito por":"Comunicaci\u00f3n","Tiempo de lectura":"2 minutos"},"schema":{"@context":"https:\/\/schema.org","@graph":[{"@type":"Article","@id":"https:\/\/blanca.es\/nuevaweb\/el-ayuntamiento-de-blanca-lleva-a-cabo-un-sellado-de-urgencia-de-las-cubiertas-del-ceip-antonio-molina-debido-a-su-mal-estado\/#article","isPartOf":{"@id":"https:\/\/blanca.es\/nuevaweb\/el-ayuntamiento-de-blanca-lleva-a-cabo-un-sellado-de-urgencia-de-las-cubiertas-del-ceip-antonio-molina-debido-a-su-mal-estado\/"},"author":{"name":"Comunicaci\u00f3n","@id":"https:\/\/blanca.es\/nuevaweb\/#\/schema\/person\/068ffbe563a96e998dc141bd91d5a84a"},"headline":"El Ayuntamiento de Blanca lleva a cabo un sellado de urgencia de las cubiertas del CEIP Antonio Molina debido a su mal estado","datePublished":"2022-11-26T10:17:39+00:00","dateModified":"2022-11-26T10:29:34+00:00","mainEntityOfPage":{"@id":"https:\/\/blanca.es\/nuevaweb\/el-ayuntamiento-de-blanca-lleva-a-cabo-un-sellado-de-urgencia-de-las-cubiertas-del-ceip-antonio-molina-debido-a-su-mal-estado\/"},"wordCount":368,"publisher":{"@id":"https:\/\/blanca.es\/nuevaweb\/#organization"},"image":{"@id":"https:\/\/blanca.es\/nuevaweb\/el-ayuntamiento-de-blanca-lleva-a-cabo-un-sellado-de-urgencia-de-las-cubiertas-del-ceip-antonio-molina-debido-a-su-mal-estado\/#primaryimage"},"thumbnailUrl":"https:\/\/blanca.es\/nuevaweb\/wp-content\/uploads\/2022\/11\/Imagen-inicio-sellado-CEIP-Antonio-Molina-1.jpeg","articleSection":["Educaci\u00f3n","Seguridad Ciudadana"],"inLanguage":"es"},{"@type":"WebPage","@id":"https:\/\/blanca.es\/nuevaweb\/el-ayuntamiento-de-blanca-lleva-a-cabo-un-sellado-de-urgencia-de-las-cubiertas-del-ceip-antonio-molina-debido-a-su-mal-estado\/","url":"https:\/\/blanca.es\/nuevaweb\/el-ayuntamiento-de-blanca-lleva-a-cabo-un-sellado-de-urgencia-de-las-cubiertas-del-ceip-antonio-molina-debido-a-su-mal-estado\/","name":"El Ayuntamiento de Blanca lleva a cabo un sellado de urgencia de las cubiertas del CEIP Antonio Molina debido a su mal estado - Ayuntamiento de Blanca","isPartOf":{"@id":"https:\/\/blanca.es\/nuevaweb\/#website"},"primaryImageOfPage":{"@id":"https:\/\/blanca.es\/nuevaweb\/el-ayuntamiento-de-blanca-lleva-a-cabo-un-sellado-de-urgencia-de-las-cubiertas-del-ceip-antonio-molina-debido-a-su-mal-estado\/#primaryimage"},"image":{"@id":"https:\/\/blanca.es\/nuevaweb\/el-ayuntamiento-de-blanca-lleva-a-cabo-un-sellado-de-urgencia-de-las-cubiertas-del-ceip-antonio-molina-debido-a-su-mal-estado\/#primaryimage"},"thumbnailUrl":"https:\/\/blanca.es\/nuevaweb\/wp-content\/uploads\/2022\/11\/Imagen-inicio-sellado-CEIP-Antonio-Molina-1.jpeg","datePublished":"2022-11-26T10:17:39+00:00","dateModified":"2022-11-26T10:29:34+00:00","breadcrumb":{"@id":"https:\/\/blanca.es\/nuevaweb\/el-ayuntamiento-de-blanca-lleva-a-cabo-un-sellado-de-urgencia-de-las-cubiertas-del-ceip-antonio-molina-debido-a-su-mal-estado\/#breadcrumb"},"inLanguage":"es","potentialAction":[{"@type":"ReadAction","target":["https:\/\/blanca.es\/nuevaweb\/el-ayuntamiento-de-blanca-lleva-a-cabo-un-sellado-de-urgencia-de-las-cubiertas-del-ceip-antonio-molina-debido-a-su-mal-estado\/"]}]},{"@type":"ImageObject","inLanguage":"es","@id":"https:\/\/blanca.es\/nuevaweb\/el-ayuntamiento-de-blanca-lleva-a-cabo-un-sellado-de-urgencia-de-las-cubiertas-del-ceip-antonio-molina-debido-a-su-mal-estado\/#primaryimage","url":"https:\/\/blanca.es\/nuevaweb\/wp-content\/uploads\/2022\/11\/Imagen-inicio-sellado-CEIP-Antonio-Molina-1.jpeg","contentUrl":"https:\/\/blanca.es\/nuevaweb\/wp-content\/uploads\/2022\/11\/Imagen-inicio-sellado-CEIP-Antonio-Molina-1.jpeg","width":1024,"height":768},{"@type":"BreadcrumbList","@id":"https:\/\/blanca.es\/nuevaweb\/el-ayuntamiento-de-blanca-lleva-a-cabo-un-sellado-de-urgencia-de-las-cubiertas-del-ceip-antonio-molina-debido-a-su-mal-estado\/#breadcrumb","itemListElement":[{"@type":"ListItem","position":1,"name":"Portada","item":"https:\/\/blanca.es\/nuevaweb\/"},{"@type":"ListItem","position":2,"name":"El Ayuntamiento de Blanca lleva a cabo un sellado de urgencia de las cubiertas del CEIP Antonio Molina debido a su mal estado"}]},{"@type":"WebSite","@id":"https:\/\/blanca.es\/nuevaweb\/#website","url":"https:\/\/blanca.es\/nuevaweb\/","name":"Ayuntamiento de Blanca","description":"Web Municipal Blanca (Murcia)","publisher":{"@id":"https:\/\/blanca.es\/nuevaweb\/#organization"},"potentialAction":[{"@type":"SearchAction","target":{"@type":"EntryPoint","urlTemplate":"https:\/\/blanca.es\/nuevaweb\/?s={search_term_string}"},"query-input":{"@type":"PropertyValueSpecification","valueRequired":true,"valueName":"search_term_string"}}],"inLanguage":"es"},{"@type":"Organization","@id":"https:\/\/blanca.es\/nuevaweb\/#organization","name":"Ayuntamiento de Blanca","url":"https:\/\/blanca.es\/nuevaweb\/","logo":{"@type":"ImageObject","inLanguage":"es","@id":"https:\/\/blanca.es\/nuevaweb\/#\/schema\/logo\/image\/","url":"https:\/\/blanca.es\/nuevaweb\/wp-content\/uploads\/2020\/09\/Escudo_alta_cuadrado-3.png","contentUrl":"https:\/\/blanca.es\/nuevaweb\/wp-content\/uploads\/2020\/09\/Escudo_alta_cuadrado-3.png","width":300,"height":300,"caption":"Ayuntamiento de Blanca"},"image":{"@id":"https:\/\/blanca.es\/nuevaweb\/#\/schema\/logo\/image\/"},"sameAs":["https:\/\/es-es.facebook.com\/AyuntamientodeBlanca","https:\/\/x.com\/ayto_blanca","https:\/\/www.youtube.com\/channel\/UC9weal_OZVKN6meF0Fd_rqw"]},{"@type":"Person","@id":"https:\/\/blanca.es\/nuevaweb\/#\/schema\/person\/068ffbe563a96e998dc141bd91d5a84a","name":"Comunicaci\u00f3n","image":{"@type":"ImageObject","inLanguage":"es","@id":"https:\/\/secure.gravatar.com\/avatar\/0a6839cedbb80e4510cc6b40b620b579d19c8c87d368475504cb313c55980873?s=96&d=mm&r=g","url":"https:\/\/secure.gravatar.com\/avatar\/0a6839cedbb80e4510cc6b40b620b579d19c8c87d368475504cb313c55980873?s=96&d=mm&r=g","contentUrl":"https:\/\/secure.gravatar.com\/avatar\/0a6839cedbb80e4510cc6b40b620b579d19c8c87d368475504cb313c55980873?s=96&d=mm&r=g","caption":"Comunicaci\u00f3n"}}]}},"_links":{"self":[{"href":"https:\/\/blanca.es\/nuevaweb\/wp-json\/wp\/v2\/posts\/24033","targetHints":{"allow":["GET"]}}],"collection":[{"href":"https:\/\/blanca.es\/nuevaweb\/wp-json\/wp\/v2\/posts"}],"about":[{"href":"https:\/\/blanca.es\/nuevaweb\/wp-json\/wp\/v2\/types\/post"}],"author":[{"embeddable":true,"href":"https:\/\/blanca.es\/nuevaweb\/wp-json\/wp\/v2\/users\/2"}],"replies":[{"embeddable":true,"href":"https:\/\/blanca.es\/nuevaweb\/wp-json\/wp\/v2\/comments?post=24033"}],"version-history":[{"count":4,"href":"https:\/\/blanca.es\/nuevaweb\/wp-json\/wp\/v2\/posts\/24033\/revisions"}],"predecessor-version":[{"id":24107,"href":"https:\/\/blanca.es\/nuevaweb\/wp-json\/wp\/v2\/posts\/24033\/revisions\/24107"}],"wp:featuredmedia":[{"embeddable":true,"href":"https:\/\/blanca.es\/nuevaweb\/wp-json\/wp\/v2\/media\/24104"}],"wp:attachment":[{"href":"https:\/\/blanca.es\/nuevaweb\/wp-json\/wp\/v2\/media?parent=24033"}],"wp:term":[{"taxonomy":"category","embeddable":true,"href":"https:\/\/blanca.es\/nuevaweb\/wp-json\/wp\/v2\/categories?post=24033"},{"taxonomy":"post_tag","embeddable":true,"href":"https:\/\/blanca.es\/nuevaweb\/wp-json\/wp\/v2\/tags?post=24033"}],"curies":[{"name":"wp","href":"https:\/\/api.w.org\/{rel}","templated":true}]}}