{"id":24097,"date":"2022-11-23T13:38:53","date_gmt":"2022-11-23T11:38:53","guid":{"rendered":"https:\/\/blanca.es\/nuevaweb\/?p=24097"},"modified":"2022-11-23T13:38:53","modified_gmt":"2022-11-23T11:38:53","slug":"el-ayuntamiento-de-blanca-incorpora-una-profesional-que-apoyara-personas-en-riesgo-de-exclusion","status":"publish","type":"post","link":"https:\/\/blanca.es\/nuevaweb\/el-ayuntamiento-de-blanca-incorpora-una-profesional-que-apoyara-personas-en-riesgo-de-exclusion\/","title":{"rendered":"El Ayuntamiento de Blanca incorpora una profesional que apoyar\u00e1  personas en riesgo de exclusi\u00f3n"},"content":{"rendered":"\n<p class=\"wp-block-paragraph\">El Ayuntamiento de Blanca cuenta con la incorporaci\u00f3n de una nueva profesional que se har\u00e1 cargo de un  proyecto innovador denominado &#8216;Programa de Acompa\u00f1amiento Intensivo para la Recuperaci\u00f3n de Personas en Procesos de Exclusi\u00f3n Social&#8217; (PAIRPES ). <\/p>\n\n\n\n<p class=\"wp-block-paragraph\">Dicho programa se est\u00e1 llevando a cabo en el Centro de Servicios Sociales de la entidad\u00a0y est\u00e1 financiado con cargo\u00a0 a fondos del Plan de Recuperaci\u00f3n, Transformaci\u00f3n y Resiliencia, financiado por la Uni\u00f3n Europea \u2013 NextGenerationEU en el marco de los proyectos de inversi\u00f3n del componente 22 &#8216;Econom\u00eda de los cuidados y refuerzo de las pol\u00edticas de igualdad e inclusi\u00f3n social&#8217;; proyecto n.\u00ba 9 &#8216;proyectos innovadores con entidades locales para la atenci\u00f3n integral de poblaci\u00f3n vulnerable&#8217; contemplado como proyecto a ejecutar por la Comunidad Aut\u00f3noma de la Regi\u00f3n de Murcia del Convenio de colaboraci\u00f3n entre el Ministerio de Derechos Sociales y Agenda 2030; y la Comunidad Aut\u00f3noma de la Regi\u00f3n de Murcia para la ejecuci\u00f3n de proyectos con cargo a los Fondos Europeos procedentes del mecanismo para la recuperaci\u00f3n y resiliencia. La financiaci\u00f3n quedar\u00e1 sujeta al cumplimiento de los compromisos del Ministerio de Derechos Sociales y Agenda 2030 en el citado convenio.<\/p>\n","protected":false},"excerpt":{"rendered":"<p>El Ayuntamiento de Blanca cuenta con la incorporaci\u00f3n de una nueva profesional que se har\u00e1 cargo de un proyecto innovador denominado &#8216;Programa de Acompa\u00f1amiento Intensivo para la Recuperaci\u00f3n de Personas en Procesos de Exclusi\u00f3n Social&#8217; (PAIRPES ). Dicho programa se est\u00e1 llevando a cabo en el Centro de Servicios Sociales de la entidad\u00a0y est\u00e1 financiado [&hellip;]<\/p>\n","protected":false},"author":2,"featured_media":24098,"comment_status":"closed","ping_status":"open","sticky":false,"template":"","format":"standard","meta":{"footnotes":""},"categories":[164,168],"tags":[],"class_list":["post-24097","post","type-post","status-publish","format-standard","has-post-thumbnail","hentry","category-bienestar-social","category-emp_for"],"yoast_head":"<!-- This site is optimized with the Yoast SEO plugin v28.1 - https:\/\/yoast.com\/product\/yoast-seo-wordpress\/ -->\n<title>El Ayuntamiento de Blanca incorpora una profesional que apoyar\u00e1 personas en riesgo de exclusi\u00f3n - Ayuntamiento de Blanca<\/title>\n<meta name=\"robots\" content=\"index, follow, max-snippet:-1, max-image-preview:large, max-video-preview:-1\" \/>\n<link rel=\"canonical\" href=\"https:\/\/blanca.es\/nuevaweb\/el-ayuntamiento-de-blanca-incorpora-una-profesional-que-apoyara-personas-en-riesgo-de-exclusion\/\" \/>\n<meta property=\"og:locale\" content=\"es_ES\" \/>\n<meta property=\"og:type\" content=\"article\" \/>\n<meta property=\"og:title\" content=\"El Ayuntamiento de Blanca incorpora una profesional que apoyar\u00e1 personas en riesgo de exclusi\u00f3n - Ayuntamiento de Blanca\" \/>\n<meta property=\"og:description\" content=\"El Ayuntamiento de Blanca cuenta con la incorporaci\u00f3n de una nueva profesional que se har\u00e1 cargo de un proyecto innovador denominado &#8216;Programa de Acompa\u00f1amiento Intensivo para la Recuperaci\u00f3n de Personas en Procesos de Exclusi\u00f3n Social&#8217; (PAIRPES ). Dicho programa se est\u00e1 llevando a cabo en el Centro de Servicios Sociales de la entidad\u00a0y est\u00e1 financiado [&hellip;]\" \/>\n<meta property=\"og:url\" content=\"https:\/\/blanca.es\/nuevaweb\/el-ayuntamiento-de-blanca-incorpora-una-profesional-que-apoyara-personas-en-riesgo-de-exclusion\/\" \/>\n<meta property=\"og:site_name\" content=\"Ayuntamiento de Blanca\" \/>\n<meta property=\"article:publisher\" content=\"https:\/\/es-es.facebook.com\/AyuntamientodeBlanca\" \/>\n<meta property=\"article:published_time\" content=\"2022-11-23T11:38:53+00:00\" \/>\n<meta property=\"og:image\" content=\"https:\/\/blanca.es\/nuevaweb\/wp-content\/uploads\/2022\/11\/Programa-PAIRPES.png\" \/>\n\t<meta property=\"og:image:width\" content=\"1414\" \/>\n\t<meta property=\"og:image:height\" content=\"2000\" \/>\n\t<meta property=\"og:image:type\" content=\"image\/png\" \/>\n<meta name=\"author\" content=\"Comunicaci\u00f3n\" \/>\n<meta name=\"twitter:card\" content=\"summary_large_image\" \/>\n<meta name=\"twitter:creator\" content=\"@ayto_blanca\" \/>\n<meta name=\"twitter:site\" content=\"@ayto_blanca\" \/>\n<meta name=\"twitter:label1\" content=\"Escrito por\" \/>\n\t<meta name=\"twitter:data1\" content=\"Comunicaci\u00f3n\" \/>\n\t<meta name=\"twitter:label2\" content=\"Tiempo de lectura\" \/>\n\t<meta name=\"twitter:data2\" content=\"1 minuto\" \/>\n<script type=\"application\/ld+json\" class=\"yoast-schema-graph\">{\"@context\":\"https:\\\/\\\/schema.org\",\"@graph\":[{\"@type\":\"Article\",\"@id\":\"https:\\\/\\\/blanca.es\\\/nuevaweb\\\/el-ayuntamiento-de-blanca-incorpora-una-profesional-que-apoyara-personas-en-riesgo-de-exclusion\\\/#article\",\"isPartOf\":{\"@id\":\"https:\\\/\\\/blanca.es\\\/nuevaweb\\\/el-ayuntamiento-de-blanca-incorpora-una-profesional-que-apoyara-personas-en-riesgo-de-exclusion\\\/\"},\"author\":{\"name\":\"Comunicaci\u00f3n\",\"@id\":\"https:\\\/\\\/blanca.es\\\/nuevaweb\\\/#\\\/schema\\\/person\\\/068ffbe563a96e998dc141bd91d5a84a\"},\"headline\":\"El Ayuntamiento de Blanca incorpora una profesional que apoyar\u00e1 personas en riesgo de exclusi\u00f3n\",\"datePublished\":\"2022-11-23T11:38:53+00:00\",\"mainEntityOfPage\":{\"@id\":\"https:\\\/\\\/blanca.es\\\/nuevaweb\\\/el-ayuntamiento-de-blanca-incorpora-una-profesional-que-apoyara-personas-en-riesgo-de-exclusion\\\/\"},\"wordCount\":220,\"publisher\":{\"@id\":\"https:\\\/\\\/blanca.es\\\/nuevaweb\\\/#organization\"},\"image\":{\"@id\":\"https:\\\/\\\/blanca.es\\\/nuevaweb\\\/el-ayuntamiento-de-blanca-incorpora-una-profesional-que-apoyara-personas-en-riesgo-de-exclusion\\\/#primaryimage\"},\"thumbnailUrl\":\"https:\\\/\\\/blanca.es\\\/nuevaweb\\\/wp-content\\\/uploads\\\/2022\\\/11\\\/Programa-PAIRPES.png\",\"articleSection\":[\"Bienestar Social\",\"Empleo y Formaci\u00f3n\"],\"inLanguage\":\"es\"},{\"@type\":\"WebPage\",\"@id\":\"https:\\\/\\\/blanca.es\\\/nuevaweb\\\/el-ayuntamiento-de-blanca-incorpora-una-profesional-que-apoyara-personas-en-riesgo-de-exclusion\\\/\",\"url\":\"https:\\\/\\\/blanca.es\\\/nuevaweb\\\/el-ayuntamiento-de-blanca-incorpora-una-profesional-que-apoyara-personas-en-riesgo-de-exclusion\\\/\",\"name\":\"El Ayuntamiento de Blanca incorpora una profesional que apoyar\u00e1 personas en riesgo de exclusi\u00f3n - Ayuntamiento de Blanca\",\"isPartOf\":{\"@id\":\"https:\\\/\\\/blanca.es\\\/nuevaweb\\\/#website\"},\"primaryImageOfPage\":{\"@id\":\"https:\\\/\\\/blanca.es\\\/nuevaweb\\\/el-ayuntamiento-de-blanca-incorpora-una-profesional-que-apoyara-personas-en-riesgo-de-exclusion\\\/#primaryimage\"},\"image\":{\"@id\":\"https:\\\/\\\/blanca.es\\\/nuevaweb\\\/el-ayuntamiento-de-blanca-incorpora-una-profesional-que-apoyara-personas-en-riesgo-de-exclusion\\\/#primaryimage\"},\"thumbnailUrl\":\"https:\\\/\\\/blanca.es\\\/nuevaweb\\\/wp-content\\\/uploads\\\/2022\\\/11\\\/Programa-PAIRPES.png\",\"datePublished\":\"2022-11-23T11:38:53+00:00\",\"breadcrumb\":{\"@id\":\"https:\\\/\\\/blanca.es\\\/nuevaweb\\\/el-ayuntamiento-de-blanca-incorpora-una-profesional-que-apoyara-personas-en-riesgo-de-exclusion\\\/#breadcrumb\"},\"inLanguage\":\"es\",\"potentialAction\":[{\"@type\":\"ReadAction\",\"target\":[\"https:\\\/\\\/blanca.es\\\/nuevaweb\\\/el-ayuntamiento-de-blanca-incorpora-una-profesional-que-apoyara-personas-en-riesgo-de-exclusion\\\/\"]}]},{\"@type\":\"ImageObject\",\"inLanguage\":\"es\",\"@id\":\"https:\\\/\\\/blanca.es\\\/nuevaweb\\\/el-ayuntamiento-de-blanca-incorpora-una-profesional-que-apoyara-personas-en-riesgo-de-exclusion\\\/#primaryimage\",\"url\":\"https:\\\/\\\/blanca.es\\\/nuevaweb\\\/wp-content\\\/uploads\\\/2022\\\/11\\\/Programa-PAIRPES.png\",\"contentUrl\":\"https:\\\/\\\/blanca.es\\\/nuevaweb\\\/wp-content\\\/uploads\\\/2022\\\/11\\\/Programa-PAIRPES.png\",\"width\":1414,\"height\":2000},{\"@type\":\"BreadcrumbList\",\"@id\":\"https:\\\/\\\/blanca.es\\\/nuevaweb\\\/el-ayuntamiento-de-blanca-incorpora-una-profesional-que-apoyara-personas-en-riesgo-de-exclusion\\\/#breadcrumb\",\"itemListElement\":[{\"@type\":\"ListItem\",\"position\":1,\"name\":\"Portada\",\"item\":\"https:\\\/\\\/blanca.es\\\/nuevaweb\\\/\"},{\"@type\":\"ListItem\",\"position\":2,\"name\":\"El Ayuntamiento de Blanca incorpora una profesional que apoyar\u00e1 personas en riesgo de exclusi\u00f3n\"}]},{\"@type\":\"WebSite\",\"@id\":\"https:\\\/\\\/blanca.es\\\/nuevaweb\\\/#website\",\"url\":\"https:\\\/\\\/blanca.es\\\/nuevaweb\\\/\",\"name\":\"Ayuntamiento de Blanca\",\"description\":\"Web Municipal Blanca (Murcia)\",\"publisher\":{\"@id\":\"https:\\\/\\\/blanca.es\\\/nuevaweb\\\/#organization\"},\"potentialAction\":[{\"@type\":\"SearchAction\",\"target\":{\"@type\":\"EntryPoint\",\"urlTemplate\":\"https:\\\/\\\/blanca.es\\\/nuevaweb\\\/?s={search_term_string}\"},\"query-input\":{\"@type\":\"PropertyValueSpecification\",\"valueRequired\":true,\"valueName\":\"search_term_string\"}}],\"inLanguage\":\"es\"},{\"@type\":\"Organization\",\"@id\":\"https:\\\/\\\/blanca.es\\\/nuevaweb\\\/#organization\",\"name\":\"Ayuntamiento de Blanca\",\"url\":\"https:\\\/\\\/blanca.es\\\/nuevaweb\\\/\",\"logo\":{\"@type\":\"ImageObject\",\"inLanguage\":\"es\",\"@id\":\"https:\\\/\\\/blanca.es\\\/nuevaweb\\\/#\\\/schema\\\/logo\\\/image\\\/\",\"url\":\"https:\\\/\\\/blanca.es\\\/nuevaweb\\\/wp-content\\\/uploads\\\/2020\\\/09\\\/Escudo_alta_cuadrado-3.png\",\"contentUrl\":\"https:\\\/\\\/blanca.es\\\/nuevaweb\\\/wp-content\\\/uploads\\\/2020\\\/09\\\/Escudo_alta_cuadrado-3.png\",\"width\":300,\"height\":300,\"caption\":\"Ayuntamiento de Blanca\"},\"image\":{\"@id\":\"https:\\\/\\\/blanca.es\\\/nuevaweb\\\/#\\\/schema\\\/logo\\\/image\\\/\"},\"sameAs\":[\"https:\\\/\\\/es-es.facebook.com\\\/AyuntamientodeBlanca\",\"https:\\\/\\\/x.com\\\/ayto_blanca\",\"https:\\\/\\\/www.youtube.com\\\/channel\\\/UC9weal_OZVKN6meF0Fd_rqw\"]},{\"@type\":\"Person\",\"@id\":\"https:\\\/\\\/blanca.es\\\/nuevaweb\\\/#\\\/schema\\\/person\\\/068ffbe563a96e998dc141bd91d5a84a\",\"name\":\"Comunicaci\u00f3n\",\"image\":{\"@type\":\"ImageObject\",\"inLanguage\":\"es\",\"@id\":\"https:\\\/\\\/secure.gravatar.com\\\/avatar\\\/0a6839cedbb80e4510cc6b40b620b579d19c8c87d368475504cb313c55980873?s=96&d=mm&r=g\",\"url\":\"https:\\\/\\\/secure.gravatar.com\\\/avatar\\\/0a6839cedbb80e4510cc6b40b620b579d19c8c87d368475504cb313c55980873?s=96&d=mm&r=g\",\"contentUrl\":\"https:\\\/\\\/secure.gravatar.com\\\/avatar\\\/0a6839cedbb80e4510cc6b40b620b579d19c8c87d368475504cb313c55980873?s=96&d=mm&r=g\",\"caption\":\"Comunicaci\u00f3n\"}}]}<\/script>\n<!-- \/ Yoast SEO plugin. -->","yoast_head_json":{"title":"El Ayuntamiento de Blanca incorpora una profesional que apoyar\u00e1 personas en riesgo de exclusi\u00f3n - Ayuntamiento de Blanca","robots":{"index":"index","follow":"follow","max-snippet":"max-snippet:-1","max-image-preview":"max-image-preview:large","max-video-preview":"max-video-preview:-1"},"canonical":"https:\/\/blanca.es\/nuevaweb\/el-ayuntamiento-de-blanca-incorpora-una-profesional-que-apoyara-personas-en-riesgo-de-exclusion\/","og_locale":"es_ES","og_type":"article","og_title":"El Ayuntamiento de Blanca incorpora una profesional que apoyar\u00e1 personas en riesgo de exclusi\u00f3n - Ayuntamiento de Blanca","og_description":"El Ayuntamiento de Blanca cuenta con la incorporaci\u00f3n de una nueva profesional que se har\u00e1 cargo de un proyecto innovador denominado &#8216;Programa de Acompa\u00f1amiento Intensivo para la Recuperaci\u00f3n de Personas en Procesos de Exclusi\u00f3n Social&#8217; (PAIRPES ). Dicho programa se est\u00e1 llevando a cabo en el Centro de Servicios Sociales de la entidad\u00a0y est\u00e1 financiado [&hellip;]","og_url":"https:\/\/blanca.es\/nuevaweb\/el-ayuntamiento-de-blanca-incorpora-una-profesional-que-apoyara-personas-en-riesgo-de-exclusion\/","og_site_name":"Ayuntamiento de Blanca","article_publisher":"https:\/\/es-es.facebook.com\/AyuntamientodeBlanca","article_published_time":"2022-11-23T11:38:53+00:00","og_image":[{"width":1414,"height":2000,"url":"https:\/\/blanca.es\/nuevaweb\/wp-content\/uploads\/2022\/11\/Programa-PAIRPES.png","type":"image\/png"}],"author":"Comunicaci\u00f3n","twitter_card":"summary_large_image","twitter_creator":"@ayto_blanca","twitter_site":"@ayto_blanca","twitter_misc":{"Escrito por":"Comunicaci\u00f3n","Tiempo de lectura":"1 minuto"},"schema":{"@context":"https:\/\/schema.org","@graph":[{"@type":"Article","@id":"https:\/\/blanca.es\/nuevaweb\/el-ayuntamiento-de-blanca-incorpora-una-profesional-que-apoyara-personas-en-riesgo-de-exclusion\/#article","isPartOf":{"@id":"https:\/\/blanca.es\/nuevaweb\/el-ayuntamiento-de-blanca-incorpora-una-profesional-que-apoyara-personas-en-riesgo-de-exclusion\/"},"author":{"name":"Comunicaci\u00f3n","@id":"https:\/\/blanca.es\/nuevaweb\/#\/schema\/person\/068ffbe563a96e998dc141bd91d5a84a"},"headline":"El Ayuntamiento de Blanca incorpora una profesional que apoyar\u00e1 personas en riesgo de exclusi\u00f3n","datePublished":"2022-11-23T11:38:53+00:00","mainEntityOfPage":{"@id":"https:\/\/blanca.es\/nuevaweb\/el-ayuntamiento-de-blanca-incorpora-una-profesional-que-apoyara-personas-en-riesgo-de-exclusion\/"},"wordCount":220,"publisher":{"@id":"https:\/\/blanca.es\/nuevaweb\/#organization"},"image":{"@id":"https:\/\/blanca.es\/nuevaweb\/el-ayuntamiento-de-blanca-incorpora-una-profesional-que-apoyara-personas-en-riesgo-de-exclusion\/#primaryimage"},"thumbnailUrl":"https:\/\/blanca.es\/nuevaweb\/wp-content\/uploads\/2022\/11\/Programa-PAIRPES.png","articleSection":["Bienestar Social","Empleo y Formaci\u00f3n"],"inLanguage":"es"},{"@type":"WebPage","@id":"https:\/\/blanca.es\/nuevaweb\/el-ayuntamiento-de-blanca-incorpora-una-profesional-que-apoyara-personas-en-riesgo-de-exclusion\/","url":"https:\/\/blanca.es\/nuevaweb\/el-ayuntamiento-de-blanca-incorpora-una-profesional-que-apoyara-personas-en-riesgo-de-exclusion\/","name":"El Ayuntamiento de Blanca incorpora una profesional que apoyar\u00e1 personas en riesgo de exclusi\u00f3n - Ayuntamiento de Blanca","isPartOf":{"@id":"https:\/\/blanca.es\/nuevaweb\/#website"},"primaryImageOfPage":{"@id":"https:\/\/blanca.es\/nuevaweb\/el-ayuntamiento-de-blanca-incorpora-una-profesional-que-apoyara-personas-en-riesgo-de-exclusion\/#primaryimage"},"image":{"@id":"https:\/\/blanca.es\/nuevaweb\/el-ayuntamiento-de-blanca-incorpora-una-profesional-que-apoyara-personas-en-riesgo-de-exclusion\/#primaryimage"},"thumbnailUrl":"https:\/\/blanca.es\/nuevaweb\/wp-content\/uploads\/2022\/11\/Programa-PAIRPES.png","datePublished":"2022-11-23T11:38:53+00:00","breadcrumb":{"@id":"https:\/\/blanca.es\/nuevaweb\/el-ayuntamiento-de-blanca-incorpora-una-profesional-que-apoyara-personas-en-riesgo-de-exclusion\/#breadcrumb"},"inLanguage":"es","potentialAction":[{"@type":"ReadAction","target":["https:\/\/blanca.es\/nuevaweb\/el-ayuntamiento-de-blanca-incorpora-una-profesional-que-apoyara-personas-en-riesgo-de-exclusion\/"]}]},{"@type":"ImageObject","inLanguage":"es","@id":"https:\/\/blanca.es\/nuevaweb\/el-ayuntamiento-de-blanca-incorpora-una-profesional-que-apoyara-personas-en-riesgo-de-exclusion\/#primaryimage","url":"https:\/\/blanca.es\/nuevaweb\/wp-content\/uploads\/2022\/11\/Programa-PAIRPES.png","contentUrl":"https:\/\/blanca.es\/nuevaweb\/wp-content\/uploads\/2022\/11\/Programa-PAIRPES.png","width":1414,"height":2000},{"@type":"BreadcrumbList","@id":"https:\/\/blanca.es\/nuevaweb\/el-ayuntamiento-de-blanca-incorpora-una-profesional-que-apoyara-personas-en-riesgo-de-exclusion\/#breadcrumb","itemListElement":[{"@type":"ListItem","position":1,"name":"Portada","item":"https:\/\/blanca.es\/nuevaweb\/"},{"@type":"ListItem","position":2,"name":"El Ayuntamiento de Blanca incorpora una profesional que apoyar\u00e1 personas en riesgo de exclusi\u00f3n"}]},{"@type":"WebSite","@id":"https:\/\/blanca.es\/nuevaweb\/#website","url":"https:\/\/blanca.es\/nuevaweb\/","name":"Ayuntamiento de Blanca","description":"Web Municipal Blanca (Murcia)","publisher":{"@id":"https:\/\/blanca.es\/nuevaweb\/#organization"},"potentialAction":[{"@type":"SearchAction","target":{"@type":"EntryPoint","urlTemplate":"https:\/\/blanca.es\/nuevaweb\/?s={search_term_string}"},"query-input":{"@type":"PropertyValueSpecification","valueRequired":true,"valueName":"search_term_string"}}],"inLanguage":"es"},{"@type":"Organization","@id":"https:\/\/blanca.es\/nuevaweb\/#organization","name":"Ayuntamiento de Blanca","url":"https:\/\/blanca.es\/nuevaweb\/","logo":{"@type":"ImageObject","inLanguage":"es","@id":"https:\/\/blanca.es\/nuevaweb\/#\/schema\/logo\/image\/","url":"https:\/\/blanca.es\/nuevaweb\/wp-content\/uploads\/2020\/09\/Escudo_alta_cuadrado-3.png","contentUrl":"https:\/\/blanca.es\/nuevaweb\/wp-content\/uploads\/2020\/09\/Escudo_alta_cuadrado-3.png","width":300,"height":300,"caption":"Ayuntamiento de Blanca"},"image":{"@id":"https:\/\/blanca.es\/nuevaweb\/#\/schema\/logo\/image\/"},"sameAs":["https:\/\/es-es.facebook.com\/AyuntamientodeBlanca","https:\/\/x.com\/ayto_blanca","https:\/\/www.youtube.com\/channel\/UC9weal_OZVKN6meF0Fd_rqw"]},{"@type":"Person","@id":"https:\/\/blanca.es\/nuevaweb\/#\/schema\/person\/068ffbe563a96e998dc141bd91d5a84a","name":"Comunicaci\u00f3n","image":{"@type":"ImageObject","inLanguage":"es","@id":"https:\/\/secure.gravatar.com\/avatar\/0a6839cedbb80e4510cc6b40b620b579d19c8c87d368475504cb313c55980873?s=96&d=mm&r=g","url":"https:\/\/secure.gravatar.com\/avatar\/0a6839cedbb80e4510cc6b40b620b579d19c8c87d368475504cb313c55980873?s=96&d=mm&r=g","contentUrl":"https:\/\/secure.gravatar.com\/avatar\/0a6839cedbb80e4510cc6b40b620b579d19c8c87d368475504cb313c55980873?s=96&d=mm&r=g","caption":"Comunicaci\u00f3n"}}]}},"_links":{"self":[{"href":"https:\/\/blanca.es\/nuevaweb\/wp-json\/wp\/v2\/posts\/24097","targetHints":{"allow":["GET"]}}],"collection":[{"href":"https:\/\/blanca.es\/nuevaweb\/wp-json\/wp\/v2\/posts"}],"about":[{"href":"https:\/\/blanca.es\/nuevaweb\/wp-json\/wp\/v2\/types\/post"}],"author":[{"embeddable":true,"href":"https:\/\/blanca.es\/nuevaweb\/wp-json\/wp\/v2\/users\/2"}],"replies":[{"embeddable":true,"href":"https:\/\/blanca.es\/nuevaweb\/wp-json\/wp\/v2\/comments?post=24097"}],"version-history":[{"count":1,"href":"https:\/\/blanca.es\/nuevaweb\/wp-json\/wp\/v2\/posts\/24097\/revisions"}],"predecessor-version":[{"id":24099,"href":"https:\/\/blanca.es\/nuevaweb\/wp-json\/wp\/v2\/posts\/24097\/revisions\/24099"}],"wp:featuredmedia":[{"embeddable":true,"href":"https:\/\/blanca.es\/nuevaweb\/wp-json\/wp\/v2\/media\/24098"}],"wp:attachment":[{"href":"https:\/\/blanca.es\/nuevaweb\/wp-json\/wp\/v2\/media?parent=24097"}],"wp:term":[{"taxonomy":"category","embeddable":true,"href":"https:\/\/blanca.es\/nuevaweb\/wp-json\/wp\/v2\/categories?post=24097"},{"taxonomy":"post_tag","embeddable":true,"href":"https:\/\/blanca.es\/nuevaweb\/wp-json\/wp\/v2\/tags?post=24097"}],"curies":[{"name":"wp","href":"https:\/\/api.w.org\/{rel}","templated":true}]}}