{"id":24173,"date":"2022-12-02T15:44:15","date_gmt":"2022-12-02T13:44:15","guid":{"rendered":"https:\/\/blanca.es\/nuevaweb\/?p=24173"},"modified":"2022-12-02T15:44:17","modified_gmt":"2022-12-02T13:44:17","slug":"drilo-park-david-navarro-y-el-orfeon-fernandez-caballero-protagonizaran-la-navidad-de-blanca","status":"publish","type":"post","link":"https:\/\/blanca.es\/nuevaweb\/drilo-park-david-navarro-y-el-orfeon-fernandez-caballero-protagonizaran-la-navidad-de-blanca\/","title":{"rendered":"Drilo Park, David Navarro y el Orfe\u00f3n Fern\u00e1ndez Caballero protagonizar\u00e1n la Navidad de Blanca"},"content":{"rendered":"\n<p class=\"wp-block-paragraph\"><strong>El Ayuntamiento de Blanca presenta la programaci\u00f3n del municipio para las fiestas navide\u00f1as.<\/strong><\/p>\n\n\n\n<p class=\"wp-block-paragraph\">El alcalde de Blanca, Pedro Luis Molina, y el concejal de Festejos, Vicente Candel, han presentado la programaci\u00f3n de \u2018Blanca en Navidad\u2019.<\/p>\n\n\n\n<p class=\"wp-block-paragraph\">Se trata de un programa navide\u00f1o concebido con eventos, actividades y espect\u00e1culos para todas las edades que contar\u00e1 con las siguientes actuaciones:<\/p>\n\n\n\n<ul class=\"wp-block-list\"><li>8 de diciembre: Bendici\u00f3n de la cuadrilla de \u00e1nimas. (20:00 h.)<\/li><\/ul>\n\n\n\n<ul class=\"wp-block-list\"><li>11 de diciembre: Inauguraci\u00f3n del bel\u00e9n de la Asociaci\u00f3n de Belenistas. (20:00 h.)<\/li><\/ul>\n\n\n\n<ul class=\"wp-block-list\"><li>17&nbsp; de diciembre: M\u00fasica en la calle con Retropop en La Estaci\u00f3n de Blanca (16:00 h.)<\/li><\/ul>\n\n\n\n<ul class=\"wp-block-list\"><li>17 de diciembre: Festival de villancicos huertanos. Teatro Victoria (20:00 h.).<\/li><\/ul>\n\n\n\n<ul class=\"wp-block-list\"><li>18 de diciembre: Bendici\u00f3n e inauguraci\u00f3n del bel\u00e9n de La Estaci\u00f3n de Blanca. (20:00 h.).<\/li><\/ul>\n\n\n\n<ul class=\"wp-block-list\"><li>18 de diciembre: Concierto de Navidad del Orfe\u00f3n Murciano Fern\u00e1ndez Caballero. Iglesia de San Juan Evangelista (20:00 h.).<\/li><\/ul>\n\n\n\n<ul class=\"wp-block-list\"><li>23 de diciembre: Actuaci\u00f3n musical de Movar en Residencia de ancianos. (16:00 h.)<\/li><\/ul>\n\n\n\n<ul class=\"wp-block-list\"><li>24 de diciembre:<\/li><\/ul>\n\n\n\n<p class=\"wp-block-paragraph\">Recogida de cartas de Pap\u00e1 Noel en la Estaci\u00f3n de Blanca. (12:00 h.)<\/p>\n\n\n\n<p class=\"wp-block-paragraph\">Recogida de cartas de Pap\u00e1 Noel en Blanca en la Plaza de la Iglesia. (15:30 h.)<\/p>\n\n\n\n<p class=\"wp-block-paragraph\">Tardebuena en La Estaci\u00f3n en el Hogar Social. (16:00 h.)<\/p>\n\n\n\n<p class=\"wp-block-paragraph\">Tardebuena musical con Filiu y Ciu en Blanca. (16:30 h.)<\/p>\n\n\n\n<ul class=\"wp-block-list\"><li>26 de diciembre: Concierto de Navidad de la Agrupaci\u00f3n Musical de Blanca \u2018Una navidad de cine\u2019 en el Teatro Victoria. (20:00 h.)<\/li><\/ul>\n\n\n\n<ul class=\"wp-block-list\"><li>28 de diciembre: Desde las 11:00 a las 13:30 h. y de las 16:00 a las 18:00 h. Drilo Park, el parque m\u00e1s divertido para ni\u00f1as y ni\u00f1os. Lugar: Plaza del Ayuntamiento.<\/li><\/ul>\n\n\n\n<ul class=\"wp-block-list\"><li>30 de diciembre: Magia c\u00f3mica infantil con el espect\u00e1culo familiar de Golosino en el Parque Juan XXIII de La Estaci\u00f3n de Blanca. (16:30 h.)<\/li><\/ul>\n\n\n\n<ul class=\"wp-block-list\"><li>31 de diciembre:<\/li><\/ul>\n\n\n\n<p class=\"wp-block-paragraph\">Pasacalles de Los Informales para despedir el a\u00f1o. (11:00 h.)<\/p>\n\n\n\n<p class=\"wp-block-paragraph\">Tardevieja en La Estaci\u00f3n. (16:00 h.)<\/p>\n\n\n\n<p class=\"wp-block-paragraph\">Tardevieja en Blanca con Dj Esteban Molina. (16:30 h.)<\/p>\n\n\n\n<ul class=\"wp-block-list\"><li>1 de enero: Recogida de cartas por SSMM los Reyes de Oriente. (16:00 h.)<\/li><\/ul>\n\n\n\n<ul class=\"wp-block-list\"><li>2 de enero: Recogida de cartas por SSMM los Reyes de Oriente en La Estaci\u00f3n (16:00 h.)<\/li><\/ul>\n\n\n\n<ul class=\"wp-block-list\"><li>4 de enero: Noche de humor con David Navarro. (20:00 h.)<\/li><\/ul>\n\n\n\n<p class=\"wp-block-paragraph\">Lugar: Teatro Victoria. Entrada anticipada 10\u20ac y en taquilla 15\u20ac.<\/p>\n\n\n\n<ul class=\"wp-block-list\"><li>5&nbsp; de enero:<\/li><\/ul>\n\n\n\n<p class=\"wp-block-paragraph\">Batucada con Jandinga que recorrer\u00e1 las calles de Blanca (a partir de las 12:00 h.)<\/p>\n\n\n\n<p class=\"wp-block-paragraph\">Cabalgata de Reyes de La Estaci\u00f3n de Blanca (15:30 h.)<\/p>\n\n\n\n<p class=\"wp-block-paragraph\">Cabalgata de Reyes de Blanca (17:30 h.)<\/p>\n\n\n\n<p class=\"wp-block-paragraph\">6 de enero: Despedida de las \u00e1nimas. (20:00 h.)<\/p>\n\n\n\n<figure class=\"wp-block-gallery columns-3 is-cropped wp-block-gallery-1 is-layout-flex wp-block-gallery-is-layout-flex\"><ul class=\"blocks-gallery-grid\"><li class=\"blocks-gallery-item\"><figure><img loading=\"lazy\" decoding=\"async\" width=\"724\" height=\"1024\" src=\"https:\/\/blanca.es\/nuevaweb\/wp-content\/uploads\/2022\/12\/Cartel-Orfeo\u0301n-724x1024.jpg\" alt=\"\" data-id=\"24176\" data-full-url=\"https:\/\/blanca.es\/nuevaweb\/wp-content\/uploads\/2022\/12\/Cartel-Orfeo\u0301n.jpg\" data-link=\"https:\/\/blanca.es\/nuevaweb\/?attachment_id=24176\" class=\"wp-image-24176\" srcset=\"https:\/\/blanca.es\/nuevaweb\/wp-content\/uploads\/2022\/12\/Cartel-Orfeo\u0301n-724x1024.jpg 724w, https:\/\/blanca.es\/nuevaweb\/wp-content\/uploads\/2022\/12\/Cartel-Orfeo\u0301n-212x300.jpg 212w, https:\/\/blanca.es\/nuevaweb\/wp-content\/uploads\/2022\/12\/Cartel-Orfeo\u0301n-768x1086.jpg 768w, https:\/\/blanca.es\/nuevaweb\/wp-content\/uploads\/2022\/12\/Cartel-Orfeo\u0301n-1086x1536.jpg 1086w, https:\/\/blanca.es\/nuevaweb\/wp-content\/uploads\/2022\/12\/Cartel-Orfeo\u0301n-1448x2048.jpg 1448w, https:\/\/blanca.es\/nuevaweb\/wp-content\/uploads\/2022\/12\/Cartel-Orfeo\u0301n.jpg 1587w\" sizes=\"auto, (max-width: 724px) 100vw, 724px\" \/><\/figure><\/li><li class=\"blocks-gallery-item\"><figure><img loading=\"lazy\" decoding=\"async\" width=\"724\" height=\"1024\" src=\"https:\/\/blanca.es\/nuevaweb\/wp-content\/uploads\/2022\/12\/certamen-de-villancicos-724x1024.jpg\" alt=\"\" data-id=\"24177\" data-full-url=\"https:\/\/blanca.es\/nuevaweb\/wp-content\/uploads\/2022\/12\/certamen-de-villancicos-scaled.jpg\" data-link=\"https:\/\/blanca.es\/nuevaweb\/?attachment_id=24177\" class=\"wp-image-24177\" srcset=\"https:\/\/blanca.es\/nuevaweb\/wp-content\/uploads\/2022\/12\/certamen-de-villancicos-724x1024.jpg 724w, https:\/\/blanca.es\/nuevaweb\/wp-content\/uploads\/2022\/12\/certamen-de-villancicos-212x300.jpg 212w, https:\/\/blanca.es\/nuevaweb\/wp-content\/uploads\/2022\/12\/certamen-de-villancicos-768x1086.jpg 768w, https:\/\/blanca.es\/nuevaweb\/wp-content\/uploads\/2022\/12\/certamen-de-villancicos-1086x1536.jpg 1086w, https:\/\/blanca.es\/nuevaweb\/wp-content\/uploads\/2022\/12\/certamen-de-villancicos-1448x2048.jpg 1448w, https:\/\/blanca.es\/nuevaweb\/wp-content\/uploads\/2022\/12\/certamen-de-villancicos-scaled.jpg 1810w\" sizes=\"auto, (max-width: 724px) 100vw, 724px\" \/><\/figure><\/li><li class=\"blocks-gallery-item\"><figure><img loading=\"lazy\" decoding=\"async\" width=\"576\" height=\"1024\" src=\"https:\/\/blanca.es\/nuevaweb\/wp-content\/uploads\/2022\/12\/foto-filu-576x1024.jpg\" alt=\"\" data-id=\"24179\" data-full-url=\"https:\/\/blanca.es\/nuevaweb\/wp-content\/uploads\/2022\/12\/foto-filu.jpg\" data-link=\"https:\/\/blanca.es\/nuevaweb\/?attachment_id=24179\" class=\"wp-image-24179\" srcset=\"https:\/\/blanca.es\/nuevaweb\/wp-content\/uploads\/2022\/12\/foto-filu-576x1024.jpg 576w, https:\/\/blanca.es\/nuevaweb\/wp-content\/uploads\/2022\/12\/foto-filu-169x300.jpg 169w, https:\/\/blanca.es\/nuevaweb\/wp-content\/uploads\/2022\/12\/foto-filu-768x1365.jpg 768w, https:\/\/blanca.es\/nuevaweb\/wp-content\/uploads\/2022\/12\/foto-filu-864x1536.jpg 864w, https:\/\/blanca.es\/nuevaweb\/wp-content\/uploads\/2022\/12\/foto-filu-1152x2048.jpg 1152w, https:\/\/blanca.es\/nuevaweb\/wp-content\/uploads\/2022\/12\/foto-filu.jpg 1242w\" sizes=\"auto, (max-width: 576px) 100vw, 576px\" \/><\/figure><\/li><li class=\"blocks-gallery-item\"><figure><img loading=\"lazy\" decoding=\"async\" width=\"1024\" height=\"724\" src=\"https:\/\/blanca.es\/nuevaweb\/wp-content\/uploads\/2022\/12\/DRILO-PARK-Portada-1024x724.jpg\" alt=\"\" data-id=\"24178\" data-full-url=\"https:\/\/blanca.es\/nuevaweb\/wp-content\/uploads\/2022\/12\/DRILO-PARK-Portada-scaled.jpg\" data-link=\"https:\/\/blanca.es\/nuevaweb\/?attachment_id=24178\" class=\"wp-image-24178\" srcset=\"https:\/\/blanca.es\/nuevaweb\/wp-content\/uploads\/2022\/12\/DRILO-PARK-Portada-1024x724.jpg 1024w, https:\/\/blanca.es\/nuevaweb\/wp-content\/uploads\/2022\/12\/DRILO-PARK-Portada-300x212.jpg 300w, https:\/\/blanca.es\/nuevaweb\/wp-content\/uploads\/2022\/12\/DRILO-PARK-Portada-768x543.jpg 768w, https:\/\/blanca.es\/nuevaweb\/wp-content\/uploads\/2022\/12\/DRILO-PARK-Portada-1536x1086.jpg 1536w, https:\/\/blanca.es\/nuevaweb\/wp-content\/uploads\/2022\/12\/DRILO-PARK-Portada-2048x1448.jpg 2048w\" sizes=\"auto, (max-width: 1024px) 100vw, 1024px\" \/><\/figure><\/li><\/ul><\/figure>\n","protected":false},"excerpt":{"rendered":"<p>El Ayuntamiento de Blanca presenta la programaci\u00f3n del municipio para las fiestas navide\u00f1as.<\/p>\n","protected":false},"author":2,"featured_media":24175,"comment_status":"closed","ping_status":"open","sticky":false,"template":"","format":"standard","meta":{"footnotes":""},"categories":[162],"tags":[],"class_list":["post-24173","post","type-post","status-publish","format-standard","has-post-thumbnail","hentry","category-fiestas"],"yoast_head":"<!-- This site is optimized with the Yoast SEO plugin v28.1 - https:\/\/yoast.com\/product\/yoast-seo-wordpress\/ -->\n<title>Drilo Park, David Navarro y el Orfe\u00f3n Fern\u00e1ndez Caballero protagonizar\u00e1n la Navidad de Blanca - Ayuntamiento de Blanca<\/title>\n<meta name=\"robots\" content=\"index, follow, max-snippet:-1, max-image-preview:large, max-video-preview:-1\" \/>\n<link rel=\"canonical\" href=\"https:\/\/blanca.es\/nuevaweb\/drilo-park-david-navarro-y-el-orfeon-fernandez-caballero-protagonizaran-la-navidad-de-blanca\/\" \/>\n<meta property=\"og:locale\" content=\"es_ES\" \/>\n<meta property=\"og:type\" content=\"article\" \/>\n<meta property=\"og:title\" content=\"Drilo Park, David Navarro y el Orfe\u00f3n Fern\u00e1ndez Caballero protagonizar\u00e1n la Navidad de Blanca - Ayuntamiento de Blanca\" \/>\n<meta property=\"og:description\" content=\"El Ayuntamiento de Blanca presenta la programaci\u00f3n del municipio para las fiestas navide\u00f1as.\" \/>\n<meta property=\"og:url\" content=\"https:\/\/blanca.es\/nuevaweb\/drilo-park-david-navarro-y-el-orfeon-fernandez-caballero-protagonizaran-la-navidad-de-blanca\/\" \/>\n<meta property=\"og:site_name\" content=\"Ayuntamiento de Blanca\" \/>\n<meta property=\"article:publisher\" content=\"https:\/\/es-es.facebook.com\/AyuntamientodeBlanca\" \/>\n<meta property=\"article:published_time\" content=\"2022-12-02T13:44:15+00:00\" \/>\n<meta property=\"article:modified_time\" content=\"2022-12-02T13:44:17+00:00\" \/>\n<meta property=\"og:image\" content=\"https:\/\/blanca.es\/nuevaweb\/wp-content\/uploads\/2022\/12\/Presentacio\u0301n-programacio\u0301n-Navidad.jpeg\" \/>\n\t<meta property=\"og:image:width\" content=\"1200\" \/>\n\t<meta property=\"og:image:height\" content=\"1600\" \/>\n\t<meta property=\"og:image:type\" content=\"image\/jpeg\" \/>\n<meta name=\"author\" content=\"Comunicaci\u00f3n\" \/>\n<meta name=\"twitter:card\" content=\"summary_large_image\" \/>\n<meta name=\"twitter:creator\" content=\"@ayto_blanca\" \/>\n<meta name=\"twitter:site\" content=\"@ayto_blanca\" \/>\n<meta name=\"twitter:label1\" content=\"Escrito por\" \/>\n\t<meta name=\"twitter:data1\" content=\"Comunicaci\u00f3n\" \/>\n\t<meta name=\"twitter:label2\" content=\"Tiempo de lectura\" \/>\n\t<meta name=\"twitter:data2\" content=\"3 minutos\" \/>\n<script type=\"application\/ld+json\" class=\"yoast-schema-graph\">{\"@context\":\"https:\\\/\\\/schema.org\",\"@graph\":[{\"@type\":\"Article\",\"@id\":\"https:\\\/\\\/blanca.es\\\/nuevaweb\\\/drilo-park-david-navarro-y-el-orfeon-fernandez-caballero-protagonizaran-la-navidad-de-blanca\\\/#article\",\"isPartOf\":{\"@id\":\"https:\\\/\\\/blanca.es\\\/nuevaweb\\\/drilo-park-david-navarro-y-el-orfeon-fernandez-caballero-protagonizaran-la-navidad-de-blanca\\\/\"},\"author\":{\"name\":\"Comunicaci\u00f3n\",\"@id\":\"https:\\\/\\\/blanca.es\\\/nuevaweb\\\/#\\\/schema\\\/person\\\/068ffbe563a96e998dc141bd91d5a84a\"},\"headline\":\"Drilo Park, David Navarro y el Orfe\u00f3n Fern\u00e1ndez Caballero protagonizar\u00e1n la Navidad de Blanca\",\"datePublished\":\"2022-12-02T13:44:15+00:00\",\"dateModified\":\"2022-12-02T13:44:17+00:00\",\"mainEntityOfPage\":{\"@id\":\"https:\\\/\\\/blanca.es\\\/nuevaweb\\\/drilo-park-david-navarro-y-el-orfeon-fernandez-caballero-protagonizaran-la-navidad-de-blanca\\\/\"},\"wordCount\":412,\"publisher\":{\"@id\":\"https:\\\/\\\/blanca.es\\\/nuevaweb\\\/#organization\"},\"image\":{\"@id\":\"https:\\\/\\\/blanca.es\\\/nuevaweb\\\/drilo-park-david-navarro-y-el-orfeon-fernandez-caballero-protagonizaran-la-navidad-de-blanca\\\/#primaryimage\"},\"thumbnailUrl\":\"https:\\\/\\\/blanca.es\\\/nuevaweb\\\/wp-content\\\/uploads\\\/2022\\\/12\\\/Presentacio\u0301n-programacio\u0301n-Navidad.jpeg\",\"articleSection\":[\"Fiestas\"],\"inLanguage\":\"es\"},{\"@type\":\"WebPage\",\"@id\":\"https:\\\/\\\/blanca.es\\\/nuevaweb\\\/drilo-park-david-navarro-y-el-orfeon-fernandez-caballero-protagonizaran-la-navidad-de-blanca\\\/\",\"url\":\"https:\\\/\\\/blanca.es\\\/nuevaweb\\\/drilo-park-david-navarro-y-el-orfeon-fernandez-caballero-protagonizaran-la-navidad-de-blanca\\\/\",\"name\":\"Drilo Park, David Navarro y el Orfe\u00f3n Fern\u00e1ndez Caballero protagonizar\u00e1n la Navidad de Blanca - Ayuntamiento de Blanca\",\"isPartOf\":{\"@id\":\"https:\\\/\\\/blanca.es\\\/nuevaweb\\\/#website\"},\"primaryImageOfPage\":{\"@id\":\"https:\\\/\\\/blanca.es\\\/nuevaweb\\\/drilo-park-david-navarro-y-el-orfeon-fernandez-caballero-protagonizaran-la-navidad-de-blanca\\\/#primaryimage\"},\"image\":{\"@id\":\"https:\\\/\\\/blanca.es\\\/nuevaweb\\\/drilo-park-david-navarro-y-el-orfeon-fernandez-caballero-protagonizaran-la-navidad-de-blanca\\\/#primaryimage\"},\"thumbnailUrl\":\"https:\\\/\\\/blanca.es\\\/nuevaweb\\\/wp-content\\\/uploads\\\/2022\\\/12\\\/Presentacio\u0301n-programacio\u0301n-Navidad.jpeg\",\"datePublished\":\"2022-12-02T13:44:15+00:00\",\"dateModified\":\"2022-12-02T13:44:17+00:00\",\"breadcrumb\":{\"@id\":\"https:\\\/\\\/blanca.es\\\/nuevaweb\\\/drilo-park-david-navarro-y-el-orfeon-fernandez-caballero-protagonizaran-la-navidad-de-blanca\\\/#breadcrumb\"},\"inLanguage\":\"es\",\"potentialAction\":[{\"@type\":\"ReadAction\",\"target\":[\"https:\\\/\\\/blanca.es\\\/nuevaweb\\\/drilo-park-david-navarro-y-el-orfeon-fernandez-caballero-protagonizaran-la-navidad-de-blanca\\\/\"]}]},{\"@type\":\"ImageObject\",\"inLanguage\":\"es\",\"@id\":\"https:\\\/\\\/blanca.es\\\/nuevaweb\\\/drilo-park-david-navarro-y-el-orfeon-fernandez-caballero-protagonizaran-la-navidad-de-blanca\\\/#primaryimage\",\"url\":\"https:\\\/\\\/blanca.es\\\/nuevaweb\\\/wp-content\\\/uploads\\\/2022\\\/12\\\/Presentacio\u0301n-programacio\u0301n-Navidad.jpeg\",\"contentUrl\":\"https:\\\/\\\/blanca.es\\\/nuevaweb\\\/wp-content\\\/uploads\\\/2022\\\/12\\\/Presentacio\u0301n-programacio\u0301n-Navidad.jpeg\",\"width\":1200,\"height\":1600},{\"@type\":\"BreadcrumbList\",\"@id\":\"https:\\\/\\\/blanca.es\\\/nuevaweb\\\/drilo-park-david-navarro-y-el-orfeon-fernandez-caballero-protagonizaran-la-navidad-de-blanca\\\/#breadcrumb\",\"itemListElement\":[{\"@type\":\"ListItem\",\"position\":1,\"name\":\"Portada\",\"item\":\"https:\\\/\\\/blanca.es\\\/nuevaweb\\\/\"},{\"@type\":\"ListItem\",\"position\":2,\"name\":\"Drilo Park, David Navarro y el Orfe\u00f3n Fern\u00e1ndez Caballero protagonizar\u00e1n la Navidad de Blanca\"}]},{\"@type\":\"WebSite\",\"@id\":\"https:\\\/\\\/blanca.es\\\/nuevaweb\\\/#website\",\"url\":\"https:\\\/\\\/blanca.es\\\/nuevaweb\\\/\",\"name\":\"Ayuntamiento de Blanca\",\"description\":\"Web Municipal Blanca (Murcia)\",\"publisher\":{\"@id\":\"https:\\\/\\\/blanca.es\\\/nuevaweb\\\/#organization\"},\"potentialAction\":[{\"@type\":\"SearchAction\",\"target\":{\"@type\":\"EntryPoint\",\"urlTemplate\":\"https:\\\/\\\/blanca.es\\\/nuevaweb\\\/?s={search_term_string}\"},\"query-input\":{\"@type\":\"PropertyValueSpecification\",\"valueRequired\":true,\"valueName\":\"search_term_string\"}}],\"inLanguage\":\"es\"},{\"@type\":\"Organization\",\"@id\":\"https:\\\/\\\/blanca.es\\\/nuevaweb\\\/#organization\",\"name\":\"Ayuntamiento de Blanca\",\"url\":\"https:\\\/\\\/blanca.es\\\/nuevaweb\\\/\",\"logo\":{\"@type\":\"ImageObject\",\"inLanguage\":\"es\",\"@id\":\"https:\\\/\\\/blanca.es\\\/nuevaweb\\\/#\\\/schema\\\/logo\\\/image\\\/\",\"url\":\"https:\\\/\\\/blanca.es\\\/nuevaweb\\\/wp-content\\\/uploads\\\/2020\\\/09\\\/Escudo_alta_cuadrado-3.png\",\"contentUrl\":\"https:\\\/\\\/blanca.es\\\/nuevaweb\\\/wp-content\\\/uploads\\\/2020\\\/09\\\/Escudo_alta_cuadrado-3.png\",\"width\":300,\"height\":300,\"caption\":\"Ayuntamiento de Blanca\"},\"image\":{\"@id\":\"https:\\\/\\\/blanca.es\\\/nuevaweb\\\/#\\\/schema\\\/logo\\\/image\\\/\"},\"sameAs\":[\"https:\\\/\\\/es-es.facebook.com\\\/AyuntamientodeBlanca\",\"https:\\\/\\\/x.com\\\/ayto_blanca\",\"https:\\\/\\\/www.youtube.com\\\/channel\\\/UC9weal_OZVKN6meF0Fd_rqw\"]},{\"@type\":\"Person\",\"@id\":\"https:\\\/\\\/blanca.es\\\/nuevaweb\\\/#\\\/schema\\\/person\\\/068ffbe563a96e998dc141bd91d5a84a\",\"name\":\"Comunicaci\u00f3n\",\"image\":{\"@type\":\"ImageObject\",\"inLanguage\":\"es\",\"@id\":\"https:\\\/\\\/secure.gravatar.com\\\/avatar\\\/0a6839cedbb80e4510cc6b40b620b579d19c8c87d368475504cb313c55980873?s=96&d=mm&r=g\",\"url\":\"https:\\\/\\\/secure.gravatar.com\\\/avatar\\\/0a6839cedbb80e4510cc6b40b620b579d19c8c87d368475504cb313c55980873?s=96&d=mm&r=g\",\"contentUrl\":\"https:\\\/\\\/secure.gravatar.com\\\/avatar\\\/0a6839cedbb80e4510cc6b40b620b579d19c8c87d368475504cb313c55980873?s=96&d=mm&r=g\",\"caption\":\"Comunicaci\u00f3n\"}}]}<\/script>\n<!-- \/ Yoast SEO plugin. -->","yoast_head_json":{"title":"Drilo Park, David Navarro y el Orfe\u00f3n Fern\u00e1ndez Caballero protagonizar\u00e1n la Navidad de Blanca - Ayuntamiento de Blanca","robots":{"index":"index","follow":"follow","max-snippet":"max-snippet:-1","max-image-preview":"max-image-preview:large","max-video-preview":"max-video-preview:-1"},"canonical":"https:\/\/blanca.es\/nuevaweb\/drilo-park-david-navarro-y-el-orfeon-fernandez-caballero-protagonizaran-la-navidad-de-blanca\/","og_locale":"es_ES","og_type":"article","og_title":"Drilo Park, David Navarro y el Orfe\u00f3n Fern\u00e1ndez Caballero protagonizar\u00e1n la Navidad de Blanca - Ayuntamiento de Blanca","og_description":"El Ayuntamiento de Blanca presenta la programaci\u00f3n del municipio para las fiestas navide\u00f1as.","og_url":"https:\/\/blanca.es\/nuevaweb\/drilo-park-david-navarro-y-el-orfeon-fernandez-caballero-protagonizaran-la-navidad-de-blanca\/","og_site_name":"Ayuntamiento de Blanca","article_publisher":"https:\/\/es-es.facebook.com\/AyuntamientodeBlanca","article_published_time":"2022-12-02T13:44:15+00:00","article_modified_time":"2022-12-02T13:44:17+00:00","og_image":[{"width":1200,"height":1600,"url":"https:\/\/blanca.es\/nuevaweb\/wp-content\/uploads\/2022\/12\/Presentacio\u0301n-programacio\u0301n-Navidad.jpeg","type":"image\/jpeg"}],"author":"Comunicaci\u00f3n","twitter_card":"summary_large_image","twitter_creator":"@ayto_blanca","twitter_site":"@ayto_blanca","twitter_misc":{"Escrito por":"Comunicaci\u00f3n","Tiempo de lectura":"3 minutos"},"schema":{"@context":"https:\/\/schema.org","@graph":[{"@type":"Article","@id":"https:\/\/blanca.es\/nuevaweb\/drilo-park-david-navarro-y-el-orfeon-fernandez-caballero-protagonizaran-la-navidad-de-blanca\/#article","isPartOf":{"@id":"https:\/\/blanca.es\/nuevaweb\/drilo-park-david-navarro-y-el-orfeon-fernandez-caballero-protagonizaran-la-navidad-de-blanca\/"},"author":{"name":"Comunicaci\u00f3n","@id":"https:\/\/blanca.es\/nuevaweb\/#\/schema\/person\/068ffbe563a96e998dc141bd91d5a84a"},"headline":"Drilo Park, David Navarro y el Orfe\u00f3n Fern\u00e1ndez Caballero protagonizar\u00e1n la Navidad de Blanca","datePublished":"2022-12-02T13:44:15+00:00","dateModified":"2022-12-02T13:44:17+00:00","mainEntityOfPage":{"@id":"https:\/\/blanca.es\/nuevaweb\/drilo-park-david-navarro-y-el-orfeon-fernandez-caballero-protagonizaran-la-navidad-de-blanca\/"},"wordCount":412,"publisher":{"@id":"https:\/\/blanca.es\/nuevaweb\/#organization"},"image":{"@id":"https:\/\/blanca.es\/nuevaweb\/drilo-park-david-navarro-y-el-orfeon-fernandez-caballero-protagonizaran-la-navidad-de-blanca\/#primaryimage"},"thumbnailUrl":"https:\/\/blanca.es\/nuevaweb\/wp-content\/uploads\/2022\/12\/Presentacio\u0301n-programacio\u0301n-Navidad.jpeg","articleSection":["Fiestas"],"inLanguage":"es"},{"@type":"WebPage","@id":"https:\/\/blanca.es\/nuevaweb\/drilo-park-david-navarro-y-el-orfeon-fernandez-caballero-protagonizaran-la-navidad-de-blanca\/","url":"https:\/\/blanca.es\/nuevaweb\/drilo-park-david-navarro-y-el-orfeon-fernandez-caballero-protagonizaran-la-navidad-de-blanca\/","name":"Drilo Park, David Navarro y el Orfe\u00f3n Fern\u00e1ndez Caballero protagonizar\u00e1n la Navidad de Blanca - Ayuntamiento de Blanca","isPartOf":{"@id":"https:\/\/blanca.es\/nuevaweb\/#website"},"primaryImageOfPage":{"@id":"https:\/\/blanca.es\/nuevaweb\/drilo-park-david-navarro-y-el-orfeon-fernandez-caballero-protagonizaran-la-navidad-de-blanca\/#primaryimage"},"image":{"@id":"https:\/\/blanca.es\/nuevaweb\/drilo-park-david-navarro-y-el-orfeon-fernandez-caballero-protagonizaran-la-navidad-de-blanca\/#primaryimage"},"thumbnailUrl":"https:\/\/blanca.es\/nuevaweb\/wp-content\/uploads\/2022\/12\/Presentacio\u0301n-programacio\u0301n-Navidad.jpeg","datePublished":"2022-12-02T13:44:15+00:00","dateModified":"2022-12-02T13:44:17+00:00","breadcrumb":{"@id":"https:\/\/blanca.es\/nuevaweb\/drilo-park-david-navarro-y-el-orfeon-fernandez-caballero-protagonizaran-la-navidad-de-blanca\/#breadcrumb"},"inLanguage":"es","potentialAction":[{"@type":"ReadAction","target":["https:\/\/blanca.es\/nuevaweb\/drilo-park-david-navarro-y-el-orfeon-fernandez-caballero-protagonizaran-la-navidad-de-blanca\/"]}]},{"@type":"ImageObject","inLanguage":"es","@id":"https:\/\/blanca.es\/nuevaweb\/drilo-park-david-navarro-y-el-orfeon-fernandez-caballero-protagonizaran-la-navidad-de-blanca\/#primaryimage","url":"https:\/\/blanca.es\/nuevaweb\/wp-content\/uploads\/2022\/12\/Presentacio\u0301n-programacio\u0301n-Navidad.jpeg","contentUrl":"https:\/\/blanca.es\/nuevaweb\/wp-content\/uploads\/2022\/12\/Presentacio\u0301n-programacio\u0301n-Navidad.jpeg","width":1200,"height":1600},{"@type":"BreadcrumbList","@id":"https:\/\/blanca.es\/nuevaweb\/drilo-park-david-navarro-y-el-orfeon-fernandez-caballero-protagonizaran-la-navidad-de-blanca\/#breadcrumb","itemListElement":[{"@type":"ListItem","position":1,"name":"Portada","item":"https:\/\/blanca.es\/nuevaweb\/"},{"@type":"ListItem","position":2,"name":"Drilo Park, David Navarro y el Orfe\u00f3n Fern\u00e1ndez Caballero protagonizar\u00e1n la Navidad de Blanca"}]},{"@type":"WebSite","@id":"https:\/\/blanca.es\/nuevaweb\/#website","url":"https:\/\/blanca.es\/nuevaweb\/","name":"Ayuntamiento de Blanca","description":"Web Municipal Blanca (Murcia)","publisher":{"@id":"https:\/\/blanca.es\/nuevaweb\/#organization"},"potentialAction":[{"@type":"SearchAction","target":{"@type":"EntryPoint","urlTemplate":"https:\/\/blanca.es\/nuevaweb\/?s={search_term_string}"},"query-input":{"@type":"PropertyValueSpecification","valueRequired":true,"valueName":"search_term_string"}}],"inLanguage":"es"},{"@type":"Organization","@id":"https:\/\/blanca.es\/nuevaweb\/#organization","name":"Ayuntamiento de Blanca","url":"https:\/\/blanca.es\/nuevaweb\/","logo":{"@type":"ImageObject","inLanguage":"es","@id":"https:\/\/blanca.es\/nuevaweb\/#\/schema\/logo\/image\/","url":"https:\/\/blanca.es\/nuevaweb\/wp-content\/uploads\/2020\/09\/Escudo_alta_cuadrado-3.png","contentUrl":"https:\/\/blanca.es\/nuevaweb\/wp-content\/uploads\/2020\/09\/Escudo_alta_cuadrado-3.png","width":300,"height":300,"caption":"Ayuntamiento de Blanca"},"image":{"@id":"https:\/\/blanca.es\/nuevaweb\/#\/schema\/logo\/image\/"},"sameAs":["https:\/\/es-es.facebook.com\/AyuntamientodeBlanca","https:\/\/x.com\/ayto_blanca","https:\/\/www.youtube.com\/channel\/UC9weal_OZVKN6meF0Fd_rqw"]},{"@type":"Person","@id":"https:\/\/blanca.es\/nuevaweb\/#\/schema\/person\/068ffbe563a96e998dc141bd91d5a84a","name":"Comunicaci\u00f3n","image":{"@type":"ImageObject","inLanguage":"es","@id":"https:\/\/secure.gravatar.com\/avatar\/0a6839cedbb80e4510cc6b40b620b579d19c8c87d368475504cb313c55980873?s=96&d=mm&r=g","url":"https:\/\/secure.gravatar.com\/avatar\/0a6839cedbb80e4510cc6b40b620b579d19c8c87d368475504cb313c55980873?s=96&d=mm&r=g","contentUrl":"https:\/\/secure.gravatar.com\/avatar\/0a6839cedbb80e4510cc6b40b620b579d19c8c87d368475504cb313c55980873?s=96&d=mm&r=g","caption":"Comunicaci\u00f3n"}}]}},"_links":{"self":[{"href":"https:\/\/blanca.es\/nuevaweb\/wp-json\/wp\/v2\/posts\/24173","targetHints":{"allow":["GET"]}}],"collection":[{"href":"https:\/\/blanca.es\/nuevaweb\/wp-json\/wp\/v2\/posts"}],"about":[{"href":"https:\/\/blanca.es\/nuevaweb\/wp-json\/wp\/v2\/types\/post"}],"author":[{"embeddable":true,"href":"https:\/\/blanca.es\/nuevaweb\/wp-json\/wp\/v2\/users\/2"}],"replies":[{"embeddable":true,"href":"https:\/\/blanca.es\/nuevaweb\/wp-json\/wp\/v2\/comments?post=24173"}],"version-history":[{"count":2,"href":"https:\/\/blanca.es\/nuevaweb\/wp-json\/wp\/v2\/posts\/24173\/revisions"}],"predecessor-version":[{"id":24180,"href":"https:\/\/blanca.es\/nuevaweb\/wp-json\/wp\/v2\/posts\/24173\/revisions\/24180"}],"wp:featuredmedia":[{"embeddable":true,"href":"https:\/\/blanca.es\/nuevaweb\/wp-json\/wp\/v2\/media\/24175"}],"wp:attachment":[{"href":"https:\/\/blanca.es\/nuevaweb\/wp-json\/wp\/v2\/media?parent=24173"}],"wp:term":[{"taxonomy":"category","embeddable":true,"href":"https:\/\/blanca.es\/nuevaweb\/wp-json\/wp\/v2\/categories?post=24173"},{"taxonomy":"post_tag","embeddable":true,"href":"https:\/\/blanca.es\/nuevaweb\/wp-json\/wp\/v2\/tags?post=24173"}],"curies":[{"name":"wp","href":"https:\/\/api.w.org\/{rel}","templated":true}]}}