{"id":24476,"date":"2023-03-10T11:28:55","date_gmt":"2023-03-10T09:28:55","guid":{"rendered":"https:\/\/blanca.es\/nuevaweb\/?p=24476"},"modified":"2023-03-10T11:36:24","modified_gmt":"2023-03-10T09:36:24","slug":"el-ayuntamiento-de-blanca-reconoce-la-trayectoria-profesional-de-pedro-cano-otorgandole-la-medalla-de-oro","status":"publish","type":"post","link":"https:\/\/blanca.es\/nuevaweb\/el-ayuntamiento-de-blanca-reconoce-la-trayectoria-profesional-de-pedro-cano-otorgandole-la-medalla-de-oro\/","title":{"rendered":"El Ayuntamiento de Blanca reconoce la trayectoria profesional de Pedro Cano otorg\u00e1ndole la Medalla de Oro"},"content":{"rendered":"\n<p class=\"wp-block-paragraph\"><strong>Su talento art\u00edstico y su incansable trabajo, as\u00ed como su contribuci\u00f3n a la proyecci\u00f3n internacional del municipio han motivado que reciba la m\u00e1s alta distinci\u00f3n del Consistorio blanque\u00f1o.<\/strong><\/p>\n\n\n\n<p class=\"wp-block-paragraph\">La Corporaci\u00f3n Municipal del Ayuntamiento de Blanca ha aprobado por unanimidad en el Pleno ordinario del 9 de marzo una moci\u00f3n conjunta para distinguir con la Medalla de Oro de la Villa de Blanca a Pedro Cano por su enorme talento pict\u00f3rico y su incansable trabajo, as\u00ed como por la relevancia de los reconocimientos recibidos a lo largo de su dilatada carrera art\u00edstica, junto a su contribuci\u00f3n a la proyecci\u00f3n internacional del municipio de Blanca y al logro de las aspiraciones ideales y materiales de su comunidad.<\/p>\n\n\n\n<p class=\"wp-block-paragraph\"><strong>Trayectoria profesional<\/strong><\/p>\n\n\n\n<p class=\"wp-block-paragraph\">Pedro Cano Hern\u00e1ndez naci\u00f3 en Blanca en 1944. Estudi\u00f3 en la Escuela Superior de Bellas Artes de San Fernando donde tuvo, entre otros, a profesores como Antonio L\u00f3pez Garc\u00eda y Juan Barjola. En 1969 consigui\u00f3 una beca por oposici\u00f3n para pasar tres a\u00f1os en la Academia de Espa\u00f1a en Roma.<\/p>\n\n\n\n<p class=\"wp-block-paragraph\">Ha residido en Nueva York y Roma y viajado por todo el mundo, especialmente por el Mediterr\u00e1neo, lo que le ha permitido desarrollar su obra y crecer art\u00edsticamente.<\/p>\n\n\n\n<p class=\"wp-block-paragraph\">Ha expuesto en numerosas salas p\u00fablicas y privadas en Europa y Am\u00e9rica y posee obra en el Museo Vaticano, en la Galleria degli Uffizi en Florencia y en el Meadows Museum en Dallas. De Pedro Cano han escrito personalidades como Alfonso P\u00e9rez S\u00e1nchez, Maurizio Calvesi, Predrag Matvejevich, Juan Manuel Bonet y Lorenza Trucchi.<\/p>\n\n\n\n<p class=\"wp-block-paragraph\">En 1986, Pedro Cano fue nombrado Hijo Predilecto de Blanca, por los m\u00e9ritos art\u00edsticos acumulados y por mantener una vinculaci\u00f3n \u00edntima y continuada con la vida local que le une estrechamente a la comunidad blanque\u00f1a.<\/p>\n\n\n\n<p class=\"wp-block-paragraph\">La Fundaci\u00f3n Pedro Cano inicia su actividad en 2010 en Blanca con el objetivo de exponer y divulgar la obra de Pedro Cano en todos los \u00e1mbitos a trav\u00e9s de exposiciones, conferencias, publicaciones u otros medios de difusi\u00f3n art\u00edstica, as\u00ed como desarrollar y promover cualquier otra actividad relacionada en particular con la pintura y el arte contempor\u00e1neos.<\/p>\n\n\n\n<p class=\"wp-block-paragraph\">En 2016 obtuvo la Medalla de Oro de la Regi\u00f3n de Murcia en reconocimiento a su trayectoria art\u00edstica.<\/p>\n\n\n\n<p class=\"wp-block-paragraph\">Recientemente, el 27 de diciembre de 2022, fue galardonado con la Medalla de Oro al M\u00e9rito en las Bellas Artes que otorga el Ministerio de Cultura de Espa\u00f1a, la m\u00e1xima distinci\u00f3n art\u00edstica del Estado espa\u00f1ol.<\/p>\n\n\n\n<p class=\"wp-block-paragraph\">Imagen: Antonio Molina<\/p>\n","protected":false},"excerpt":{"rendered":"<p>Su talento art\u00edstico y su incansable trabajo, as\u00ed como su contribuci\u00f3n a la proyecci\u00f3n internacional del municipio han motivado que reciba la m\u00e1s alta distinci\u00f3n del Consistorio blanque\u00f1o.<\/p>\n","protected":false},"author":2,"featured_media":24478,"comment_status":"closed","ping_status":"open","sticky":false,"template":"","format":"standard","meta":{"footnotes":""},"categories":[160],"tags":[],"class_list":["post-24476","post","type-post","status-publish","format-standard","has-post-thumbnail","hentry","category-cul_tur"],"yoast_head":"<!-- This site is optimized with the Yoast SEO plugin v28.1 - https:\/\/yoast.com\/product\/yoast-seo-wordpress\/ -->\n<title>El Ayuntamiento de Blanca reconoce la trayectoria profesional de Pedro Cano otorg\u00e1ndole la Medalla de Oro - Ayuntamiento de Blanca<\/title>\n<meta name=\"robots\" content=\"index, follow, max-snippet:-1, max-image-preview:large, max-video-preview:-1\" \/>\n<link rel=\"canonical\" href=\"https:\/\/blanca.es\/nuevaweb\/el-ayuntamiento-de-blanca-reconoce-la-trayectoria-profesional-de-pedro-cano-otorgandole-la-medalla-de-oro\/\" \/>\n<meta property=\"og:locale\" content=\"es_ES\" \/>\n<meta property=\"og:type\" content=\"article\" \/>\n<meta property=\"og:title\" content=\"El Ayuntamiento de Blanca reconoce la trayectoria profesional de Pedro Cano otorg\u00e1ndole la Medalla de Oro - Ayuntamiento de Blanca\" \/>\n<meta property=\"og:description\" content=\"Su talento art\u00edstico y su incansable trabajo, as\u00ed como su contribuci\u00f3n a la proyecci\u00f3n internacional del municipio han motivado que reciba la m\u00e1s alta distinci\u00f3n del Consistorio blanque\u00f1o.\" \/>\n<meta property=\"og:url\" content=\"https:\/\/blanca.es\/nuevaweb\/el-ayuntamiento-de-blanca-reconoce-la-trayectoria-profesional-de-pedro-cano-otorgandole-la-medalla-de-oro\/\" \/>\n<meta property=\"og:site_name\" content=\"Ayuntamiento de Blanca\" \/>\n<meta property=\"article:publisher\" content=\"https:\/\/es-es.facebook.com\/AyuntamientodeBlanca\" \/>\n<meta property=\"article:published_time\" content=\"2023-03-10T09:28:55+00:00\" \/>\n<meta property=\"article:modified_time\" content=\"2023-03-10T09:36:24+00:00\" \/>\n<meta property=\"og:image\" content=\"https:\/\/blanca.es\/nuevaweb\/wp-content\/uploads\/2023\/03\/Imagen-de-Pedro-Cano-scaled.jpg\" \/>\n\t<meta property=\"og:image:width\" content=\"2560\" \/>\n\t<meta property=\"og:image:height\" content=\"1707\" \/>\n\t<meta property=\"og:image:type\" content=\"image\/jpeg\" \/>\n<meta name=\"author\" content=\"Comunicaci\u00f3n\" \/>\n<meta name=\"twitter:card\" content=\"summary_large_image\" \/>\n<meta name=\"twitter:creator\" content=\"@ayto_blanca\" \/>\n<meta name=\"twitter:site\" content=\"@ayto_blanca\" \/>\n<meta name=\"twitter:label1\" content=\"Escrito por\" \/>\n\t<meta name=\"twitter:data1\" content=\"Comunicaci\u00f3n\" \/>\n\t<meta name=\"twitter:label2\" content=\"Tiempo de lectura\" \/>\n\t<meta name=\"twitter:data2\" content=\"2 minutos\" \/>\n<script type=\"application\/ld+json\" class=\"yoast-schema-graph\">{\"@context\":\"https:\\\/\\\/schema.org\",\"@graph\":[{\"@type\":\"Article\",\"@id\":\"https:\\\/\\\/blanca.es\\\/nuevaweb\\\/el-ayuntamiento-de-blanca-reconoce-la-trayectoria-profesional-de-pedro-cano-otorgandole-la-medalla-de-oro\\\/#article\",\"isPartOf\":{\"@id\":\"https:\\\/\\\/blanca.es\\\/nuevaweb\\\/el-ayuntamiento-de-blanca-reconoce-la-trayectoria-profesional-de-pedro-cano-otorgandole-la-medalla-de-oro\\\/\"},\"author\":{\"name\":\"Comunicaci\u00f3n\",\"@id\":\"https:\\\/\\\/blanca.es\\\/nuevaweb\\\/#\\\/schema\\\/person\\\/068ffbe563a96e998dc141bd91d5a84a\"},\"headline\":\"El Ayuntamiento de Blanca reconoce la trayectoria profesional de Pedro Cano otorg\u00e1ndole la Medalla de Oro\",\"datePublished\":\"2023-03-10T09:28:55+00:00\",\"dateModified\":\"2023-03-10T09:36:24+00:00\",\"mainEntityOfPage\":{\"@id\":\"https:\\\/\\\/blanca.es\\\/nuevaweb\\\/el-ayuntamiento-de-blanca-reconoce-la-trayectoria-profesional-de-pedro-cano-otorgandole-la-medalla-de-oro\\\/\"},\"wordCount\":446,\"publisher\":{\"@id\":\"https:\\\/\\\/blanca.es\\\/nuevaweb\\\/#organization\"},\"image\":{\"@id\":\"https:\\\/\\\/blanca.es\\\/nuevaweb\\\/el-ayuntamiento-de-blanca-reconoce-la-trayectoria-profesional-de-pedro-cano-otorgandole-la-medalla-de-oro\\\/#primaryimage\"},\"thumbnailUrl\":\"https:\\\/\\\/blanca.es\\\/nuevaweb\\\/wp-content\\\/uploads\\\/2023\\\/03\\\/Imagen-de-Pedro-Cano-scaled.jpg\",\"articleSection\":[\"Cultura y Turismo\"],\"inLanguage\":\"es\"},{\"@type\":\"WebPage\",\"@id\":\"https:\\\/\\\/blanca.es\\\/nuevaweb\\\/el-ayuntamiento-de-blanca-reconoce-la-trayectoria-profesional-de-pedro-cano-otorgandole-la-medalla-de-oro\\\/\",\"url\":\"https:\\\/\\\/blanca.es\\\/nuevaweb\\\/el-ayuntamiento-de-blanca-reconoce-la-trayectoria-profesional-de-pedro-cano-otorgandole-la-medalla-de-oro\\\/\",\"name\":\"El Ayuntamiento de Blanca reconoce la trayectoria profesional de Pedro Cano otorg\u00e1ndole la Medalla de Oro - Ayuntamiento de Blanca\",\"isPartOf\":{\"@id\":\"https:\\\/\\\/blanca.es\\\/nuevaweb\\\/#website\"},\"primaryImageOfPage\":{\"@id\":\"https:\\\/\\\/blanca.es\\\/nuevaweb\\\/el-ayuntamiento-de-blanca-reconoce-la-trayectoria-profesional-de-pedro-cano-otorgandole-la-medalla-de-oro\\\/#primaryimage\"},\"image\":{\"@id\":\"https:\\\/\\\/blanca.es\\\/nuevaweb\\\/el-ayuntamiento-de-blanca-reconoce-la-trayectoria-profesional-de-pedro-cano-otorgandole-la-medalla-de-oro\\\/#primaryimage\"},\"thumbnailUrl\":\"https:\\\/\\\/blanca.es\\\/nuevaweb\\\/wp-content\\\/uploads\\\/2023\\\/03\\\/Imagen-de-Pedro-Cano-scaled.jpg\",\"datePublished\":\"2023-03-10T09:28:55+00:00\",\"dateModified\":\"2023-03-10T09:36:24+00:00\",\"breadcrumb\":{\"@id\":\"https:\\\/\\\/blanca.es\\\/nuevaweb\\\/el-ayuntamiento-de-blanca-reconoce-la-trayectoria-profesional-de-pedro-cano-otorgandole-la-medalla-de-oro\\\/#breadcrumb\"},\"inLanguage\":\"es\",\"potentialAction\":[{\"@type\":\"ReadAction\",\"target\":[\"https:\\\/\\\/blanca.es\\\/nuevaweb\\\/el-ayuntamiento-de-blanca-reconoce-la-trayectoria-profesional-de-pedro-cano-otorgandole-la-medalla-de-oro\\\/\"]}]},{\"@type\":\"ImageObject\",\"inLanguage\":\"es\",\"@id\":\"https:\\\/\\\/blanca.es\\\/nuevaweb\\\/el-ayuntamiento-de-blanca-reconoce-la-trayectoria-profesional-de-pedro-cano-otorgandole-la-medalla-de-oro\\\/#primaryimage\",\"url\":\"https:\\\/\\\/blanca.es\\\/nuevaweb\\\/wp-content\\\/uploads\\\/2023\\\/03\\\/Imagen-de-Pedro-Cano-scaled.jpg\",\"contentUrl\":\"https:\\\/\\\/blanca.es\\\/nuevaweb\\\/wp-content\\\/uploads\\\/2023\\\/03\\\/Imagen-de-Pedro-Cano-scaled.jpg\",\"width\":2560,\"height\":1707},{\"@type\":\"BreadcrumbList\",\"@id\":\"https:\\\/\\\/blanca.es\\\/nuevaweb\\\/el-ayuntamiento-de-blanca-reconoce-la-trayectoria-profesional-de-pedro-cano-otorgandole-la-medalla-de-oro\\\/#breadcrumb\",\"itemListElement\":[{\"@type\":\"ListItem\",\"position\":1,\"name\":\"Portada\",\"item\":\"https:\\\/\\\/blanca.es\\\/nuevaweb\\\/\"},{\"@type\":\"ListItem\",\"position\":2,\"name\":\"El Ayuntamiento de Blanca reconoce la trayectoria profesional de Pedro Cano otorg\u00e1ndole la Medalla de Oro\"}]},{\"@type\":\"WebSite\",\"@id\":\"https:\\\/\\\/blanca.es\\\/nuevaweb\\\/#website\",\"url\":\"https:\\\/\\\/blanca.es\\\/nuevaweb\\\/\",\"name\":\"Ayuntamiento de Blanca\",\"description\":\"Web Municipal Blanca (Murcia)\",\"publisher\":{\"@id\":\"https:\\\/\\\/blanca.es\\\/nuevaweb\\\/#organization\"},\"potentialAction\":[{\"@type\":\"SearchAction\",\"target\":{\"@type\":\"EntryPoint\",\"urlTemplate\":\"https:\\\/\\\/blanca.es\\\/nuevaweb\\\/?s={search_term_string}\"},\"query-input\":{\"@type\":\"PropertyValueSpecification\",\"valueRequired\":true,\"valueName\":\"search_term_string\"}}],\"inLanguage\":\"es\"},{\"@type\":\"Organization\",\"@id\":\"https:\\\/\\\/blanca.es\\\/nuevaweb\\\/#organization\",\"name\":\"Ayuntamiento de Blanca\",\"url\":\"https:\\\/\\\/blanca.es\\\/nuevaweb\\\/\",\"logo\":{\"@type\":\"ImageObject\",\"inLanguage\":\"es\",\"@id\":\"https:\\\/\\\/blanca.es\\\/nuevaweb\\\/#\\\/schema\\\/logo\\\/image\\\/\",\"url\":\"https:\\\/\\\/blanca.es\\\/nuevaweb\\\/wp-content\\\/uploads\\\/2020\\\/09\\\/Escudo_alta_cuadrado-3.png\",\"contentUrl\":\"https:\\\/\\\/blanca.es\\\/nuevaweb\\\/wp-content\\\/uploads\\\/2020\\\/09\\\/Escudo_alta_cuadrado-3.png\",\"width\":300,\"height\":300,\"caption\":\"Ayuntamiento de Blanca\"},\"image\":{\"@id\":\"https:\\\/\\\/blanca.es\\\/nuevaweb\\\/#\\\/schema\\\/logo\\\/image\\\/\"},\"sameAs\":[\"https:\\\/\\\/es-es.facebook.com\\\/AyuntamientodeBlanca\",\"https:\\\/\\\/x.com\\\/ayto_blanca\",\"https:\\\/\\\/www.youtube.com\\\/channel\\\/UC9weal_OZVKN6meF0Fd_rqw\"]},{\"@type\":\"Person\",\"@id\":\"https:\\\/\\\/blanca.es\\\/nuevaweb\\\/#\\\/schema\\\/person\\\/068ffbe563a96e998dc141bd91d5a84a\",\"name\":\"Comunicaci\u00f3n\",\"image\":{\"@type\":\"ImageObject\",\"inLanguage\":\"es\",\"@id\":\"https:\\\/\\\/secure.gravatar.com\\\/avatar\\\/0a6839cedbb80e4510cc6b40b620b579d19c8c87d368475504cb313c55980873?s=96&d=mm&r=g\",\"url\":\"https:\\\/\\\/secure.gravatar.com\\\/avatar\\\/0a6839cedbb80e4510cc6b40b620b579d19c8c87d368475504cb313c55980873?s=96&d=mm&r=g\",\"contentUrl\":\"https:\\\/\\\/secure.gravatar.com\\\/avatar\\\/0a6839cedbb80e4510cc6b40b620b579d19c8c87d368475504cb313c55980873?s=96&d=mm&r=g\",\"caption\":\"Comunicaci\u00f3n\"}}]}<\/script>\n<!-- \/ Yoast SEO plugin. -->","yoast_head_json":{"title":"El Ayuntamiento de Blanca reconoce la trayectoria profesional de Pedro Cano otorg\u00e1ndole la Medalla de Oro - Ayuntamiento de Blanca","robots":{"index":"index","follow":"follow","max-snippet":"max-snippet:-1","max-image-preview":"max-image-preview:large","max-video-preview":"max-video-preview:-1"},"canonical":"https:\/\/blanca.es\/nuevaweb\/el-ayuntamiento-de-blanca-reconoce-la-trayectoria-profesional-de-pedro-cano-otorgandole-la-medalla-de-oro\/","og_locale":"es_ES","og_type":"article","og_title":"El Ayuntamiento de Blanca reconoce la trayectoria profesional de Pedro Cano otorg\u00e1ndole la Medalla de Oro - Ayuntamiento de Blanca","og_description":"Su talento art\u00edstico y su incansable trabajo, as\u00ed como su contribuci\u00f3n a la proyecci\u00f3n internacional del municipio han motivado que reciba la m\u00e1s alta distinci\u00f3n del Consistorio blanque\u00f1o.","og_url":"https:\/\/blanca.es\/nuevaweb\/el-ayuntamiento-de-blanca-reconoce-la-trayectoria-profesional-de-pedro-cano-otorgandole-la-medalla-de-oro\/","og_site_name":"Ayuntamiento de Blanca","article_publisher":"https:\/\/es-es.facebook.com\/AyuntamientodeBlanca","article_published_time":"2023-03-10T09:28:55+00:00","article_modified_time":"2023-03-10T09:36:24+00:00","og_image":[{"width":2560,"height":1707,"url":"https:\/\/blanca.es\/nuevaweb\/wp-content\/uploads\/2023\/03\/Imagen-de-Pedro-Cano-scaled.jpg","type":"image\/jpeg"}],"author":"Comunicaci\u00f3n","twitter_card":"summary_large_image","twitter_creator":"@ayto_blanca","twitter_site":"@ayto_blanca","twitter_misc":{"Escrito por":"Comunicaci\u00f3n","Tiempo de lectura":"2 minutos"},"schema":{"@context":"https:\/\/schema.org","@graph":[{"@type":"Article","@id":"https:\/\/blanca.es\/nuevaweb\/el-ayuntamiento-de-blanca-reconoce-la-trayectoria-profesional-de-pedro-cano-otorgandole-la-medalla-de-oro\/#article","isPartOf":{"@id":"https:\/\/blanca.es\/nuevaweb\/el-ayuntamiento-de-blanca-reconoce-la-trayectoria-profesional-de-pedro-cano-otorgandole-la-medalla-de-oro\/"},"author":{"name":"Comunicaci\u00f3n","@id":"https:\/\/blanca.es\/nuevaweb\/#\/schema\/person\/068ffbe563a96e998dc141bd91d5a84a"},"headline":"El Ayuntamiento de Blanca reconoce la trayectoria profesional de Pedro Cano otorg\u00e1ndole la Medalla de Oro","datePublished":"2023-03-10T09:28:55+00:00","dateModified":"2023-03-10T09:36:24+00:00","mainEntityOfPage":{"@id":"https:\/\/blanca.es\/nuevaweb\/el-ayuntamiento-de-blanca-reconoce-la-trayectoria-profesional-de-pedro-cano-otorgandole-la-medalla-de-oro\/"},"wordCount":446,"publisher":{"@id":"https:\/\/blanca.es\/nuevaweb\/#organization"},"image":{"@id":"https:\/\/blanca.es\/nuevaweb\/el-ayuntamiento-de-blanca-reconoce-la-trayectoria-profesional-de-pedro-cano-otorgandole-la-medalla-de-oro\/#primaryimage"},"thumbnailUrl":"https:\/\/blanca.es\/nuevaweb\/wp-content\/uploads\/2023\/03\/Imagen-de-Pedro-Cano-scaled.jpg","articleSection":["Cultura y Turismo"],"inLanguage":"es"},{"@type":"WebPage","@id":"https:\/\/blanca.es\/nuevaweb\/el-ayuntamiento-de-blanca-reconoce-la-trayectoria-profesional-de-pedro-cano-otorgandole-la-medalla-de-oro\/","url":"https:\/\/blanca.es\/nuevaweb\/el-ayuntamiento-de-blanca-reconoce-la-trayectoria-profesional-de-pedro-cano-otorgandole-la-medalla-de-oro\/","name":"El Ayuntamiento de Blanca reconoce la trayectoria profesional de Pedro Cano otorg\u00e1ndole la Medalla de Oro - Ayuntamiento de Blanca","isPartOf":{"@id":"https:\/\/blanca.es\/nuevaweb\/#website"},"primaryImageOfPage":{"@id":"https:\/\/blanca.es\/nuevaweb\/el-ayuntamiento-de-blanca-reconoce-la-trayectoria-profesional-de-pedro-cano-otorgandole-la-medalla-de-oro\/#primaryimage"},"image":{"@id":"https:\/\/blanca.es\/nuevaweb\/el-ayuntamiento-de-blanca-reconoce-la-trayectoria-profesional-de-pedro-cano-otorgandole-la-medalla-de-oro\/#primaryimage"},"thumbnailUrl":"https:\/\/blanca.es\/nuevaweb\/wp-content\/uploads\/2023\/03\/Imagen-de-Pedro-Cano-scaled.jpg","datePublished":"2023-03-10T09:28:55+00:00","dateModified":"2023-03-10T09:36:24+00:00","breadcrumb":{"@id":"https:\/\/blanca.es\/nuevaweb\/el-ayuntamiento-de-blanca-reconoce-la-trayectoria-profesional-de-pedro-cano-otorgandole-la-medalla-de-oro\/#breadcrumb"},"inLanguage":"es","potentialAction":[{"@type":"ReadAction","target":["https:\/\/blanca.es\/nuevaweb\/el-ayuntamiento-de-blanca-reconoce-la-trayectoria-profesional-de-pedro-cano-otorgandole-la-medalla-de-oro\/"]}]},{"@type":"ImageObject","inLanguage":"es","@id":"https:\/\/blanca.es\/nuevaweb\/el-ayuntamiento-de-blanca-reconoce-la-trayectoria-profesional-de-pedro-cano-otorgandole-la-medalla-de-oro\/#primaryimage","url":"https:\/\/blanca.es\/nuevaweb\/wp-content\/uploads\/2023\/03\/Imagen-de-Pedro-Cano-scaled.jpg","contentUrl":"https:\/\/blanca.es\/nuevaweb\/wp-content\/uploads\/2023\/03\/Imagen-de-Pedro-Cano-scaled.jpg","width":2560,"height":1707},{"@type":"BreadcrumbList","@id":"https:\/\/blanca.es\/nuevaweb\/el-ayuntamiento-de-blanca-reconoce-la-trayectoria-profesional-de-pedro-cano-otorgandole-la-medalla-de-oro\/#breadcrumb","itemListElement":[{"@type":"ListItem","position":1,"name":"Portada","item":"https:\/\/blanca.es\/nuevaweb\/"},{"@type":"ListItem","position":2,"name":"El Ayuntamiento de Blanca reconoce la trayectoria profesional de Pedro Cano otorg\u00e1ndole la Medalla de Oro"}]},{"@type":"WebSite","@id":"https:\/\/blanca.es\/nuevaweb\/#website","url":"https:\/\/blanca.es\/nuevaweb\/","name":"Ayuntamiento de Blanca","description":"Web Municipal Blanca (Murcia)","publisher":{"@id":"https:\/\/blanca.es\/nuevaweb\/#organization"},"potentialAction":[{"@type":"SearchAction","target":{"@type":"EntryPoint","urlTemplate":"https:\/\/blanca.es\/nuevaweb\/?s={search_term_string}"},"query-input":{"@type":"PropertyValueSpecification","valueRequired":true,"valueName":"search_term_string"}}],"inLanguage":"es"},{"@type":"Organization","@id":"https:\/\/blanca.es\/nuevaweb\/#organization","name":"Ayuntamiento de Blanca","url":"https:\/\/blanca.es\/nuevaweb\/","logo":{"@type":"ImageObject","inLanguage":"es","@id":"https:\/\/blanca.es\/nuevaweb\/#\/schema\/logo\/image\/","url":"https:\/\/blanca.es\/nuevaweb\/wp-content\/uploads\/2020\/09\/Escudo_alta_cuadrado-3.png","contentUrl":"https:\/\/blanca.es\/nuevaweb\/wp-content\/uploads\/2020\/09\/Escudo_alta_cuadrado-3.png","width":300,"height":300,"caption":"Ayuntamiento de Blanca"},"image":{"@id":"https:\/\/blanca.es\/nuevaweb\/#\/schema\/logo\/image\/"},"sameAs":["https:\/\/es-es.facebook.com\/AyuntamientodeBlanca","https:\/\/x.com\/ayto_blanca","https:\/\/www.youtube.com\/channel\/UC9weal_OZVKN6meF0Fd_rqw"]},{"@type":"Person","@id":"https:\/\/blanca.es\/nuevaweb\/#\/schema\/person\/068ffbe563a96e998dc141bd91d5a84a","name":"Comunicaci\u00f3n","image":{"@type":"ImageObject","inLanguage":"es","@id":"https:\/\/secure.gravatar.com\/avatar\/0a6839cedbb80e4510cc6b40b620b579d19c8c87d368475504cb313c55980873?s=96&d=mm&r=g","url":"https:\/\/secure.gravatar.com\/avatar\/0a6839cedbb80e4510cc6b40b620b579d19c8c87d368475504cb313c55980873?s=96&d=mm&r=g","contentUrl":"https:\/\/secure.gravatar.com\/avatar\/0a6839cedbb80e4510cc6b40b620b579d19c8c87d368475504cb313c55980873?s=96&d=mm&r=g","caption":"Comunicaci\u00f3n"}}]}},"_links":{"self":[{"href":"https:\/\/blanca.es\/nuevaweb\/wp-json\/wp\/v2\/posts\/24476","targetHints":{"allow":["GET"]}}],"collection":[{"href":"https:\/\/blanca.es\/nuevaweb\/wp-json\/wp\/v2\/posts"}],"about":[{"href":"https:\/\/blanca.es\/nuevaweb\/wp-json\/wp\/v2\/types\/post"}],"author":[{"embeddable":true,"href":"https:\/\/blanca.es\/nuevaweb\/wp-json\/wp\/v2\/users\/2"}],"replies":[{"embeddable":true,"href":"https:\/\/blanca.es\/nuevaweb\/wp-json\/wp\/v2\/comments?post=24476"}],"version-history":[{"count":2,"href":"https:\/\/blanca.es\/nuevaweb\/wp-json\/wp\/v2\/posts\/24476\/revisions"}],"predecessor-version":[{"id":24479,"href":"https:\/\/blanca.es\/nuevaweb\/wp-json\/wp\/v2\/posts\/24476\/revisions\/24479"}],"wp:featuredmedia":[{"embeddable":true,"href":"https:\/\/blanca.es\/nuevaweb\/wp-json\/wp\/v2\/media\/24478"}],"wp:attachment":[{"href":"https:\/\/blanca.es\/nuevaweb\/wp-json\/wp\/v2\/media?parent=24476"}],"wp:term":[{"taxonomy":"category","embeddable":true,"href":"https:\/\/blanca.es\/nuevaweb\/wp-json\/wp\/v2\/categories?post=24476"},{"taxonomy":"post_tag","embeddable":true,"href":"https:\/\/blanca.es\/nuevaweb\/wp-json\/wp\/v2\/tags?post=24476"}],"curies":[{"name":"wp","href":"https:\/\/api.w.org\/{rel}","templated":true}]}}