{"id":25652,"date":"2023-11-04T14:21:49","date_gmt":"2023-11-04T12:21:49","guid":{"rendered":"https:\/\/blanca.es\/nuevaweb\/?p=25652"},"modified":"2023-11-04T14:21:56","modified_gmt":"2023-11-04T12:21:56","slug":"el-ayuntamiento-de-blanca-entrega-los-premios-de-la-feria-taurina-en-honor-a-san-roque","status":"publish","type":"post","link":"https:\/\/blanca.es\/nuevaweb\/el-ayuntamiento-de-blanca-entrega-los-premios-de-la-feria-taurina-en-honor-a-san-roque\/","title":{"rendered":"El Ayuntamiento de Blanca entrega los premios de la Feria Taurina en honor a San Roque"},"content":{"rendered":"\n<p class=\"wp-block-paragraph\"><strong>Los galardones han reca\u00eddo en el novillero murciano Trist\u00e1n Barroso, la ganader\u00eda Jos\u00e9 Escolar y el subalterno Daniel Palencia.<\/strong><\/p>\n\n\n\n<p class=\"wp-block-paragraph\">El Ayuntamiento de Blanca ha entregado los premios que se conceden con motivo de la celebraci\u00f3n de la Feria Taurina en honor a San Roque.<\/p>\n\n\n\n<p class=\"wp-block-paragraph\">Este acto, que se llev\u00f3 a cabo en el Fundaci\u00f3n Pedro Cano presentado por el periodista Juan Cervantes y amenizado por ballet de Bel\u00e9n Laorden, cont\u00f3 con la asistencia del alcalde de Blanca, A. Pablo Cano; el concejal de Servicios y Limpieza, Francisco Javier Rodr\u00edguez; y el concejal de Festejos, Jes\u00fas Cano.<\/p>\n\n\n\n<p class=\"wp-block-paragraph\">Estos galardones tienen como objetivo reconocer la labor de los triunfadores de la feria taurina, as\u00ed como a toreros y ganaderos que, con su esfuerzo, apoyo y trabajo contribuyen a fomentar los festejos taurinos.<\/p>\n\n\n\n<p class=\"wp-block-paragraph\">Los premios han reca\u00eddo en:<\/p>\n\n\n\n<p class=\"wp-block-paragraph\">-El premio \u2018Pedro Molina Mi\u00f1ano\u2019 al triunfador de la feria para el novillero murciano Trist\u00e1n Barroso, concedido por el Circulo Taurino de Blanca.<\/p>\n\n\n\n<p class=\"wp-block-paragraph\">-El premio a la mejor ganader\u00eda para Jos\u00e9 Escolar, otorgado por el Ayuntamiento de Blanca a trav\u00e9s de la Mesa del Toro.<\/p>\n\n\n\n<p class=\"wp-block-paragraph\">-El premio a la mejor estocada, que la Pe\u00f1a Manolete ha declarado desierto.<\/p>\n\n\n\n<p class=\"wp-block-paragraph\">-El premio \u2018Jes\u00fas Cano\u2019 al mejor par de banderillas ha sido para el subalterno Daniel Palencia, componente de la cuadrilla del novillero V\u00edctor Acebo.<\/p>\n\n\n\n<p class=\"wp-block-paragraph\">&#8211; Menci\u00f3n especial aTelecanal2 por la cobertura de los festejos taurinos.<\/p>\n\n\n\n<p class=\"wp-block-paragraph\">Para continuar con el fin de semana taurino, hoy d\u00eda 4 de octubre, tendr\u00e1 lugar una capea organizada la Pe\u00f1a Taurina Manolete, en colaboraci\u00f3n con el C\u00edrculo taurino de Blanca.<\/p>\n\n\n\n<figure class=\"wp-block-gallery has-nested-images columns-default is-cropped wp-block-gallery-1 is-layout-flex wp-block-gallery-is-layout-flex\">\n<figure class=\"wp-block-image size-large\"><img loading=\"lazy\" decoding=\"async\" width=\"1024\" height=\"681\" data-id=\"25661\" src=\"https:\/\/blanca.es\/nuevaweb\/wp-content\/uploads\/2023\/11\/DSC_0002-1024x681.jpg\" alt=\"\" class=\"wp-image-25661\" srcset=\"https:\/\/blanca.es\/nuevaweb\/wp-content\/uploads\/2023\/11\/DSC_0002-1024x681.jpg 1024w, https:\/\/blanca.es\/nuevaweb\/wp-content\/uploads\/2023\/11\/DSC_0002-300x199.jpg 300w, https:\/\/blanca.es\/nuevaweb\/wp-content\/uploads\/2023\/11\/DSC_0002-768x511.jpg 768w, https:\/\/blanca.es\/nuevaweb\/wp-content\/uploads\/2023\/11\/DSC_0002-1536x1021.jpg 1536w, https:\/\/blanca.es\/nuevaweb\/wp-content\/uploads\/2023\/11\/DSC_0002-2048x1362.jpg 2048w\" sizes=\"auto, (max-width: 1024px) 100vw, 1024px\" \/><\/figure>\n\n\n\n<figure class=\"wp-block-image size-large\"><img loading=\"lazy\" decoding=\"async\" width=\"1024\" height=\"681\" data-id=\"25654\" src=\"https:\/\/blanca.es\/nuevaweb\/wp-content\/uploads\/2023\/11\/DSC_0009-1024x681.jpg\" alt=\"\" class=\"wp-image-25654\" srcset=\"https:\/\/blanca.es\/nuevaweb\/wp-content\/uploads\/2023\/11\/DSC_0009-1024x681.jpg 1024w, https:\/\/blanca.es\/nuevaweb\/wp-content\/uploads\/2023\/11\/DSC_0009-300x199.jpg 300w, https:\/\/blanca.es\/nuevaweb\/wp-content\/uploads\/2023\/11\/DSC_0009-768x511.jpg 768w, https:\/\/blanca.es\/nuevaweb\/wp-content\/uploads\/2023\/11\/DSC_0009-1536x1021.jpg 1536w, https:\/\/blanca.es\/nuevaweb\/wp-content\/uploads\/2023\/11\/DSC_0009-2048x1362.jpg 2048w\" sizes=\"auto, (max-width: 1024px) 100vw, 1024px\" \/><\/figure>\n\n\n\n<figure class=\"wp-block-image size-large\"><img loading=\"lazy\" decoding=\"async\" width=\"1024\" height=\"681\" data-id=\"25656\" src=\"https:\/\/blanca.es\/nuevaweb\/wp-content\/uploads\/2023\/11\/DSC_0024-1024x681.jpg\" alt=\"\" class=\"wp-image-25656\" srcset=\"https:\/\/blanca.es\/nuevaweb\/wp-content\/uploads\/2023\/11\/DSC_0024-1024x681.jpg 1024w, https:\/\/blanca.es\/nuevaweb\/wp-content\/uploads\/2023\/11\/DSC_0024-300x199.jpg 300w, https:\/\/blanca.es\/nuevaweb\/wp-content\/uploads\/2023\/11\/DSC_0024-768x511.jpg 768w, https:\/\/blanca.es\/nuevaweb\/wp-content\/uploads\/2023\/11\/DSC_0024-1536x1021.jpg 1536w, https:\/\/blanca.es\/nuevaweb\/wp-content\/uploads\/2023\/11\/DSC_0024-2048x1362.jpg 2048w\" sizes=\"auto, (max-width: 1024px) 100vw, 1024px\" \/><\/figure>\n\n\n\n<figure class=\"wp-block-image size-large\"><img loading=\"lazy\" decoding=\"async\" width=\"1024\" height=\"681\" data-id=\"25657\" src=\"https:\/\/blanca.es\/nuevaweb\/wp-content\/uploads\/2023\/11\/DSC_0031-1024x681.jpg\" alt=\"\" class=\"wp-image-25657\" srcset=\"https:\/\/blanca.es\/nuevaweb\/wp-content\/uploads\/2023\/11\/DSC_0031-1024x681.jpg 1024w, https:\/\/blanca.es\/nuevaweb\/wp-content\/uploads\/2023\/11\/DSC_0031-300x199.jpg 300w, https:\/\/blanca.es\/nuevaweb\/wp-content\/uploads\/2023\/11\/DSC_0031-768x511.jpg 768w, https:\/\/blanca.es\/nuevaweb\/wp-content\/uploads\/2023\/11\/DSC_0031-1536x1021.jpg 1536w, https:\/\/blanca.es\/nuevaweb\/wp-content\/uploads\/2023\/11\/DSC_0031-2048x1362.jpg 2048w\" sizes=\"auto, (max-width: 1024px) 100vw, 1024px\" \/><\/figure>\n\n\n\n<figure class=\"wp-block-image size-large\"><img loading=\"lazy\" decoding=\"async\" width=\"1024\" height=\"681\" data-id=\"25655\" src=\"https:\/\/blanca.es\/nuevaweb\/wp-content\/uploads\/2023\/11\/DSC_0039-1024x681.jpg\" alt=\"\" class=\"wp-image-25655\" srcset=\"https:\/\/blanca.es\/nuevaweb\/wp-content\/uploads\/2023\/11\/DSC_0039-1024x681.jpg 1024w, https:\/\/blanca.es\/nuevaweb\/wp-content\/uploads\/2023\/11\/DSC_0039-300x199.jpg 300w, https:\/\/blanca.es\/nuevaweb\/wp-content\/uploads\/2023\/11\/DSC_0039-768x511.jpg 768w, https:\/\/blanca.es\/nuevaweb\/wp-content\/uploads\/2023\/11\/DSC_0039-1536x1021.jpg 1536w, https:\/\/blanca.es\/nuevaweb\/wp-content\/uploads\/2023\/11\/DSC_0039-2048x1362.jpg 2048w\" sizes=\"auto, (max-width: 1024px) 100vw, 1024px\" \/><\/figure>\n\n\n\n<figure class=\"wp-block-image size-large\"><img loading=\"lazy\" decoding=\"async\" width=\"1024\" height=\"681\" data-id=\"25659\" src=\"https:\/\/blanca.es\/nuevaweb\/wp-content\/uploads\/2023\/11\/DSC_0044-1024x681.jpg\" alt=\"\" class=\"wp-image-25659\" srcset=\"https:\/\/blanca.es\/nuevaweb\/wp-content\/uploads\/2023\/11\/DSC_0044-1024x681.jpg 1024w, https:\/\/blanca.es\/nuevaweb\/wp-content\/uploads\/2023\/11\/DSC_0044-300x199.jpg 300w, https:\/\/blanca.es\/nuevaweb\/wp-content\/uploads\/2023\/11\/DSC_0044-768x511.jpg 768w, https:\/\/blanca.es\/nuevaweb\/wp-content\/uploads\/2023\/11\/DSC_0044-1536x1021.jpg 1536w, https:\/\/blanca.es\/nuevaweb\/wp-content\/uploads\/2023\/11\/DSC_0044-2048x1362.jpg 2048w\" sizes=\"auto, (max-width: 1024px) 100vw, 1024px\" \/><\/figure>\n\n\n\n<figure class=\"wp-block-image size-large\"><img loading=\"lazy\" decoding=\"async\" width=\"1024\" height=\"681\" data-id=\"25658\" src=\"https:\/\/blanca.es\/nuevaweb\/wp-content\/uploads\/2023\/11\/DSC_0045-1024x681.jpg\" alt=\"\" class=\"wp-image-25658\" srcset=\"https:\/\/blanca.es\/nuevaweb\/wp-content\/uploads\/2023\/11\/DSC_0045-1024x681.jpg 1024w, https:\/\/blanca.es\/nuevaweb\/wp-content\/uploads\/2023\/11\/DSC_0045-300x199.jpg 300w, https:\/\/blanca.es\/nuevaweb\/wp-content\/uploads\/2023\/11\/DSC_0045-768x511.jpg 768w, https:\/\/blanca.es\/nuevaweb\/wp-content\/uploads\/2023\/11\/DSC_0045-1536x1021.jpg 1536w, https:\/\/blanca.es\/nuevaweb\/wp-content\/uploads\/2023\/11\/DSC_0045-2048x1362.jpg 2048w\" sizes=\"auto, (max-width: 1024px) 100vw, 1024px\" \/><\/figure>\n\n\n\n<figure class=\"wp-block-image size-large\"><img loading=\"lazy\" decoding=\"async\" width=\"1024\" height=\"681\" data-id=\"25663\" src=\"https:\/\/blanca.es\/nuevaweb\/wp-content\/uploads\/2023\/11\/DSC_0048-1024x681.jpg\" alt=\"\" class=\"wp-image-25663\" srcset=\"https:\/\/blanca.es\/nuevaweb\/wp-content\/uploads\/2023\/11\/DSC_0048-1024x681.jpg 1024w, https:\/\/blanca.es\/nuevaweb\/wp-content\/uploads\/2023\/11\/DSC_0048-300x199.jpg 300w, https:\/\/blanca.es\/nuevaweb\/wp-content\/uploads\/2023\/11\/DSC_0048-768x511.jpg 768w, https:\/\/blanca.es\/nuevaweb\/wp-content\/uploads\/2023\/11\/DSC_0048-1536x1021.jpg 1536w, https:\/\/blanca.es\/nuevaweb\/wp-content\/uploads\/2023\/11\/DSC_0048-2048x1362.jpg 2048w\" sizes=\"auto, (max-width: 1024px) 100vw, 1024px\" \/><\/figure>\n\n\n\n<figure class=\"wp-block-image size-large\"><img loading=\"lazy\" decoding=\"async\" width=\"1024\" height=\"681\" data-id=\"25662\" src=\"https:\/\/blanca.es\/nuevaweb\/wp-content\/uploads\/2023\/11\/DSC_0051-1024x681.jpg\" alt=\"\" class=\"wp-image-25662\" srcset=\"https:\/\/blanca.es\/nuevaweb\/wp-content\/uploads\/2023\/11\/DSC_0051-1024x681.jpg 1024w, https:\/\/blanca.es\/nuevaweb\/wp-content\/uploads\/2023\/11\/DSC_0051-300x199.jpg 300w, https:\/\/blanca.es\/nuevaweb\/wp-content\/uploads\/2023\/11\/DSC_0051-768x511.jpg 768w, https:\/\/blanca.es\/nuevaweb\/wp-content\/uploads\/2023\/11\/DSC_0051-1536x1021.jpg 1536w, https:\/\/blanca.es\/nuevaweb\/wp-content\/uploads\/2023\/11\/DSC_0051-2048x1362.jpg 2048w\" sizes=\"auto, (max-width: 1024px) 100vw, 1024px\" \/><\/figure>\n\n\n\n<figure class=\"wp-block-image size-large\"><img loading=\"lazy\" decoding=\"async\" width=\"1024\" height=\"681\" data-id=\"25660\" src=\"https:\/\/blanca.es\/nuevaweb\/wp-content\/uploads\/2023\/11\/DSC_0058-1024x681.jpg\" alt=\"\" class=\"wp-image-25660\" srcset=\"https:\/\/blanca.es\/nuevaweb\/wp-content\/uploads\/2023\/11\/DSC_0058-1024x681.jpg 1024w, https:\/\/blanca.es\/nuevaweb\/wp-content\/uploads\/2023\/11\/DSC_0058-300x199.jpg 300w, https:\/\/blanca.es\/nuevaweb\/wp-content\/uploads\/2023\/11\/DSC_0058-768x511.jpg 768w, https:\/\/blanca.es\/nuevaweb\/wp-content\/uploads\/2023\/11\/DSC_0058-1536x1021.jpg 1536w, https:\/\/blanca.es\/nuevaweb\/wp-content\/uploads\/2023\/11\/DSC_0058-2048x1362.jpg 2048w\" sizes=\"auto, (max-width: 1024px) 100vw, 1024px\" \/><\/figure>\n<\/figure>\n","protected":false},"excerpt":{"rendered":"<p>Los galardones han reca\u00eddo en el novillero murciano Trist\u00e1n Barroso, la ganader\u00eda Jos\u00e9 Escolar y el subalterno Daniel Palencia.<\/p>\n","protected":false},"author":2,"featured_media":25653,"comment_status":"closed","ping_status":"open","sticky":false,"template":"","format":"standard","meta":{"footnotes":""},"categories":[160,162],"tags":[],"class_list":["post-25652","post","type-post","status-publish","format-standard","has-post-thumbnail","hentry","category-cul_tur","category-fiestas"],"yoast_head":"<!-- This site is optimized with the Yoast SEO plugin v28.1 - https:\/\/yoast.com\/product\/yoast-seo-wordpress\/ -->\n<title>El Ayuntamiento de Blanca entrega los premios de la Feria Taurina en honor a San Roque - Ayuntamiento de Blanca<\/title>\n<meta name=\"robots\" content=\"index, follow, max-snippet:-1, max-image-preview:large, max-video-preview:-1\" \/>\n<link rel=\"canonical\" href=\"https:\/\/blanca.es\/nuevaweb\/el-ayuntamiento-de-blanca-entrega-los-premios-de-la-feria-taurina-en-honor-a-san-roque\/\" \/>\n<meta property=\"og:locale\" content=\"es_ES\" \/>\n<meta property=\"og:type\" content=\"article\" \/>\n<meta property=\"og:title\" content=\"El Ayuntamiento de Blanca entrega los premios de la Feria Taurina en honor a San Roque - Ayuntamiento de Blanca\" \/>\n<meta property=\"og:description\" content=\"Los galardones han reca\u00eddo en el novillero murciano Trist\u00e1n Barroso, la ganader\u00eda Jos\u00e9 Escolar y el subalterno Daniel Palencia.\" \/>\n<meta property=\"og:url\" content=\"https:\/\/blanca.es\/nuevaweb\/el-ayuntamiento-de-blanca-entrega-los-premios-de-la-feria-taurina-en-honor-a-san-roque\/\" \/>\n<meta property=\"og:site_name\" content=\"Ayuntamiento de Blanca\" \/>\n<meta property=\"article:publisher\" content=\"https:\/\/es-es.facebook.com\/AyuntamientodeBlanca\" \/>\n<meta property=\"article:published_time\" content=\"2023-11-04T12:21:49+00:00\" \/>\n<meta property=\"article:modified_time\" content=\"2023-11-04T12:21:56+00:00\" \/>\n<meta property=\"og:image\" content=\"https:\/\/blanca.es\/nuevaweb\/wp-content\/uploads\/2023\/11\/Foto-de-grupo-scaled.jpg\" \/>\n\t<meta property=\"og:image:width\" content=\"2560\" \/>\n\t<meta property=\"og:image:height\" content=\"1702\" \/>\n\t<meta property=\"og:image:type\" content=\"image\/jpeg\" \/>\n<meta name=\"author\" content=\"Comunicaci\u00f3n\" \/>\n<meta name=\"twitter:card\" content=\"summary_large_image\" \/>\n<meta name=\"twitter:creator\" content=\"@ayto_blanca\" \/>\n<meta name=\"twitter:site\" content=\"@ayto_blanca\" \/>\n<meta name=\"twitter:label1\" content=\"Escrito por\" \/>\n\t<meta name=\"twitter:data1\" content=\"Comunicaci\u00f3n\" \/>\n\t<meta name=\"twitter:label2\" content=\"Tiempo de lectura\" \/>\n\t<meta name=\"twitter:data2\" content=\"4 minutos\" \/>\n<script type=\"application\/ld+json\" class=\"yoast-schema-graph\">{\"@context\":\"https:\\\/\\\/schema.org\",\"@graph\":[{\"@type\":\"Article\",\"@id\":\"https:\\\/\\\/blanca.es\\\/nuevaweb\\\/el-ayuntamiento-de-blanca-entrega-los-premios-de-la-feria-taurina-en-honor-a-san-roque\\\/#article\",\"isPartOf\":{\"@id\":\"https:\\\/\\\/blanca.es\\\/nuevaweb\\\/el-ayuntamiento-de-blanca-entrega-los-premios-de-la-feria-taurina-en-honor-a-san-roque\\\/\"},\"author\":{\"name\":\"Comunicaci\u00f3n\",\"@id\":\"https:\\\/\\\/blanca.es\\\/nuevaweb\\\/#\\\/schema\\\/person\\\/068ffbe563a96e998dc141bd91d5a84a\"},\"headline\":\"El Ayuntamiento de Blanca entrega los premios de la Feria Taurina en honor a San Roque\",\"datePublished\":\"2023-11-04T12:21:49+00:00\",\"dateModified\":\"2023-11-04T12:21:56+00:00\",\"mainEntityOfPage\":{\"@id\":\"https:\\\/\\\/blanca.es\\\/nuevaweb\\\/el-ayuntamiento-de-blanca-entrega-los-premios-de-la-feria-taurina-en-honor-a-san-roque\\\/\"},\"wordCount\":294,\"publisher\":{\"@id\":\"https:\\\/\\\/blanca.es\\\/nuevaweb\\\/#organization\"},\"image\":{\"@id\":\"https:\\\/\\\/blanca.es\\\/nuevaweb\\\/el-ayuntamiento-de-blanca-entrega-los-premios-de-la-feria-taurina-en-honor-a-san-roque\\\/#primaryimage\"},\"thumbnailUrl\":\"https:\\\/\\\/blanca.es\\\/nuevaweb\\\/wp-content\\\/uploads\\\/2023\\\/11\\\/Foto-de-grupo-scaled.jpg\",\"articleSection\":[\"Cultura y Turismo\",\"Fiestas\"],\"inLanguage\":\"es\"},{\"@type\":\"WebPage\",\"@id\":\"https:\\\/\\\/blanca.es\\\/nuevaweb\\\/el-ayuntamiento-de-blanca-entrega-los-premios-de-la-feria-taurina-en-honor-a-san-roque\\\/\",\"url\":\"https:\\\/\\\/blanca.es\\\/nuevaweb\\\/el-ayuntamiento-de-blanca-entrega-los-premios-de-la-feria-taurina-en-honor-a-san-roque\\\/\",\"name\":\"El Ayuntamiento de Blanca entrega los premios de la Feria Taurina en honor a San Roque - Ayuntamiento de Blanca\",\"isPartOf\":{\"@id\":\"https:\\\/\\\/blanca.es\\\/nuevaweb\\\/#website\"},\"primaryImageOfPage\":{\"@id\":\"https:\\\/\\\/blanca.es\\\/nuevaweb\\\/el-ayuntamiento-de-blanca-entrega-los-premios-de-la-feria-taurina-en-honor-a-san-roque\\\/#primaryimage\"},\"image\":{\"@id\":\"https:\\\/\\\/blanca.es\\\/nuevaweb\\\/el-ayuntamiento-de-blanca-entrega-los-premios-de-la-feria-taurina-en-honor-a-san-roque\\\/#primaryimage\"},\"thumbnailUrl\":\"https:\\\/\\\/blanca.es\\\/nuevaweb\\\/wp-content\\\/uploads\\\/2023\\\/11\\\/Foto-de-grupo-scaled.jpg\",\"datePublished\":\"2023-11-04T12:21:49+00:00\",\"dateModified\":\"2023-11-04T12:21:56+00:00\",\"breadcrumb\":{\"@id\":\"https:\\\/\\\/blanca.es\\\/nuevaweb\\\/el-ayuntamiento-de-blanca-entrega-los-premios-de-la-feria-taurina-en-honor-a-san-roque\\\/#breadcrumb\"},\"inLanguage\":\"es\",\"potentialAction\":[{\"@type\":\"ReadAction\",\"target\":[\"https:\\\/\\\/blanca.es\\\/nuevaweb\\\/el-ayuntamiento-de-blanca-entrega-los-premios-de-la-feria-taurina-en-honor-a-san-roque\\\/\"]}]},{\"@type\":\"ImageObject\",\"inLanguage\":\"es\",\"@id\":\"https:\\\/\\\/blanca.es\\\/nuevaweb\\\/el-ayuntamiento-de-blanca-entrega-los-premios-de-la-feria-taurina-en-honor-a-san-roque\\\/#primaryimage\",\"url\":\"https:\\\/\\\/blanca.es\\\/nuevaweb\\\/wp-content\\\/uploads\\\/2023\\\/11\\\/Foto-de-grupo-scaled.jpg\",\"contentUrl\":\"https:\\\/\\\/blanca.es\\\/nuevaweb\\\/wp-content\\\/uploads\\\/2023\\\/11\\\/Foto-de-grupo-scaled.jpg\",\"width\":2560,\"height\":1702},{\"@type\":\"BreadcrumbList\",\"@id\":\"https:\\\/\\\/blanca.es\\\/nuevaweb\\\/el-ayuntamiento-de-blanca-entrega-los-premios-de-la-feria-taurina-en-honor-a-san-roque\\\/#breadcrumb\",\"itemListElement\":[{\"@type\":\"ListItem\",\"position\":1,\"name\":\"Portada\",\"item\":\"https:\\\/\\\/blanca.es\\\/nuevaweb\\\/\"},{\"@type\":\"ListItem\",\"position\":2,\"name\":\"El Ayuntamiento de Blanca entrega los premios de la Feria Taurina en honor a San Roque\"}]},{\"@type\":\"WebSite\",\"@id\":\"https:\\\/\\\/blanca.es\\\/nuevaweb\\\/#website\",\"url\":\"https:\\\/\\\/blanca.es\\\/nuevaweb\\\/\",\"name\":\"Ayuntamiento de Blanca\",\"description\":\"Web Municipal Blanca (Murcia)\",\"publisher\":{\"@id\":\"https:\\\/\\\/blanca.es\\\/nuevaweb\\\/#organization\"},\"potentialAction\":[{\"@type\":\"SearchAction\",\"target\":{\"@type\":\"EntryPoint\",\"urlTemplate\":\"https:\\\/\\\/blanca.es\\\/nuevaweb\\\/?s={search_term_string}\"},\"query-input\":{\"@type\":\"PropertyValueSpecification\",\"valueRequired\":true,\"valueName\":\"search_term_string\"}}],\"inLanguage\":\"es\"},{\"@type\":\"Organization\",\"@id\":\"https:\\\/\\\/blanca.es\\\/nuevaweb\\\/#organization\",\"name\":\"Ayuntamiento de Blanca\",\"url\":\"https:\\\/\\\/blanca.es\\\/nuevaweb\\\/\",\"logo\":{\"@type\":\"ImageObject\",\"inLanguage\":\"es\",\"@id\":\"https:\\\/\\\/blanca.es\\\/nuevaweb\\\/#\\\/schema\\\/logo\\\/image\\\/\",\"url\":\"https:\\\/\\\/blanca.es\\\/nuevaweb\\\/wp-content\\\/uploads\\\/2020\\\/09\\\/Escudo_alta_cuadrado-3.png\",\"contentUrl\":\"https:\\\/\\\/blanca.es\\\/nuevaweb\\\/wp-content\\\/uploads\\\/2020\\\/09\\\/Escudo_alta_cuadrado-3.png\",\"width\":300,\"height\":300,\"caption\":\"Ayuntamiento de Blanca\"},\"image\":{\"@id\":\"https:\\\/\\\/blanca.es\\\/nuevaweb\\\/#\\\/schema\\\/logo\\\/image\\\/\"},\"sameAs\":[\"https:\\\/\\\/es-es.facebook.com\\\/AyuntamientodeBlanca\",\"https:\\\/\\\/x.com\\\/ayto_blanca\",\"https:\\\/\\\/www.youtube.com\\\/channel\\\/UC9weal_OZVKN6meF0Fd_rqw\"]},{\"@type\":\"Person\",\"@id\":\"https:\\\/\\\/blanca.es\\\/nuevaweb\\\/#\\\/schema\\\/person\\\/068ffbe563a96e998dc141bd91d5a84a\",\"name\":\"Comunicaci\u00f3n\",\"image\":{\"@type\":\"ImageObject\",\"inLanguage\":\"es\",\"@id\":\"https:\\\/\\\/secure.gravatar.com\\\/avatar\\\/0a6839cedbb80e4510cc6b40b620b579d19c8c87d368475504cb313c55980873?s=96&d=mm&r=g\",\"url\":\"https:\\\/\\\/secure.gravatar.com\\\/avatar\\\/0a6839cedbb80e4510cc6b40b620b579d19c8c87d368475504cb313c55980873?s=96&d=mm&r=g\",\"contentUrl\":\"https:\\\/\\\/secure.gravatar.com\\\/avatar\\\/0a6839cedbb80e4510cc6b40b620b579d19c8c87d368475504cb313c55980873?s=96&d=mm&r=g\",\"caption\":\"Comunicaci\u00f3n\"}}]}<\/script>\n<!-- \/ Yoast SEO plugin. -->","yoast_head_json":{"title":"El Ayuntamiento de Blanca entrega los premios de la Feria Taurina en honor a San Roque - Ayuntamiento de Blanca","robots":{"index":"index","follow":"follow","max-snippet":"max-snippet:-1","max-image-preview":"max-image-preview:large","max-video-preview":"max-video-preview:-1"},"canonical":"https:\/\/blanca.es\/nuevaweb\/el-ayuntamiento-de-blanca-entrega-los-premios-de-la-feria-taurina-en-honor-a-san-roque\/","og_locale":"es_ES","og_type":"article","og_title":"El Ayuntamiento de Blanca entrega los premios de la Feria Taurina en honor a San Roque - Ayuntamiento de Blanca","og_description":"Los galardones han reca\u00eddo en el novillero murciano Trist\u00e1n Barroso, la ganader\u00eda Jos\u00e9 Escolar y el subalterno Daniel Palencia.","og_url":"https:\/\/blanca.es\/nuevaweb\/el-ayuntamiento-de-blanca-entrega-los-premios-de-la-feria-taurina-en-honor-a-san-roque\/","og_site_name":"Ayuntamiento de Blanca","article_publisher":"https:\/\/es-es.facebook.com\/AyuntamientodeBlanca","article_published_time":"2023-11-04T12:21:49+00:00","article_modified_time":"2023-11-04T12:21:56+00:00","og_image":[{"width":2560,"height":1702,"url":"https:\/\/blanca.es\/nuevaweb\/wp-content\/uploads\/2023\/11\/Foto-de-grupo-scaled.jpg","type":"image\/jpeg"}],"author":"Comunicaci\u00f3n","twitter_card":"summary_large_image","twitter_creator":"@ayto_blanca","twitter_site":"@ayto_blanca","twitter_misc":{"Escrito por":"Comunicaci\u00f3n","Tiempo de lectura":"4 minutos"},"schema":{"@context":"https:\/\/schema.org","@graph":[{"@type":"Article","@id":"https:\/\/blanca.es\/nuevaweb\/el-ayuntamiento-de-blanca-entrega-los-premios-de-la-feria-taurina-en-honor-a-san-roque\/#article","isPartOf":{"@id":"https:\/\/blanca.es\/nuevaweb\/el-ayuntamiento-de-blanca-entrega-los-premios-de-la-feria-taurina-en-honor-a-san-roque\/"},"author":{"name":"Comunicaci\u00f3n","@id":"https:\/\/blanca.es\/nuevaweb\/#\/schema\/person\/068ffbe563a96e998dc141bd91d5a84a"},"headline":"El Ayuntamiento de Blanca entrega los premios de la Feria Taurina en honor a San Roque","datePublished":"2023-11-04T12:21:49+00:00","dateModified":"2023-11-04T12:21:56+00:00","mainEntityOfPage":{"@id":"https:\/\/blanca.es\/nuevaweb\/el-ayuntamiento-de-blanca-entrega-los-premios-de-la-feria-taurina-en-honor-a-san-roque\/"},"wordCount":294,"publisher":{"@id":"https:\/\/blanca.es\/nuevaweb\/#organization"},"image":{"@id":"https:\/\/blanca.es\/nuevaweb\/el-ayuntamiento-de-blanca-entrega-los-premios-de-la-feria-taurina-en-honor-a-san-roque\/#primaryimage"},"thumbnailUrl":"https:\/\/blanca.es\/nuevaweb\/wp-content\/uploads\/2023\/11\/Foto-de-grupo-scaled.jpg","articleSection":["Cultura y Turismo","Fiestas"],"inLanguage":"es"},{"@type":"WebPage","@id":"https:\/\/blanca.es\/nuevaweb\/el-ayuntamiento-de-blanca-entrega-los-premios-de-la-feria-taurina-en-honor-a-san-roque\/","url":"https:\/\/blanca.es\/nuevaweb\/el-ayuntamiento-de-blanca-entrega-los-premios-de-la-feria-taurina-en-honor-a-san-roque\/","name":"El Ayuntamiento de Blanca entrega los premios de la Feria Taurina en honor a San Roque - Ayuntamiento de Blanca","isPartOf":{"@id":"https:\/\/blanca.es\/nuevaweb\/#website"},"primaryImageOfPage":{"@id":"https:\/\/blanca.es\/nuevaweb\/el-ayuntamiento-de-blanca-entrega-los-premios-de-la-feria-taurina-en-honor-a-san-roque\/#primaryimage"},"image":{"@id":"https:\/\/blanca.es\/nuevaweb\/el-ayuntamiento-de-blanca-entrega-los-premios-de-la-feria-taurina-en-honor-a-san-roque\/#primaryimage"},"thumbnailUrl":"https:\/\/blanca.es\/nuevaweb\/wp-content\/uploads\/2023\/11\/Foto-de-grupo-scaled.jpg","datePublished":"2023-11-04T12:21:49+00:00","dateModified":"2023-11-04T12:21:56+00:00","breadcrumb":{"@id":"https:\/\/blanca.es\/nuevaweb\/el-ayuntamiento-de-blanca-entrega-los-premios-de-la-feria-taurina-en-honor-a-san-roque\/#breadcrumb"},"inLanguage":"es","potentialAction":[{"@type":"ReadAction","target":["https:\/\/blanca.es\/nuevaweb\/el-ayuntamiento-de-blanca-entrega-los-premios-de-la-feria-taurina-en-honor-a-san-roque\/"]}]},{"@type":"ImageObject","inLanguage":"es","@id":"https:\/\/blanca.es\/nuevaweb\/el-ayuntamiento-de-blanca-entrega-los-premios-de-la-feria-taurina-en-honor-a-san-roque\/#primaryimage","url":"https:\/\/blanca.es\/nuevaweb\/wp-content\/uploads\/2023\/11\/Foto-de-grupo-scaled.jpg","contentUrl":"https:\/\/blanca.es\/nuevaweb\/wp-content\/uploads\/2023\/11\/Foto-de-grupo-scaled.jpg","width":2560,"height":1702},{"@type":"BreadcrumbList","@id":"https:\/\/blanca.es\/nuevaweb\/el-ayuntamiento-de-blanca-entrega-los-premios-de-la-feria-taurina-en-honor-a-san-roque\/#breadcrumb","itemListElement":[{"@type":"ListItem","position":1,"name":"Portada","item":"https:\/\/blanca.es\/nuevaweb\/"},{"@type":"ListItem","position":2,"name":"El Ayuntamiento de Blanca entrega los premios de la Feria Taurina en honor a San Roque"}]},{"@type":"WebSite","@id":"https:\/\/blanca.es\/nuevaweb\/#website","url":"https:\/\/blanca.es\/nuevaweb\/","name":"Ayuntamiento de Blanca","description":"Web Municipal Blanca (Murcia)","publisher":{"@id":"https:\/\/blanca.es\/nuevaweb\/#organization"},"potentialAction":[{"@type":"SearchAction","target":{"@type":"EntryPoint","urlTemplate":"https:\/\/blanca.es\/nuevaweb\/?s={search_term_string}"},"query-input":{"@type":"PropertyValueSpecification","valueRequired":true,"valueName":"search_term_string"}}],"inLanguage":"es"},{"@type":"Organization","@id":"https:\/\/blanca.es\/nuevaweb\/#organization","name":"Ayuntamiento de Blanca","url":"https:\/\/blanca.es\/nuevaweb\/","logo":{"@type":"ImageObject","inLanguage":"es","@id":"https:\/\/blanca.es\/nuevaweb\/#\/schema\/logo\/image\/","url":"https:\/\/blanca.es\/nuevaweb\/wp-content\/uploads\/2020\/09\/Escudo_alta_cuadrado-3.png","contentUrl":"https:\/\/blanca.es\/nuevaweb\/wp-content\/uploads\/2020\/09\/Escudo_alta_cuadrado-3.png","width":300,"height":300,"caption":"Ayuntamiento de Blanca"},"image":{"@id":"https:\/\/blanca.es\/nuevaweb\/#\/schema\/logo\/image\/"},"sameAs":["https:\/\/es-es.facebook.com\/AyuntamientodeBlanca","https:\/\/x.com\/ayto_blanca","https:\/\/www.youtube.com\/channel\/UC9weal_OZVKN6meF0Fd_rqw"]},{"@type":"Person","@id":"https:\/\/blanca.es\/nuevaweb\/#\/schema\/person\/068ffbe563a96e998dc141bd91d5a84a","name":"Comunicaci\u00f3n","image":{"@type":"ImageObject","inLanguage":"es","@id":"https:\/\/secure.gravatar.com\/avatar\/0a6839cedbb80e4510cc6b40b620b579d19c8c87d368475504cb313c55980873?s=96&d=mm&r=g","url":"https:\/\/secure.gravatar.com\/avatar\/0a6839cedbb80e4510cc6b40b620b579d19c8c87d368475504cb313c55980873?s=96&d=mm&r=g","contentUrl":"https:\/\/secure.gravatar.com\/avatar\/0a6839cedbb80e4510cc6b40b620b579d19c8c87d368475504cb313c55980873?s=96&d=mm&r=g","caption":"Comunicaci\u00f3n"}}]}},"_links":{"self":[{"href":"https:\/\/blanca.es\/nuevaweb\/wp-json\/wp\/v2\/posts\/25652","targetHints":{"allow":["GET"]}}],"collection":[{"href":"https:\/\/blanca.es\/nuevaweb\/wp-json\/wp\/v2\/posts"}],"about":[{"href":"https:\/\/blanca.es\/nuevaweb\/wp-json\/wp\/v2\/types\/post"}],"author":[{"embeddable":true,"href":"https:\/\/blanca.es\/nuevaweb\/wp-json\/wp\/v2\/users\/2"}],"replies":[{"embeddable":true,"href":"https:\/\/blanca.es\/nuevaweb\/wp-json\/wp\/v2\/comments?post=25652"}],"version-history":[{"count":1,"href":"https:\/\/blanca.es\/nuevaweb\/wp-json\/wp\/v2\/posts\/25652\/revisions"}],"predecessor-version":[{"id":25664,"href":"https:\/\/blanca.es\/nuevaweb\/wp-json\/wp\/v2\/posts\/25652\/revisions\/25664"}],"wp:featuredmedia":[{"embeddable":true,"href":"https:\/\/blanca.es\/nuevaweb\/wp-json\/wp\/v2\/media\/25653"}],"wp:attachment":[{"href":"https:\/\/blanca.es\/nuevaweb\/wp-json\/wp\/v2\/media?parent=25652"}],"wp:term":[{"taxonomy":"category","embeddable":true,"href":"https:\/\/blanca.es\/nuevaweb\/wp-json\/wp\/v2\/categories?post=25652"},{"taxonomy":"post_tag","embeddable":true,"href":"https:\/\/blanca.es\/nuevaweb\/wp-json\/wp\/v2\/tags?post=25652"}],"curies":[{"name":"wp","href":"https:\/\/api.w.org\/{rel}","templated":true}]}}