{"id":28220,"date":"2024-10-24T13:08:22","date_gmt":"2024-10-24T11:08:22","guid":{"rendered":"https:\/\/blanca.es\/nuevaweb\/?p=28220"},"modified":"2024-10-24T13:08:23","modified_gmt":"2024-10-24T11:08:23","slug":"el-ayuntamiento-de-blanca-pone-en-marcha-un-espacio-de-conciliacion-en-ceip-antonio-molina","status":"publish","type":"post","link":"https:\/\/blanca.es\/nuevaweb\/el-ayuntamiento-de-blanca-pone-en-marcha-un-espacio-de-conciliacion-en-ceip-antonio-molina\/","title":{"rendered":"El Ayuntamiento de Blanca pone en marcha un espacio de conciliaci\u00f3n en CEIP Antonio Molina"},"content":{"rendered":"\n<p class=\"wp-block-paragraph\"><strong>En el marco del Plan de Conciliaci\u00f3n Familiar se llevar\u00e1n a cabo actividades escolares y multideporte todos los martes.<\/strong><\/p>\n\n\n\n<p class=\"wp-block-paragraph\"><strong>Las inscripciones se pueden realizar en horario de tarde en Mucab hasta el 31 de octubre.<\/strong><\/p>\n\n\n\n<p class=\"wp-block-paragraph\">El Ayuntamiento de Blanca pone a disposici\u00f3n de las familias a partir de noviembre un espacio gratuito de conciliaci\u00f3n en el que se llevar\u00e1n a cabo actividades escolares, de 15:45 a 17:30 h., y multideporte, de 17:30 a 18:30 h., todos los martes, tal y como ha anunciado hoy la concejala de Servicios Sociales, Educaci\u00f3n, Cultura y Nuevas Tecnolog\u00edas, \u00c1ngela Ruiz.<\/p>\n\n\n\n<p class=\"wp-block-paragraph\">Esta iniciativa est\u00e1 destinada a ni\u00f1os y ni\u00f1as de 6 a 12 a\u00f1os. Las inscripciones se podr\u00e1n recoger y entregar en el MUCAB, en horario de tarde hasta el 31 de octubre.<\/p>\n\n\n\n<p class=\"wp-block-paragraph\">El servicio est\u00e1 financiado con cargo a los fondos recibidos del Ministerio de Igualdad, Secretar\u00eda de Estado de Igualdad y contra la Violencia de G\u00e9nero, en el marco del Plan Corresponsables y en colaboraci\u00f3n con el Gobierno de la Comunidad Aut\u00f3noma de la Regi\u00f3n de Murcia.<\/p>\n\n\n\n<p class=\"wp-block-paragraph\"><strong>Otras iniciativas<\/strong><\/p>\n\n\n\n<p class=\"wp-block-paragraph\">Esta iniciativa forma parte del Plan de Conciliaci\u00f3n Familiar que el Ayuntamiento de Blanca ha puesto en marcha con diferentes acciones destinadas a cubrir las necesidades de atenci\u00f3n de los menores y promover el desarrollo profesional en t\u00e9rminos de igualdad de oportunidades de sus progenitores.<\/p>\n\n\n\n<p class=\"wp-block-paragraph\">En concreto, desde el inicio del curso se ha implementado el servicio gratuito de aula matinal en el CEIP Antonio Molina y en el CEIP Virgen del Pilar de la Estaci\u00f3n, as\u00ed como un servicio de ludoteca deportiva en el CEIP Virgen del Pilar. En esta misma l\u00ednea, en los pr\u00f3ximos meses se retomar\u00e1 en Blanca el servicio gratuito de ludoteca para facilitar los cuidados a los padres.<\/p>\n","protected":false},"excerpt":{"rendered":"<p>En el marco del Plan de Conciliaci\u00f3n Familiar se llevar\u00e1n a cabo actividades escolares y multideporte todos los martes.<\/p>\n<p>Las inscripciones se pueden realizar en horario de tarde en Mucab hasta el 31 de octubre.<\/p>\n","protected":false},"author":2,"featured_media":28221,"comment_status":"closed","ping_status":"open","sticky":false,"template":"","format":"standard","meta":{"footnotes":""},"categories":[164,192],"tags":[],"class_list":["post-28220","post","type-post","status-publish","format-standard","has-post-thumbnail","hentry","category-bienestar-social","category-educacion"],"yoast_head":"<!-- This site is optimized with the Yoast SEO plugin v28.1 - https:\/\/yoast.com\/product\/yoast-seo-wordpress\/ -->\n<title>El Ayuntamiento de Blanca pone en marcha un espacio de conciliaci\u00f3n en CEIP Antonio Molina - Ayuntamiento de Blanca<\/title>\n<meta name=\"robots\" content=\"index, follow, max-snippet:-1, max-image-preview:large, max-video-preview:-1\" \/>\n<link rel=\"canonical\" href=\"https:\/\/blanca.es\/nuevaweb\/el-ayuntamiento-de-blanca-pone-en-marcha-un-espacio-de-conciliacion-en-ceip-antonio-molina\/\" \/>\n<meta property=\"og:locale\" content=\"es_ES\" \/>\n<meta property=\"og:type\" content=\"article\" \/>\n<meta property=\"og:title\" content=\"El Ayuntamiento de Blanca pone en marcha un espacio de conciliaci\u00f3n en CEIP Antonio Molina - Ayuntamiento de Blanca\" \/>\n<meta property=\"og:description\" content=\"En el marco del Plan de Conciliaci\u00f3n Familiar se llevar\u00e1n a cabo actividades escolares y multideporte todos los martes. Las inscripciones se pueden realizar en horario de tarde en Mucab hasta el 31 de octubre.\" \/>\n<meta property=\"og:url\" content=\"https:\/\/blanca.es\/nuevaweb\/el-ayuntamiento-de-blanca-pone-en-marcha-un-espacio-de-conciliacion-en-ceip-antonio-molina\/\" \/>\n<meta property=\"og:site_name\" content=\"Ayuntamiento de Blanca\" \/>\n<meta property=\"article:publisher\" content=\"https:\/\/es-es.facebook.com\/AyuntamientodeBlanca\" \/>\n<meta property=\"article:published_time\" content=\"2024-10-24T11:08:22+00:00\" \/>\n<meta property=\"article:modified_time\" content=\"2024-10-24T11:08:23+00:00\" \/>\n<meta property=\"og:image\" content=\"https:\/\/blanca.es\/nuevaweb\/wp-content\/uploads\/2024\/10\/2024_10_24_espacio-conciliacion.jpeg\" \/>\n\t<meta property=\"og:image:width\" content=\"1600\" \/>\n\t<meta property=\"og:image:height\" content=\"1276\" \/>\n\t<meta property=\"og:image:type\" content=\"image\/jpeg\" \/>\n<meta name=\"author\" content=\"Comunicaci\u00f3n\" \/>\n<meta name=\"twitter:card\" content=\"summary_large_image\" \/>\n<meta name=\"twitter:creator\" content=\"@ayto_blanca\" \/>\n<meta name=\"twitter:site\" content=\"@ayto_blanca\" \/>\n<meta name=\"twitter:label1\" content=\"Escrito por\" \/>\n\t<meta name=\"twitter:data1\" content=\"Comunicaci\u00f3n\" \/>\n\t<meta name=\"twitter:label2\" content=\"Tiempo de lectura\" \/>\n\t<meta name=\"twitter:data2\" content=\"2 minutos\" \/>\n<script type=\"application\/ld+json\" class=\"yoast-schema-graph\">{\"@context\":\"https:\\\/\\\/schema.org\",\"@graph\":[{\"@type\":\"Article\",\"@id\":\"https:\\\/\\\/blanca.es\\\/nuevaweb\\\/el-ayuntamiento-de-blanca-pone-en-marcha-un-espacio-de-conciliacion-en-ceip-antonio-molina\\\/#article\",\"isPartOf\":{\"@id\":\"https:\\\/\\\/blanca.es\\\/nuevaweb\\\/el-ayuntamiento-de-blanca-pone-en-marcha-un-espacio-de-conciliacion-en-ceip-antonio-molina\\\/\"},\"author\":{\"name\":\"Comunicaci\u00f3n\",\"@id\":\"https:\\\/\\\/blanca.es\\\/nuevaweb\\\/#\\\/schema\\\/person\\\/068ffbe563a96e998dc141bd91d5a84a\"},\"headline\":\"El Ayuntamiento de Blanca pone en marcha un espacio de conciliaci\u00f3n en CEIP Antonio Molina\",\"datePublished\":\"2024-10-24T11:08:22+00:00\",\"dateModified\":\"2024-10-24T11:08:23+00:00\",\"mainEntityOfPage\":{\"@id\":\"https:\\\/\\\/blanca.es\\\/nuevaweb\\\/el-ayuntamiento-de-blanca-pone-en-marcha-un-espacio-de-conciliacion-en-ceip-antonio-molina\\\/\"},\"wordCount\":319,\"publisher\":{\"@id\":\"https:\\\/\\\/blanca.es\\\/nuevaweb\\\/#organization\"},\"image\":{\"@id\":\"https:\\\/\\\/blanca.es\\\/nuevaweb\\\/el-ayuntamiento-de-blanca-pone-en-marcha-un-espacio-de-conciliacion-en-ceip-antonio-molina\\\/#primaryimage\"},\"thumbnailUrl\":\"https:\\\/\\\/blanca.es\\\/nuevaweb\\\/wp-content\\\/uploads\\\/2024\\\/10\\\/2024_10_24_espacio-conciliacion.jpeg\",\"articleSection\":[\"Bienestar Social\",\"Educaci\u00f3n\"],\"inLanguage\":\"es\"},{\"@type\":\"WebPage\",\"@id\":\"https:\\\/\\\/blanca.es\\\/nuevaweb\\\/el-ayuntamiento-de-blanca-pone-en-marcha-un-espacio-de-conciliacion-en-ceip-antonio-molina\\\/\",\"url\":\"https:\\\/\\\/blanca.es\\\/nuevaweb\\\/el-ayuntamiento-de-blanca-pone-en-marcha-un-espacio-de-conciliacion-en-ceip-antonio-molina\\\/\",\"name\":\"El Ayuntamiento de Blanca pone en marcha un espacio de conciliaci\u00f3n en CEIP Antonio Molina - Ayuntamiento de Blanca\",\"isPartOf\":{\"@id\":\"https:\\\/\\\/blanca.es\\\/nuevaweb\\\/#website\"},\"primaryImageOfPage\":{\"@id\":\"https:\\\/\\\/blanca.es\\\/nuevaweb\\\/el-ayuntamiento-de-blanca-pone-en-marcha-un-espacio-de-conciliacion-en-ceip-antonio-molina\\\/#primaryimage\"},\"image\":{\"@id\":\"https:\\\/\\\/blanca.es\\\/nuevaweb\\\/el-ayuntamiento-de-blanca-pone-en-marcha-un-espacio-de-conciliacion-en-ceip-antonio-molina\\\/#primaryimage\"},\"thumbnailUrl\":\"https:\\\/\\\/blanca.es\\\/nuevaweb\\\/wp-content\\\/uploads\\\/2024\\\/10\\\/2024_10_24_espacio-conciliacion.jpeg\",\"datePublished\":\"2024-10-24T11:08:22+00:00\",\"dateModified\":\"2024-10-24T11:08:23+00:00\",\"breadcrumb\":{\"@id\":\"https:\\\/\\\/blanca.es\\\/nuevaweb\\\/el-ayuntamiento-de-blanca-pone-en-marcha-un-espacio-de-conciliacion-en-ceip-antonio-molina\\\/#breadcrumb\"},\"inLanguage\":\"es\",\"potentialAction\":[{\"@type\":\"ReadAction\",\"target\":[\"https:\\\/\\\/blanca.es\\\/nuevaweb\\\/el-ayuntamiento-de-blanca-pone-en-marcha-un-espacio-de-conciliacion-en-ceip-antonio-molina\\\/\"]}]},{\"@type\":\"ImageObject\",\"inLanguage\":\"es\",\"@id\":\"https:\\\/\\\/blanca.es\\\/nuevaweb\\\/el-ayuntamiento-de-blanca-pone-en-marcha-un-espacio-de-conciliacion-en-ceip-antonio-molina\\\/#primaryimage\",\"url\":\"https:\\\/\\\/blanca.es\\\/nuevaweb\\\/wp-content\\\/uploads\\\/2024\\\/10\\\/2024_10_24_espacio-conciliacion.jpeg\",\"contentUrl\":\"https:\\\/\\\/blanca.es\\\/nuevaweb\\\/wp-content\\\/uploads\\\/2024\\\/10\\\/2024_10_24_espacio-conciliacion.jpeg\",\"width\":1600,\"height\":1276},{\"@type\":\"BreadcrumbList\",\"@id\":\"https:\\\/\\\/blanca.es\\\/nuevaweb\\\/el-ayuntamiento-de-blanca-pone-en-marcha-un-espacio-de-conciliacion-en-ceip-antonio-molina\\\/#breadcrumb\",\"itemListElement\":[{\"@type\":\"ListItem\",\"position\":1,\"name\":\"Portada\",\"item\":\"https:\\\/\\\/blanca.es\\\/nuevaweb\\\/\"},{\"@type\":\"ListItem\",\"position\":2,\"name\":\"El Ayuntamiento de Blanca pone en marcha un espacio de conciliaci\u00f3n en CEIP Antonio Molina\"}]},{\"@type\":\"WebSite\",\"@id\":\"https:\\\/\\\/blanca.es\\\/nuevaweb\\\/#website\",\"url\":\"https:\\\/\\\/blanca.es\\\/nuevaweb\\\/\",\"name\":\"Ayuntamiento de Blanca\",\"description\":\"Web Municipal Blanca (Murcia)\",\"publisher\":{\"@id\":\"https:\\\/\\\/blanca.es\\\/nuevaweb\\\/#organization\"},\"potentialAction\":[{\"@type\":\"SearchAction\",\"target\":{\"@type\":\"EntryPoint\",\"urlTemplate\":\"https:\\\/\\\/blanca.es\\\/nuevaweb\\\/?s={search_term_string}\"},\"query-input\":{\"@type\":\"PropertyValueSpecification\",\"valueRequired\":true,\"valueName\":\"search_term_string\"}}],\"inLanguage\":\"es\"},{\"@type\":\"Organization\",\"@id\":\"https:\\\/\\\/blanca.es\\\/nuevaweb\\\/#organization\",\"name\":\"Ayuntamiento de Blanca\",\"url\":\"https:\\\/\\\/blanca.es\\\/nuevaweb\\\/\",\"logo\":{\"@type\":\"ImageObject\",\"inLanguage\":\"es\",\"@id\":\"https:\\\/\\\/blanca.es\\\/nuevaweb\\\/#\\\/schema\\\/logo\\\/image\\\/\",\"url\":\"https:\\\/\\\/blanca.es\\\/nuevaweb\\\/wp-content\\\/uploads\\\/2020\\\/09\\\/Escudo_alta_cuadrado-3.png\",\"contentUrl\":\"https:\\\/\\\/blanca.es\\\/nuevaweb\\\/wp-content\\\/uploads\\\/2020\\\/09\\\/Escudo_alta_cuadrado-3.png\",\"width\":300,\"height\":300,\"caption\":\"Ayuntamiento de Blanca\"},\"image\":{\"@id\":\"https:\\\/\\\/blanca.es\\\/nuevaweb\\\/#\\\/schema\\\/logo\\\/image\\\/\"},\"sameAs\":[\"https:\\\/\\\/es-es.facebook.com\\\/AyuntamientodeBlanca\",\"https:\\\/\\\/x.com\\\/ayto_blanca\",\"https:\\\/\\\/www.youtube.com\\\/channel\\\/UC9weal_OZVKN6meF0Fd_rqw\"]},{\"@type\":\"Person\",\"@id\":\"https:\\\/\\\/blanca.es\\\/nuevaweb\\\/#\\\/schema\\\/person\\\/068ffbe563a96e998dc141bd91d5a84a\",\"name\":\"Comunicaci\u00f3n\",\"image\":{\"@type\":\"ImageObject\",\"inLanguage\":\"es\",\"@id\":\"https:\\\/\\\/secure.gravatar.com\\\/avatar\\\/0a6839cedbb80e4510cc6b40b620b579d19c8c87d368475504cb313c55980873?s=96&d=mm&r=g\",\"url\":\"https:\\\/\\\/secure.gravatar.com\\\/avatar\\\/0a6839cedbb80e4510cc6b40b620b579d19c8c87d368475504cb313c55980873?s=96&d=mm&r=g\",\"contentUrl\":\"https:\\\/\\\/secure.gravatar.com\\\/avatar\\\/0a6839cedbb80e4510cc6b40b620b579d19c8c87d368475504cb313c55980873?s=96&d=mm&r=g\",\"caption\":\"Comunicaci\u00f3n\"}}]}<\/script>\n<!-- \/ Yoast SEO plugin. -->","yoast_head_json":{"title":"El Ayuntamiento de Blanca pone en marcha un espacio de conciliaci\u00f3n en CEIP Antonio Molina - Ayuntamiento de Blanca","robots":{"index":"index","follow":"follow","max-snippet":"max-snippet:-1","max-image-preview":"max-image-preview:large","max-video-preview":"max-video-preview:-1"},"canonical":"https:\/\/blanca.es\/nuevaweb\/el-ayuntamiento-de-blanca-pone-en-marcha-un-espacio-de-conciliacion-en-ceip-antonio-molina\/","og_locale":"es_ES","og_type":"article","og_title":"El Ayuntamiento de Blanca pone en marcha un espacio de conciliaci\u00f3n en CEIP Antonio Molina - Ayuntamiento de Blanca","og_description":"En el marco del Plan de Conciliaci\u00f3n Familiar se llevar\u00e1n a cabo actividades escolares y multideporte todos los martes. Las inscripciones se pueden realizar en horario de tarde en Mucab hasta el 31 de octubre.","og_url":"https:\/\/blanca.es\/nuevaweb\/el-ayuntamiento-de-blanca-pone-en-marcha-un-espacio-de-conciliacion-en-ceip-antonio-molina\/","og_site_name":"Ayuntamiento de Blanca","article_publisher":"https:\/\/es-es.facebook.com\/AyuntamientodeBlanca","article_published_time":"2024-10-24T11:08:22+00:00","article_modified_time":"2024-10-24T11:08:23+00:00","og_image":[{"width":1600,"height":1276,"url":"https:\/\/blanca.es\/nuevaweb\/wp-content\/uploads\/2024\/10\/2024_10_24_espacio-conciliacion.jpeg","type":"image\/jpeg"}],"author":"Comunicaci\u00f3n","twitter_card":"summary_large_image","twitter_creator":"@ayto_blanca","twitter_site":"@ayto_blanca","twitter_misc":{"Escrito por":"Comunicaci\u00f3n","Tiempo de lectura":"2 minutos"},"schema":{"@context":"https:\/\/schema.org","@graph":[{"@type":"Article","@id":"https:\/\/blanca.es\/nuevaweb\/el-ayuntamiento-de-blanca-pone-en-marcha-un-espacio-de-conciliacion-en-ceip-antonio-molina\/#article","isPartOf":{"@id":"https:\/\/blanca.es\/nuevaweb\/el-ayuntamiento-de-blanca-pone-en-marcha-un-espacio-de-conciliacion-en-ceip-antonio-molina\/"},"author":{"name":"Comunicaci\u00f3n","@id":"https:\/\/blanca.es\/nuevaweb\/#\/schema\/person\/068ffbe563a96e998dc141bd91d5a84a"},"headline":"El Ayuntamiento de Blanca pone en marcha un espacio de conciliaci\u00f3n en CEIP Antonio Molina","datePublished":"2024-10-24T11:08:22+00:00","dateModified":"2024-10-24T11:08:23+00:00","mainEntityOfPage":{"@id":"https:\/\/blanca.es\/nuevaweb\/el-ayuntamiento-de-blanca-pone-en-marcha-un-espacio-de-conciliacion-en-ceip-antonio-molina\/"},"wordCount":319,"publisher":{"@id":"https:\/\/blanca.es\/nuevaweb\/#organization"},"image":{"@id":"https:\/\/blanca.es\/nuevaweb\/el-ayuntamiento-de-blanca-pone-en-marcha-un-espacio-de-conciliacion-en-ceip-antonio-molina\/#primaryimage"},"thumbnailUrl":"https:\/\/blanca.es\/nuevaweb\/wp-content\/uploads\/2024\/10\/2024_10_24_espacio-conciliacion.jpeg","articleSection":["Bienestar Social","Educaci\u00f3n"],"inLanguage":"es"},{"@type":"WebPage","@id":"https:\/\/blanca.es\/nuevaweb\/el-ayuntamiento-de-blanca-pone-en-marcha-un-espacio-de-conciliacion-en-ceip-antonio-molina\/","url":"https:\/\/blanca.es\/nuevaweb\/el-ayuntamiento-de-blanca-pone-en-marcha-un-espacio-de-conciliacion-en-ceip-antonio-molina\/","name":"El Ayuntamiento de Blanca pone en marcha un espacio de conciliaci\u00f3n en CEIP Antonio Molina - Ayuntamiento de Blanca","isPartOf":{"@id":"https:\/\/blanca.es\/nuevaweb\/#website"},"primaryImageOfPage":{"@id":"https:\/\/blanca.es\/nuevaweb\/el-ayuntamiento-de-blanca-pone-en-marcha-un-espacio-de-conciliacion-en-ceip-antonio-molina\/#primaryimage"},"image":{"@id":"https:\/\/blanca.es\/nuevaweb\/el-ayuntamiento-de-blanca-pone-en-marcha-un-espacio-de-conciliacion-en-ceip-antonio-molina\/#primaryimage"},"thumbnailUrl":"https:\/\/blanca.es\/nuevaweb\/wp-content\/uploads\/2024\/10\/2024_10_24_espacio-conciliacion.jpeg","datePublished":"2024-10-24T11:08:22+00:00","dateModified":"2024-10-24T11:08:23+00:00","breadcrumb":{"@id":"https:\/\/blanca.es\/nuevaweb\/el-ayuntamiento-de-blanca-pone-en-marcha-un-espacio-de-conciliacion-en-ceip-antonio-molina\/#breadcrumb"},"inLanguage":"es","potentialAction":[{"@type":"ReadAction","target":["https:\/\/blanca.es\/nuevaweb\/el-ayuntamiento-de-blanca-pone-en-marcha-un-espacio-de-conciliacion-en-ceip-antonio-molina\/"]}]},{"@type":"ImageObject","inLanguage":"es","@id":"https:\/\/blanca.es\/nuevaweb\/el-ayuntamiento-de-blanca-pone-en-marcha-un-espacio-de-conciliacion-en-ceip-antonio-molina\/#primaryimage","url":"https:\/\/blanca.es\/nuevaweb\/wp-content\/uploads\/2024\/10\/2024_10_24_espacio-conciliacion.jpeg","contentUrl":"https:\/\/blanca.es\/nuevaweb\/wp-content\/uploads\/2024\/10\/2024_10_24_espacio-conciliacion.jpeg","width":1600,"height":1276},{"@type":"BreadcrumbList","@id":"https:\/\/blanca.es\/nuevaweb\/el-ayuntamiento-de-blanca-pone-en-marcha-un-espacio-de-conciliacion-en-ceip-antonio-molina\/#breadcrumb","itemListElement":[{"@type":"ListItem","position":1,"name":"Portada","item":"https:\/\/blanca.es\/nuevaweb\/"},{"@type":"ListItem","position":2,"name":"El Ayuntamiento de Blanca pone en marcha un espacio de conciliaci\u00f3n en CEIP Antonio Molina"}]},{"@type":"WebSite","@id":"https:\/\/blanca.es\/nuevaweb\/#website","url":"https:\/\/blanca.es\/nuevaweb\/","name":"Ayuntamiento de Blanca","description":"Web Municipal Blanca (Murcia)","publisher":{"@id":"https:\/\/blanca.es\/nuevaweb\/#organization"},"potentialAction":[{"@type":"SearchAction","target":{"@type":"EntryPoint","urlTemplate":"https:\/\/blanca.es\/nuevaweb\/?s={search_term_string}"},"query-input":{"@type":"PropertyValueSpecification","valueRequired":true,"valueName":"search_term_string"}}],"inLanguage":"es"},{"@type":"Organization","@id":"https:\/\/blanca.es\/nuevaweb\/#organization","name":"Ayuntamiento de Blanca","url":"https:\/\/blanca.es\/nuevaweb\/","logo":{"@type":"ImageObject","inLanguage":"es","@id":"https:\/\/blanca.es\/nuevaweb\/#\/schema\/logo\/image\/","url":"https:\/\/blanca.es\/nuevaweb\/wp-content\/uploads\/2020\/09\/Escudo_alta_cuadrado-3.png","contentUrl":"https:\/\/blanca.es\/nuevaweb\/wp-content\/uploads\/2020\/09\/Escudo_alta_cuadrado-3.png","width":300,"height":300,"caption":"Ayuntamiento de Blanca"},"image":{"@id":"https:\/\/blanca.es\/nuevaweb\/#\/schema\/logo\/image\/"},"sameAs":["https:\/\/es-es.facebook.com\/AyuntamientodeBlanca","https:\/\/x.com\/ayto_blanca","https:\/\/www.youtube.com\/channel\/UC9weal_OZVKN6meF0Fd_rqw"]},{"@type":"Person","@id":"https:\/\/blanca.es\/nuevaweb\/#\/schema\/person\/068ffbe563a96e998dc141bd91d5a84a","name":"Comunicaci\u00f3n","image":{"@type":"ImageObject","inLanguage":"es","@id":"https:\/\/secure.gravatar.com\/avatar\/0a6839cedbb80e4510cc6b40b620b579d19c8c87d368475504cb313c55980873?s=96&d=mm&r=g","url":"https:\/\/secure.gravatar.com\/avatar\/0a6839cedbb80e4510cc6b40b620b579d19c8c87d368475504cb313c55980873?s=96&d=mm&r=g","contentUrl":"https:\/\/secure.gravatar.com\/avatar\/0a6839cedbb80e4510cc6b40b620b579d19c8c87d368475504cb313c55980873?s=96&d=mm&r=g","caption":"Comunicaci\u00f3n"}}]}},"_links":{"self":[{"href":"https:\/\/blanca.es\/nuevaweb\/wp-json\/wp\/v2\/posts\/28220","targetHints":{"allow":["GET"]}}],"collection":[{"href":"https:\/\/blanca.es\/nuevaweb\/wp-json\/wp\/v2\/posts"}],"about":[{"href":"https:\/\/blanca.es\/nuevaweb\/wp-json\/wp\/v2\/types\/post"}],"author":[{"embeddable":true,"href":"https:\/\/blanca.es\/nuevaweb\/wp-json\/wp\/v2\/users\/2"}],"replies":[{"embeddable":true,"href":"https:\/\/blanca.es\/nuevaweb\/wp-json\/wp\/v2\/comments?post=28220"}],"version-history":[{"count":1,"href":"https:\/\/blanca.es\/nuevaweb\/wp-json\/wp\/v2\/posts\/28220\/revisions"}],"predecessor-version":[{"id":28222,"href":"https:\/\/blanca.es\/nuevaweb\/wp-json\/wp\/v2\/posts\/28220\/revisions\/28222"}],"wp:featuredmedia":[{"embeddable":true,"href":"https:\/\/blanca.es\/nuevaweb\/wp-json\/wp\/v2\/media\/28221"}],"wp:attachment":[{"href":"https:\/\/blanca.es\/nuevaweb\/wp-json\/wp\/v2\/media?parent=28220"}],"wp:term":[{"taxonomy":"category","embeddable":true,"href":"https:\/\/blanca.es\/nuevaweb\/wp-json\/wp\/v2\/categories?post=28220"},{"taxonomy":"post_tag","embeddable":true,"href":"https:\/\/blanca.es\/nuevaweb\/wp-json\/wp\/v2\/tags?post=28220"}],"curies":[{"name":"wp","href":"https:\/\/api.w.org\/{rel}","templated":true}]}}