{"id":30002,"date":"2025-07-30T09:49:24","date_gmt":"2025-07-30T07:49:24","guid":{"rendered":"https:\/\/blanca.es\/nuevaweb\/?p=30002"},"modified":"2025-07-30T09:54:23","modified_gmt":"2025-07-30T07:54:23","slug":"el-diestro-murciano-jorge-martinez-pregonara-la-feria-taurina-en-honor-a-san-roque-de-blanca-2025","status":"publish","type":"post","link":"https:\/\/blanca.es\/nuevaweb\/el-diestro-murciano-jorge-martinez-pregonara-la-feria-taurina-en-honor-a-san-roque-de-blanca-2025\/","title":{"rendered":"El diestro murciano Jorge Mart\u00ednez pregonar\u00e1 la Feria Taurina en honor a San Roque de Blanca 2025"},"content":{"rendered":"\n<p class=\"wp-block-paragraph\"><strong>El acto tendr\u00e1 lugar el 6 de agosto en la Plaza de la Iglesia, a partir de las 22:00 h. y estar\u00e1 presentado por \u00d3scar Victorio Puche, presidente de la Pe\u00f1a Manolete.<\/strong><\/p>\n\n\n\n<p class=\"wp-block-paragraph\"><strong>A continuaci\u00f3n la Agrupaci\u00f3n Musical de Blanca, dirigida por V\u00edctor Cano, ofrecer\u00e1 un concierto de m\u00fasica espa\u00f1ola y actuar\u00e1 Ainara Clares, La Monetti.<\/strong><\/p>\n\n\n\n<p class=\"wp-block-paragraph\">El Ayuntamiento de Blanca ha anunciado que el encargado de realizar el preg\u00f3n de la Feria Taurina de Blanca en honor a San Roque 2025 ser\u00e1 el diestro murciano Jorge Mart\u00ednez<\/p>\n\n\n\n<p class=\"wp-block-paragraph\">El acto se celebrar\u00e1 el mi\u00e9rcoles, 6 de agosto, en la Plaza de la Iglesia a partir de las 22:00 h. A continuaci\u00f3n del evento tendr\u00e1 lugar la actuaci\u00f3n de la Agrupaci\u00f3n Musical de Blanca, bajo la direcci\u00f3n de V\u00edctor Cano, que ofrecer\u00e1 un concierto de m\u00fasica espa\u00f1ola, y la de Ainara Clares, La Monetti.<\/p>\n\n\n\n<p class=\"wp-block-paragraph\"><strong>Trayectoria profesional<\/strong><\/p>\n\n\n\n<p class=\"wp-block-paragraph\">El torero murciano Jorge Mart\u00ednez debut\u00f3 en p\u00fablico como becerrista el 20 de septiembre de 2014 en la plaza de toros de Yecla cortando una oreja.<\/p>\n\n\n\n<p class=\"wp-block-paragraph\">El 17 de septiembre de 2015 fue su presentaci\u00f3n como becerrista en la Feria de Murcia, cortando 2 orejas, y donde fue declarado como triunfador de las novilladas sin picadores.<\/p>\n\n\n\n<p class=\"wp-block-paragraph\">El 21 de julio de 2017 hizo su debut de luces en Roquetas de Mar, cortando 1 oreja y alz\u00e1ndose con el trofeo Sue\u00f1os de Gloria.<\/p>\n\n\n\n<p class=\"wp-block-paragraph\">En la temporada 2018 como novillero sin picadores sumo\u00f3un total de 38 festejos, siendo finalista de muchos cert\u00e1menes y consiguiendo ser triunfador del Esp\u00e1rrago de oro de San Adri\u00e1n (Navarra) y del ciclo de novilladas de Canal sur en el encuentro andaluz de escuelas taurinas, pisando plazas de la importancia de Castell\u00f3n, Valencia, M\u00e1laga, Sevilla, Salamanca, Albacete, Almer\u00eda, entre otras.<\/p>\n\n\n\n<p class=\"wp-block-paragraph\">En la temporada 2019 hizo su debut con picadores el 3 de agosto, en Pegalajar (Ja\u00e9n), cortando 2 orejas.<\/p>\n\n\n\n<p class=\"wp-block-paragraph\">Posteriormente, en 2021 cosech\u00f3 diversos galardones: siendo el triunfador del Circuito de Novilladas de Andaluc\u00eda de la Fundaci\u00f3n Toro de Lidia, premio a la mejor faena de Villaseca de la Sagra (Toledo), mejor faena en Peralta (Navarra), y mejor faena en Azpeitia. Ese a\u00f1o sum\u00f3 un total de 16 festejos e hizo su presentaci\u00f3n en Sevilla, Francia y M\u00e9xico.<\/p>\n\n\n\n<p class=\"wp-block-paragraph\">En 2022 tore\u00f3 32 novilladas entre Espa\u00f1a, Francia y Am\u00e9rica, actuando en plazas de mucha categor\u00eda como Las Ventas en Madrid, La Maestranza de Sevilla, y los ruedos de Pamplona, Bilbao, Dax, Beziers, Zaragoza, La Monumental de M\u00e9xico y la Plaza de Acho en Lima (Peru). Particip\u00f3 en la mayor\u00eda de ferias de novilladas a nivel nacional incluida la<br>Feria Taurina de Blanca.<\/p>\n\n\n\n<p class=\"wp-block-paragraph\">Ese a\u00f1o se convirti\u00f3 en triunfador de la feria de Almer\u00eda consiguiendo su primer capote de la virgen del mar, novillero triunfador de la feria de oto\u00f1o de Madrid y novillero triunfador de la Feria de Murcia.<\/p>\n\n\n\n<p class=\"wp-block-paragraph\">El a\u00f1o 2023 fue el de su alternativa en la plaza de toros de Almer\u00eda, un 21 de agosto con Juan Ortega como padrino y Roca Rey como testigo. Ese d\u00eda cort\u00f3 2 orejas.<\/p>\n\n\n\n<p class=\"wp-block-paragraph\">Antes de la alternativa, como novillero a lo largo de esta temporada, volvi\u00f3 a torear en plazas de mucho nivel como Madrid, durante 2 tardes, Sevilla y Valencia.<\/p>\n\n\n\n<p class=\"wp-block-paragraph\">Adem\u00e1s, hizo su presentaci\u00f3n como matador de toros en Murcia, cortando 3 orejas, y volvi\u00f3 a ser triunfador de la Feria de Almer\u00eda, consiguiendo su segundo capote de paseo de la Virgen del Mar; triunfador de la Corrida de la Prensa de Murcia; triunfador de la Feria de Vera y novillero triunfador de la Feria de San Isidro de Madrid.<\/p>\n\n\n\n<p class=\"wp-block-paragraph\">En 2024 fue el a\u00f1o de su confirmaci\u00f3n en Las Ventas, teniendo como padrino a Cayetano y como testigo Roca Rey el 24 de mayo. Este mismo a\u00f1o tore\u00f3 un total de 8 corridas de toros, destacando triunfos como en la Feria de Almer\u00eda.<\/p>\n\n\n\n<figure class=\"wp-block-image size-large\"><img loading=\"lazy\" decoding=\"async\" width=\"683\" height=\"1024\" src=\"https:\/\/blanca.es\/nuevaweb\/wp-content\/uploads\/2025\/07\/Jorge-martinez-3-683x1024.jpeg\" alt=\"\" class=\"wp-image-30004\" srcset=\"https:\/\/blanca.es\/nuevaweb\/wp-content\/uploads\/2025\/07\/Jorge-martinez-3-683x1024.jpeg 683w, https:\/\/blanca.es\/nuevaweb\/wp-content\/uploads\/2025\/07\/Jorge-martinez-3-200x300.jpeg 200w, https:\/\/blanca.es\/nuevaweb\/wp-content\/uploads\/2025\/07\/Jorge-martinez-3-768x1152.jpeg 768w, https:\/\/blanca.es\/nuevaweb\/wp-content\/uploads\/2025\/07\/Jorge-martinez-3-1024x1536.jpeg 1024w, https:\/\/blanca.es\/nuevaweb\/wp-content\/uploads\/2025\/07\/Jorge-martinez-3.jpeg 1365w\" sizes=\"auto, (max-width: 683px) 100vw, 683px\" \/><\/figure>\n","protected":false},"excerpt":{"rendered":"<p>El acto tendr\u00e1 lugar el 6 de agosto en la Plaza de la Iglesia, a partir de las 22:00 h. y estar\u00e1 presentado por \u00d3scar Victorio Puche, presidente de la Pe\u00f1a Manolete.<\/p>\n<p>A continuaci\u00f3n la Agrupaci\u00f3n Musical de Blanca, dirigida por V\u00edctor Cano, ofrecer\u00e1 un concierto de m\u00fasica espa\u00f1ola y actuar\u00e1 Ainara Clares, La Monetti.<\/p>\n","protected":false},"author":2,"featured_media":30006,"comment_status":"closed","ping_status":"open","sticky":false,"template":"","format":"standard","meta":{"footnotes":""},"categories":[160,162,1],"tags":[],"class_list":["post-30002","post","type-post","status-publish","format-standard","has-post-thumbnail","hentry","category-cul_tur","category-fiestas","category-sin-categoria"],"yoast_head":"<!-- This site is optimized with the Yoast SEO plugin v28.1 - https:\/\/yoast.com\/product\/yoast-seo-wordpress\/ -->\n<title>El diestro murciano Jorge Mart\u00ednez pregonar\u00e1 la Feria Taurina en honor a San Roque de Blanca 2025 - Ayuntamiento de Blanca<\/title>\n<meta name=\"robots\" content=\"index, follow, max-snippet:-1, max-image-preview:large, max-video-preview:-1\" \/>\n<link rel=\"canonical\" href=\"https:\/\/blanca.es\/nuevaweb\/el-diestro-murciano-jorge-martinez-pregonara-la-feria-taurina-en-honor-a-san-roque-de-blanca-2025\/\" \/>\n<meta property=\"og:locale\" content=\"es_ES\" \/>\n<meta property=\"og:type\" content=\"article\" \/>\n<meta property=\"og:title\" content=\"El diestro murciano Jorge Mart\u00ednez pregonar\u00e1 la Feria Taurina en honor a San Roque de Blanca 2025 - Ayuntamiento de Blanca\" \/>\n<meta property=\"og:description\" content=\"El acto tendr\u00e1 lugar el 6 de agosto en la Plaza de la Iglesia, a partir de las 22:00 h. y estar\u00e1 presentado por \u00d3scar Victorio Puche, presidente de la Pe\u00f1a Manolete. A continuaci\u00f3n la Agrupaci\u00f3n Musical de Blanca, dirigida por V\u00edctor Cano, ofrecer\u00e1 un concierto de m\u00fasica espa\u00f1ola y actuar\u00e1 Ainara Clares, La Monetti.\" \/>\n<meta property=\"og:url\" content=\"https:\/\/blanca.es\/nuevaweb\/el-diestro-murciano-jorge-martinez-pregonara-la-feria-taurina-en-honor-a-san-roque-de-blanca-2025\/\" \/>\n<meta property=\"og:site_name\" content=\"Ayuntamiento de Blanca\" \/>\n<meta property=\"article:publisher\" content=\"https:\/\/es-es.facebook.com\/AyuntamientodeBlanca\" \/>\n<meta property=\"article:published_time\" content=\"2025-07-30T07:49:24+00:00\" \/>\n<meta property=\"article:modified_time\" content=\"2025-07-30T07:54:23+00:00\" \/>\n<meta property=\"og:image\" content=\"https:\/\/blanca.es\/nuevaweb\/wp-content\/uploads\/2025\/07\/Jorge-martinez-2.jpeg\" \/>\n\t<meta property=\"og:image:width\" content=\"1366\" \/>\n\t<meta property=\"og:image:height\" content=\"2048\" \/>\n\t<meta property=\"og:image:type\" content=\"image\/jpeg\" \/>\n<meta name=\"author\" content=\"Comunicaci\u00f3n\" \/>\n<meta name=\"twitter:card\" content=\"summary_large_image\" \/>\n<meta name=\"twitter:creator\" content=\"@ayto_blanca\" \/>\n<meta name=\"twitter:site\" content=\"@ayto_blanca\" \/>\n<meta name=\"twitter:label1\" content=\"Escrito por\" \/>\n\t<meta name=\"twitter:data1\" content=\"Comunicaci\u00f3n\" \/>\n\t<meta name=\"twitter:label2\" content=\"Tiempo de lectura\" \/>\n\t<meta name=\"twitter:data2\" content=\"4 minutos\" \/>\n<script type=\"application\/ld+json\" class=\"yoast-schema-graph\">{\"@context\":\"https:\\\/\\\/schema.org\",\"@graph\":[{\"@type\":\"Article\",\"@id\":\"https:\\\/\\\/blanca.es\\\/nuevaweb\\\/el-diestro-murciano-jorge-martinez-pregonara-la-feria-taurina-en-honor-a-san-roque-de-blanca-2025\\\/#article\",\"isPartOf\":{\"@id\":\"https:\\\/\\\/blanca.es\\\/nuevaweb\\\/el-diestro-murciano-jorge-martinez-pregonara-la-feria-taurina-en-honor-a-san-roque-de-blanca-2025\\\/\"},\"author\":{\"name\":\"Comunicaci\u00f3n\",\"@id\":\"https:\\\/\\\/blanca.es\\\/nuevaweb\\\/#\\\/schema\\\/person\\\/068ffbe563a96e998dc141bd91d5a84a\"},\"headline\":\"El diestro murciano Jorge Mart\u00ednez pregonar\u00e1 la Feria Taurina en honor a San Roque de Blanca 2025\",\"datePublished\":\"2025-07-30T07:49:24+00:00\",\"dateModified\":\"2025-07-30T07:54:23+00:00\",\"mainEntityOfPage\":{\"@id\":\"https:\\\/\\\/blanca.es\\\/nuevaweb\\\/el-diestro-murciano-jorge-martinez-pregonara-la-feria-taurina-en-honor-a-san-roque-de-blanca-2025\\\/\"},\"wordCount\":667,\"publisher\":{\"@id\":\"https:\\\/\\\/blanca.es\\\/nuevaweb\\\/#organization\"},\"image\":{\"@id\":\"https:\\\/\\\/blanca.es\\\/nuevaweb\\\/el-diestro-murciano-jorge-martinez-pregonara-la-feria-taurina-en-honor-a-san-roque-de-blanca-2025\\\/#primaryimage\"},\"thumbnailUrl\":\"https:\\\/\\\/blanca.es\\\/nuevaweb\\\/wp-content\\\/uploads\\\/2025\\\/07\\\/Jorge-martinez-2.jpeg\",\"articleSection\":[\"Cultura y Turismo\",\"Fiestas\"],\"inLanguage\":\"es\"},{\"@type\":\"WebPage\",\"@id\":\"https:\\\/\\\/blanca.es\\\/nuevaweb\\\/el-diestro-murciano-jorge-martinez-pregonara-la-feria-taurina-en-honor-a-san-roque-de-blanca-2025\\\/\",\"url\":\"https:\\\/\\\/blanca.es\\\/nuevaweb\\\/el-diestro-murciano-jorge-martinez-pregonara-la-feria-taurina-en-honor-a-san-roque-de-blanca-2025\\\/\",\"name\":\"El diestro murciano Jorge Mart\u00ednez pregonar\u00e1 la Feria Taurina en honor a San Roque de Blanca 2025 - Ayuntamiento de Blanca\",\"isPartOf\":{\"@id\":\"https:\\\/\\\/blanca.es\\\/nuevaweb\\\/#website\"},\"primaryImageOfPage\":{\"@id\":\"https:\\\/\\\/blanca.es\\\/nuevaweb\\\/el-diestro-murciano-jorge-martinez-pregonara-la-feria-taurina-en-honor-a-san-roque-de-blanca-2025\\\/#primaryimage\"},\"image\":{\"@id\":\"https:\\\/\\\/blanca.es\\\/nuevaweb\\\/el-diestro-murciano-jorge-martinez-pregonara-la-feria-taurina-en-honor-a-san-roque-de-blanca-2025\\\/#primaryimage\"},\"thumbnailUrl\":\"https:\\\/\\\/blanca.es\\\/nuevaweb\\\/wp-content\\\/uploads\\\/2025\\\/07\\\/Jorge-martinez-2.jpeg\",\"datePublished\":\"2025-07-30T07:49:24+00:00\",\"dateModified\":\"2025-07-30T07:54:23+00:00\",\"breadcrumb\":{\"@id\":\"https:\\\/\\\/blanca.es\\\/nuevaweb\\\/el-diestro-murciano-jorge-martinez-pregonara-la-feria-taurina-en-honor-a-san-roque-de-blanca-2025\\\/#breadcrumb\"},\"inLanguage\":\"es\",\"potentialAction\":[{\"@type\":\"ReadAction\",\"target\":[\"https:\\\/\\\/blanca.es\\\/nuevaweb\\\/el-diestro-murciano-jorge-martinez-pregonara-la-feria-taurina-en-honor-a-san-roque-de-blanca-2025\\\/\"]}]},{\"@type\":\"ImageObject\",\"inLanguage\":\"es\",\"@id\":\"https:\\\/\\\/blanca.es\\\/nuevaweb\\\/el-diestro-murciano-jorge-martinez-pregonara-la-feria-taurina-en-honor-a-san-roque-de-blanca-2025\\\/#primaryimage\",\"url\":\"https:\\\/\\\/blanca.es\\\/nuevaweb\\\/wp-content\\\/uploads\\\/2025\\\/07\\\/Jorge-martinez-2.jpeg\",\"contentUrl\":\"https:\\\/\\\/blanca.es\\\/nuevaweb\\\/wp-content\\\/uploads\\\/2025\\\/07\\\/Jorge-martinez-2.jpeg\",\"width\":1366,\"height\":2048},{\"@type\":\"BreadcrumbList\",\"@id\":\"https:\\\/\\\/blanca.es\\\/nuevaweb\\\/el-diestro-murciano-jorge-martinez-pregonara-la-feria-taurina-en-honor-a-san-roque-de-blanca-2025\\\/#breadcrumb\",\"itemListElement\":[{\"@type\":\"ListItem\",\"position\":1,\"name\":\"Portada\",\"item\":\"https:\\\/\\\/blanca.es\\\/nuevaweb\\\/\"},{\"@type\":\"ListItem\",\"position\":2,\"name\":\"El diestro murciano Jorge Mart\u00ednez pregonar\u00e1 la Feria Taurina en honor a San Roque de Blanca 2025\"}]},{\"@type\":\"WebSite\",\"@id\":\"https:\\\/\\\/blanca.es\\\/nuevaweb\\\/#website\",\"url\":\"https:\\\/\\\/blanca.es\\\/nuevaweb\\\/\",\"name\":\"Ayuntamiento de Blanca\",\"description\":\"Web Municipal Blanca (Murcia)\",\"publisher\":{\"@id\":\"https:\\\/\\\/blanca.es\\\/nuevaweb\\\/#organization\"},\"potentialAction\":[{\"@type\":\"SearchAction\",\"target\":{\"@type\":\"EntryPoint\",\"urlTemplate\":\"https:\\\/\\\/blanca.es\\\/nuevaweb\\\/?s={search_term_string}\"},\"query-input\":{\"@type\":\"PropertyValueSpecification\",\"valueRequired\":true,\"valueName\":\"search_term_string\"}}],\"inLanguage\":\"es\"},{\"@type\":\"Organization\",\"@id\":\"https:\\\/\\\/blanca.es\\\/nuevaweb\\\/#organization\",\"name\":\"Ayuntamiento de Blanca\",\"url\":\"https:\\\/\\\/blanca.es\\\/nuevaweb\\\/\",\"logo\":{\"@type\":\"ImageObject\",\"inLanguage\":\"es\",\"@id\":\"https:\\\/\\\/blanca.es\\\/nuevaweb\\\/#\\\/schema\\\/logo\\\/image\\\/\",\"url\":\"https:\\\/\\\/blanca.es\\\/nuevaweb\\\/wp-content\\\/uploads\\\/2020\\\/09\\\/Escudo_alta_cuadrado-3.png\",\"contentUrl\":\"https:\\\/\\\/blanca.es\\\/nuevaweb\\\/wp-content\\\/uploads\\\/2020\\\/09\\\/Escudo_alta_cuadrado-3.png\",\"width\":300,\"height\":300,\"caption\":\"Ayuntamiento de Blanca\"},\"image\":{\"@id\":\"https:\\\/\\\/blanca.es\\\/nuevaweb\\\/#\\\/schema\\\/logo\\\/image\\\/\"},\"sameAs\":[\"https:\\\/\\\/es-es.facebook.com\\\/AyuntamientodeBlanca\",\"https:\\\/\\\/x.com\\\/ayto_blanca\",\"https:\\\/\\\/www.youtube.com\\\/channel\\\/UC9weal_OZVKN6meF0Fd_rqw\"]},{\"@type\":\"Person\",\"@id\":\"https:\\\/\\\/blanca.es\\\/nuevaweb\\\/#\\\/schema\\\/person\\\/068ffbe563a96e998dc141bd91d5a84a\",\"name\":\"Comunicaci\u00f3n\",\"image\":{\"@type\":\"ImageObject\",\"inLanguage\":\"es\",\"@id\":\"https:\\\/\\\/secure.gravatar.com\\\/avatar\\\/0a6839cedbb80e4510cc6b40b620b579d19c8c87d368475504cb313c55980873?s=96&d=mm&r=g\",\"url\":\"https:\\\/\\\/secure.gravatar.com\\\/avatar\\\/0a6839cedbb80e4510cc6b40b620b579d19c8c87d368475504cb313c55980873?s=96&d=mm&r=g\",\"contentUrl\":\"https:\\\/\\\/secure.gravatar.com\\\/avatar\\\/0a6839cedbb80e4510cc6b40b620b579d19c8c87d368475504cb313c55980873?s=96&d=mm&r=g\",\"caption\":\"Comunicaci\u00f3n\"}}]}<\/script>\n<!-- \/ Yoast SEO plugin. -->","yoast_head_json":{"title":"El diestro murciano Jorge Mart\u00ednez pregonar\u00e1 la Feria Taurina en honor a San Roque de Blanca 2025 - Ayuntamiento de Blanca","robots":{"index":"index","follow":"follow","max-snippet":"max-snippet:-1","max-image-preview":"max-image-preview:large","max-video-preview":"max-video-preview:-1"},"canonical":"https:\/\/blanca.es\/nuevaweb\/el-diestro-murciano-jorge-martinez-pregonara-la-feria-taurina-en-honor-a-san-roque-de-blanca-2025\/","og_locale":"es_ES","og_type":"article","og_title":"El diestro murciano Jorge Mart\u00ednez pregonar\u00e1 la Feria Taurina en honor a San Roque de Blanca 2025 - Ayuntamiento de Blanca","og_description":"El acto tendr\u00e1 lugar el 6 de agosto en la Plaza de la Iglesia, a partir de las 22:00 h. y estar\u00e1 presentado por \u00d3scar Victorio Puche, presidente de la Pe\u00f1a Manolete. A continuaci\u00f3n la Agrupaci\u00f3n Musical de Blanca, dirigida por V\u00edctor Cano, ofrecer\u00e1 un concierto de m\u00fasica espa\u00f1ola y actuar\u00e1 Ainara Clares, La Monetti.","og_url":"https:\/\/blanca.es\/nuevaweb\/el-diestro-murciano-jorge-martinez-pregonara-la-feria-taurina-en-honor-a-san-roque-de-blanca-2025\/","og_site_name":"Ayuntamiento de Blanca","article_publisher":"https:\/\/es-es.facebook.com\/AyuntamientodeBlanca","article_published_time":"2025-07-30T07:49:24+00:00","article_modified_time":"2025-07-30T07:54:23+00:00","og_image":[{"width":1366,"height":2048,"url":"https:\/\/blanca.es\/nuevaweb\/wp-content\/uploads\/2025\/07\/Jorge-martinez-2.jpeg","type":"image\/jpeg"}],"author":"Comunicaci\u00f3n","twitter_card":"summary_large_image","twitter_creator":"@ayto_blanca","twitter_site":"@ayto_blanca","twitter_misc":{"Escrito por":"Comunicaci\u00f3n","Tiempo de lectura":"4 minutos"},"schema":{"@context":"https:\/\/schema.org","@graph":[{"@type":"Article","@id":"https:\/\/blanca.es\/nuevaweb\/el-diestro-murciano-jorge-martinez-pregonara-la-feria-taurina-en-honor-a-san-roque-de-blanca-2025\/#article","isPartOf":{"@id":"https:\/\/blanca.es\/nuevaweb\/el-diestro-murciano-jorge-martinez-pregonara-la-feria-taurina-en-honor-a-san-roque-de-blanca-2025\/"},"author":{"name":"Comunicaci\u00f3n","@id":"https:\/\/blanca.es\/nuevaweb\/#\/schema\/person\/068ffbe563a96e998dc141bd91d5a84a"},"headline":"El diestro murciano Jorge Mart\u00ednez pregonar\u00e1 la Feria Taurina en honor a San Roque de Blanca 2025","datePublished":"2025-07-30T07:49:24+00:00","dateModified":"2025-07-30T07:54:23+00:00","mainEntityOfPage":{"@id":"https:\/\/blanca.es\/nuevaweb\/el-diestro-murciano-jorge-martinez-pregonara-la-feria-taurina-en-honor-a-san-roque-de-blanca-2025\/"},"wordCount":667,"publisher":{"@id":"https:\/\/blanca.es\/nuevaweb\/#organization"},"image":{"@id":"https:\/\/blanca.es\/nuevaweb\/el-diestro-murciano-jorge-martinez-pregonara-la-feria-taurina-en-honor-a-san-roque-de-blanca-2025\/#primaryimage"},"thumbnailUrl":"https:\/\/blanca.es\/nuevaweb\/wp-content\/uploads\/2025\/07\/Jorge-martinez-2.jpeg","articleSection":["Cultura y Turismo","Fiestas"],"inLanguage":"es"},{"@type":"WebPage","@id":"https:\/\/blanca.es\/nuevaweb\/el-diestro-murciano-jorge-martinez-pregonara-la-feria-taurina-en-honor-a-san-roque-de-blanca-2025\/","url":"https:\/\/blanca.es\/nuevaweb\/el-diestro-murciano-jorge-martinez-pregonara-la-feria-taurina-en-honor-a-san-roque-de-blanca-2025\/","name":"El diestro murciano Jorge Mart\u00ednez pregonar\u00e1 la Feria Taurina en honor a San Roque de Blanca 2025 - Ayuntamiento de Blanca","isPartOf":{"@id":"https:\/\/blanca.es\/nuevaweb\/#website"},"primaryImageOfPage":{"@id":"https:\/\/blanca.es\/nuevaweb\/el-diestro-murciano-jorge-martinez-pregonara-la-feria-taurina-en-honor-a-san-roque-de-blanca-2025\/#primaryimage"},"image":{"@id":"https:\/\/blanca.es\/nuevaweb\/el-diestro-murciano-jorge-martinez-pregonara-la-feria-taurina-en-honor-a-san-roque-de-blanca-2025\/#primaryimage"},"thumbnailUrl":"https:\/\/blanca.es\/nuevaweb\/wp-content\/uploads\/2025\/07\/Jorge-martinez-2.jpeg","datePublished":"2025-07-30T07:49:24+00:00","dateModified":"2025-07-30T07:54:23+00:00","breadcrumb":{"@id":"https:\/\/blanca.es\/nuevaweb\/el-diestro-murciano-jorge-martinez-pregonara-la-feria-taurina-en-honor-a-san-roque-de-blanca-2025\/#breadcrumb"},"inLanguage":"es","potentialAction":[{"@type":"ReadAction","target":["https:\/\/blanca.es\/nuevaweb\/el-diestro-murciano-jorge-martinez-pregonara-la-feria-taurina-en-honor-a-san-roque-de-blanca-2025\/"]}]},{"@type":"ImageObject","inLanguage":"es","@id":"https:\/\/blanca.es\/nuevaweb\/el-diestro-murciano-jorge-martinez-pregonara-la-feria-taurina-en-honor-a-san-roque-de-blanca-2025\/#primaryimage","url":"https:\/\/blanca.es\/nuevaweb\/wp-content\/uploads\/2025\/07\/Jorge-martinez-2.jpeg","contentUrl":"https:\/\/blanca.es\/nuevaweb\/wp-content\/uploads\/2025\/07\/Jorge-martinez-2.jpeg","width":1366,"height":2048},{"@type":"BreadcrumbList","@id":"https:\/\/blanca.es\/nuevaweb\/el-diestro-murciano-jorge-martinez-pregonara-la-feria-taurina-en-honor-a-san-roque-de-blanca-2025\/#breadcrumb","itemListElement":[{"@type":"ListItem","position":1,"name":"Portada","item":"https:\/\/blanca.es\/nuevaweb\/"},{"@type":"ListItem","position":2,"name":"El diestro murciano Jorge Mart\u00ednez pregonar\u00e1 la Feria Taurina en honor a San Roque de Blanca 2025"}]},{"@type":"WebSite","@id":"https:\/\/blanca.es\/nuevaweb\/#website","url":"https:\/\/blanca.es\/nuevaweb\/","name":"Ayuntamiento de Blanca","description":"Web Municipal Blanca (Murcia)","publisher":{"@id":"https:\/\/blanca.es\/nuevaweb\/#organization"},"potentialAction":[{"@type":"SearchAction","target":{"@type":"EntryPoint","urlTemplate":"https:\/\/blanca.es\/nuevaweb\/?s={search_term_string}"},"query-input":{"@type":"PropertyValueSpecification","valueRequired":true,"valueName":"search_term_string"}}],"inLanguage":"es"},{"@type":"Organization","@id":"https:\/\/blanca.es\/nuevaweb\/#organization","name":"Ayuntamiento de Blanca","url":"https:\/\/blanca.es\/nuevaweb\/","logo":{"@type":"ImageObject","inLanguage":"es","@id":"https:\/\/blanca.es\/nuevaweb\/#\/schema\/logo\/image\/","url":"https:\/\/blanca.es\/nuevaweb\/wp-content\/uploads\/2020\/09\/Escudo_alta_cuadrado-3.png","contentUrl":"https:\/\/blanca.es\/nuevaweb\/wp-content\/uploads\/2020\/09\/Escudo_alta_cuadrado-3.png","width":300,"height":300,"caption":"Ayuntamiento de Blanca"},"image":{"@id":"https:\/\/blanca.es\/nuevaweb\/#\/schema\/logo\/image\/"},"sameAs":["https:\/\/es-es.facebook.com\/AyuntamientodeBlanca","https:\/\/x.com\/ayto_blanca","https:\/\/www.youtube.com\/channel\/UC9weal_OZVKN6meF0Fd_rqw"]},{"@type":"Person","@id":"https:\/\/blanca.es\/nuevaweb\/#\/schema\/person\/068ffbe563a96e998dc141bd91d5a84a","name":"Comunicaci\u00f3n","image":{"@type":"ImageObject","inLanguage":"es","@id":"https:\/\/secure.gravatar.com\/avatar\/0a6839cedbb80e4510cc6b40b620b579d19c8c87d368475504cb313c55980873?s=96&d=mm&r=g","url":"https:\/\/secure.gravatar.com\/avatar\/0a6839cedbb80e4510cc6b40b620b579d19c8c87d368475504cb313c55980873?s=96&d=mm&r=g","contentUrl":"https:\/\/secure.gravatar.com\/avatar\/0a6839cedbb80e4510cc6b40b620b579d19c8c87d368475504cb313c55980873?s=96&d=mm&r=g","caption":"Comunicaci\u00f3n"}}]}},"_links":{"self":[{"href":"https:\/\/blanca.es\/nuevaweb\/wp-json\/wp\/v2\/posts\/30002","targetHints":{"allow":["GET"]}}],"collection":[{"href":"https:\/\/blanca.es\/nuevaweb\/wp-json\/wp\/v2\/posts"}],"about":[{"href":"https:\/\/blanca.es\/nuevaweb\/wp-json\/wp\/v2\/types\/post"}],"author":[{"embeddable":true,"href":"https:\/\/blanca.es\/nuevaweb\/wp-json\/wp\/v2\/users\/2"}],"replies":[{"embeddable":true,"href":"https:\/\/blanca.es\/nuevaweb\/wp-json\/wp\/v2\/comments?post=30002"}],"version-history":[{"count":1,"href":"https:\/\/blanca.es\/nuevaweb\/wp-json\/wp\/v2\/posts\/30002\/revisions"}],"predecessor-version":[{"id":30005,"href":"https:\/\/blanca.es\/nuevaweb\/wp-json\/wp\/v2\/posts\/30002\/revisions\/30005"}],"wp:featuredmedia":[{"embeddable":true,"href":"https:\/\/blanca.es\/nuevaweb\/wp-json\/wp\/v2\/media\/30006"}],"wp:attachment":[{"href":"https:\/\/blanca.es\/nuevaweb\/wp-json\/wp\/v2\/media?parent=30002"}],"wp:term":[{"taxonomy":"category","embeddable":true,"href":"https:\/\/blanca.es\/nuevaweb\/wp-json\/wp\/v2\/categories?post=30002"},{"taxonomy":"post_tag","embeddable":true,"href":"https:\/\/blanca.es\/nuevaweb\/wp-json\/wp\/v2\/tags?post=30002"}],"curies":[{"name":"wp","href":"https:\/\/api.w.org\/{rel}","templated":true}]}}