{"id":30021,"date":"2025-08-07T11:53:09","date_gmt":"2025-08-07T09:53:09","guid":{"rendered":"https:\/\/blanca.es\/nuevaweb\/?p=30021"},"modified":"2025-08-07T11:53:39","modified_gmt":"2025-08-07T09:53:39","slug":"la-feria-taurina-en-honor-a-san-roque-arranca-este-sabado-con-la-celebracion-del-encierro-tradicional","status":"publish","type":"post","link":"https:\/\/blanca.es\/nuevaweb\/la-feria-taurina-en-honor-a-san-roque-arranca-este-sabado-con-la-celebracion-del-encierro-tradicional\/","title":{"rendered":"La feria taurina en honor a San Roque arranca este s\u00e1bado con la celebraci\u00f3n del encierro tradicional"},"content":{"rendered":"\n<p class=\"wp-block-paragraph\"><strong>Ayer se inauguraron los festejos con el preg\u00f3n a cargo del diestro murciano Jorge Mart\u00ednez y amenizado por la m\u00fasica espa\u00f1ola interpretada por la Agrupaci\u00f3n Musical de Blanca, junto a la actuaci\u00f3n de Ainara Clares La Monetti.<\/strong><\/p>\n\n\n\n<p class=\"wp-block-paragraph\"><strong>Se llevar\u00e1n a cabo otros tres encierros, uno nocturno por el recorrido tradicional, el 11 de agosto, y dos que discurrir\u00e1n por Gran V\u00eda, 13 y 14 de agosto.<\/strong><\/p>\n\n\n\n<p class=\"wp-block-paragraph\"><strong>La Pe\u00f1a Manolete organiza dos encierros infantiles, 8 y 9 de agosto, y el II Encierro Juvenil del municipio, que tendr\u00e1 lugar el 15 de agosto.<\/strong><strong>El C\u00edrculo Taurino ser\u00e1 el encargado de llevar a cabo los aperitivos taurinos para sortear los novillos a lidiar los d\u00edas 10, 13 y 15 de agosto.<\/strong><\/p>\n\n\n\n<p class=\"wp-block-paragraph\">La feria taurina en honor a San Roque, organizada por el Ayuntamiento de Blanca y la empresa Bous al Carrer, arranca este s\u00e1bado con la celebraci\u00f3n, a partir de las 15:00 h. del encierro tradicional por el casco antiguo, declarado de Inter\u00e9s Tur\u00edstico Regional. Posteriormente, tendr\u00e1 lugar la gran novedad este a\u00f1o, el encierro nocturno, el 11 de agosto, a las 22:00 h., tambi\u00e9n por el recorrido tradicional. El tercer encierro se llevar\u00e1 a cabo el 13 agosto, a partir de las 12:00 h. por Gran V\u00eda y el cuarto contar\u00e1 con el mismo escenario el 14 de agosto, a partir de las 15:00 h. Todos ellos estar\u00e1n precedidos de la animaci\u00f3n de la charanga Los Informales.<\/p>\n\n\n\n<p class=\"wp-block-paragraph\">Previamente, tuvo lugar ayer en la Plaza de la Iglesia, el preg\u00f3n a cargo del diestro Jorge Mart\u00ednez, que estuvo presentado por \u00d3scar Victorio Puche, presidente de la Pe\u00f1a Taurina Manolete, y a continuaci\u00f3n el p\u00fablico asisti\u00f3 a un concierto de m\u00fasica espa\u00f1ola de la mano de la Agrupaci\u00f3n Musical de Blanca dirigida por V\u00edctor Cano y la actuaci\u00f3n de Ainara Clares, La Monetti.<\/p>\n\n\n\n<p class=\"wp-block-paragraph\">El acto cont\u00f3 con la presencia del alcalde de Blanca, A. Pablo Cano; el concejal de Festejos, Jes\u00fas Cano; el concejal de Recursos Humanos, Limpieza, Servicios y Transparencia, Francisco Javier Rodr\u00edguez; la concejala de Servicios Sociales, Educaci\u00f3n, Cultura y Nuevas Tecnolog\u00edas, \u00c1ngela Ruiz Cano; el diputado regional, Jes\u00fas Cano; y el presidente del C\u00edrculo Taurino, Jos\u00e9 Antonio Cano Mart\u00ednez.<\/p>\n\n\n\n<p class=\"wp-block-paragraph\">En el transcurso de este evento se hizo entrega de los premios de la Feria Taurina de 2024 que recayeron en:<\/p>\n\n\n\n<p class=\"wp-block-paragraph\">-El premio a la mejor ganader\u00eda para La Jotera, otorgado por el Ayuntamiento de Blanca a trav\u00e9s de la Mesa del Toro.<\/p>\n\n\n\n<p class=\"wp-block-paragraph\">-El premio \u2018Manuel Mengual Sola\u2019 al mejor puyazo ha sido para Tomasete al n\u00famero 23.<\/p>\n\n\n\n<p class=\"wp-block-paragraph\">-El premio \u2018Jes\u00fas Cano\u2019 al mejor par de banderillas ha sido para el subalterno Antonio Cama.<\/p>\n\n\n\n<p class=\"wp-block-paragraph\"><strong>Feria taurina<\/strong><\/p>\n\n\n\n<p class=\"wp-block-paragraph\">Los festejos, que contar\u00e1 con los pasacalles previos de la Agrupaci\u00f3n Musical de Blanca, tendr\u00e1n lugar los d\u00edas 10, 13 y 15 de agosto y estar\u00e1n compuestos por tres novilladas con picadores, adem\u00e1s de una Concurso de Recortes que se celebrar\u00e1 el d\u00eda 12.<\/p>\n\n\n\n<p class=\"wp-block-paragraph\">Adem\u00e1s los d\u00edas 10, 13 y 15 de agosto se realizar\u00e1n aperitivos taurinos \u2013a las 12:30 h. en el Centro IDOL- para sortear los novillos a lidiar por la tarde, organizados por el C\u00edrculo Taurino.<\/p>\n\n\n\n<p class=\"wp-block-paragraph\">Los carteles ser\u00e1n los siguientes:<\/p>\n\n\n\n<p class=\"wp-block-paragraph\">-Domingo, 10 de agosto: Novillos de El A\u00f1ad\u00edo para Curro M\u00e1rquez y Pedro Andr\u00e9s. Participaci\u00f3n del alumno de la Escuela Taurina Jes\u00fas Montiel.<\/p>\n\n\n\n<p class=\"wp-block-paragraph\">-Mi\u00e9rcoles, 13 de agosto: Novillos de Aguadulce y Hdros. de D. Jos\u00e9 Mar\u00eda Aristrain de la Cruz para David L\u00f3pez y Joselito de C\u00f3rdoba. Participaci\u00f3n del alumno de la Escuela Taurina David Pardo.<\/p>\n\n\n\n<p class=\"wp-block-paragraph\">-Viernes, 15 de agosto: Novillos Chamaco para Cristian Gonz\u00e1lez y Manuel Olivero. Participaci\u00f3n del alumno de la Escuela Taurina Toni Mart\u00edn.<\/p>\n\n\n\n<p class=\"wp-block-paragraph\">La Pe\u00f1a Manolete organiza por segunda vez el Encierro Juvenil en el municipio, que tendr\u00e1 lugar el pr\u00f3ximo jueves, 15 de agosto, a las 12:00 h. y contar\u00e1 con el siguiente recorrido: C\/ Nueva de Blanca, Plaza de la Iglesia, C\/ Pintor Pedro Cano, C\/ Frutas de Levante y Plaza de Toros.<\/p>\n\n\n\n<p class=\"wp-block-paragraph\">Durante el encierro, que se convertir\u00e1 en el quinto de la Fiestas Patronales en honor a San Roque, se soltar\u00e1n dos vaquillas de la ganader\u00eda de Juanfran y podr\u00e1n acceder j\u00f3venes mayores de 16 a\u00f1os.<\/p>\n\n\n\n<p class=\"wp-block-paragraph\">Este acto se sumar\u00e1 a los dos encierros infantiles que organizan ma\u00f1ana, 8 de agosto, a las 20:00 h. y el s\u00e1bado, 9 de agosto, a las 12:00 h.<\/p>\n\n\n\n<p class=\"wp-block-paragraph\"><strong>Noches de verbena<\/strong><\/p>\n\n\n\n<p class=\"wp-block-paragraph\">El programa se ha concebido con actividades para todas las edades y con actuaciones musicales y l\u00fadicas gratuitas. Las noches de verbena en el Parque Municipal estar\u00e1n protagonizadas por La Mundial, la Orquesta Miami, Orquesta Acuarela, los Tributos a Manolo Escobar, ABBA y La Oreja de Van Gogh, Sunset Cover Band, Grupo Salitre, Grupo Marlene, La D\u00e9cada de tu Vida, DJ Rummar, DJ Egxea, DJ DavidDMusic, DJ Fonty, Izan DJ, DJ Esteban y Germen DJ.<\/p>\n\n\n\n<p class=\"wp-block-paragraph\">Los m\u00e1s peque\u00f1os podr\u00e1n disfrutar de un cantajuegos infantil \u2018Pequecanta\u2019, hoy 7 de agosto a las 22:00 h. en el Parque Municipal, precedido de juegos populares a partir de las 20:30 h. con Asokultura; y tambi\u00e9n se celebrar\u00e1 la tradicional vuelta en bici al pantano, para mayores de de 9 a\u00f1os el 10 de agosto, a partir de las 10:00 h.<\/p>\n\n\n\n<p class=\"wp-block-paragraph\">Como viene siendo tradicional el cierre, de las fiestas ser\u00e1 la procesi\u00f3n de San Roque, acompa\u00f1ada de la Agrupaci\u00f3n Musical de Blanca y el castillo de fuegos artificiales.<\/p>\n\n\n\n<figure class=\"wp-block-gallery has-nested-images columns-default is-cropped wp-block-gallery-1 is-layout-flex wp-block-gallery-is-layout-flex\">\n<figure class=\"wp-block-image size-large\"><img loading=\"lazy\" decoding=\"async\" width=\"1024\" height=\"683\" data-id=\"30050\" src=\"https:\/\/blanca.es\/nuevaweb\/wp-content\/uploads\/2025\/08\/foto-2-1024x683.jpg\" alt=\"\" class=\"wp-image-30050\" srcset=\"https:\/\/blanca.es\/nuevaweb\/wp-content\/uploads\/2025\/08\/foto-2-1024x683.jpg 1024w, https:\/\/blanca.es\/nuevaweb\/wp-content\/uploads\/2025\/08\/foto-2-300x200.jpg 300w, https:\/\/blanca.es\/nuevaweb\/wp-content\/uploads\/2025\/08\/foto-2-768x512.jpg 768w, https:\/\/blanca.es\/nuevaweb\/wp-content\/uploads\/2025\/08\/foto-2-1536x1024.jpg 1536w, https:\/\/blanca.es\/nuevaweb\/wp-content\/uploads\/2025\/08\/foto-2-2048x1365.jpg 2048w\" sizes=\"auto, (max-width: 1024px) 100vw, 1024px\" \/><\/figure>\n\n\n\n<figure class=\"wp-block-image size-large\"><img loading=\"lazy\" decoding=\"async\" width=\"1024\" height=\"683\" data-id=\"30049\" src=\"https:\/\/blanca.es\/nuevaweb\/wp-content\/uploads\/2025\/08\/R6_3408-1024x683.jpg\" alt=\"\" class=\"wp-image-30049\" srcset=\"https:\/\/blanca.es\/nuevaweb\/wp-content\/uploads\/2025\/08\/R6_3408-1024x683.jpg 1024w, https:\/\/blanca.es\/nuevaweb\/wp-content\/uploads\/2025\/08\/R6_3408-300x200.jpg 300w, https:\/\/blanca.es\/nuevaweb\/wp-content\/uploads\/2025\/08\/R6_3408-768x512.jpg 768w, https:\/\/blanca.es\/nuevaweb\/wp-content\/uploads\/2025\/08\/R6_3408-1536x1024.jpg 1536w, https:\/\/blanca.es\/nuevaweb\/wp-content\/uploads\/2025\/08\/R6_3408-2048x1365.jpg 2048w\" sizes=\"auto, (max-width: 1024px) 100vw, 1024px\" \/><\/figure>\n\n\n\n<figure class=\"wp-block-image size-large\"><img loading=\"lazy\" decoding=\"async\" width=\"1024\" height=\"683\" data-id=\"30048\" src=\"https:\/\/blanca.es\/nuevaweb\/wp-content\/uploads\/2025\/08\/R6_3399-1024x683.jpg\" alt=\"\" class=\"wp-image-30048\" srcset=\"https:\/\/blanca.es\/nuevaweb\/wp-content\/uploads\/2025\/08\/R6_3399-1024x683.jpg 1024w, https:\/\/blanca.es\/nuevaweb\/wp-content\/uploads\/2025\/08\/R6_3399-300x200.jpg 300w, https:\/\/blanca.es\/nuevaweb\/wp-content\/uploads\/2025\/08\/R6_3399-768x512.jpg 768w, https:\/\/blanca.es\/nuevaweb\/wp-content\/uploads\/2025\/08\/R6_3399-1536x1024.jpg 1536w, https:\/\/blanca.es\/nuevaweb\/wp-content\/uploads\/2025\/08\/R6_3399-2048x1365.jpg 2048w\" sizes=\"auto, (max-width: 1024px) 100vw, 1024px\" \/><\/figure>\n\n\n\n<figure class=\"wp-block-image size-large\"><img loading=\"lazy\" decoding=\"async\" width=\"1024\" height=\"683\" data-id=\"30047\" src=\"https:\/\/blanca.es\/nuevaweb\/wp-content\/uploads\/2025\/08\/R6_3398-1024x683.jpg\" alt=\"\" class=\"wp-image-30047\" srcset=\"https:\/\/blanca.es\/nuevaweb\/wp-content\/uploads\/2025\/08\/R6_3398-1024x683.jpg 1024w, https:\/\/blanca.es\/nuevaweb\/wp-content\/uploads\/2025\/08\/R6_3398-300x200.jpg 300w, https:\/\/blanca.es\/nuevaweb\/wp-content\/uploads\/2025\/08\/R6_3398-768x512.jpg 768w, https:\/\/blanca.es\/nuevaweb\/wp-content\/uploads\/2025\/08\/R6_3398-1536x1024.jpg 1536w, https:\/\/blanca.es\/nuevaweb\/wp-content\/uploads\/2025\/08\/R6_3398-2048x1365.jpg 2048w\" sizes=\"auto, (max-width: 1024px) 100vw, 1024px\" \/><\/figure>\n\n\n\n<figure class=\"wp-block-image size-large\"><img loading=\"lazy\" decoding=\"async\" width=\"1024\" height=\"683\" data-id=\"30046\" src=\"https:\/\/blanca.es\/nuevaweb\/wp-content\/uploads\/2025\/08\/R6_3395-1024x683.jpg\" alt=\"\" class=\"wp-image-30046\" srcset=\"https:\/\/blanca.es\/nuevaweb\/wp-content\/uploads\/2025\/08\/R6_3395-1024x683.jpg 1024w, https:\/\/blanca.es\/nuevaweb\/wp-content\/uploads\/2025\/08\/R6_3395-300x200.jpg 300w, https:\/\/blanca.es\/nuevaweb\/wp-content\/uploads\/2025\/08\/R6_3395-768x512.jpg 768w, https:\/\/blanca.es\/nuevaweb\/wp-content\/uploads\/2025\/08\/R6_3395-1536x1024.jpg 1536w, https:\/\/blanca.es\/nuevaweb\/wp-content\/uploads\/2025\/08\/R6_3395-2048x1365.jpg 2048w\" sizes=\"auto, (max-width: 1024px) 100vw, 1024px\" \/><\/figure>\n\n\n\n<figure class=\"wp-block-image size-large\"><img loading=\"lazy\" decoding=\"async\" width=\"683\" height=\"1024\" data-id=\"30045\" src=\"https:\/\/blanca.es\/nuevaweb\/wp-content\/uploads\/2025\/08\/R6_3386-683x1024.jpg\" alt=\"\" class=\"wp-image-30045\" srcset=\"https:\/\/blanca.es\/nuevaweb\/wp-content\/uploads\/2025\/08\/R6_3386-683x1024.jpg 683w, https:\/\/blanca.es\/nuevaweb\/wp-content\/uploads\/2025\/08\/R6_3386-200x300.jpg 200w, https:\/\/blanca.es\/nuevaweb\/wp-content\/uploads\/2025\/08\/R6_3386-768x1152.jpg 768w, https:\/\/blanca.es\/nuevaweb\/wp-content\/uploads\/2025\/08\/R6_3386-1024x1536.jpg 1024w, https:\/\/blanca.es\/nuevaweb\/wp-content\/uploads\/2025\/08\/R6_3386-1365x2048.jpg 1365w, https:\/\/blanca.es\/nuevaweb\/wp-content\/uploads\/2025\/08\/R6_3386-scaled.jpg 1707w\" sizes=\"auto, (max-width: 683px) 100vw, 683px\" \/><\/figure>\n\n\n\n<figure class=\"wp-block-image size-large\"><img loading=\"lazy\" decoding=\"async\" width=\"1024\" height=\"683\" data-id=\"30044\" src=\"https:\/\/blanca.es\/nuevaweb\/wp-content\/uploads\/2025\/08\/R6_3378-1024x683.jpg\" alt=\"\" class=\"wp-image-30044\" srcset=\"https:\/\/blanca.es\/nuevaweb\/wp-content\/uploads\/2025\/08\/R6_3378-1024x683.jpg 1024w, https:\/\/blanca.es\/nuevaweb\/wp-content\/uploads\/2025\/08\/R6_3378-300x200.jpg 300w, https:\/\/blanca.es\/nuevaweb\/wp-content\/uploads\/2025\/08\/R6_3378-768x512.jpg 768w, https:\/\/blanca.es\/nuevaweb\/wp-content\/uploads\/2025\/08\/R6_3378-1536x1024.jpg 1536w, https:\/\/blanca.es\/nuevaweb\/wp-content\/uploads\/2025\/08\/R6_3378-2048x1365.jpg 2048w\" sizes=\"auto, (max-width: 1024px) 100vw, 1024px\" \/><\/figure>\n\n\n\n<figure class=\"wp-block-image size-large\"><img loading=\"lazy\" decoding=\"async\" width=\"1024\" height=\"683\" data-id=\"30043\" src=\"https:\/\/blanca.es\/nuevaweb\/wp-content\/uploads\/2025\/08\/R6_3331-1024x683.jpg\" alt=\"\" class=\"wp-image-30043\" srcset=\"https:\/\/blanca.es\/nuevaweb\/wp-content\/uploads\/2025\/08\/R6_3331-1024x683.jpg 1024w, https:\/\/blanca.es\/nuevaweb\/wp-content\/uploads\/2025\/08\/R6_3331-300x200.jpg 300w, https:\/\/blanca.es\/nuevaweb\/wp-content\/uploads\/2025\/08\/R6_3331-768x512.jpg 768w, https:\/\/blanca.es\/nuevaweb\/wp-content\/uploads\/2025\/08\/R6_3331-1536x1024.jpg 1536w, https:\/\/blanca.es\/nuevaweb\/wp-content\/uploads\/2025\/08\/R6_3331-2048x1365.jpg 2048w\" sizes=\"auto, (max-width: 1024px) 100vw, 1024px\" \/><\/figure>\n\n\n\n<figure class=\"wp-block-image size-large\"><img loading=\"lazy\" decoding=\"async\" width=\"1024\" height=\"683\" data-id=\"30042\" src=\"https:\/\/blanca.es\/nuevaweb\/wp-content\/uploads\/2025\/08\/R6_3328-1024x683.jpg\" alt=\"\" class=\"wp-image-30042\" srcset=\"https:\/\/blanca.es\/nuevaweb\/wp-content\/uploads\/2025\/08\/R6_3328-1024x683.jpg 1024w, https:\/\/blanca.es\/nuevaweb\/wp-content\/uploads\/2025\/08\/R6_3328-300x200.jpg 300w, https:\/\/blanca.es\/nuevaweb\/wp-content\/uploads\/2025\/08\/R6_3328-768x512.jpg 768w, https:\/\/blanca.es\/nuevaweb\/wp-content\/uploads\/2025\/08\/R6_3328-1536x1024.jpg 1536w, https:\/\/blanca.es\/nuevaweb\/wp-content\/uploads\/2025\/08\/R6_3328-2048x1365.jpg 2048w\" sizes=\"auto, (max-width: 1024px) 100vw, 1024px\" \/><\/figure>\n\n\n\n<figure class=\"wp-block-image size-large\"><img loading=\"lazy\" decoding=\"async\" width=\"1024\" height=\"683\" data-id=\"30041\" src=\"https:\/\/blanca.es\/nuevaweb\/wp-content\/uploads\/2025\/08\/R6_3326-1024x683.jpg\" alt=\"\" class=\"wp-image-30041\" srcset=\"https:\/\/blanca.es\/nuevaweb\/wp-content\/uploads\/2025\/08\/R6_3326-1024x683.jpg 1024w, https:\/\/blanca.es\/nuevaweb\/wp-content\/uploads\/2025\/08\/R6_3326-300x200.jpg 300w, https:\/\/blanca.es\/nuevaweb\/wp-content\/uploads\/2025\/08\/R6_3326-768x512.jpg 768w, https:\/\/blanca.es\/nuevaweb\/wp-content\/uploads\/2025\/08\/R6_3326-1536x1024.jpg 1536w, https:\/\/blanca.es\/nuevaweb\/wp-content\/uploads\/2025\/08\/R6_3326-2048x1365.jpg 2048w\" sizes=\"auto, (max-width: 1024px) 100vw, 1024px\" \/><\/figure>\n\n\n\n<figure class=\"wp-block-image size-large\"><img loading=\"lazy\" decoding=\"async\" width=\"1024\" height=\"683\" data-id=\"30040\" src=\"https:\/\/blanca.es\/nuevaweb\/wp-content\/uploads\/2025\/08\/R6_3317-1024x683.jpg\" alt=\"\" class=\"wp-image-30040\" srcset=\"https:\/\/blanca.es\/nuevaweb\/wp-content\/uploads\/2025\/08\/R6_3317-1024x683.jpg 1024w, https:\/\/blanca.es\/nuevaweb\/wp-content\/uploads\/2025\/08\/R6_3317-300x200.jpg 300w, https:\/\/blanca.es\/nuevaweb\/wp-content\/uploads\/2025\/08\/R6_3317-768x512.jpg 768w, https:\/\/blanca.es\/nuevaweb\/wp-content\/uploads\/2025\/08\/R6_3317-1536x1024.jpg 1536w, https:\/\/blanca.es\/nuevaweb\/wp-content\/uploads\/2025\/08\/R6_3317-2048x1365.jpg 2048w\" sizes=\"auto, (max-width: 1024px) 100vw, 1024px\" \/><\/figure>\n\n\n\n<figure class=\"wp-block-image size-large\"><img loading=\"lazy\" decoding=\"async\" width=\"1024\" height=\"683\" data-id=\"30039\" src=\"https:\/\/blanca.es\/nuevaweb\/wp-content\/uploads\/2025\/08\/R6_3300-1024x683.jpg\" alt=\"\" class=\"wp-image-30039\" srcset=\"https:\/\/blanca.es\/nuevaweb\/wp-content\/uploads\/2025\/08\/R6_3300-1024x683.jpg 1024w, https:\/\/blanca.es\/nuevaweb\/wp-content\/uploads\/2025\/08\/R6_3300-300x200.jpg 300w, https:\/\/blanca.es\/nuevaweb\/wp-content\/uploads\/2025\/08\/R6_3300-768x512.jpg 768w, https:\/\/blanca.es\/nuevaweb\/wp-content\/uploads\/2025\/08\/R6_3300-1536x1024.jpg 1536w, https:\/\/blanca.es\/nuevaweb\/wp-content\/uploads\/2025\/08\/R6_3300-2048x1365.jpg 2048w\" sizes=\"auto, (max-width: 1024px) 100vw, 1024px\" \/><\/figure>\n\n\n\n<figure class=\"wp-block-image size-large\"><img loading=\"lazy\" decoding=\"async\" width=\"1024\" height=\"683\" data-id=\"30038\" src=\"https:\/\/blanca.es\/nuevaweb\/wp-content\/uploads\/2025\/08\/R6_3291-1024x683.jpg\" alt=\"\" class=\"wp-image-30038\" srcset=\"https:\/\/blanca.es\/nuevaweb\/wp-content\/uploads\/2025\/08\/R6_3291-1024x683.jpg 1024w, https:\/\/blanca.es\/nuevaweb\/wp-content\/uploads\/2025\/08\/R6_3291-300x200.jpg 300w, https:\/\/blanca.es\/nuevaweb\/wp-content\/uploads\/2025\/08\/R6_3291-768x512.jpg 768w, https:\/\/blanca.es\/nuevaweb\/wp-content\/uploads\/2025\/08\/R6_3291-1536x1024.jpg 1536w, https:\/\/blanca.es\/nuevaweb\/wp-content\/uploads\/2025\/08\/R6_3291-2048x1365.jpg 2048w\" sizes=\"auto, (max-width: 1024px) 100vw, 1024px\" \/><\/figure>\n\n\n\n<figure class=\"wp-block-image size-large\"><img loading=\"lazy\" decoding=\"async\" width=\"1024\" height=\"683\" data-id=\"30037\" src=\"https:\/\/blanca.es\/nuevaweb\/wp-content\/uploads\/2025\/08\/R6_3278-1024x683.jpg\" alt=\"\" class=\"wp-image-30037\" srcset=\"https:\/\/blanca.es\/nuevaweb\/wp-content\/uploads\/2025\/08\/R6_3278-1024x683.jpg 1024w, https:\/\/blanca.es\/nuevaweb\/wp-content\/uploads\/2025\/08\/R6_3278-300x200.jpg 300w, https:\/\/blanca.es\/nuevaweb\/wp-content\/uploads\/2025\/08\/R6_3278-768x512.jpg 768w, https:\/\/blanca.es\/nuevaweb\/wp-content\/uploads\/2025\/08\/R6_3278-1536x1024.jpg 1536w, https:\/\/blanca.es\/nuevaweb\/wp-content\/uploads\/2025\/08\/R6_3278-2048x1365.jpg 2048w\" sizes=\"auto, (max-width: 1024px) 100vw, 1024px\" \/><\/figure>\n\n\n\n<figure class=\"wp-block-image size-large\"><img loading=\"lazy\" decoding=\"async\" width=\"1024\" height=\"683\" data-id=\"30036\" src=\"https:\/\/blanca.es\/nuevaweb\/wp-content\/uploads\/2025\/08\/R6_3263-1024x683.jpg\" alt=\"\" class=\"wp-image-30036\" srcset=\"https:\/\/blanca.es\/nuevaweb\/wp-content\/uploads\/2025\/08\/R6_3263-1024x683.jpg 1024w, https:\/\/blanca.es\/nuevaweb\/wp-content\/uploads\/2025\/08\/R6_3263-300x200.jpg 300w, https:\/\/blanca.es\/nuevaweb\/wp-content\/uploads\/2025\/08\/R6_3263-768x512.jpg 768w, https:\/\/blanca.es\/nuevaweb\/wp-content\/uploads\/2025\/08\/R6_3263-1536x1024.jpg 1536w, https:\/\/blanca.es\/nuevaweb\/wp-content\/uploads\/2025\/08\/R6_3263-2048x1365.jpg 2048w\" sizes=\"auto, (max-width: 1024px) 100vw, 1024px\" \/><\/figure>\n\n\n\n<figure class=\"wp-block-image size-large\"><img loading=\"lazy\" decoding=\"async\" width=\"1024\" height=\"683\" data-id=\"30035\" src=\"https:\/\/blanca.es\/nuevaweb\/wp-content\/uploads\/2025\/08\/R6_3255-1024x683.jpg\" alt=\"\" class=\"wp-image-30035\" srcset=\"https:\/\/blanca.es\/nuevaweb\/wp-content\/uploads\/2025\/08\/R6_3255-1024x683.jpg 1024w, https:\/\/blanca.es\/nuevaweb\/wp-content\/uploads\/2025\/08\/R6_3255-300x200.jpg 300w, https:\/\/blanca.es\/nuevaweb\/wp-content\/uploads\/2025\/08\/R6_3255-768x512.jpg 768w, https:\/\/blanca.es\/nuevaweb\/wp-content\/uploads\/2025\/08\/R6_3255-1536x1024.jpg 1536w, https:\/\/blanca.es\/nuevaweb\/wp-content\/uploads\/2025\/08\/R6_3255-2048x1365.jpg 2048w\" sizes=\"auto, (max-width: 1024px) 100vw, 1024px\" \/><\/figure>\n\n\n\n<figure class=\"wp-block-image size-large\"><img loading=\"lazy\" decoding=\"async\" width=\"1024\" height=\"683\" data-id=\"30034\" src=\"https:\/\/blanca.es\/nuevaweb\/wp-content\/uploads\/2025\/08\/R6_3244-1024x683.jpg\" alt=\"\" class=\"wp-image-30034\" srcset=\"https:\/\/blanca.es\/nuevaweb\/wp-content\/uploads\/2025\/08\/R6_3244-1024x683.jpg 1024w, https:\/\/blanca.es\/nuevaweb\/wp-content\/uploads\/2025\/08\/R6_3244-300x200.jpg 300w, https:\/\/blanca.es\/nuevaweb\/wp-content\/uploads\/2025\/08\/R6_3244-768x512.jpg 768w, https:\/\/blanca.es\/nuevaweb\/wp-content\/uploads\/2025\/08\/R6_3244-1536x1024.jpg 1536w, https:\/\/blanca.es\/nuevaweb\/wp-content\/uploads\/2025\/08\/R6_3244-2048x1365.jpg 2048w\" sizes=\"auto, (max-width: 1024px) 100vw, 1024px\" \/><\/figure>\n\n\n\n<figure class=\"wp-block-image size-large\"><img loading=\"lazy\" decoding=\"async\" width=\"1024\" height=\"683\" data-id=\"30033\" src=\"https:\/\/blanca.es\/nuevaweb\/wp-content\/uploads\/2025\/08\/R6_3237-1024x683.jpg\" alt=\"\" class=\"wp-image-30033\" srcset=\"https:\/\/blanca.es\/nuevaweb\/wp-content\/uploads\/2025\/08\/R6_3237-1024x683.jpg 1024w, https:\/\/blanca.es\/nuevaweb\/wp-content\/uploads\/2025\/08\/R6_3237-300x200.jpg 300w, https:\/\/blanca.es\/nuevaweb\/wp-content\/uploads\/2025\/08\/R6_3237-768x512.jpg 768w, https:\/\/blanca.es\/nuevaweb\/wp-content\/uploads\/2025\/08\/R6_3237-1536x1024.jpg 1536w, https:\/\/blanca.es\/nuevaweb\/wp-content\/uploads\/2025\/08\/R6_3237-2048x1365.jpg 2048w\" sizes=\"auto, (max-width: 1024px) 100vw, 1024px\" \/><\/figure>\n\n\n\n<figure class=\"wp-block-image size-large\"><img loading=\"lazy\" decoding=\"async\" width=\"1024\" height=\"683\" data-id=\"30032\" src=\"https:\/\/blanca.es\/nuevaweb\/wp-content\/uploads\/2025\/08\/R6_3232-1024x683.jpg\" alt=\"\" class=\"wp-image-30032\" srcset=\"https:\/\/blanca.es\/nuevaweb\/wp-content\/uploads\/2025\/08\/R6_3232-1024x683.jpg 1024w, https:\/\/blanca.es\/nuevaweb\/wp-content\/uploads\/2025\/08\/R6_3232-300x200.jpg 300w, https:\/\/blanca.es\/nuevaweb\/wp-content\/uploads\/2025\/08\/R6_3232-768x512.jpg 768w, https:\/\/blanca.es\/nuevaweb\/wp-content\/uploads\/2025\/08\/R6_3232-1536x1024.jpg 1536w, https:\/\/blanca.es\/nuevaweb\/wp-content\/uploads\/2025\/08\/R6_3232-2048x1365.jpg 2048w\" sizes=\"auto, (max-width: 1024px) 100vw, 1024px\" \/><\/figure>\n\n\n\n<figure class=\"wp-block-image size-large\"><img loading=\"lazy\" decoding=\"async\" width=\"1024\" height=\"683\" data-id=\"30031\" src=\"https:\/\/blanca.es\/nuevaweb\/wp-content\/uploads\/2025\/08\/R6_3230-1024x683.jpg\" alt=\"\" class=\"wp-image-30031\" srcset=\"https:\/\/blanca.es\/nuevaweb\/wp-content\/uploads\/2025\/08\/R6_3230-1024x683.jpg 1024w, https:\/\/blanca.es\/nuevaweb\/wp-content\/uploads\/2025\/08\/R6_3230-300x200.jpg 300w, https:\/\/blanca.es\/nuevaweb\/wp-content\/uploads\/2025\/08\/R6_3230-768x512.jpg 768w, https:\/\/blanca.es\/nuevaweb\/wp-content\/uploads\/2025\/08\/R6_3230-1536x1024.jpg 1536w, https:\/\/blanca.es\/nuevaweb\/wp-content\/uploads\/2025\/08\/R6_3230-2048x1365.jpg 2048w\" sizes=\"auto, (max-width: 1024px) 100vw, 1024px\" \/><\/figure>\n\n\n\n<figure class=\"wp-block-image size-large\"><img loading=\"lazy\" decoding=\"async\" width=\"1024\" height=\"683\" data-id=\"30030\" src=\"https:\/\/blanca.es\/nuevaweb\/wp-content\/uploads\/2025\/08\/R6_3225-1024x683.jpg\" alt=\"\" class=\"wp-image-30030\" srcset=\"https:\/\/blanca.es\/nuevaweb\/wp-content\/uploads\/2025\/08\/R6_3225-1024x683.jpg 1024w, https:\/\/blanca.es\/nuevaweb\/wp-content\/uploads\/2025\/08\/R6_3225-300x200.jpg 300w, https:\/\/blanca.es\/nuevaweb\/wp-content\/uploads\/2025\/08\/R6_3225-768x512.jpg 768w, https:\/\/blanca.es\/nuevaweb\/wp-content\/uploads\/2025\/08\/R6_3225-1536x1024.jpg 1536w, https:\/\/blanca.es\/nuevaweb\/wp-content\/uploads\/2025\/08\/R6_3225-2048x1365.jpg 2048w\" sizes=\"auto, (max-width: 1024px) 100vw, 1024px\" \/><\/figure>\n\n\n\n<figure class=\"wp-block-image size-large\"><img loading=\"lazy\" decoding=\"async\" width=\"1024\" height=\"683\" data-id=\"30029\" src=\"https:\/\/blanca.es\/nuevaweb\/wp-content\/uploads\/2025\/08\/R6_3220-1024x683.jpg\" alt=\"\" class=\"wp-image-30029\" srcset=\"https:\/\/blanca.es\/nuevaweb\/wp-content\/uploads\/2025\/08\/R6_3220-1024x683.jpg 1024w, https:\/\/blanca.es\/nuevaweb\/wp-content\/uploads\/2025\/08\/R6_3220-300x200.jpg 300w, https:\/\/blanca.es\/nuevaweb\/wp-content\/uploads\/2025\/08\/R6_3220-768x512.jpg 768w, https:\/\/blanca.es\/nuevaweb\/wp-content\/uploads\/2025\/08\/R6_3220-1536x1024.jpg 1536w, https:\/\/blanca.es\/nuevaweb\/wp-content\/uploads\/2025\/08\/R6_3220-2048x1365.jpg 2048w\" sizes=\"auto, (max-width: 1024px) 100vw, 1024px\" \/><\/figure>\n\n\n\n<figure class=\"wp-block-image size-large\"><img loading=\"lazy\" decoding=\"async\" width=\"1024\" height=\"683\" data-id=\"30028\" src=\"https:\/\/blanca.es\/nuevaweb\/wp-content\/uploads\/2025\/08\/R6_3215-1024x683.jpg\" alt=\"\" class=\"wp-image-30028\" srcset=\"https:\/\/blanca.es\/nuevaweb\/wp-content\/uploads\/2025\/08\/R6_3215-1024x683.jpg 1024w, https:\/\/blanca.es\/nuevaweb\/wp-content\/uploads\/2025\/08\/R6_3215-300x200.jpg 300w, https:\/\/blanca.es\/nuevaweb\/wp-content\/uploads\/2025\/08\/R6_3215-768x512.jpg 768w, https:\/\/blanca.es\/nuevaweb\/wp-content\/uploads\/2025\/08\/R6_3215-1536x1024.jpg 1536w, https:\/\/blanca.es\/nuevaweb\/wp-content\/uploads\/2025\/08\/R6_3215-2048x1365.jpg 2048w\" sizes=\"auto, (max-width: 1024px) 100vw, 1024px\" \/><\/figure>\n\n\n\n<figure class=\"wp-block-image size-large\"><img loading=\"lazy\" decoding=\"async\" width=\"1024\" height=\"683\" data-id=\"30027\" src=\"https:\/\/blanca.es\/nuevaweb\/wp-content\/uploads\/2025\/08\/R6_3204-1024x683.jpg\" alt=\"\" class=\"wp-image-30027\" srcset=\"https:\/\/blanca.es\/nuevaweb\/wp-content\/uploads\/2025\/08\/R6_3204-1024x683.jpg 1024w, https:\/\/blanca.es\/nuevaweb\/wp-content\/uploads\/2025\/08\/R6_3204-300x200.jpg 300w, https:\/\/blanca.es\/nuevaweb\/wp-content\/uploads\/2025\/08\/R6_3204-768x512.jpg 768w, https:\/\/blanca.es\/nuevaweb\/wp-content\/uploads\/2025\/08\/R6_3204-1536x1024.jpg 1536w, https:\/\/blanca.es\/nuevaweb\/wp-content\/uploads\/2025\/08\/R6_3204-2048x1365.jpg 2048w\" sizes=\"auto, (max-width: 1024px) 100vw, 1024px\" \/><\/figure>\n\n\n\n<figure class=\"wp-block-image size-large\"><img loading=\"lazy\" decoding=\"async\" width=\"1024\" height=\"683\" data-id=\"30025\" src=\"https:\/\/blanca.es\/nuevaweb\/wp-content\/uploads\/2025\/08\/R6_3187-1024x683.jpg\" alt=\"\" class=\"wp-image-30025\" srcset=\"https:\/\/blanca.es\/nuevaweb\/wp-content\/uploads\/2025\/08\/R6_3187-1024x683.jpg 1024w, https:\/\/blanca.es\/nuevaweb\/wp-content\/uploads\/2025\/08\/R6_3187-300x200.jpg 300w, https:\/\/blanca.es\/nuevaweb\/wp-content\/uploads\/2025\/08\/R6_3187-768x512.jpg 768w, https:\/\/blanca.es\/nuevaweb\/wp-content\/uploads\/2025\/08\/R6_3187-1536x1024.jpg 1536w, https:\/\/blanca.es\/nuevaweb\/wp-content\/uploads\/2025\/08\/R6_3187-2048x1365.jpg 2048w\" sizes=\"auto, (max-width: 1024px) 100vw, 1024px\" \/><\/figure>\n\n\n\n<figure class=\"wp-block-image size-large\"><img loading=\"lazy\" decoding=\"async\" width=\"1024\" height=\"683\" data-id=\"30026\" src=\"https:\/\/blanca.es\/nuevaweb\/wp-content\/uploads\/2025\/08\/R6_3200-1024x683.jpg\" alt=\"\" class=\"wp-image-30026\" srcset=\"https:\/\/blanca.es\/nuevaweb\/wp-content\/uploads\/2025\/08\/R6_3200-1024x683.jpg 1024w, https:\/\/blanca.es\/nuevaweb\/wp-content\/uploads\/2025\/08\/R6_3200-300x200.jpg 300w, https:\/\/blanca.es\/nuevaweb\/wp-content\/uploads\/2025\/08\/R6_3200-768x512.jpg 768w, https:\/\/blanca.es\/nuevaweb\/wp-content\/uploads\/2025\/08\/R6_3200-1536x1024.jpg 1536w, https:\/\/blanca.es\/nuevaweb\/wp-content\/uploads\/2025\/08\/R6_3200-2048x1365.jpg 2048w\" sizes=\"auto, (max-width: 1024px) 100vw, 1024px\" \/><\/figure>\n<\/figure>\n","protected":false},"excerpt":{"rendered":"<p>Ayer se inauguraron los festejos con el preg\u00f3n a cargo del diestro murciano Jorge Mart\u00ednez y amenizado por la m\u00fasica espa\u00f1ola interpretada por la Agrupaci\u00f3n Musical de Blanca, junto a la actuaci\u00f3n de Ainara Clares La Monetti.<br \/>\nSe llevar\u00e1n a cabo otros tres encierros, uno nocturno por el recorrido tradicional, el 11 de agosto, y dos que discurrir\u00e1n por Gran V\u00eda, 13 y 14 de agosto.<br \/>\nLa Pe\u00f1a Manolete organiza dos encierros infantiles, 8 y 9 de agosto, y el II Encierro Juvenil del municipio, que tendr\u00e1 lugar el 15 de agosto.<br \/>\nEl C\u00edrculo Taurino ser\u00e1 el encargado de llevar a cabo los aperitivos taurinos para sortear los novillos a lidiar los d\u00edas 10, 13 y 15 de agosto.<\/p>\n","protected":false},"author":2,"featured_media":30024,"comment_status":"closed","ping_status":"open","sticky":false,"template":"","format":"standard","meta":{"footnotes":""},"categories":[160,162],"tags":[],"class_list":["post-30021","post","type-post","status-publish","format-standard","has-post-thumbnail","hentry","category-cul_tur","category-fiestas"],"yoast_head":"<!-- This site is optimized with the Yoast SEO plugin v28.1 - https:\/\/yoast.com\/product\/yoast-seo-wordpress\/ -->\n<title>La feria taurina en honor a San Roque arranca este s\u00e1bado con la celebraci\u00f3n del encierro tradicional - Ayuntamiento de Blanca<\/title>\n<meta name=\"robots\" content=\"index, follow, max-snippet:-1, max-image-preview:large, max-video-preview:-1\" \/>\n<link rel=\"canonical\" href=\"https:\/\/blanca.es\/nuevaweb\/la-feria-taurina-en-honor-a-san-roque-arranca-este-sabado-con-la-celebracion-del-encierro-tradicional\/\" \/>\n<meta property=\"og:locale\" content=\"es_ES\" \/>\n<meta property=\"og:type\" content=\"article\" \/>\n<meta property=\"og:title\" content=\"La feria taurina en honor a San Roque arranca este s\u00e1bado con la celebraci\u00f3n del encierro tradicional - Ayuntamiento de Blanca\" \/>\n<meta property=\"og:description\" content=\"Ayer se inauguraron los festejos con el preg\u00f3n a cargo del diestro murciano Jorge Mart\u00ednez y amenizado por la m\u00fasica espa\u00f1ola interpretada por la Agrupaci\u00f3n Musical de Blanca, junto a la actuaci\u00f3n de Ainara Clares La Monetti. Se llevar\u00e1n a cabo otros tres encierros, uno nocturno por el recorrido tradicional, el 11 de agosto, y dos que discurrir\u00e1n por Gran V\u00eda, 13 y 14 de agosto. La Pe\u00f1a Manolete organiza dos encierros infantiles, 8 y 9 de agosto, y el II Encierro Juvenil del municipio, que tendr\u00e1 lugar el 15 de agosto. El C\u00edrculo Taurino ser\u00e1 el encargado de llevar a cabo los aperitivos taurinos para sortear los novillos a lidiar los d\u00edas 10, 13 y 15 de agosto.\" \/>\n<meta property=\"og:url\" content=\"https:\/\/blanca.es\/nuevaweb\/la-feria-taurina-en-honor-a-san-roque-arranca-este-sabado-con-la-celebracion-del-encierro-tradicional\/\" \/>\n<meta property=\"og:site_name\" content=\"Ayuntamiento de Blanca\" \/>\n<meta property=\"article:publisher\" content=\"https:\/\/es-es.facebook.com\/AyuntamientodeBlanca\" \/>\n<meta property=\"article:published_time\" content=\"2025-08-07T09:53:09+00:00\" \/>\n<meta property=\"article:modified_time\" content=\"2025-08-07T09:53:39+00:00\" \/>\n<meta property=\"og:image\" content=\"https:\/\/blanca.es\/nuevaweb\/wp-content\/uploads\/2025\/08\/Foto-1-1024x718.jpg\" \/>\n\t<meta property=\"og:image:width\" content=\"1024\" \/>\n\t<meta property=\"og:image:height\" content=\"718\" \/>\n\t<meta property=\"og:image:type\" content=\"image\/jpeg\" \/>\n<meta name=\"author\" content=\"Comunicaci\u00f3n\" \/>\n<meta name=\"twitter:card\" content=\"summary_large_image\" \/>\n<meta name=\"twitter:creator\" content=\"@ayto_blanca\" \/>\n<meta name=\"twitter:site\" content=\"@ayto_blanca\" \/>\n<meta name=\"twitter:label1\" content=\"Escrito por\" \/>\n\t<meta name=\"twitter:data1\" content=\"Comunicaci\u00f3n\" \/>\n\t<meta name=\"twitter:label2\" content=\"Tiempo de lectura\" \/>\n\t<meta name=\"twitter:data2\" content=\"10 minutos\" \/>\n<script type=\"application\/ld+json\" class=\"yoast-schema-graph\">{\"@context\":\"https:\\\/\\\/schema.org\",\"@graph\":[{\"@type\":\"Article\",\"@id\":\"https:\\\/\\\/blanca.es\\\/nuevaweb\\\/la-feria-taurina-en-honor-a-san-roque-arranca-este-sabado-con-la-celebracion-del-encierro-tradicional\\\/#article\",\"isPartOf\":{\"@id\":\"https:\\\/\\\/blanca.es\\\/nuevaweb\\\/la-feria-taurina-en-honor-a-san-roque-arranca-este-sabado-con-la-celebracion-del-encierro-tradicional\\\/\"},\"author\":{\"name\":\"Comunicaci\u00f3n\",\"@id\":\"https:\\\/\\\/blanca.es\\\/nuevaweb\\\/#\\\/schema\\\/person\\\/068ffbe563a96e998dc141bd91d5a84a\"},\"headline\":\"La feria taurina en honor a San Roque arranca este s\u00e1bado con la celebraci\u00f3n del encierro tradicional\",\"datePublished\":\"2025-08-07T09:53:09+00:00\",\"dateModified\":\"2025-08-07T09:53:39+00:00\",\"mainEntityOfPage\":{\"@id\":\"https:\\\/\\\/blanca.es\\\/nuevaweb\\\/la-feria-taurina-en-honor-a-san-roque-arranca-este-sabado-con-la-celebracion-del-encierro-tradicional\\\/\"},\"wordCount\":943,\"publisher\":{\"@id\":\"https:\\\/\\\/blanca.es\\\/nuevaweb\\\/#organization\"},\"image\":{\"@id\":\"https:\\\/\\\/blanca.es\\\/nuevaweb\\\/la-feria-taurina-en-honor-a-san-roque-arranca-este-sabado-con-la-celebracion-del-encierro-tradicional\\\/#primaryimage\"},\"thumbnailUrl\":\"https:\\\/\\\/blanca.es\\\/nuevaweb\\\/wp-content\\\/uploads\\\/2025\\\/08\\\/Foto-1.jpg\",\"articleSection\":[\"Cultura y Turismo\",\"Fiestas\"],\"inLanguage\":\"es\"},{\"@type\":\"WebPage\",\"@id\":\"https:\\\/\\\/blanca.es\\\/nuevaweb\\\/la-feria-taurina-en-honor-a-san-roque-arranca-este-sabado-con-la-celebracion-del-encierro-tradicional\\\/\",\"url\":\"https:\\\/\\\/blanca.es\\\/nuevaweb\\\/la-feria-taurina-en-honor-a-san-roque-arranca-este-sabado-con-la-celebracion-del-encierro-tradicional\\\/\",\"name\":\"La feria taurina en honor a San Roque arranca este s\u00e1bado con la celebraci\u00f3n del encierro tradicional - Ayuntamiento de Blanca\",\"isPartOf\":{\"@id\":\"https:\\\/\\\/blanca.es\\\/nuevaweb\\\/#website\"},\"primaryImageOfPage\":{\"@id\":\"https:\\\/\\\/blanca.es\\\/nuevaweb\\\/la-feria-taurina-en-honor-a-san-roque-arranca-este-sabado-con-la-celebracion-del-encierro-tradicional\\\/#primaryimage\"},\"image\":{\"@id\":\"https:\\\/\\\/blanca.es\\\/nuevaweb\\\/la-feria-taurina-en-honor-a-san-roque-arranca-este-sabado-con-la-celebracion-del-encierro-tradicional\\\/#primaryimage\"},\"thumbnailUrl\":\"https:\\\/\\\/blanca.es\\\/nuevaweb\\\/wp-content\\\/uploads\\\/2025\\\/08\\\/Foto-1.jpg\",\"datePublished\":\"2025-08-07T09:53:09+00:00\",\"dateModified\":\"2025-08-07T09:53:39+00:00\",\"breadcrumb\":{\"@id\":\"https:\\\/\\\/blanca.es\\\/nuevaweb\\\/la-feria-taurina-en-honor-a-san-roque-arranca-este-sabado-con-la-celebracion-del-encierro-tradicional\\\/#breadcrumb\"},\"inLanguage\":\"es\",\"potentialAction\":[{\"@type\":\"ReadAction\",\"target\":[\"https:\\\/\\\/blanca.es\\\/nuevaweb\\\/la-feria-taurina-en-honor-a-san-roque-arranca-este-sabado-con-la-celebracion-del-encierro-tradicional\\\/\"]}]},{\"@type\":\"ImageObject\",\"inLanguage\":\"es\",\"@id\":\"https:\\\/\\\/blanca.es\\\/nuevaweb\\\/la-feria-taurina-en-honor-a-san-roque-arranca-este-sabado-con-la-celebracion-del-encierro-tradicional\\\/#primaryimage\",\"url\":\"https:\\\/\\\/blanca.es\\\/nuevaweb\\\/wp-content\\\/uploads\\\/2025\\\/08\\\/Foto-1.jpg\",\"contentUrl\":\"https:\\\/\\\/blanca.es\\\/nuevaweb\\\/wp-content\\\/uploads\\\/2025\\\/08\\\/Foto-1.jpg\",\"width\":2420,\"height\":1696},{\"@type\":\"BreadcrumbList\",\"@id\":\"https:\\\/\\\/blanca.es\\\/nuevaweb\\\/la-feria-taurina-en-honor-a-san-roque-arranca-este-sabado-con-la-celebracion-del-encierro-tradicional\\\/#breadcrumb\",\"itemListElement\":[{\"@type\":\"ListItem\",\"position\":1,\"name\":\"Portada\",\"item\":\"https:\\\/\\\/blanca.es\\\/nuevaweb\\\/\"},{\"@type\":\"ListItem\",\"position\":2,\"name\":\"La feria taurina en honor a San Roque arranca este s\u00e1bado con la celebraci\u00f3n del encierro tradicional\"}]},{\"@type\":\"WebSite\",\"@id\":\"https:\\\/\\\/blanca.es\\\/nuevaweb\\\/#website\",\"url\":\"https:\\\/\\\/blanca.es\\\/nuevaweb\\\/\",\"name\":\"Ayuntamiento de Blanca\",\"description\":\"Web Municipal Blanca (Murcia)\",\"publisher\":{\"@id\":\"https:\\\/\\\/blanca.es\\\/nuevaweb\\\/#organization\"},\"potentialAction\":[{\"@type\":\"SearchAction\",\"target\":{\"@type\":\"EntryPoint\",\"urlTemplate\":\"https:\\\/\\\/blanca.es\\\/nuevaweb\\\/?s={search_term_string}\"},\"query-input\":{\"@type\":\"PropertyValueSpecification\",\"valueRequired\":true,\"valueName\":\"search_term_string\"}}],\"inLanguage\":\"es\"},{\"@type\":\"Organization\",\"@id\":\"https:\\\/\\\/blanca.es\\\/nuevaweb\\\/#organization\",\"name\":\"Ayuntamiento de Blanca\",\"url\":\"https:\\\/\\\/blanca.es\\\/nuevaweb\\\/\",\"logo\":{\"@type\":\"ImageObject\",\"inLanguage\":\"es\",\"@id\":\"https:\\\/\\\/blanca.es\\\/nuevaweb\\\/#\\\/schema\\\/logo\\\/image\\\/\",\"url\":\"https:\\\/\\\/blanca.es\\\/nuevaweb\\\/wp-content\\\/uploads\\\/2020\\\/09\\\/Escudo_alta_cuadrado-3.png\",\"contentUrl\":\"https:\\\/\\\/blanca.es\\\/nuevaweb\\\/wp-content\\\/uploads\\\/2020\\\/09\\\/Escudo_alta_cuadrado-3.png\",\"width\":300,\"height\":300,\"caption\":\"Ayuntamiento de Blanca\"},\"image\":{\"@id\":\"https:\\\/\\\/blanca.es\\\/nuevaweb\\\/#\\\/schema\\\/logo\\\/image\\\/\"},\"sameAs\":[\"https:\\\/\\\/es-es.facebook.com\\\/AyuntamientodeBlanca\",\"https:\\\/\\\/x.com\\\/ayto_blanca\",\"https:\\\/\\\/www.youtube.com\\\/channel\\\/UC9weal_OZVKN6meF0Fd_rqw\"]},{\"@type\":\"Person\",\"@id\":\"https:\\\/\\\/blanca.es\\\/nuevaweb\\\/#\\\/schema\\\/person\\\/068ffbe563a96e998dc141bd91d5a84a\",\"name\":\"Comunicaci\u00f3n\",\"image\":{\"@type\":\"ImageObject\",\"inLanguage\":\"es\",\"@id\":\"https:\\\/\\\/secure.gravatar.com\\\/avatar\\\/0a6839cedbb80e4510cc6b40b620b579d19c8c87d368475504cb313c55980873?s=96&d=mm&r=g\",\"url\":\"https:\\\/\\\/secure.gravatar.com\\\/avatar\\\/0a6839cedbb80e4510cc6b40b620b579d19c8c87d368475504cb313c55980873?s=96&d=mm&r=g\",\"contentUrl\":\"https:\\\/\\\/secure.gravatar.com\\\/avatar\\\/0a6839cedbb80e4510cc6b40b620b579d19c8c87d368475504cb313c55980873?s=96&d=mm&r=g\",\"caption\":\"Comunicaci\u00f3n\"}}]}<\/script>\n<!-- \/ Yoast SEO plugin. -->","yoast_head_json":{"title":"La feria taurina en honor a San Roque arranca este s\u00e1bado con la celebraci\u00f3n del encierro tradicional - Ayuntamiento de Blanca","robots":{"index":"index","follow":"follow","max-snippet":"max-snippet:-1","max-image-preview":"max-image-preview:large","max-video-preview":"max-video-preview:-1"},"canonical":"https:\/\/blanca.es\/nuevaweb\/la-feria-taurina-en-honor-a-san-roque-arranca-este-sabado-con-la-celebracion-del-encierro-tradicional\/","og_locale":"es_ES","og_type":"article","og_title":"La feria taurina en honor a San Roque arranca este s\u00e1bado con la celebraci\u00f3n del encierro tradicional - Ayuntamiento de Blanca","og_description":"Ayer se inauguraron los festejos con el preg\u00f3n a cargo del diestro murciano Jorge Mart\u00ednez y amenizado por la m\u00fasica espa\u00f1ola interpretada por la Agrupaci\u00f3n Musical de Blanca, junto a la actuaci\u00f3n de Ainara Clares La Monetti. Se llevar\u00e1n a cabo otros tres encierros, uno nocturno por el recorrido tradicional, el 11 de agosto, y dos que discurrir\u00e1n por Gran V\u00eda, 13 y 14 de agosto. La Pe\u00f1a Manolete organiza dos encierros infantiles, 8 y 9 de agosto, y el II Encierro Juvenil del municipio, que tendr\u00e1 lugar el 15 de agosto. El C\u00edrculo Taurino ser\u00e1 el encargado de llevar a cabo los aperitivos taurinos para sortear los novillos a lidiar los d\u00edas 10, 13 y 15 de agosto.","og_url":"https:\/\/blanca.es\/nuevaweb\/la-feria-taurina-en-honor-a-san-roque-arranca-este-sabado-con-la-celebracion-del-encierro-tradicional\/","og_site_name":"Ayuntamiento de Blanca","article_publisher":"https:\/\/es-es.facebook.com\/AyuntamientodeBlanca","article_published_time":"2025-08-07T09:53:09+00:00","article_modified_time":"2025-08-07T09:53:39+00:00","og_image":[{"width":1024,"height":718,"url":"https:\/\/blanca.es\/nuevaweb\/wp-content\/uploads\/2025\/08\/Foto-1-1024x718.jpg","type":"image\/jpeg"}],"author":"Comunicaci\u00f3n","twitter_card":"summary_large_image","twitter_creator":"@ayto_blanca","twitter_site":"@ayto_blanca","twitter_misc":{"Escrito por":"Comunicaci\u00f3n","Tiempo de lectura":"10 minutos"},"schema":{"@context":"https:\/\/schema.org","@graph":[{"@type":"Article","@id":"https:\/\/blanca.es\/nuevaweb\/la-feria-taurina-en-honor-a-san-roque-arranca-este-sabado-con-la-celebracion-del-encierro-tradicional\/#article","isPartOf":{"@id":"https:\/\/blanca.es\/nuevaweb\/la-feria-taurina-en-honor-a-san-roque-arranca-este-sabado-con-la-celebracion-del-encierro-tradicional\/"},"author":{"name":"Comunicaci\u00f3n","@id":"https:\/\/blanca.es\/nuevaweb\/#\/schema\/person\/068ffbe563a96e998dc141bd91d5a84a"},"headline":"La feria taurina en honor a San Roque arranca este s\u00e1bado con la celebraci\u00f3n del encierro tradicional","datePublished":"2025-08-07T09:53:09+00:00","dateModified":"2025-08-07T09:53:39+00:00","mainEntityOfPage":{"@id":"https:\/\/blanca.es\/nuevaweb\/la-feria-taurina-en-honor-a-san-roque-arranca-este-sabado-con-la-celebracion-del-encierro-tradicional\/"},"wordCount":943,"publisher":{"@id":"https:\/\/blanca.es\/nuevaweb\/#organization"},"image":{"@id":"https:\/\/blanca.es\/nuevaweb\/la-feria-taurina-en-honor-a-san-roque-arranca-este-sabado-con-la-celebracion-del-encierro-tradicional\/#primaryimage"},"thumbnailUrl":"https:\/\/blanca.es\/nuevaweb\/wp-content\/uploads\/2025\/08\/Foto-1.jpg","articleSection":["Cultura y Turismo","Fiestas"],"inLanguage":"es"},{"@type":"WebPage","@id":"https:\/\/blanca.es\/nuevaweb\/la-feria-taurina-en-honor-a-san-roque-arranca-este-sabado-con-la-celebracion-del-encierro-tradicional\/","url":"https:\/\/blanca.es\/nuevaweb\/la-feria-taurina-en-honor-a-san-roque-arranca-este-sabado-con-la-celebracion-del-encierro-tradicional\/","name":"La feria taurina en honor a San Roque arranca este s\u00e1bado con la celebraci\u00f3n del encierro tradicional - Ayuntamiento de Blanca","isPartOf":{"@id":"https:\/\/blanca.es\/nuevaweb\/#website"},"primaryImageOfPage":{"@id":"https:\/\/blanca.es\/nuevaweb\/la-feria-taurina-en-honor-a-san-roque-arranca-este-sabado-con-la-celebracion-del-encierro-tradicional\/#primaryimage"},"image":{"@id":"https:\/\/blanca.es\/nuevaweb\/la-feria-taurina-en-honor-a-san-roque-arranca-este-sabado-con-la-celebracion-del-encierro-tradicional\/#primaryimage"},"thumbnailUrl":"https:\/\/blanca.es\/nuevaweb\/wp-content\/uploads\/2025\/08\/Foto-1.jpg","datePublished":"2025-08-07T09:53:09+00:00","dateModified":"2025-08-07T09:53:39+00:00","breadcrumb":{"@id":"https:\/\/blanca.es\/nuevaweb\/la-feria-taurina-en-honor-a-san-roque-arranca-este-sabado-con-la-celebracion-del-encierro-tradicional\/#breadcrumb"},"inLanguage":"es","potentialAction":[{"@type":"ReadAction","target":["https:\/\/blanca.es\/nuevaweb\/la-feria-taurina-en-honor-a-san-roque-arranca-este-sabado-con-la-celebracion-del-encierro-tradicional\/"]}]},{"@type":"ImageObject","inLanguage":"es","@id":"https:\/\/blanca.es\/nuevaweb\/la-feria-taurina-en-honor-a-san-roque-arranca-este-sabado-con-la-celebracion-del-encierro-tradicional\/#primaryimage","url":"https:\/\/blanca.es\/nuevaweb\/wp-content\/uploads\/2025\/08\/Foto-1.jpg","contentUrl":"https:\/\/blanca.es\/nuevaweb\/wp-content\/uploads\/2025\/08\/Foto-1.jpg","width":2420,"height":1696},{"@type":"BreadcrumbList","@id":"https:\/\/blanca.es\/nuevaweb\/la-feria-taurina-en-honor-a-san-roque-arranca-este-sabado-con-la-celebracion-del-encierro-tradicional\/#breadcrumb","itemListElement":[{"@type":"ListItem","position":1,"name":"Portada","item":"https:\/\/blanca.es\/nuevaweb\/"},{"@type":"ListItem","position":2,"name":"La feria taurina en honor a San Roque arranca este s\u00e1bado con la celebraci\u00f3n del encierro tradicional"}]},{"@type":"WebSite","@id":"https:\/\/blanca.es\/nuevaweb\/#website","url":"https:\/\/blanca.es\/nuevaweb\/","name":"Ayuntamiento de Blanca","description":"Web Municipal Blanca (Murcia)","publisher":{"@id":"https:\/\/blanca.es\/nuevaweb\/#organization"},"potentialAction":[{"@type":"SearchAction","target":{"@type":"EntryPoint","urlTemplate":"https:\/\/blanca.es\/nuevaweb\/?s={search_term_string}"},"query-input":{"@type":"PropertyValueSpecification","valueRequired":true,"valueName":"search_term_string"}}],"inLanguage":"es"},{"@type":"Organization","@id":"https:\/\/blanca.es\/nuevaweb\/#organization","name":"Ayuntamiento de Blanca","url":"https:\/\/blanca.es\/nuevaweb\/","logo":{"@type":"ImageObject","inLanguage":"es","@id":"https:\/\/blanca.es\/nuevaweb\/#\/schema\/logo\/image\/","url":"https:\/\/blanca.es\/nuevaweb\/wp-content\/uploads\/2020\/09\/Escudo_alta_cuadrado-3.png","contentUrl":"https:\/\/blanca.es\/nuevaweb\/wp-content\/uploads\/2020\/09\/Escudo_alta_cuadrado-3.png","width":300,"height":300,"caption":"Ayuntamiento de Blanca"},"image":{"@id":"https:\/\/blanca.es\/nuevaweb\/#\/schema\/logo\/image\/"},"sameAs":["https:\/\/es-es.facebook.com\/AyuntamientodeBlanca","https:\/\/x.com\/ayto_blanca","https:\/\/www.youtube.com\/channel\/UC9weal_OZVKN6meF0Fd_rqw"]},{"@type":"Person","@id":"https:\/\/blanca.es\/nuevaweb\/#\/schema\/person\/068ffbe563a96e998dc141bd91d5a84a","name":"Comunicaci\u00f3n","image":{"@type":"ImageObject","inLanguage":"es","@id":"https:\/\/secure.gravatar.com\/avatar\/0a6839cedbb80e4510cc6b40b620b579d19c8c87d368475504cb313c55980873?s=96&d=mm&r=g","url":"https:\/\/secure.gravatar.com\/avatar\/0a6839cedbb80e4510cc6b40b620b579d19c8c87d368475504cb313c55980873?s=96&d=mm&r=g","contentUrl":"https:\/\/secure.gravatar.com\/avatar\/0a6839cedbb80e4510cc6b40b620b579d19c8c87d368475504cb313c55980873?s=96&d=mm&r=g","caption":"Comunicaci\u00f3n"}}]}},"_links":{"self":[{"href":"https:\/\/blanca.es\/nuevaweb\/wp-json\/wp\/v2\/posts\/30021","targetHints":{"allow":["GET"]}}],"collection":[{"href":"https:\/\/blanca.es\/nuevaweb\/wp-json\/wp\/v2\/posts"}],"about":[{"href":"https:\/\/blanca.es\/nuevaweb\/wp-json\/wp\/v2\/types\/post"}],"author":[{"embeddable":true,"href":"https:\/\/blanca.es\/nuevaweb\/wp-json\/wp\/v2\/users\/2"}],"replies":[{"embeddable":true,"href":"https:\/\/blanca.es\/nuevaweb\/wp-json\/wp\/v2\/comments?post=30021"}],"version-history":[{"count":3,"href":"https:\/\/blanca.es\/nuevaweb\/wp-json\/wp\/v2\/posts\/30021\/revisions"}],"predecessor-version":[{"id":30051,"href":"https:\/\/blanca.es\/nuevaweb\/wp-json\/wp\/v2\/posts\/30021\/revisions\/30051"}],"wp:featuredmedia":[{"embeddable":true,"href":"https:\/\/blanca.es\/nuevaweb\/wp-json\/wp\/v2\/media\/30024"}],"wp:attachment":[{"href":"https:\/\/blanca.es\/nuevaweb\/wp-json\/wp\/v2\/media?parent=30021"}],"wp:term":[{"taxonomy":"category","embeddable":true,"href":"https:\/\/blanca.es\/nuevaweb\/wp-json\/wp\/v2\/categories?post=30021"},{"taxonomy":"post_tag","embeddable":true,"href":"https:\/\/blanca.es\/nuevaweb\/wp-json\/wp\/v2\/tags?post=30021"}],"curies":[{"name":"wp","href":"https:\/\/api.w.org\/{rel}","templated":true}]}}