{"id":3198,"date":"2017-01-05T15:34:44","date_gmt":"2017-01-05T14:34:44","guid":{"rendered":"http:\/\/blanca.es\/web\/?p=3198"},"modified":"2017-01-05T15:34:44","modified_gmt":"2017-01-05T14:34:44","slug":"restriccion-en-el-uso-de-agua-para-beber","status":"publish","type":"post","link":"https:\/\/blanca.es\/nuevaweb\/restriccion-en-el-uso-de-agua-para-beber\/","title":{"rendered":"Restricci\u00f3n en el uso de agua para beber"},"content":{"rendered":"<div style=\"text-align: justify;\">Hoy, a las 14:45, la Consejer\u00eda de Sanidad nos ha aconsejado restringir el uso de agua para beber debido al resultado del \u00faltimo an\u00e1lisis (fecha de 5 enero de 2017), en el que se supera levemente el l\u00edmite de <em>trihalometanos<\/em> establecido. Se trata de una medida preventiva, a la espera de los an\u00e1lisis que se siguen realizando.<\/div>\n<div style=\"text-align: justify;\"><\/div>\n<div style=\"text-align: justify;\">Desde el d\u00eda en que aparecieron las primeras alertas, 31\/12\/2016, este consistorio y la empresa que gestiona el agua en nuestro municipio, Blanca Fomento Social, han estado en contacto permanente tanto con la Macomunidad de Canales del Taibilla, como con la Consejer\u00eda de Sanidad, a trav\u00e9s de la Direcci\u00f3n General de Salud P\u00fablica y Adicciones, a la espera de los resultados de las anal\u00edticas que se han ido realizando para asegurar el correcto abastecimiento seg\u00fan lo indicado en el Real Decreto 140\/2003.<\/div>\n<div style=\"text-align: justify;\"><\/div>\n<div style=\"text-align: justify;\">Recibida la recomendaci\u00f3n de la citada Direcci\u00f3n General a las 14:45 del d\u00eda de hoy, se recomienda a los vecinos que no se beba agua del grifo hasta nuevo aviso. El agua es apta para cocinar, lavado de ropa o aseo personal. El Director General de Salud P\u00fablica, Manuel Molina, ha declarado esta misma ma\u00f1ana que \u201cprevisiblemente para que tuviera efectos nocivos para la salud habr\u00eda que tomar cantidades ingentes de agua\u201d.<\/div>\n<div style=\"text-align: justify;\"><\/div>\n<div style=\"text-align: justify;\">Ver\u00a0el aviso por\u00a0<a href=\"http:\/\/www.blanca.es\/bl\/wp-content\/uploads\/2017\/01\/email-consejeria-sanidad.pdf\" target=\"_blank\" rel=\"noopener noreferrer\">email consejeria sanidad<\/a><\/div>\n","protected":false},"excerpt":{"rendered":"<p>Hoy, a las 14:45, la Consejer\u00eda de Sanidad nos ha aconsejado restringir el uso de agua para beber debido al resultado del \u00faltimo an\u00e1lisis (fecha de 5 enero de 2017), en el que se supera levemente el l\u00edmite de trihalometanos establecido. Se trata de una medida preventiva, a la espera de los an\u00e1lisis que se [&hellip;]<\/p>\n","protected":false},"author":1,"featured_media":0,"comment_status":"closed","ping_status":"open","sticky":false,"template":"","format":"standard","meta":{"footnotes":""},"categories":[156],"tags":[],"class_list":["post-3198","post","type-post","status-publish","format-standard","hentry","category-institucional"],"yoast_head":"<!-- This site is optimized with the Yoast SEO plugin v28.1 - https:\/\/yoast.com\/product\/yoast-seo-wordpress\/ -->\n<title>Restricci\u00f3n en el uso de agua para beber - Ayuntamiento de Blanca<\/title>\n<meta name=\"robots\" content=\"index, follow, max-snippet:-1, max-image-preview:large, max-video-preview:-1\" \/>\n<link rel=\"canonical\" href=\"https:\/\/blanca.es\/nuevaweb\/restriccion-en-el-uso-de-agua-para-beber\/\" \/>\n<meta property=\"og:locale\" content=\"es_ES\" \/>\n<meta property=\"og:type\" content=\"article\" \/>\n<meta property=\"og:title\" content=\"Restricci\u00f3n en el uso de agua para beber - Ayuntamiento de Blanca\" \/>\n<meta property=\"og:description\" content=\"Hoy, a las 14:45, la Consejer\u00eda de Sanidad nos ha aconsejado restringir el uso de agua para beber debido al resultado del \u00faltimo an\u00e1lisis (fecha de 5 enero de 2017), en el que se supera levemente el l\u00edmite de trihalometanos establecido. Se trata de una medida preventiva, a la espera de los an\u00e1lisis que se [&hellip;]\" \/>\n<meta property=\"og:url\" content=\"https:\/\/blanca.es\/nuevaweb\/restriccion-en-el-uso-de-agua-para-beber\/\" \/>\n<meta property=\"og:site_name\" content=\"Ayuntamiento de Blanca\" \/>\n<meta property=\"article:publisher\" content=\"https:\/\/es-es.facebook.com\/AyuntamientodeBlanca\" \/>\n<meta property=\"article:published_time\" content=\"2017-01-05T14:34:44+00:00\" \/>\n<meta name=\"author\" content=\"administrador\" \/>\n<meta name=\"twitter:card\" content=\"summary_large_image\" \/>\n<meta name=\"twitter:creator\" content=\"@ayto_blanca\" \/>\n<meta name=\"twitter:site\" content=\"@ayto_blanca\" \/>\n<meta name=\"twitter:label1\" content=\"Escrito por\" \/>\n\t<meta name=\"twitter:data1\" content=\"administrador\" \/>\n\t<meta name=\"twitter:label2\" content=\"Tiempo de lectura\" \/>\n\t<meta name=\"twitter:data2\" content=\"1 minuto\" \/>\n<script type=\"application\/ld+json\" class=\"yoast-schema-graph\">{\"@context\":\"https:\\\/\\\/schema.org\",\"@graph\":[{\"@type\":\"Article\",\"@id\":\"https:\\\/\\\/blanca.es\\\/nuevaweb\\\/restriccion-en-el-uso-de-agua-para-beber\\\/#article\",\"isPartOf\":{\"@id\":\"https:\\\/\\\/blanca.es\\\/nuevaweb\\\/restriccion-en-el-uso-de-agua-para-beber\\\/\"},\"author\":{\"name\":\"administrador\",\"@id\":\"https:\\\/\\\/blanca.es\\\/nuevaweb\\\/#\\\/schema\\\/person\\\/0ff7cf355dbf83c5a5f5a9c3bdd22e8d\"},\"headline\":\"Restricci\u00f3n en el uso de agua para beber\",\"datePublished\":\"2017-01-05T14:34:44+00:00\",\"mainEntityOfPage\":{\"@id\":\"https:\\\/\\\/blanca.es\\\/nuevaweb\\\/restriccion-en-el-uso-de-agua-para-beber\\\/\"},\"wordCount\":238,\"publisher\":{\"@id\":\"https:\\\/\\\/blanca.es\\\/nuevaweb\\\/#organization\"},\"articleSection\":[\"Institucional\"],\"inLanguage\":\"es\"},{\"@type\":\"WebPage\",\"@id\":\"https:\\\/\\\/blanca.es\\\/nuevaweb\\\/restriccion-en-el-uso-de-agua-para-beber\\\/\",\"url\":\"https:\\\/\\\/blanca.es\\\/nuevaweb\\\/restriccion-en-el-uso-de-agua-para-beber\\\/\",\"name\":\"Restricci\u00f3n en el uso de agua para beber - Ayuntamiento de Blanca\",\"isPartOf\":{\"@id\":\"https:\\\/\\\/blanca.es\\\/nuevaweb\\\/#website\"},\"datePublished\":\"2017-01-05T14:34:44+00:00\",\"breadcrumb\":{\"@id\":\"https:\\\/\\\/blanca.es\\\/nuevaweb\\\/restriccion-en-el-uso-de-agua-para-beber\\\/#breadcrumb\"},\"inLanguage\":\"es\",\"potentialAction\":[{\"@type\":\"ReadAction\",\"target\":[\"https:\\\/\\\/blanca.es\\\/nuevaweb\\\/restriccion-en-el-uso-de-agua-para-beber\\\/\"]}]},{\"@type\":\"BreadcrumbList\",\"@id\":\"https:\\\/\\\/blanca.es\\\/nuevaweb\\\/restriccion-en-el-uso-de-agua-para-beber\\\/#breadcrumb\",\"itemListElement\":[{\"@type\":\"ListItem\",\"position\":1,\"name\":\"Portada\",\"item\":\"https:\\\/\\\/blanca.es\\\/nuevaweb\\\/\"},{\"@type\":\"ListItem\",\"position\":2,\"name\":\"Restricci\u00f3n en el uso de agua para beber\"}]},{\"@type\":\"WebSite\",\"@id\":\"https:\\\/\\\/blanca.es\\\/nuevaweb\\\/#website\",\"url\":\"https:\\\/\\\/blanca.es\\\/nuevaweb\\\/\",\"name\":\"Ayuntamiento de Blanca\",\"description\":\"Web Municipal Blanca (Murcia)\",\"publisher\":{\"@id\":\"https:\\\/\\\/blanca.es\\\/nuevaweb\\\/#organization\"},\"potentialAction\":[{\"@type\":\"SearchAction\",\"target\":{\"@type\":\"EntryPoint\",\"urlTemplate\":\"https:\\\/\\\/blanca.es\\\/nuevaweb\\\/?s={search_term_string}\"},\"query-input\":{\"@type\":\"PropertyValueSpecification\",\"valueRequired\":true,\"valueName\":\"search_term_string\"}}],\"inLanguage\":\"es\"},{\"@type\":\"Organization\",\"@id\":\"https:\\\/\\\/blanca.es\\\/nuevaweb\\\/#organization\",\"name\":\"Ayuntamiento de Blanca\",\"url\":\"https:\\\/\\\/blanca.es\\\/nuevaweb\\\/\",\"logo\":{\"@type\":\"ImageObject\",\"inLanguage\":\"es\",\"@id\":\"https:\\\/\\\/blanca.es\\\/nuevaweb\\\/#\\\/schema\\\/logo\\\/image\\\/\",\"url\":\"https:\\\/\\\/blanca.es\\\/nuevaweb\\\/wp-content\\\/uploads\\\/2020\\\/09\\\/Escudo_alta_cuadrado-3.png\",\"contentUrl\":\"https:\\\/\\\/blanca.es\\\/nuevaweb\\\/wp-content\\\/uploads\\\/2020\\\/09\\\/Escudo_alta_cuadrado-3.png\",\"width\":300,\"height\":300,\"caption\":\"Ayuntamiento de Blanca\"},\"image\":{\"@id\":\"https:\\\/\\\/blanca.es\\\/nuevaweb\\\/#\\\/schema\\\/logo\\\/image\\\/\"},\"sameAs\":[\"https:\\\/\\\/es-es.facebook.com\\\/AyuntamientodeBlanca\",\"https:\\\/\\\/x.com\\\/ayto_blanca\",\"https:\\\/\\\/www.youtube.com\\\/channel\\\/UC9weal_OZVKN6meF0Fd_rqw\"]},{\"@type\":\"Person\",\"@id\":\"https:\\\/\\\/blanca.es\\\/nuevaweb\\\/#\\\/schema\\\/person\\\/0ff7cf355dbf83c5a5f5a9c3bdd22e8d\",\"name\":\"administrador\",\"image\":{\"@type\":\"ImageObject\",\"inLanguage\":\"es\",\"@id\":\"https:\\\/\\\/secure.gravatar.com\\\/avatar\\\/21635440e9de5ace741d0445fe6202e52d1db075489979ae842f318682ee0a2a?s=96&d=mm&r=g\",\"url\":\"https:\\\/\\\/secure.gravatar.com\\\/avatar\\\/21635440e9de5ace741d0445fe6202e52d1db075489979ae842f318682ee0a2a?s=96&d=mm&r=g\",\"contentUrl\":\"https:\\\/\\\/secure.gravatar.com\\\/avatar\\\/21635440e9de5ace741d0445fe6202e52d1db075489979ae842f318682ee0a2a?s=96&d=mm&r=g\",\"caption\":\"administrador\"},\"sameAs\":[\"https:\\\/\\\/blanca.es\\\/nuevaweb\"]}]}<\/script>\n<!-- \/ Yoast SEO plugin. -->","yoast_head_json":{"title":"Restricci\u00f3n en el uso de agua para beber - Ayuntamiento de Blanca","robots":{"index":"index","follow":"follow","max-snippet":"max-snippet:-1","max-image-preview":"max-image-preview:large","max-video-preview":"max-video-preview:-1"},"canonical":"https:\/\/blanca.es\/nuevaweb\/restriccion-en-el-uso-de-agua-para-beber\/","og_locale":"es_ES","og_type":"article","og_title":"Restricci\u00f3n en el uso de agua para beber - Ayuntamiento de Blanca","og_description":"Hoy, a las 14:45, la Consejer\u00eda de Sanidad nos ha aconsejado restringir el uso de agua para beber debido al resultado del \u00faltimo an\u00e1lisis (fecha de 5 enero de 2017), en el que se supera levemente el l\u00edmite de trihalometanos establecido. Se trata de una medida preventiva, a la espera de los an\u00e1lisis que se [&hellip;]","og_url":"https:\/\/blanca.es\/nuevaweb\/restriccion-en-el-uso-de-agua-para-beber\/","og_site_name":"Ayuntamiento de Blanca","article_publisher":"https:\/\/es-es.facebook.com\/AyuntamientodeBlanca","article_published_time":"2017-01-05T14:34:44+00:00","author":"administrador","twitter_card":"summary_large_image","twitter_creator":"@ayto_blanca","twitter_site":"@ayto_blanca","twitter_misc":{"Escrito por":"administrador","Tiempo de lectura":"1 minuto"},"schema":{"@context":"https:\/\/schema.org","@graph":[{"@type":"Article","@id":"https:\/\/blanca.es\/nuevaweb\/restriccion-en-el-uso-de-agua-para-beber\/#article","isPartOf":{"@id":"https:\/\/blanca.es\/nuevaweb\/restriccion-en-el-uso-de-agua-para-beber\/"},"author":{"name":"administrador","@id":"https:\/\/blanca.es\/nuevaweb\/#\/schema\/person\/0ff7cf355dbf83c5a5f5a9c3bdd22e8d"},"headline":"Restricci\u00f3n en el uso de agua para beber","datePublished":"2017-01-05T14:34:44+00:00","mainEntityOfPage":{"@id":"https:\/\/blanca.es\/nuevaweb\/restriccion-en-el-uso-de-agua-para-beber\/"},"wordCount":238,"publisher":{"@id":"https:\/\/blanca.es\/nuevaweb\/#organization"},"articleSection":["Institucional"],"inLanguage":"es"},{"@type":"WebPage","@id":"https:\/\/blanca.es\/nuevaweb\/restriccion-en-el-uso-de-agua-para-beber\/","url":"https:\/\/blanca.es\/nuevaweb\/restriccion-en-el-uso-de-agua-para-beber\/","name":"Restricci\u00f3n en el uso de agua para beber - Ayuntamiento de Blanca","isPartOf":{"@id":"https:\/\/blanca.es\/nuevaweb\/#website"},"datePublished":"2017-01-05T14:34:44+00:00","breadcrumb":{"@id":"https:\/\/blanca.es\/nuevaweb\/restriccion-en-el-uso-de-agua-para-beber\/#breadcrumb"},"inLanguage":"es","potentialAction":[{"@type":"ReadAction","target":["https:\/\/blanca.es\/nuevaweb\/restriccion-en-el-uso-de-agua-para-beber\/"]}]},{"@type":"BreadcrumbList","@id":"https:\/\/blanca.es\/nuevaweb\/restriccion-en-el-uso-de-agua-para-beber\/#breadcrumb","itemListElement":[{"@type":"ListItem","position":1,"name":"Portada","item":"https:\/\/blanca.es\/nuevaweb\/"},{"@type":"ListItem","position":2,"name":"Restricci\u00f3n en el uso de agua para beber"}]},{"@type":"WebSite","@id":"https:\/\/blanca.es\/nuevaweb\/#website","url":"https:\/\/blanca.es\/nuevaweb\/","name":"Ayuntamiento de Blanca","description":"Web Municipal Blanca (Murcia)","publisher":{"@id":"https:\/\/blanca.es\/nuevaweb\/#organization"},"potentialAction":[{"@type":"SearchAction","target":{"@type":"EntryPoint","urlTemplate":"https:\/\/blanca.es\/nuevaweb\/?s={search_term_string}"},"query-input":{"@type":"PropertyValueSpecification","valueRequired":true,"valueName":"search_term_string"}}],"inLanguage":"es"},{"@type":"Organization","@id":"https:\/\/blanca.es\/nuevaweb\/#organization","name":"Ayuntamiento de Blanca","url":"https:\/\/blanca.es\/nuevaweb\/","logo":{"@type":"ImageObject","inLanguage":"es","@id":"https:\/\/blanca.es\/nuevaweb\/#\/schema\/logo\/image\/","url":"https:\/\/blanca.es\/nuevaweb\/wp-content\/uploads\/2020\/09\/Escudo_alta_cuadrado-3.png","contentUrl":"https:\/\/blanca.es\/nuevaweb\/wp-content\/uploads\/2020\/09\/Escudo_alta_cuadrado-3.png","width":300,"height":300,"caption":"Ayuntamiento de Blanca"},"image":{"@id":"https:\/\/blanca.es\/nuevaweb\/#\/schema\/logo\/image\/"},"sameAs":["https:\/\/es-es.facebook.com\/AyuntamientodeBlanca","https:\/\/x.com\/ayto_blanca","https:\/\/www.youtube.com\/channel\/UC9weal_OZVKN6meF0Fd_rqw"]},{"@type":"Person","@id":"https:\/\/blanca.es\/nuevaweb\/#\/schema\/person\/0ff7cf355dbf83c5a5f5a9c3bdd22e8d","name":"administrador","image":{"@type":"ImageObject","inLanguage":"es","@id":"https:\/\/secure.gravatar.com\/avatar\/21635440e9de5ace741d0445fe6202e52d1db075489979ae842f318682ee0a2a?s=96&d=mm&r=g","url":"https:\/\/secure.gravatar.com\/avatar\/21635440e9de5ace741d0445fe6202e52d1db075489979ae842f318682ee0a2a?s=96&d=mm&r=g","contentUrl":"https:\/\/secure.gravatar.com\/avatar\/21635440e9de5ace741d0445fe6202e52d1db075489979ae842f318682ee0a2a?s=96&d=mm&r=g","caption":"administrador"},"sameAs":["https:\/\/blanca.es\/nuevaweb"]}]}},"_links":{"self":[{"href":"https:\/\/blanca.es\/nuevaweb\/wp-json\/wp\/v2\/posts\/3198","targetHints":{"allow":["GET"]}}],"collection":[{"href":"https:\/\/blanca.es\/nuevaweb\/wp-json\/wp\/v2\/posts"}],"about":[{"href":"https:\/\/blanca.es\/nuevaweb\/wp-json\/wp\/v2\/types\/post"}],"author":[{"embeddable":true,"href":"https:\/\/blanca.es\/nuevaweb\/wp-json\/wp\/v2\/users\/1"}],"replies":[{"embeddable":true,"href":"https:\/\/blanca.es\/nuevaweb\/wp-json\/wp\/v2\/comments?post=3198"}],"version-history":[{"count":0,"href":"https:\/\/blanca.es\/nuevaweb\/wp-json\/wp\/v2\/posts\/3198\/revisions"}],"wp:attachment":[{"href":"https:\/\/blanca.es\/nuevaweb\/wp-json\/wp\/v2\/media?parent=3198"}],"wp:term":[{"taxonomy":"category","embeddable":true,"href":"https:\/\/blanca.es\/nuevaweb\/wp-json\/wp\/v2\/categories?post=3198"},{"taxonomy":"post_tag","embeddable":true,"href":"https:\/\/blanca.es\/nuevaweb\/wp-json\/wp\/v2\/tags?post=3198"}],"curies":[{"name":"wp","href":"https:\/\/api.w.org\/{rel}","templated":true}]}}