{"id":32082,"date":"2026-09-03T10:59:09","date_gmt":"2026-09-03T09:59:09","guid":{"rendered":"https:\/\/blanca.es\/nuevaweb\/?p=32082"},"modified":"2026-09-03T10:59:10","modified_gmt":"2026-09-03T09:59:10","slug":"el-ayuntamiento-de-blanca-pone-en-marcha-los-nuevos-medidores-ambientales","status":"publish","type":"post","link":"https:\/\/blanca.es\/nuevaweb\/el-ayuntamiento-de-blanca-pone-en-marcha-los-nuevos-medidores-ambientales\/","title":{"rendered":"El Ayuntamiento de Blanca pone en marcha los nuevos medidores ambientales"},"content":{"rendered":"\n<p class=\"wp-block-paragraph\"><strong>Las estaciones analizan en tiempo real los gases y el polvo fino bajo las directrices de la OMS, sumando un sensor ac\u00fastico de alta precisi\u00f3n para garantizar el descanso vecinal.<\/strong><\/p>\n\n\n\n<p class=\"wp-block-paragraph\"><strong>El despliegue prioriza los entornos de la Residencia Virgen de los Dolores y el CEIP Virgen del Pilar para la protecci\u00f3n directa de ni\u00f1os y mayores.<\/strong><\/p>\n\n\n\n<p class=\"wp-block-paragraph\"><strong>Los nodos disponen de sistemas autom\u00e1ticos de alerta ante cortes de energ\u00eda, fallos de red o intentos de vandalismo y manipulaci\u00f3n.<\/strong><\/p>\n\n\n\n<p class=\"wp-block-paragraph\">El Ayuntamiento de Blanca lidera la ejecuci\u00f3n de su plan de digitalizaci\u00f3n ambiental dentro del proyecto regional SmartRegion. Tras el anuncio inicial el pasado mes de agosto, Blanca ya cuenta con el despliegue t\u00e9cnico de las estaciones inteligentes en las farolas municipales, donde se ha priorizado los entornos de la Residencia Virgen de los Dolores y el CEIP Virgen del Pilarcon el objetivo de proteger a la poblaci\u00f3n m\u00e1s vulnerable del municipio.<\/p>\n\n\n\n<p class=\"wp-block-paragraph\">A diferencia de los analizadores tradicionales de gran tama\u00f1o, estos equipos compactos unifican en un solo dispositivo de exterior la monitorizaci\u00f3n en tiempo real de la calidad del aire y la contaminaci\u00f3n ac\u00fastica, lo que permite un ahorro significativo en tecnolog\u00eda y un mantenimiento \u00e1gil durante los pr\u00f3ximos cinco a\u00f1os de vigencia del servicio.<\/p>\n\n\n\n<p class=\"wp-block-paragraph\"><strong>Calidad del aire y control del descanso<\/strong><\/p>\n\n\n\n<p class=\"wp-block-paragraph\">Cada sistema cuenta con extensiones espec\u00edficas preparadas para las condiciones clim\u00e1ticas del municipio. En el \u00e1mbito de la calidad del aire, los dispositivos integran una bomba de succi\u00f3n forzada y una campana de gases optimizada que resguarda los sensores. Mediante tecnolog\u00eda electroqu\u00edmica y \u00f3ptica, se mide de forma continua la concentraci\u00f3n de gases nocivos para el ser humano.<\/p>\n\n\n\n<p class=\"wp-block-paragraph\">Asimismo, los equipos incorporan un sensor \u00f3ptico de \u00faltima generaci\u00f3n capaz de clasificar hasta 10.000 part\u00edculas por segundo en polvo fino en suspensi\u00f3n, reportando valores exactos de part\u00edculas. Los baremos e indicadores se eval\u00faan de acuerdo al \u00edndice de calidad del aire oficial y las recomendaciones de la Organizaci\u00f3n Mundial de la Salud (OMS).<\/p>\n\n\n\n<p class=\"wp-block-paragraph\">En la parte ac\u00fastica, se ha dispuesto una sonda externa con micr\u00f3fono equipado con espuma antiviento y protecci\u00f3n contra la humedad. Se trata de un son\u00f3metro de precisi\u00f3n que medir\u00e1 de forma continua rangos de ruido de entre 40 y 115 decibelios. Esta herramienta calcular\u00e1 de forma autom\u00e1tica los indicadores de ruido de la Directiva Europea para las franjas de ma\u00f1ana, tarde y noche, facilitando al Ayuntamiento la localizaci\u00f3n exacta de focos molestos para asegurar el descanso vecinal, en zonas especialmente sensibles.<\/p>\n\n\n\n<p class=\"wp-block-paragraph\"><strong>De la calle a la nube<\/strong><\/p>\n\n\n\n<p class=\"wp-block-paragraph\">Una vez recogidos los datos, toda la informaci\u00f3n recopilada por las estaciones se integra de forma centralizada en la plataforma regional SmartRegion.<\/p>\n\n\n\n<p class=\"wp-block-paragraph\">Esta soluci\u00f3n facilita una inteligencia ampliada al conectar los datos con el resto de los municipios murcianos, permitiendo una visi\u00f3n global del territorio y una toma de decisiones m\u00e1s precisa y colaborativa.<\/p>\n\n\n\n<p class=\"wp-block-paragraph\">Esta dotaci\u00f3n integral de hardware y software cuenta con un presupuesto de ejecuci\u00f3n de 25.030,99 euros. El proyecto se encuentra cofinanciado en un 60% por la Uni\u00f3n Europea a trav\u00e9s del Fondo Europeo de Desarrollo Regional (FEDER), dentro de la l\u00ednea \u00abSmartRegion Murcia Ayudas a Ayuntamientos 2024\u00bb, asumiendo la Comunidad Aut\u00f3noma de la Regi\u00f3n de Murcia (CARM) el 40% restante para impulsar la resiliencia urbana de la localidad.<\/p>\n","protected":false},"excerpt":{"rendered":"<p>Las estaciones analizan en tiempo real los gases y el polvo fino bajo las directrices de la OMS, sumando un sensor ac\u00fastico de alta precisi\u00f3n para garantizar el descanso vecinal.<br \/>\nEl despliegue prioriza los entornos de la Residencia Virgen de los Dolores y el CEIP Virgen del Pilar para la protecci\u00f3n directa de ni\u00f1os y mayores.<br \/>\nLos nodos disponen de sistemas autom\u00e1ticos de alerta ante cortes de energ\u00eda, fallos de red o intentos de vandalismo y manipulaci\u00f3n.<\/p>\n","protected":false},"author":2,"featured_media":32083,"comment_status":"closed","ping_status":"open","sticky":false,"template":"","format":"standard","meta":{"footnotes":""},"categories":[158],"tags":[],"class_list":["post-32082","post","type-post","status-publish","format-standard","has-post-thumbnail","hentry","category-medio-ambiente"],"yoast_head":"<!-- This site is optimized with the Yoast SEO plugin v28.1 - https:\/\/yoast.com\/product\/yoast-seo-wordpress\/ -->\n<title>El Ayuntamiento de Blanca pone en marcha los nuevos medidores ambientales - Ayuntamiento de Blanca<\/title>\n<meta name=\"robots\" content=\"index, follow, max-snippet:-1, max-image-preview:large, max-video-preview:-1\" \/>\n<link rel=\"canonical\" href=\"https:\/\/blanca.es\/nuevaweb\/el-ayuntamiento-de-blanca-pone-en-marcha-los-nuevos-medidores-ambientales\/\" \/>\n<meta property=\"og:locale\" content=\"es_ES\" \/>\n<meta property=\"og:type\" content=\"article\" \/>\n<meta property=\"og:title\" content=\"El Ayuntamiento de Blanca pone en marcha los nuevos medidores ambientales - Ayuntamiento de Blanca\" \/>\n<meta property=\"og:description\" content=\"Las estaciones analizan en tiempo real los gases y el polvo fino bajo las directrices de la OMS, sumando un sensor ac\u00fastico de alta precisi\u00f3n para garantizar el descanso vecinal. El despliegue prioriza los entornos de la Residencia Virgen de los Dolores y el CEIP Virgen del Pilar para la protecci\u00f3n directa de ni\u00f1os y mayores. Los nodos disponen de sistemas autom\u00e1ticos de alerta ante cortes de energ\u00eda, fallos de red o intentos de vandalismo y manipulaci\u00f3n.\" \/>\n<meta property=\"og:url\" content=\"https:\/\/blanca.es\/nuevaweb\/el-ayuntamiento-de-blanca-pone-en-marcha-los-nuevos-medidores-ambientales\/\" \/>\n<meta property=\"og:site_name\" content=\"Ayuntamiento de Blanca\" \/>\n<meta property=\"article:publisher\" content=\"https:\/\/es-es.facebook.com\/AyuntamientodeBlanca\" \/>\n<meta property=\"article:published_time\" content=\"2026-09-03T09:59:09+00:00\" \/>\n<meta property=\"article:modified_time\" content=\"2026-09-03T09:59:10+00:00\" \/>\n<meta property=\"og:image\" content=\"https:\/\/blanca.es\/nuevaweb\/wp-content\/uploads\/2026\/09\/Proyecto-estaciones-scaled.jpeg\" \/>\n\t<meta property=\"og:image:width\" content=\"1440\" \/>\n\t<meta property=\"og:image:height\" content=\"2560\" \/>\n\t<meta property=\"og:image:type\" content=\"image\/jpeg\" \/>\n<meta name=\"author\" content=\"Comunicaci\u00f3n\" \/>\n<meta name=\"twitter:card\" content=\"summary_large_image\" \/>\n<meta name=\"twitter:creator\" content=\"@ayto_blanca\" \/>\n<meta name=\"twitter:site\" content=\"@ayto_blanca\" \/>\n<meta name=\"twitter:label1\" content=\"Escrito por\" \/>\n\t<meta name=\"twitter:data1\" content=\"Comunicaci\u00f3n\" \/>\n<script type=\"application\/ld+json\" class=\"yoast-schema-graph\">{\"@context\":\"https:\\\/\\\/schema.org\",\"@graph\":[{\"@type\":\"Article\",\"@id\":\"https:\\\/\\\/blanca.es\\\/nuevaweb\\\/el-ayuntamiento-de-blanca-pone-en-marcha-los-nuevos-medidores-ambientales\\\/#article\",\"isPartOf\":{\"@id\":\"https:\\\/\\\/blanca.es\\\/nuevaweb\\\/el-ayuntamiento-de-blanca-pone-en-marcha-los-nuevos-medidores-ambientales\\\/\"},\"author\":{\"name\":\"Comunicaci\u00f3n\",\"@id\":\"https:\\\/\\\/blanca.es\\\/nuevaweb\\\/#\\\/schema\\\/person\\\/068ffbe563a96e998dc141bd91d5a84a\"},\"headline\":\"El Ayuntamiento de Blanca pone en marcha los nuevos medidores ambientales\",\"datePublished\":\"2026-09-03T09:59:09+00:00\",\"dateModified\":\"2026-09-03T09:59:10+00:00\",\"mainEntityOfPage\":{\"@id\":\"https:\\\/\\\/blanca.es\\\/nuevaweb\\\/el-ayuntamiento-de-blanca-pone-en-marcha-los-nuevos-medidores-ambientales\\\/\"},\"wordCount\":586,\"publisher\":{\"@id\":\"https:\\\/\\\/blanca.es\\\/nuevaweb\\\/#organization\"},\"image\":{\"@id\":\"https:\\\/\\\/blanca.es\\\/nuevaweb\\\/el-ayuntamiento-de-blanca-pone-en-marcha-los-nuevos-medidores-ambientales\\\/#primaryimage\"},\"thumbnailUrl\":\"https:\\\/\\\/blanca.es\\\/nuevaweb\\\/wp-content\\\/uploads\\\/2026\\\/09\\\/Proyecto-estaciones-scaled.jpeg\",\"articleSection\":[\"Medio Ambiente\"],\"inLanguage\":\"es\"},{\"@type\":\"WebPage\",\"@id\":\"https:\\\/\\\/blanca.es\\\/nuevaweb\\\/el-ayuntamiento-de-blanca-pone-en-marcha-los-nuevos-medidores-ambientales\\\/\",\"url\":\"https:\\\/\\\/blanca.es\\\/nuevaweb\\\/el-ayuntamiento-de-blanca-pone-en-marcha-los-nuevos-medidores-ambientales\\\/\",\"name\":\"El Ayuntamiento de Blanca pone en marcha los nuevos medidores ambientales - Ayuntamiento de Blanca\",\"isPartOf\":{\"@id\":\"https:\\\/\\\/blanca.es\\\/nuevaweb\\\/#website\"},\"primaryImageOfPage\":{\"@id\":\"https:\\\/\\\/blanca.es\\\/nuevaweb\\\/el-ayuntamiento-de-blanca-pone-en-marcha-los-nuevos-medidores-ambientales\\\/#primaryimage\"},\"image\":{\"@id\":\"https:\\\/\\\/blanca.es\\\/nuevaweb\\\/el-ayuntamiento-de-blanca-pone-en-marcha-los-nuevos-medidores-ambientales\\\/#primaryimage\"},\"thumbnailUrl\":\"https:\\\/\\\/blanca.es\\\/nuevaweb\\\/wp-content\\\/uploads\\\/2026\\\/09\\\/Proyecto-estaciones-scaled.jpeg\",\"datePublished\":\"2026-09-03T09:59:09+00:00\",\"dateModified\":\"2026-09-03T09:59:10+00:00\",\"breadcrumb\":{\"@id\":\"https:\\\/\\\/blanca.es\\\/nuevaweb\\\/el-ayuntamiento-de-blanca-pone-en-marcha-los-nuevos-medidores-ambientales\\\/#breadcrumb\"},\"inLanguage\":\"es\",\"potentialAction\":[{\"@type\":\"ReadAction\",\"target\":[\"https:\\\/\\\/blanca.es\\\/nuevaweb\\\/el-ayuntamiento-de-blanca-pone-en-marcha-los-nuevos-medidores-ambientales\\\/\"]}]},{\"@type\":\"ImageObject\",\"inLanguage\":\"es\",\"@id\":\"https:\\\/\\\/blanca.es\\\/nuevaweb\\\/el-ayuntamiento-de-blanca-pone-en-marcha-los-nuevos-medidores-ambientales\\\/#primaryimage\",\"url\":\"https:\\\/\\\/blanca.es\\\/nuevaweb\\\/wp-content\\\/uploads\\\/2026\\\/09\\\/Proyecto-estaciones-scaled.jpeg\",\"contentUrl\":\"https:\\\/\\\/blanca.es\\\/nuevaweb\\\/wp-content\\\/uploads\\\/2026\\\/09\\\/Proyecto-estaciones-scaled.jpeg\",\"width\":1440,\"height\":2560},{\"@type\":\"BreadcrumbList\",\"@id\":\"https:\\\/\\\/blanca.es\\\/nuevaweb\\\/el-ayuntamiento-de-blanca-pone-en-marcha-los-nuevos-medidores-ambientales\\\/#breadcrumb\",\"itemListElement\":[{\"@type\":\"ListItem\",\"position\":1,\"name\":\"Portada\",\"item\":\"https:\\\/\\\/blanca.es\\\/nuevaweb\\\/\"},{\"@type\":\"ListItem\",\"position\":2,\"name\":\"El Ayuntamiento de Blanca pone en marcha los nuevos medidores ambientales\"}]},{\"@type\":\"WebSite\",\"@id\":\"https:\\\/\\\/blanca.es\\\/nuevaweb\\\/#website\",\"url\":\"https:\\\/\\\/blanca.es\\\/nuevaweb\\\/\",\"name\":\"Ayuntamiento de Blanca\",\"description\":\"Web Municipal Blanca (Murcia)\",\"publisher\":{\"@id\":\"https:\\\/\\\/blanca.es\\\/nuevaweb\\\/#organization\"},\"potentialAction\":[{\"@type\":\"SearchAction\",\"target\":{\"@type\":\"EntryPoint\",\"urlTemplate\":\"https:\\\/\\\/blanca.es\\\/nuevaweb\\\/?s={search_term_string}\"},\"query-input\":{\"@type\":\"PropertyValueSpecification\",\"valueRequired\":true,\"valueName\":\"search_term_string\"}}],\"inLanguage\":\"es\"},{\"@type\":\"Organization\",\"@id\":\"https:\\\/\\\/blanca.es\\\/nuevaweb\\\/#organization\",\"name\":\"Ayuntamiento de Blanca\",\"url\":\"https:\\\/\\\/blanca.es\\\/nuevaweb\\\/\",\"logo\":{\"@type\":\"ImageObject\",\"inLanguage\":\"es\",\"@id\":\"https:\\\/\\\/blanca.es\\\/nuevaweb\\\/#\\\/schema\\\/logo\\\/image\\\/\",\"url\":\"https:\\\/\\\/blanca.es\\\/nuevaweb\\\/wp-content\\\/uploads\\\/2020\\\/09\\\/Escudo_alta_cuadrado-3.png\",\"contentUrl\":\"https:\\\/\\\/blanca.es\\\/nuevaweb\\\/wp-content\\\/uploads\\\/2020\\\/09\\\/Escudo_alta_cuadrado-3.png\",\"width\":300,\"height\":300,\"caption\":\"Ayuntamiento de Blanca\"},\"image\":{\"@id\":\"https:\\\/\\\/blanca.es\\\/nuevaweb\\\/#\\\/schema\\\/logo\\\/image\\\/\"},\"sameAs\":[\"https:\\\/\\\/es-es.facebook.com\\\/AyuntamientodeBlanca\",\"https:\\\/\\\/x.com\\\/ayto_blanca\",\"https:\\\/\\\/www.youtube.com\\\/channel\\\/UC9weal_OZVKN6meF0Fd_rqw\"]},{\"@type\":\"Person\",\"@id\":\"https:\\\/\\\/blanca.es\\\/nuevaweb\\\/#\\\/schema\\\/person\\\/068ffbe563a96e998dc141bd91d5a84a\",\"name\":\"Comunicaci\u00f3n\",\"image\":{\"@type\":\"ImageObject\",\"inLanguage\":\"es\",\"@id\":\"https:\\\/\\\/secure.gravatar.com\\\/avatar\\\/0a6839cedbb80e4510cc6b40b620b579d19c8c87d368475504cb313c55980873?s=96&d=mm&r=g\",\"url\":\"https:\\\/\\\/secure.gravatar.com\\\/avatar\\\/0a6839cedbb80e4510cc6b40b620b579d19c8c87d368475504cb313c55980873?s=96&d=mm&r=g\",\"contentUrl\":\"https:\\\/\\\/secure.gravatar.com\\\/avatar\\\/0a6839cedbb80e4510cc6b40b620b579d19c8c87d368475504cb313c55980873?s=96&d=mm&r=g\",\"caption\":\"Comunicaci\u00f3n\"}}]}<\/script>\n<!-- \/ Yoast SEO plugin. -->","yoast_head_json":{"title":"El Ayuntamiento de Blanca pone en marcha los nuevos medidores ambientales - Ayuntamiento de Blanca","robots":{"index":"index","follow":"follow","max-snippet":"max-snippet:-1","max-image-preview":"max-image-preview:large","max-video-preview":"max-video-preview:-1"},"canonical":"https:\/\/blanca.es\/nuevaweb\/el-ayuntamiento-de-blanca-pone-en-marcha-los-nuevos-medidores-ambientales\/","og_locale":"es_ES","og_type":"article","og_title":"El Ayuntamiento de Blanca pone en marcha los nuevos medidores ambientales - Ayuntamiento de Blanca","og_description":"Las estaciones analizan en tiempo real los gases y el polvo fino bajo las directrices de la OMS, sumando un sensor ac\u00fastico de alta precisi\u00f3n para garantizar el descanso vecinal. El despliegue prioriza los entornos de la Residencia Virgen de los Dolores y el CEIP Virgen del Pilar para la protecci\u00f3n directa de ni\u00f1os y mayores. Los nodos disponen de sistemas autom\u00e1ticos de alerta ante cortes de energ\u00eda, fallos de red o intentos de vandalismo y manipulaci\u00f3n.","og_url":"https:\/\/blanca.es\/nuevaweb\/el-ayuntamiento-de-blanca-pone-en-marcha-los-nuevos-medidores-ambientales\/","og_site_name":"Ayuntamiento de Blanca","article_publisher":"https:\/\/es-es.facebook.com\/AyuntamientodeBlanca","article_published_time":"2026-09-03T09:59:09+00:00","article_modified_time":"2026-09-03T09:59:10+00:00","og_image":[{"width":1440,"height":2560,"url":"https:\/\/blanca.es\/nuevaweb\/wp-content\/uploads\/2026\/09\/Proyecto-estaciones-scaled.jpeg","type":"image\/jpeg"}],"author":"Comunicaci\u00f3n","twitter_card":"summary_large_image","twitter_creator":"@ayto_blanca","twitter_site":"@ayto_blanca","twitter_misc":{"Escrito por":"Comunicaci\u00f3n"},"schema":{"@context":"https:\/\/schema.org","@graph":[{"@type":"Article","@id":"https:\/\/blanca.es\/nuevaweb\/el-ayuntamiento-de-blanca-pone-en-marcha-los-nuevos-medidores-ambientales\/#article","isPartOf":{"@id":"https:\/\/blanca.es\/nuevaweb\/el-ayuntamiento-de-blanca-pone-en-marcha-los-nuevos-medidores-ambientales\/"},"author":{"name":"Comunicaci\u00f3n","@id":"https:\/\/blanca.es\/nuevaweb\/#\/schema\/person\/068ffbe563a96e998dc141bd91d5a84a"},"headline":"El Ayuntamiento de Blanca pone en marcha los nuevos medidores ambientales","datePublished":"2026-09-03T09:59:09+00:00","dateModified":"2026-09-03T09:59:10+00:00","mainEntityOfPage":{"@id":"https:\/\/blanca.es\/nuevaweb\/el-ayuntamiento-de-blanca-pone-en-marcha-los-nuevos-medidores-ambientales\/"},"wordCount":586,"publisher":{"@id":"https:\/\/blanca.es\/nuevaweb\/#organization"},"image":{"@id":"https:\/\/blanca.es\/nuevaweb\/el-ayuntamiento-de-blanca-pone-en-marcha-los-nuevos-medidores-ambientales\/#primaryimage"},"thumbnailUrl":"https:\/\/blanca.es\/nuevaweb\/wp-content\/uploads\/2026\/09\/Proyecto-estaciones-scaled.jpeg","articleSection":["Medio Ambiente"],"inLanguage":"es"},{"@type":"WebPage","@id":"https:\/\/blanca.es\/nuevaweb\/el-ayuntamiento-de-blanca-pone-en-marcha-los-nuevos-medidores-ambientales\/","url":"https:\/\/blanca.es\/nuevaweb\/el-ayuntamiento-de-blanca-pone-en-marcha-los-nuevos-medidores-ambientales\/","name":"El Ayuntamiento de Blanca pone en marcha los nuevos medidores ambientales - Ayuntamiento de Blanca","isPartOf":{"@id":"https:\/\/blanca.es\/nuevaweb\/#website"},"primaryImageOfPage":{"@id":"https:\/\/blanca.es\/nuevaweb\/el-ayuntamiento-de-blanca-pone-en-marcha-los-nuevos-medidores-ambientales\/#primaryimage"},"image":{"@id":"https:\/\/blanca.es\/nuevaweb\/el-ayuntamiento-de-blanca-pone-en-marcha-los-nuevos-medidores-ambientales\/#primaryimage"},"thumbnailUrl":"https:\/\/blanca.es\/nuevaweb\/wp-content\/uploads\/2026\/09\/Proyecto-estaciones-scaled.jpeg","datePublished":"2026-09-03T09:59:09+00:00","dateModified":"2026-09-03T09:59:10+00:00","breadcrumb":{"@id":"https:\/\/blanca.es\/nuevaweb\/el-ayuntamiento-de-blanca-pone-en-marcha-los-nuevos-medidores-ambientales\/#breadcrumb"},"inLanguage":"es","potentialAction":[{"@type":"ReadAction","target":["https:\/\/blanca.es\/nuevaweb\/el-ayuntamiento-de-blanca-pone-en-marcha-los-nuevos-medidores-ambientales\/"]}]},{"@type":"ImageObject","inLanguage":"es","@id":"https:\/\/blanca.es\/nuevaweb\/el-ayuntamiento-de-blanca-pone-en-marcha-los-nuevos-medidores-ambientales\/#primaryimage","url":"https:\/\/blanca.es\/nuevaweb\/wp-content\/uploads\/2026\/09\/Proyecto-estaciones-scaled.jpeg","contentUrl":"https:\/\/blanca.es\/nuevaweb\/wp-content\/uploads\/2026\/09\/Proyecto-estaciones-scaled.jpeg","width":1440,"height":2560},{"@type":"BreadcrumbList","@id":"https:\/\/blanca.es\/nuevaweb\/el-ayuntamiento-de-blanca-pone-en-marcha-los-nuevos-medidores-ambientales\/#breadcrumb","itemListElement":[{"@type":"ListItem","position":1,"name":"Portada","item":"https:\/\/blanca.es\/nuevaweb\/"},{"@type":"ListItem","position":2,"name":"El Ayuntamiento de Blanca pone en marcha los nuevos medidores ambientales"}]},{"@type":"WebSite","@id":"https:\/\/blanca.es\/nuevaweb\/#website","url":"https:\/\/blanca.es\/nuevaweb\/","name":"Ayuntamiento de Blanca","description":"Web Municipal Blanca (Murcia)","publisher":{"@id":"https:\/\/blanca.es\/nuevaweb\/#organization"},"potentialAction":[{"@type":"SearchAction","target":{"@type":"EntryPoint","urlTemplate":"https:\/\/blanca.es\/nuevaweb\/?s={search_term_string}"},"query-input":{"@type":"PropertyValueSpecification","valueRequired":true,"valueName":"search_term_string"}}],"inLanguage":"es"},{"@type":"Organization","@id":"https:\/\/blanca.es\/nuevaweb\/#organization","name":"Ayuntamiento de Blanca","url":"https:\/\/blanca.es\/nuevaweb\/","logo":{"@type":"ImageObject","inLanguage":"es","@id":"https:\/\/blanca.es\/nuevaweb\/#\/schema\/logo\/image\/","url":"https:\/\/blanca.es\/nuevaweb\/wp-content\/uploads\/2020\/09\/Escudo_alta_cuadrado-3.png","contentUrl":"https:\/\/blanca.es\/nuevaweb\/wp-content\/uploads\/2020\/09\/Escudo_alta_cuadrado-3.png","width":300,"height":300,"caption":"Ayuntamiento de Blanca"},"image":{"@id":"https:\/\/blanca.es\/nuevaweb\/#\/schema\/logo\/image\/"},"sameAs":["https:\/\/es-es.facebook.com\/AyuntamientodeBlanca","https:\/\/x.com\/ayto_blanca","https:\/\/www.youtube.com\/channel\/UC9weal_OZVKN6meF0Fd_rqw"]},{"@type":"Person","@id":"https:\/\/blanca.es\/nuevaweb\/#\/schema\/person\/068ffbe563a96e998dc141bd91d5a84a","name":"Comunicaci\u00f3n","image":{"@type":"ImageObject","inLanguage":"es","@id":"https:\/\/secure.gravatar.com\/avatar\/0a6839cedbb80e4510cc6b40b620b579d19c8c87d368475504cb313c55980873?s=96&d=mm&r=g","url":"https:\/\/secure.gravatar.com\/avatar\/0a6839cedbb80e4510cc6b40b620b579d19c8c87d368475504cb313c55980873?s=96&d=mm&r=g","contentUrl":"https:\/\/secure.gravatar.com\/avatar\/0a6839cedbb80e4510cc6b40b620b579d19c8c87d368475504cb313c55980873?s=96&d=mm&r=g","caption":"Comunicaci\u00f3n"}}]}},"_links":{"self":[{"href":"https:\/\/blanca.es\/nuevaweb\/wp-json\/wp\/v2\/posts\/32082","targetHints":{"allow":["GET"]}}],"collection":[{"href":"https:\/\/blanca.es\/nuevaweb\/wp-json\/wp\/v2\/posts"}],"about":[{"href":"https:\/\/blanca.es\/nuevaweb\/wp-json\/wp\/v2\/types\/post"}],"author":[{"embeddable":true,"href":"https:\/\/blanca.es\/nuevaweb\/wp-json\/wp\/v2\/users\/2"}],"replies":[{"embeddable":true,"href":"https:\/\/blanca.es\/nuevaweb\/wp-json\/wp\/v2\/comments?post=32082"}],"version-history":[{"count":1,"href":"https:\/\/blanca.es\/nuevaweb\/wp-json\/wp\/v2\/posts\/32082\/revisions"}],"predecessor-version":[{"id":32084,"href":"https:\/\/blanca.es\/nuevaweb\/wp-json\/wp\/v2\/posts\/32082\/revisions\/32084"}],"wp:featuredmedia":[{"embeddable":true,"href":"https:\/\/blanca.es\/nuevaweb\/wp-json\/wp\/v2\/media\/32083"}],"wp:attachment":[{"href":"https:\/\/blanca.es\/nuevaweb\/wp-json\/wp\/v2\/media?parent=32082"}],"wp:term":[{"taxonomy":"category","embeddable":true,"href":"https:\/\/blanca.es\/nuevaweb\/wp-json\/wp\/v2\/categories?post=32082"},{"taxonomy":"post_tag","embeddable":true,"href":"https:\/\/blanca.es\/nuevaweb\/wp-json\/wp\/v2\/tags?post=32082"}],"curies":[{"name":"wp","href":"https:\/\/api.w.org\/{rel}","templated":true}]}}