{"id":3341,"date":"2017-01-17T14:13:11","date_gmt":"2017-01-17T13:13:11","guid":{"rendered":"http:\/\/blanca.es\/?p=3341"},"modified":"2017-01-17T14:13:11","modified_gmt":"2017-01-17T13:13:11","slug":"familia-incrementa-un-27-por-ciento-la-dotacion-para-servicios-sociales-en-blanca","status":"publish","type":"post","link":"https:\/\/blanca.es\/nuevaweb\/familia-incrementa-un-27-por-ciento-la-dotacion-para-servicios-sociales-en-blanca\/","title":{"rendered":"Familia incrementa un 27 por ciento la dotaci\u00f3n para Servicios Sociales en Blanca"},"content":{"rendered":"<h2 style=\"text-align: justify;\">La Consejer\u00eda de Familia e Igualdad de Oportunidades destina 484.000 euros a subvencionar 43 plazas concertadas en la residencia de personas mayores \u2018Virgen de Los Dolores\u2019 de Blanca<\/h2>\n<p style=\"text-align: justify;\">La consejera de Familia e Igualdad de Oportunidades, Violante Tom\u00e1s, se reuni\u00f3 hoy en el Ayuntamiento Blanca con la alcaldesa, Esther Hortelano, para analizar la dotaci\u00f3n total que destina la Comunidad para los Servicios Sociales de nuestro municipio, que se ha incrementado m\u00e1s de un 27 por ciento, al pasar de 52.735 euros el pasado a\u00f1o a m\u00e1s de 67.387 euros para este ejercicio.<\/p>\n<p style=\"text-align: justify;\">Los Servicios Sociales de Atenci\u00f3n Primaria constituyen el primer nivel de atenci\u00f3n e incluyen el Servicio de Informaci\u00f3n, Valoraci\u00f3n y Asesoramiento a la poblaci\u00f3n en cuanto a derechos y recursos sociales; Servicio de Atenci\u00f3n en el Medio Familiar y Comunitario, que tiene por objeto proporcionar atenciones de car\u00e1cter social, dom\u00e9stico, de apoyo psicol\u00f3gico, rehabilitador y socioeducativo; Servicio de Inserci\u00f3n Social y el Servicio de Promoci\u00f3n y Cooperaci\u00f3n Social.<\/p>\n<h3 style=\"text-align: justify;\">Residencia de mayores \u2018Virgen de Los Dolores\u2019<\/h3>\n<p style=\"text-align: justify;\">Adem\u00e1s, visitaron la residencia de personas mayores \u2018Virgen de Los Dolores\u2019, que cuenta con una dotaci\u00f3n de 484.000 euros de la Consejer\u00eda para subvencionar 43 plazas concertadas. El pasado a\u00f1o, el Instituto Murciano de Acci\u00f3n Social (IMAS) y el Ayuntamiento firmaron una adenda relativa a esta residencia por la que se ampli\u00f3 en cuatro el n\u00famero de plazas disponibles, por un importe de 50.293 euros.<\/p>\n<p style=\"text-align: justify;\">Violante Tom\u00e1s explic\u00f3 que, \u201ctras comprobar que eran insuficientes las plazas previstas inicialmente, se decidi\u00f3 la ampliaci\u00f3n\u201d. Asimismo, la consejera destac\u00f3 \u201cla importancia de atender a las personas mayores del municipio, con el objetivo de incrementar el grado de protecci\u00f3n social y atender las necesidades seg\u00fan el ritmo de crecimiento demogr\u00e1fico de Blanca\u201d.<\/p>\n<p style=\"text-align: justify;\">En cuanto al servicio de Centro de D\u00eda del municipio, cuenta con una dotaci\u00f3n de 227.027 euros para las 25 plazas concertadas. En este servicio se incluye el servicio de manutenci\u00f3n, lo que implica que las personas mayores no tienen que pagarlo.<\/p>\n<p style=\"text-align: justify;\">Los servicios que presta la Comunidad en este municipio se completan con el Servicio de Teleasistencia, que cuenta con 55 usuarios.<\/p>\n<h3 style=\"text-align: justify;\">Nuevas plazas residenciales<\/h3>\n<p style=\"text-align: justify;\">La consejera se\u00f1al\u00f3 que \u201cuno de los objetivos prioritarios del Gobierno regional es crear nuevas plazas residenciales para personas mayores dependientes y servicios acordes a sus necesidades\u201d.<\/p>\n<p style=\"text-align: justify;\">As\u00ed, el pasado a\u00f1o se crearon hasta 647 nuevas plazas para personas mayores, de manera que la oferta actual es de 4.095. Este a\u00f1o, adem\u00e1s se abrir\u00e1n durante los fines de semana los centros sociales de personas mayores.<\/p>\n<div id='gallery-1' class='gallery galleryid-3341 gallery-columns-3 gallery-size-thumbnail'><figure class='gallery-item'>\n\t\t\t<div class='gallery-icon landscape'>\n\t\t\t\t<a href='https:\/\/blanca.es\/nuevaweb\/wp-content\/uploads\/2017\/01\/Visita-residencia_5.jpg'><img loading=\"lazy\" decoding=\"async\" width=\"150\" height=\"150\" src=\"https:\/\/blanca.es\/nuevaweb\/wp-content\/uploads\/2017\/01\/Visita-residencia_5-150x150.jpg\" class=\"attachment-thumbnail size-thumbnail\" alt=\"\" \/><\/a>\n\t\t\t<\/div><\/figure><figure class='gallery-item'>\n\t\t\t<div class='gallery-icon landscape'>\n\t\t\t\t<a href='https:\/\/blanca.es\/nuevaweb\/wp-content\/uploads\/2017\/01\/Visita-residencia_4.jpg'><img loading=\"lazy\" decoding=\"async\" width=\"150\" height=\"150\" src=\"https:\/\/blanca.es\/nuevaweb\/wp-content\/uploads\/2017\/01\/Visita-residencia_4-150x150.jpg\" class=\"attachment-thumbnail size-thumbnail\" alt=\"\" \/><\/a>\n\t\t\t<\/div><\/figure><figure class='gallery-item'>\n\t\t\t<div class='gallery-icon landscape'>\n\t\t\t\t<a href='https:\/\/blanca.es\/nuevaweb\/wp-content\/uploads\/2017\/01\/Visita-residencia_3.jpg'><img loading=\"lazy\" decoding=\"async\" width=\"150\" height=\"150\" src=\"https:\/\/blanca.es\/nuevaweb\/wp-content\/uploads\/2017\/01\/Visita-residencia_3-150x150.jpg\" class=\"attachment-thumbnail size-thumbnail\" alt=\"\" \/><\/a>\n\t\t\t<\/div><\/figure><figure class='gallery-item'>\n\t\t\t<div class='gallery-icon landscape'>\n\t\t\t\t<a href='https:\/\/blanca.es\/nuevaweb\/wp-content\/uploads\/2017\/01\/Visita-residencia_2.jpg'><img loading=\"lazy\" decoding=\"async\" width=\"150\" height=\"150\" src=\"https:\/\/blanca.es\/nuevaweb\/wp-content\/uploads\/2017\/01\/Visita-residencia_2-150x150.jpg\" class=\"attachment-thumbnail size-thumbnail\" alt=\"\" \/><\/a>\n\t\t\t<\/div><\/figure><figure class='gallery-item'>\n\t\t\t<div class='gallery-icon landscape'>\n\t\t\t\t<a href='https:\/\/blanca.es\/nuevaweb\/wp-content\/uploads\/2017\/01\/Visita-residencia_1.jpg'><img loading=\"lazy\" decoding=\"async\" width=\"150\" height=\"150\" src=\"https:\/\/blanca.es\/nuevaweb\/wp-content\/uploads\/2017\/01\/Visita-residencia_1-150x150.jpg\" class=\"attachment-thumbnail size-thumbnail\" alt=\"\" \/><\/a>\n\t\t\t<\/div><\/figure>\n\t\t<\/div>\n\n","protected":false},"excerpt":{"rendered":"<p>La Consejer\u00eda de Familia e Igualdad de Oportunidades destina 484.000 euros a subvencionar 43 plazas concertadas en la residencia de personas mayores \u2018Virgen de Los Dolores\u2019 de Blanca La consejera de Familia e Igualdad de Oportunidades, Violante Tom\u00e1s, se reuni\u00f3 hoy en el Ayuntamiento Blanca con la alcaldesa, Esther Hortelano, para analizar la dotaci\u00f3n total [&hellip;]<\/p>\n","protected":false},"author":2,"featured_media":3346,"comment_status":"closed","ping_status":"open","sticky":false,"template":"","format":"standard","meta":{"footnotes":""},"categories":[156],"tags":[],"class_list":["post-3341","post","type-post","status-publish","format-standard","has-post-thumbnail","hentry","category-institucional"],"yoast_head":"<!-- This site is optimized with the Yoast SEO plugin v28.1 - https:\/\/yoast.com\/product\/yoast-seo-wordpress\/ -->\n<title>Familia incrementa un 27 por ciento la dotaci\u00f3n para Servicios Sociales en Blanca - Ayuntamiento de Blanca<\/title>\n<meta name=\"robots\" content=\"index, follow, max-snippet:-1, max-image-preview:large, max-video-preview:-1\" \/>\n<link rel=\"canonical\" href=\"https:\/\/blanca.es\/nuevaweb\/familia-incrementa-un-27-por-ciento-la-dotacion-para-servicios-sociales-en-blanca\/\" \/>\n<meta property=\"og:locale\" content=\"es_ES\" \/>\n<meta property=\"og:type\" content=\"article\" \/>\n<meta property=\"og:title\" content=\"Familia incrementa un 27 por ciento la dotaci\u00f3n para Servicios Sociales en Blanca - Ayuntamiento de Blanca\" \/>\n<meta property=\"og:description\" content=\"La Consejer\u00eda de Familia e Igualdad de Oportunidades destina 484.000 euros a subvencionar 43 plazas concertadas en la residencia de personas mayores \u2018Virgen de Los Dolores\u2019 de Blanca La consejera de Familia e Igualdad de Oportunidades, Violante Tom\u00e1s, se reuni\u00f3 hoy en el Ayuntamiento Blanca con la alcaldesa, Esther Hortelano, para analizar la dotaci\u00f3n total [&hellip;]\" \/>\n<meta property=\"og:url\" content=\"https:\/\/blanca.es\/nuevaweb\/familia-incrementa-un-27-por-ciento-la-dotacion-para-servicios-sociales-en-blanca\/\" \/>\n<meta property=\"og:site_name\" content=\"Ayuntamiento de Blanca\" \/>\n<meta property=\"article:publisher\" content=\"https:\/\/es-es.facebook.com\/AyuntamientodeBlanca\" \/>\n<meta property=\"article:published_time\" content=\"2017-01-17T13:13:11+00:00\" \/>\n<meta property=\"og:image\" content=\"https:\/\/blanca.es\/nuevaweb\/wp-content\/uploads\/2017\/01\/Visita-residencia_3.jpg\" \/>\n\t<meta property=\"og:image:width\" content=\"1024\" \/>\n\t<meta property=\"og:image:height\" content=\"681\" \/>\n\t<meta property=\"og:image:type\" content=\"image\/jpeg\" \/>\n<meta name=\"author\" content=\"Comunicaci\u00f3n\" \/>\n<meta name=\"twitter:card\" content=\"summary_large_image\" \/>\n<meta name=\"twitter:creator\" content=\"@ayto_blanca\" \/>\n<meta name=\"twitter:site\" content=\"@ayto_blanca\" \/>\n<meta name=\"twitter:label1\" content=\"Escrito por\" \/>\n\t<meta name=\"twitter:data1\" content=\"Comunicaci\u00f3n\" \/>\n\t<meta name=\"twitter:label2\" content=\"Tiempo de lectura\" \/>\n\t<meta name=\"twitter:data2\" content=\"2 minutos\" \/>\n<script type=\"application\/ld+json\" class=\"yoast-schema-graph\">{\"@context\":\"https:\\\/\\\/schema.org\",\"@graph\":[{\"@type\":\"Article\",\"@id\":\"https:\\\/\\\/blanca.es\\\/nuevaweb\\\/familia-incrementa-un-27-por-ciento-la-dotacion-para-servicios-sociales-en-blanca\\\/#article\",\"isPartOf\":{\"@id\":\"https:\\\/\\\/blanca.es\\\/nuevaweb\\\/familia-incrementa-un-27-por-ciento-la-dotacion-para-servicios-sociales-en-blanca\\\/\"},\"author\":{\"name\":\"Comunicaci\u00f3n\",\"@id\":\"https:\\\/\\\/blanca.es\\\/nuevaweb\\\/#\\\/schema\\\/person\\\/068ffbe563a96e998dc141bd91d5a84a\"},\"headline\":\"Familia incrementa un 27 por ciento la dotaci\u00f3n para Servicios Sociales en Blanca\",\"datePublished\":\"2017-01-17T13:13:11+00:00\",\"mainEntityOfPage\":{\"@id\":\"https:\\\/\\\/blanca.es\\\/nuevaweb\\\/familia-incrementa-un-27-por-ciento-la-dotacion-para-servicios-sociales-en-blanca\\\/\"},\"wordCount\":459,\"publisher\":{\"@id\":\"https:\\\/\\\/blanca.es\\\/nuevaweb\\\/#organization\"},\"image\":{\"@id\":\"https:\\\/\\\/blanca.es\\\/nuevaweb\\\/familia-incrementa-un-27-por-ciento-la-dotacion-para-servicios-sociales-en-blanca\\\/#primaryimage\"},\"thumbnailUrl\":\"https:\\\/\\\/blanca.es\\\/nuevaweb\\\/wp-content\\\/uploads\\\/2017\\\/01\\\/Visita-residencia_3.jpg\",\"articleSection\":[\"Institucional\"],\"inLanguage\":\"es\"},{\"@type\":\"WebPage\",\"@id\":\"https:\\\/\\\/blanca.es\\\/nuevaweb\\\/familia-incrementa-un-27-por-ciento-la-dotacion-para-servicios-sociales-en-blanca\\\/\",\"url\":\"https:\\\/\\\/blanca.es\\\/nuevaweb\\\/familia-incrementa-un-27-por-ciento-la-dotacion-para-servicios-sociales-en-blanca\\\/\",\"name\":\"Familia incrementa un 27 por ciento la dotaci\u00f3n para Servicios Sociales en Blanca - Ayuntamiento de Blanca\",\"isPartOf\":{\"@id\":\"https:\\\/\\\/blanca.es\\\/nuevaweb\\\/#website\"},\"primaryImageOfPage\":{\"@id\":\"https:\\\/\\\/blanca.es\\\/nuevaweb\\\/familia-incrementa-un-27-por-ciento-la-dotacion-para-servicios-sociales-en-blanca\\\/#primaryimage\"},\"image\":{\"@id\":\"https:\\\/\\\/blanca.es\\\/nuevaweb\\\/familia-incrementa-un-27-por-ciento-la-dotacion-para-servicios-sociales-en-blanca\\\/#primaryimage\"},\"thumbnailUrl\":\"https:\\\/\\\/blanca.es\\\/nuevaweb\\\/wp-content\\\/uploads\\\/2017\\\/01\\\/Visita-residencia_3.jpg\",\"datePublished\":\"2017-01-17T13:13:11+00:00\",\"breadcrumb\":{\"@id\":\"https:\\\/\\\/blanca.es\\\/nuevaweb\\\/familia-incrementa-un-27-por-ciento-la-dotacion-para-servicios-sociales-en-blanca\\\/#breadcrumb\"},\"inLanguage\":\"es\",\"potentialAction\":[{\"@type\":\"ReadAction\",\"target\":[\"https:\\\/\\\/blanca.es\\\/nuevaweb\\\/familia-incrementa-un-27-por-ciento-la-dotacion-para-servicios-sociales-en-blanca\\\/\"]}]},{\"@type\":\"ImageObject\",\"inLanguage\":\"es\",\"@id\":\"https:\\\/\\\/blanca.es\\\/nuevaweb\\\/familia-incrementa-un-27-por-ciento-la-dotacion-para-servicios-sociales-en-blanca\\\/#primaryimage\",\"url\":\"https:\\\/\\\/blanca.es\\\/nuevaweb\\\/wp-content\\\/uploads\\\/2017\\\/01\\\/Visita-residencia_3.jpg\",\"contentUrl\":\"https:\\\/\\\/blanca.es\\\/nuevaweb\\\/wp-content\\\/uploads\\\/2017\\\/01\\\/Visita-residencia_3.jpg\",\"width\":1024,\"height\":681},{\"@type\":\"BreadcrumbList\",\"@id\":\"https:\\\/\\\/blanca.es\\\/nuevaweb\\\/familia-incrementa-un-27-por-ciento-la-dotacion-para-servicios-sociales-en-blanca\\\/#breadcrumb\",\"itemListElement\":[{\"@type\":\"ListItem\",\"position\":1,\"name\":\"Portada\",\"item\":\"https:\\\/\\\/blanca.es\\\/nuevaweb\\\/\"},{\"@type\":\"ListItem\",\"position\":2,\"name\":\"Familia incrementa un 27 por ciento la dotaci\u00f3n para Servicios Sociales en Blanca\"}]},{\"@type\":\"WebSite\",\"@id\":\"https:\\\/\\\/blanca.es\\\/nuevaweb\\\/#website\",\"url\":\"https:\\\/\\\/blanca.es\\\/nuevaweb\\\/\",\"name\":\"Ayuntamiento de Blanca\",\"description\":\"Web Municipal Blanca (Murcia)\",\"publisher\":{\"@id\":\"https:\\\/\\\/blanca.es\\\/nuevaweb\\\/#organization\"},\"potentialAction\":[{\"@type\":\"SearchAction\",\"target\":{\"@type\":\"EntryPoint\",\"urlTemplate\":\"https:\\\/\\\/blanca.es\\\/nuevaweb\\\/?s={search_term_string}\"},\"query-input\":{\"@type\":\"PropertyValueSpecification\",\"valueRequired\":true,\"valueName\":\"search_term_string\"}}],\"inLanguage\":\"es\"},{\"@type\":\"Organization\",\"@id\":\"https:\\\/\\\/blanca.es\\\/nuevaweb\\\/#organization\",\"name\":\"Ayuntamiento de Blanca\",\"url\":\"https:\\\/\\\/blanca.es\\\/nuevaweb\\\/\",\"logo\":{\"@type\":\"ImageObject\",\"inLanguage\":\"es\",\"@id\":\"https:\\\/\\\/blanca.es\\\/nuevaweb\\\/#\\\/schema\\\/logo\\\/image\\\/\",\"url\":\"https:\\\/\\\/blanca.es\\\/nuevaweb\\\/wp-content\\\/uploads\\\/2020\\\/09\\\/Escudo_alta_cuadrado-3.png\",\"contentUrl\":\"https:\\\/\\\/blanca.es\\\/nuevaweb\\\/wp-content\\\/uploads\\\/2020\\\/09\\\/Escudo_alta_cuadrado-3.png\",\"width\":300,\"height\":300,\"caption\":\"Ayuntamiento de Blanca\"},\"image\":{\"@id\":\"https:\\\/\\\/blanca.es\\\/nuevaweb\\\/#\\\/schema\\\/logo\\\/image\\\/\"},\"sameAs\":[\"https:\\\/\\\/es-es.facebook.com\\\/AyuntamientodeBlanca\",\"https:\\\/\\\/x.com\\\/ayto_blanca\",\"https:\\\/\\\/www.youtube.com\\\/channel\\\/UC9weal_OZVKN6meF0Fd_rqw\"]},{\"@type\":\"Person\",\"@id\":\"https:\\\/\\\/blanca.es\\\/nuevaweb\\\/#\\\/schema\\\/person\\\/068ffbe563a96e998dc141bd91d5a84a\",\"name\":\"Comunicaci\u00f3n\",\"image\":{\"@type\":\"ImageObject\",\"inLanguage\":\"es\",\"@id\":\"https:\\\/\\\/secure.gravatar.com\\\/avatar\\\/0a6839cedbb80e4510cc6b40b620b579d19c8c87d368475504cb313c55980873?s=96&d=mm&r=g\",\"url\":\"https:\\\/\\\/secure.gravatar.com\\\/avatar\\\/0a6839cedbb80e4510cc6b40b620b579d19c8c87d368475504cb313c55980873?s=96&d=mm&r=g\",\"contentUrl\":\"https:\\\/\\\/secure.gravatar.com\\\/avatar\\\/0a6839cedbb80e4510cc6b40b620b579d19c8c87d368475504cb313c55980873?s=96&d=mm&r=g\",\"caption\":\"Comunicaci\u00f3n\"}}]}<\/script>\n<!-- \/ Yoast SEO plugin. -->","yoast_head_json":{"title":"Familia incrementa un 27 por ciento la dotaci\u00f3n para Servicios Sociales en Blanca - Ayuntamiento de Blanca","robots":{"index":"index","follow":"follow","max-snippet":"max-snippet:-1","max-image-preview":"max-image-preview:large","max-video-preview":"max-video-preview:-1"},"canonical":"https:\/\/blanca.es\/nuevaweb\/familia-incrementa-un-27-por-ciento-la-dotacion-para-servicios-sociales-en-blanca\/","og_locale":"es_ES","og_type":"article","og_title":"Familia incrementa un 27 por ciento la dotaci\u00f3n para Servicios Sociales en Blanca - Ayuntamiento de Blanca","og_description":"La Consejer\u00eda de Familia e Igualdad de Oportunidades destina 484.000 euros a subvencionar 43 plazas concertadas en la residencia de personas mayores \u2018Virgen de Los Dolores\u2019 de Blanca La consejera de Familia e Igualdad de Oportunidades, Violante Tom\u00e1s, se reuni\u00f3 hoy en el Ayuntamiento Blanca con la alcaldesa, Esther Hortelano, para analizar la dotaci\u00f3n total [&hellip;]","og_url":"https:\/\/blanca.es\/nuevaweb\/familia-incrementa-un-27-por-ciento-la-dotacion-para-servicios-sociales-en-blanca\/","og_site_name":"Ayuntamiento de Blanca","article_publisher":"https:\/\/es-es.facebook.com\/AyuntamientodeBlanca","article_published_time":"2017-01-17T13:13:11+00:00","og_image":[{"width":1024,"height":681,"url":"https:\/\/blanca.es\/nuevaweb\/wp-content\/uploads\/2017\/01\/Visita-residencia_3.jpg","type":"image\/jpeg"}],"author":"Comunicaci\u00f3n","twitter_card":"summary_large_image","twitter_creator":"@ayto_blanca","twitter_site":"@ayto_blanca","twitter_misc":{"Escrito por":"Comunicaci\u00f3n","Tiempo de lectura":"2 minutos"},"schema":{"@context":"https:\/\/schema.org","@graph":[{"@type":"Article","@id":"https:\/\/blanca.es\/nuevaweb\/familia-incrementa-un-27-por-ciento-la-dotacion-para-servicios-sociales-en-blanca\/#article","isPartOf":{"@id":"https:\/\/blanca.es\/nuevaweb\/familia-incrementa-un-27-por-ciento-la-dotacion-para-servicios-sociales-en-blanca\/"},"author":{"name":"Comunicaci\u00f3n","@id":"https:\/\/blanca.es\/nuevaweb\/#\/schema\/person\/068ffbe563a96e998dc141bd91d5a84a"},"headline":"Familia incrementa un 27 por ciento la dotaci\u00f3n para Servicios Sociales en Blanca","datePublished":"2017-01-17T13:13:11+00:00","mainEntityOfPage":{"@id":"https:\/\/blanca.es\/nuevaweb\/familia-incrementa-un-27-por-ciento-la-dotacion-para-servicios-sociales-en-blanca\/"},"wordCount":459,"publisher":{"@id":"https:\/\/blanca.es\/nuevaweb\/#organization"},"image":{"@id":"https:\/\/blanca.es\/nuevaweb\/familia-incrementa-un-27-por-ciento-la-dotacion-para-servicios-sociales-en-blanca\/#primaryimage"},"thumbnailUrl":"https:\/\/blanca.es\/nuevaweb\/wp-content\/uploads\/2017\/01\/Visita-residencia_3.jpg","articleSection":["Institucional"],"inLanguage":"es"},{"@type":"WebPage","@id":"https:\/\/blanca.es\/nuevaweb\/familia-incrementa-un-27-por-ciento-la-dotacion-para-servicios-sociales-en-blanca\/","url":"https:\/\/blanca.es\/nuevaweb\/familia-incrementa-un-27-por-ciento-la-dotacion-para-servicios-sociales-en-blanca\/","name":"Familia incrementa un 27 por ciento la dotaci\u00f3n para Servicios Sociales en Blanca - Ayuntamiento de Blanca","isPartOf":{"@id":"https:\/\/blanca.es\/nuevaweb\/#website"},"primaryImageOfPage":{"@id":"https:\/\/blanca.es\/nuevaweb\/familia-incrementa-un-27-por-ciento-la-dotacion-para-servicios-sociales-en-blanca\/#primaryimage"},"image":{"@id":"https:\/\/blanca.es\/nuevaweb\/familia-incrementa-un-27-por-ciento-la-dotacion-para-servicios-sociales-en-blanca\/#primaryimage"},"thumbnailUrl":"https:\/\/blanca.es\/nuevaweb\/wp-content\/uploads\/2017\/01\/Visita-residencia_3.jpg","datePublished":"2017-01-17T13:13:11+00:00","breadcrumb":{"@id":"https:\/\/blanca.es\/nuevaweb\/familia-incrementa-un-27-por-ciento-la-dotacion-para-servicios-sociales-en-blanca\/#breadcrumb"},"inLanguage":"es","potentialAction":[{"@type":"ReadAction","target":["https:\/\/blanca.es\/nuevaweb\/familia-incrementa-un-27-por-ciento-la-dotacion-para-servicios-sociales-en-blanca\/"]}]},{"@type":"ImageObject","inLanguage":"es","@id":"https:\/\/blanca.es\/nuevaweb\/familia-incrementa-un-27-por-ciento-la-dotacion-para-servicios-sociales-en-blanca\/#primaryimage","url":"https:\/\/blanca.es\/nuevaweb\/wp-content\/uploads\/2017\/01\/Visita-residencia_3.jpg","contentUrl":"https:\/\/blanca.es\/nuevaweb\/wp-content\/uploads\/2017\/01\/Visita-residencia_3.jpg","width":1024,"height":681},{"@type":"BreadcrumbList","@id":"https:\/\/blanca.es\/nuevaweb\/familia-incrementa-un-27-por-ciento-la-dotacion-para-servicios-sociales-en-blanca\/#breadcrumb","itemListElement":[{"@type":"ListItem","position":1,"name":"Portada","item":"https:\/\/blanca.es\/nuevaweb\/"},{"@type":"ListItem","position":2,"name":"Familia incrementa un 27 por ciento la dotaci\u00f3n para Servicios Sociales en Blanca"}]},{"@type":"WebSite","@id":"https:\/\/blanca.es\/nuevaweb\/#website","url":"https:\/\/blanca.es\/nuevaweb\/","name":"Ayuntamiento de Blanca","description":"Web Municipal Blanca (Murcia)","publisher":{"@id":"https:\/\/blanca.es\/nuevaweb\/#organization"},"potentialAction":[{"@type":"SearchAction","target":{"@type":"EntryPoint","urlTemplate":"https:\/\/blanca.es\/nuevaweb\/?s={search_term_string}"},"query-input":{"@type":"PropertyValueSpecification","valueRequired":true,"valueName":"search_term_string"}}],"inLanguage":"es"},{"@type":"Organization","@id":"https:\/\/blanca.es\/nuevaweb\/#organization","name":"Ayuntamiento de Blanca","url":"https:\/\/blanca.es\/nuevaweb\/","logo":{"@type":"ImageObject","inLanguage":"es","@id":"https:\/\/blanca.es\/nuevaweb\/#\/schema\/logo\/image\/","url":"https:\/\/blanca.es\/nuevaweb\/wp-content\/uploads\/2020\/09\/Escudo_alta_cuadrado-3.png","contentUrl":"https:\/\/blanca.es\/nuevaweb\/wp-content\/uploads\/2020\/09\/Escudo_alta_cuadrado-3.png","width":300,"height":300,"caption":"Ayuntamiento de Blanca"},"image":{"@id":"https:\/\/blanca.es\/nuevaweb\/#\/schema\/logo\/image\/"},"sameAs":["https:\/\/es-es.facebook.com\/AyuntamientodeBlanca","https:\/\/x.com\/ayto_blanca","https:\/\/www.youtube.com\/channel\/UC9weal_OZVKN6meF0Fd_rqw"]},{"@type":"Person","@id":"https:\/\/blanca.es\/nuevaweb\/#\/schema\/person\/068ffbe563a96e998dc141bd91d5a84a","name":"Comunicaci\u00f3n","image":{"@type":"ImageObject","inLanguage":"es","@id":"https:\/\/secure.gravatar.com\/avatar\/0a6839cedbb80e4510cc6b40b620b579d19c8c87d368475504cb313c55980873?s=96&d=mm&r=g","url":"https:\/\/secure.gravatar.com\/avatar\/0a6839cedbb80e4510cc6b40b620b579d19c8c87d368475504cb313c55980873?s=96&d=mm&r=g","contentUrl":"https:\/\/secure.gravatar.com\/avatar\/0a6839cedbb80e4510cc6b40b620b579d19c8c87d368475504cb313c55980873?s=96&d=mm&r=g","caption":"Comunicaci\u00f3n"}}]}},"_links":{"self":[{"href":"https:\/\/blanca.es\/nuevaweb\/wp-json\/wp\/v2\/posts\/3341","targetHints":{"allow":["GET"]}}],"collection":[{"href":"https:\/\/blanca.es\/nuevaweb\/wp-json\/wp\/v2\/posts"}],"about":[{"href":"https:\/\/blanca.es\/nuevaweb\/wp-json\/wp\/v2\/types\/post"}],"author":[{"embeddable":true,"href":"https:\/\/blanca.es\/nuevaweb\/wp-json\/wp\/v2\/users\/2"}],"replies":[{"embeddable":true,"href":"https:\/\/blanca.es\/nuevaweb\/wp-json\/wp\/v2\/comments?post=3341"}],"version-history":[{"count":0,"href":"https:\/\/blanca.es\/nuevaweb\/wp-json\/wp\/v2\/posts\/3341\/revisions"}],"wp:featuredmedia":[{"embeddable":true,"href":"https:\/\/blanca.es\/nuevaweb\/wp-json\/wp\/v2\/media\/3346"}],"wp:attachment":[{"href":"https:\/\/blanca.es\/nuevaweb\/wp-json\/wp\/v2\/media?parent=3341"}],"wp:term":[{"taxonomy":"category","embeddable":true,"href":"https:\/\/blanca.es\/nuevaweb\/wp-json\/wp\/v2\/categories?post=3341"},{"taxonomy":"post_tag","embeddable":true,"href":"https:\/\/blanca.es\/nuevaweb\/wp-json\/wp\/v2\/tags?post=3341"}],"curies":[{"name":"wp","href":"https:\/\/api.w.org\/{rel}","templated":true}]}}