{"id":3644,"date":"2017-01-26T13:12:44","date_gmt":"2017-01-26T12:12:44","guid":{"rendered":"http:\/\/blanca.es\/?p=3644"},"modified":"2017-01-26T13:12:44","modified_gmt":"2017-01-26T12:12:44","slug":"arranca-la-segunda-edicion-del-certamen-teatro-comico-amateur-blanca","status":"publish","type":"post","link":"https:\/\/blanca.es\/nuevaweb\/arranca-la-segunda-edicion-del-certamen-teatro-comico-amateur-blanca\/","title":{"rendered":"Arranca la segunda edici\u00f3n del certamen de teatro c\u00f3mico amateur de Blanca"},"content":{"rendered":"<p><a href=\"http:\/\/blanca.es\/web\/wp-content\/uploads\/2017\/01\/Teatro-Amateur.jpeg\"><img loading=\"lazy\" decoding=\"async\" class=\"alignnone wp-image-3645 size-medium\" src=\"http:\/\/blanca.es\/web\/wp-content\/uploads\/2017\/01\/Teatro-Amateur-300x242.jpeg\" width=\"300\" height=\"242\" srcset=\"https:\/\/blanca.es\/nuevaweb\/wp-content\/uploads\/2017\/01\/Teatro-Amateur-300x242.jpeg 300w, https:\/\/blanca.es\/nuevaweb\/wp-content\/uploads\/2017\/01\/Teatro-Amateur-768x620.jpeg 768w, https:\/\/blanca.es\/nuevaweb\/wp-content\/uploads\/2017\/01\/Teatro-Amateur.jpeg 1024w\" sizes=\"auto, (max-width: 300px) 100vw, 300px\" \/><\/a><\/p>\n<p>La concejal de Cultura del ayuntamiento de Blanca, Soledad R\u00edos, present\u00f3 en la ma\u00f1ana de hoy el cartel del II Certamen de Teatro C\u00f3mico Amateur &#8216;Amigos del Teatro&#8217; que organiza la asociaci\u00f3n &#8216;Teatro Amistad&#8217; en colaboraci\u00f3n con el Consistorio Municipal. El Certamen se desarrollar\u00e1 en el Teatro Victoria durante los pr\u00f3ximos cuatro s\u00e1bados a las 20.30 horas, y cada entrada tendr\u00e1 un precio de 3 euros. Adem\u00e1s, se ha creado un bono para las cuatro funciones por 10 euros.<\/p>\n<p>Para R\u00edos, se trata de un proyecto \u00abentra\u00f1able\u00bb donde las bases culturales son las \u00abaut\u00e9nticas protagonistas\u00bb. \u00abDesde la concejal\u00eda de Cultura siempre vamos a apoyar este tipo de iniciativas ya que apostamos porque los ciudadanos sean los que hagan cultura a trav\u00e9s del asociacionismo\u00bb ha asegurado la edil blanque\u00f1a.<\/p>\n<p>La comedia vuelve a ser la tem\u00e1tica elegida para el certamen que contar\u00e1 con la participaci\u00f3n de los grupos de teatro <em>El lugar de D. Juan Teatro,<\/em> <em>Amar de la Pe\u00f1a la Gran\u00e1, Olea y Teatro Amistad<\/em>. Estos \u00faltimos, como organizadores, no formar\u00e1n parte del concurso.<\/p>\n<p>Las actuaciones comenzar\u00e1n este s\u00e1bado 28 de enero, con el grupo de t<\/p>\n<p>eatro El lugar de D. Juan Tenorio, que interpretar\u00e1n la obra &#8216;Prohibido suicidarse en Primavera<\/p>\n<p><a href=\"http:\/\/blanca.es\/web\/wp-content\/uploads\/2017\/01\/II-Certamen-de-teatro-comico-amateur-de-Blanca.jpg\"><img loading=\"lazy\" decoding=\"async\" class=\"alignnone wp-image-3649 size-medium\" src=\"http:\/\/blanca.es\/web\/wp-content\/uploads\/2017\/01\/II-Certamen-de-teatro-comico-amateur-de-Blanca-212x300.jpg\" width=\"212\" height=\"300\" srcset=\"https:\/\/blanca.es\/nuevaweb\/wp-content\/uploads\/2017\/01\/II-Certamen-de-teatro-comico-amateur-de-Blanca-212x300.jpg 212w, https:\/\/blanca.es\/nuevaweb\/wp-content\/uploads\/2017\/01\/II-Certamen-de-teatro-comico-amateur-de-Blanca-724x1024.jpg 724w, https:\/\/blanca.es\/nuevaweb\/wp-content\/uploads\/2017\/01\/II-Certamen-de-teatro-comico-amateur-de-Blanca-768x1086.jpg 768w, https:\/\/blanca.es\/nuevaweb\/wp-content\/uploads\/2017\/01\/II-Certamen-de-teatro-comico-amateur-de-Blanca.jpg 1024w\" sizes=\"auto, (max-width: 212px) 100vw, 212px\" \/><\/a><\/p>\n<p><strong>Funciones<\/strong><\/p>\n<p><strong>D\u00cdA: <\/strong>28 de enero (20.30H)<\/p>\n<p><strong>GRUPO: <\/strong>El lugar de D. Juan Teatro (Murcia)<\/p>\n<p><strong>OBRA:<\/strong> Prohibido suicidarse en Primavera<\/p>\n<p><strong>&#8212;&#8212;&#8212;&#8212;&#8212;&#8212;&#8212;&#8212;&#8212;&#8212;&#8212;&#8212;<\/strong><\/p>\n<p><strong>D\u00cdA: <\/strong>4 de febrero (20.30H)<\/p>\n<p><strong>GRUPO: <\/strong>Amar de la Pe\u00f1a la Gran\u00e1 (Murcia)<\/p>\n<p><strong>OBRA:<\/strong> Los chorros del oro y la real gana<\/p>\n<p>&#8212;&#8212;&#8212;&#8212;&#8212;&#8212;&#8212;&#8212;&#8212;&#8212;&#8212;&#8212;-<\/p>\n<p><strong>D\u00cdA: <\/strong>11 de febrero (20.30H)<\/p>\n<p><strong>GRUPO: <\/strong>Olea (Algezares)<\/p>\n<p><strong>OBRA:<\/strong> Angelina, o el honor de un brigadier<\/p>\n<p>&#8212;&#8212;&#8212;&#8212;&#8212;&#8212;&#8212;&#8212;&#8212;&#8212;&#8212;&#8212;&#8211;<\/p>\n<p><strong>D\u00cdA: <\/strong>18 de febrero (20.30H)<\/p>\n<p><strong>GRUPO: <\/strong>Teatro Amistad (Blanca)<\/p>\n<p><strong>OBRA:<\/strong> Los Marqueses de Matute<\/p>\n","protected":false},"excerpt":{"rendered":"<p>La concejal de Cultura del ayuntamiento de Blanca, Soledad R\u00edos, present\u00f3 en la ma\u00f1ana de hoy el cartel del II Certamen de Teatro C\u00f3mico Amateur &#8216;Amigos del Teatro&#8217; que organiza la asociaci\u00f3n &#8216;Teatro Amistad&#8217; en colaboraci\u00f3n con el Consistorio Municipal. El Certamen se desarrollar\u00e1 en el Teatro Victoria durante los pr\u00f3ximos cuatro s\u00e1bados a las [&hellip;]<\/p>\n","protected":false},"author":2,"featured_media":3645,"comment_status":"closed","ping_status":"open","sticky":false,"template":"","format":"standard","meta":{"footnotes":""},"categories":[160],"tags":[],"class_list":["post-3644","post","type-post","status-publish","format-standard","has-post-thumbnail","hentry","category-cul_tur"],"yoast_head":"<!-- This site is optimized with the Yoast SEO plugin v28.1 - https:\/\/yoast.com\/product\/yoast-seo-wordpress\/ -->\n<title>Arranca la segunda edici\u00f3n del certamen de teatro c\u00f3mico amateur de Blanca - Ayuntamiento de Blanca<\/title>\n<meta name=\"robots\" content=\"index, follow, max-snippet:-1, max-image-preview:large, max-video-preview:-1\" \/>\n<link rel=\"canonical\" href=\"https:\/\/blanca.es\/nuevaweb\/arranca-la-segunda-edicion-del-certamen-teatro-comico-amateur-blanca\/\" \/>\n<meta property=\"og:locale\" content=\"es_ES\" \/>\n<meta property=\"og:type\" content=\"article\" \/>\n<meta property=\"og:title\" content=\"Arranca la segunda edici\u00f3n del certamen de teatro c\u00f3mico amateur de Blanca - Ayuntamiento de Blanca\" \/>\n<meta property=\"og:description\" content=\"La concejal de Cultura del ayuntamiento de Blanca, Soledad R\u00edos, present\u00f3 en la ma\u00f1ana de hoy el cartel del II Certamen de Teatro C\u00f3mico Amateur &#8216;Amigos del Teatro&#8217; que organiza la asociaci\u00f3n &#8216;Teatro Amistad&#8217; en colaboraci\u00f3n con el Consistorio Municipal. El Certamen se desarrollar\u00e1 en el Teatro Victoria durante los pr\u00f3ximos cuatro s\u00e1bados a las [&hellip;]\" \/>\n<meta property=\"og:url\" content=\"https:\/\/blanca.es\/nuevaweb\/arranca-la-segunda-edicion-del-certamen-teatro-comico-amateur-blanca\/\" \/>\n<meta property=\"og:site_name\" content=\"Ayuntamiento de Blanca\" \/>\n<meta property=\"article:publisher\" content=\"https:\/\/es-es.facebook.com\/AyuntamientodeBlanca\" \/>\n<meta property=\"article:published_time\" content=\"2017-01-26T12:12:44+00:00\" \/>\n<meta property=\"og:image\" content=\"https:\/\/blanca.es\/nuevaweb\/wp-content\/uploads\/2017\/01\/Teatro-Amateur.jpeg\" \/>\n\t<meta property=\"og:image:width\" content=\"1024\" \/>\n\t<meta property=\"og:image:height\" content=\"827\" \/>\n\t<meta property=\"og:image:type\" content=\"image\/jpeg\" \/>\n<meta name=\"author\" content=\"Comunicaci\u00f3n\" \/>\n<meta name=\"twitter:card\" content=\"summary_large_image\" \/>\n<meta name=\"twitter:creator\" content=\"@ayto_blanca\" \/>\n<meta name=\"twitter:site\" content=\"@ayto_blanca\" \/>\n<meta name=\"twitter:label1\" content=\"Escrito por\" \/>\n\t<meta name=\"twitter:data1\" content=\"Comunicaci\u00f3n\" \/>\n\t<meta name=\"twitter:label2\" content=\"Tiempo de lectura\" \/>\n\t<meta name=\"twitter:data2\" content=\"1 minuto\" \/>\n<script type=\"application\/ld+json\" class=\"yoast-schema-graph\">{\"@context\":\"https:\\\/\\\/schema.org\",\"@graph\":[{\"@type\":\"Article\",\"@id\":\"https:\\\/\\\/blanca.es\\\/nuevaweb\\\/arranca-la-segunda-edicion-del-certamen-teatro-comico-amateur-blanca\\\/#article\",\"isPartOf\":{\"@id\":\"https:\\\/\\\/blanca.es\\\/nuevaweb\\\/arranca-la-segunda-edicion-del-certamen-teatro-comico-amateur-blanca\\\/\"},\"author\":{\"name\":\"Comunicaci\u00f3n\",\"@id\":\"https:\\\/\\\/blanca.es\\\/nuevaweb\\\/#\\\/schema\\\/person\\\/068ffbe563a96e998dc141bd91d5a84a\"},\"headline\":\"Arranca la segunda edici\u00f3n del certamen de teatro c\u00f3mico amateur de Blanca\",\"datePublished\":\"2017-01-26T12:12:44+00:00\",\"mainEntityOfPage\":{\"@id\":\"https:\\\/\\\/blanca.es\\\/nuevaweb\\\/arranca-la-segunda-edicion-del-certamen-teatro-comico-amateur-blanca\\\/\"},\"wordCount\":308,\"publisher\":{\"@id\":\"https:\\\/\\\/blanca.es\\\/nuevaweb\\\/#organization\"},\"image\":{\"@id\":\"https:\\\/\\\/blanca.es\\\/nuevaweb\\\/arranca-la-segunda-edicion-del-certamen-teatro-comico-amateur-blanca\\\/#primaryimage\"},\"thumbnailUrl\":\"https:\\\/\\\/blanca.es\\\/nuevaweb\\\/wp-content\\\/uploads\\\/2017\\\/01\\\/Teatro-Amateur.jpeg\",\"articleSection\":[\"Cultura y Turismo\"],\"inLanguage\":\"es\"},{\"@type\":\"WebPage\",\"@id\":\"https:\\\/\\\/blanca.es\\\/nuevaweb\\\/arranca-la-segunda-edicion-del-certamen-teatro-comico-amateur-blanca\\\/\",\"url\":\"https:\\\/\\\/blanca.es\\\/nuevaweb\\\/arranca-la-segunda-edicion-del-certamen-teatro-comico-amateur-blanca\\\/\",\"name\":\"Arranca la segunda edici\u00f3n del certamen de teatro c\u00f3mico amateur de Blanca - Ayuntamiento de Blanca\",\"isPartOf\":{\"@id\":\"https:\\\/\\\/blanca.es\\\/nuevaweb\\\/#website\"},\"primaryImageOfPage\":{\"@id\":\"https:\\\/\\\/blanca.es\\\/nuevaweb\\\/arranca-la-segunda-edicion-del-certamen-teatro-comico-amateur-blanca\\\/#primaryimage\"},\"image\":{\"@id\":\"https:\\\/\\\/blanca.es\\\/nuevaweb\\\/arranca-la-segunda-edicion-del-certamen-teatro-comico-amateur-blanca\\\/#primaryimage\"},\"thumbnailUrl\":\"https:\\\/\\\/blanca.es\\\/nuevaweb\\\/wp-content\\\/uploads\\\/2017\\\/01\\\/Teatro-Amateur.jpeg\",\"datePublished\":\"2017-01-26T12:12:44+00:00\",\"breadcrumb\":{\"@id\":\"https:\\\/\\\/blanca.es\\\/nuevaweb\\\/arranca-la-segunda-edicion-del-certamen-teatro-comico-amateur-blanca\\\/#breadcrumb\"},\"inLanguage\":\"es\",\"potentialAction\":[{\"@type\":\"ReadAction\",\"target\":[\"https:\\\/\\\/blanca.es\\\/nuevaweb\\\/arranca-la-segunda-edicion-del-certamen-teatro-comico-amateur-blanca\\\/\"]}]},{\"@type\":\"ImageObject\",\"inLanguage\":\"es\",\"@id\":\"https:\\\/\\\/blanca.es\\\/nuevaweb\\\/arranca-la-segunda-edicion-del-certamen-teatro-comico-amateur-blanca\\\/#primaryimage\",\"url\":\"https:\\\/\\\/blanca.es\\\/nuevaweb\\\/wp-content\\\/uploads\\\/2017\\\/01\\\/Teatro-Amateur.jpeg\",\"contentUrl\":\"https:\\\/\\\/blanca.es\\\/nuevaweb\\\/wp-content\\\/uploads\\\/2017\\\/01\\\/Teatro-Amateur.jpeg\",\"width\":1024,\"height\":827},{\"@type\":\"BreadcrumbList\",\"@id\":\"https:\\\/\\\/blanca.es\\\/nuevaweb\\\/arranca-la-segunda-edicion-del-certamen-teatro-comico-amateur-blanca\\\/#breadcrumb\",\"itemListElement\":[{\"@type\":\"ListItem\",\"position\":1,\"name\":\"Portada\",\"item\":\"https:\\\/\\\/blanca.es\\\/nuevaweb\\\/\"},{\"@type\":\"ListItem\",\"position\":2,\"name\":\"Arranca la segunda edici\u00f3n del certamen de teatro c\u00f3mico amateur de Blanca\"}]},{\"@type\":\"WebSite\",\"@id\":\"https:\\\/\\\/blanca.es\\\/nuevaweb\\\/#website\",\"url\":\"https:\\\/\\\/blanca.es\\\/nuevaweb\\\/\",\"name\":\"Ayuntamiento de Blanca\",\"description\":\"Web Municipal Blanca (Murcia)\",\"publisher\":{\"@id\":\"https:\\\/\\\/blanca.es\\\/nuevaweb\\\/#organization\"},\"potentialAction\":[{\"@type\":\"SearchAction\",\"target\":{\"@type\":\"EntryPoint\",\"urlTemplate\":\"https:\\\/\\\/blanca.es\\\/nuevaweb\\\/?s={search_term_string}\"},\"query-input\":{\"@type\":\"PropertyValueSpecification\",\"valueRequired\":true,\"valueName\":\"search_term_string\"}}],\"inLanguage\":\"es\"},{\"@type\":\"Organization\",\"@id\":\"https:\\\/\\\/blanca.es\\\/nuevaweb\\\/#organization\",\"name\":\"Ayuntamiento de Blanca\",\"url\":\"https:\\\/\\\/blanca.es\\\/nuevaweb\\\/\",\"logo\":{\"@type\":\"ImageObject\",\"inLanguage\":\"es\",\"@id\":\"https:\\\/\\\/blanca.es\\\/nuevaweb\\\/#\\\/schema\\\/logo\\\/image\\\/\",\"url\":\"https:\\\/\\\/blanca.es\\\/nuevaweb\\\/wp-content\\\/uploads\\\/2020\\\/09\\\/Escudo_alta_cuadrado-3.png\",\"contentUrl\":\"https:\\\/\\\/blanca.es\\\/nuevaweb\\\/wp-content\\\/uploads\\\/2020\\\/09\\\/Escudo_alta_cuadrado-3.png\",\"width\":300,\"height\":300,\"caption\":\"Ayuntamiento de Blanca\"},\"image\":{\"@id\":\"https:\\\/\\\/blanca.es\\\/nuevaweb\\\/#\\\/schema\\\/logo\\\/image\\\/\"},\"sameAs\":[\"https:\\\/\\\/es-es.facebook.com\\\/AyuntamientodeBlanca\",\"https:\\\/\\\/x.com\\\/ayto_blanca\",\"https:\\\/\\\/www.youtube.com\\\/channel\\\/UC9weal_OZVKN6meF0Fd_rqw\"]},{\"@type\":\"Person\",\"@id\":\"https:\\\/\\\/blanca.es\\\/nuevaweb\\\/#\\\/schema\\\/person\\\/068ffbe563a96e998dc141bd91d5a84a\",\"name\":\"Comunicaci\u00f3n\",\"image\":{\"@type\":\"ImageObject\",\"inLanguage\":\"es\",\"@id\":\"https:\\\/\\\/secure.gravatar.com\\\/avatar\\\/0a6839cedbb80e4510cc6b40b620b579d19c8c87d368475504cb313c55980873?s=96&d=mm&r=g\",\"url\":\"https:\\\/\\\/secure.gravatar.com\\\/avatar\\\/0a6839cedbb80e4510cc6b40b620b579d19c8c87d368475504cb313c55980873?s=96&d=mm&r=g\",\"contentUrl\":\"https:\\\/\\\/secure.gravatar.com\\\/avatar\\\/0a6839cedbb80e4510cc6b40b620b579d19c8c87d368475504cb313c55980873?s=96&d=mm&r=g\",\"caption\":\"Comunicaci\u00f3n\"}}]}<\/script>\n<!-- \/ Yoast SEO plugin. -->","yoast_head_json":{"title":"Arranca la segunda edici\u00f3n del certamen de teatro c\u00f3mico amateur de Blanca - Ayuntamiento de Blanca","robots":{"index":"index","follow":"follow","max-snippet":"max-snippet:-1","max-image-preview":"max-image-preview:large","max-video-preview":"max-video-preview:-1"},"canonical":"https:\/\/blanca.es\/nuevaweb\/arranca-la-segunda-edicion-del-certamen-teatro-comico-amateur-blanca\/","og_locale":"es_ES","og_type":"article","og_title":"Arranca la segunda edici\u00f3n del certamen de teatro c\u00f3mico amateur de Blanca - Ayuntamiento de Blanca","og_description":"La concejal de Cultura del ayuntamiento de Blanca, Soledad R\u00edos, present\u00f3 en la ma\u00f1ana de hoy el cartel del II Certamen de Teatro C\u00f3mico Amateur &#8216;Amigos del Teatro&#8217; que organiza la asociaci\u00f3n &#8216;Teatro Amistad&#8217; en colaboraci\u00f3n con el Consistorio Municipal. El Certamen se desarrollar\u00e1 en el Teatro Victoria durante los pr\u00f3ximos cuatro s\u00e1bados a las [&hellip;]","og_url":"https:\/\/blanca.es\/nuevaweb\/arranca-la-segunda-edicion-del-certamen-teatro-comico-amateur-blanca\/","og_site_name":"Ayuntamiento de Blanca","article_publisher":"https:\/\/es-es.facebook.com\/AyuntamientodeBlanca","article_published_time":"2017-01-26T12:12:44+00:00","og_image":[{"width":1024,"height":827,"url":"https:\/\/blanca.es\/nuevaweb\/wp-content\/uploads\/2017\/01\/Teatro-Amateur.jpeg","type":"image\/jpeg"}],"author":"Comunicaci\u00f3n","twitter_card":"summary_large_image","twitter_creator":"@ayto_blanca","twitter_site":"@ayto_blanca","twitter_misc":{"Escrito por":"Comunicaci\u00f3n","Tiempo de lectura":"1 minuto"},"schema":{"@context":"https:\/\/schema.org","@graph":[{"@type":"Article","@id":"https:\/\/blanca.es\/nuevaweb\/arranca-la-segunda-edicion-del-certamen-teatro-comico-amateur-blanca\/#article","isPartOf":{"@id":"https:\/\/blanca.es\/nuevaweb\/arranca-la-segunda-edicion-del-certamen-teatro-comico-amateur-blanca\/"},"author":{"name":"Comunicaci\u00f3n","@id":"https:\/\/blanca.es\/nuevaweb\/#\/schema\/person\/068ffbe563a96e998dc141bd91d5a84a"},"headline":"Arranca la segunda edici\u00f3n del certamen de teatro c\u00f3mico amateur de Blanca","datePublished":"2017-01-26T12:12:44+00:00","mainEntityOfPage":{"@id":"https:\/\/blanca.es\/nuevaweb\/arranca-la-segunda-edicion-del-certamen-teatro-comico-amateur-blanca\/"},"wordCount":308,"publisher":{"@id":"https:\/\/blanca.es\/nuevaweb\/#organization"},"image":{"@id":"https:\/\/blanca.es\/nuevaweb\/arranca-la-segunda-edicion-del-certamen-teatro-comico-amateur-blanca\/#primaryimage"},"thumbnailUrl":"https:\/\/blanca.es\/nuevaweb\/wp-content\/uploads\/2017\/01\/Teatro-Amateur.jpeg","articleSection":["Cultura y Turismo"],"inLanguage":"es"},{"@type":"WebPage","@id":"https:\/\/blanca.es\/nuevaweb\/arranca-la-segunda-edicion-del-certamen-teatro-comico-amateur-blanca\/","url":"https:\/\/blanca.es\/nuevaweb\/arranca-la-segunda-edicion-del-certamen-teatro-comico-amateur-blanca\/","name":"Arranca la segunda edici\u00f3n del certamen de teatro c\u00f3mico amateur de Blanca - Ayuntamiento de Blanca","isPartOf":{"@id":"https:\/\/blanca.es\/nuevaweb\/#website"},"primaryImageOfPage":{"@id":"https:\/\/blanca.es\/nuevaweb\/arranca-la-segunda-edicion-del-certamen-teatro-comico-amateur-blanca\/#primaryimage"},"image":{"@id":"https:\/\/blanca.es\/nuevaweb\/arranca-la-segunda-edicion-del-certamen-teatro-comico-amateur-blanca\/#primaryimage"},"thumbnailUrl":"https:\/\/blanca.es\/nuevaweb\/wp-content\/uploads\/2017\/01\/Teatro-Amateur.jpeg","datePublished":"2017-01-26T12:12:44+00:00","breadcrumb":{"@id":"https:\/\/blanca.es\/nuevaweb\/arranca-la-segunda-edicion-del-certamen-teatro-comico-amateur-blanca\/#breadcrumb"},"inLanguage":"es","potentialAction":[{"@type":"ReadAction","target":["https:\/\/blanca.es\/nuevaweb\/arranca-la-segunda-edicion-del-certamen-teatro-comico-amateur-blanca\/"]}]},{"@type":"ImageObject","inLanguage":"es","@id":"https:\/\/blanca.es\/nuevaweb\/arranca-la-segunda-edicion-del-certamen-teatro-comico-amateur-blanca\/#primaryimage","url":"https:\/\/blanca.es\/nuevaweb\/wp-content\/uploads\/2017\/01\/Teatro-Amateur.jpeg","contentUrl":"https:\/\/blanca.es\/nuevaweb\/wp-content\/uploads\/2017\/01\/Teatro-Amateur.jpeg","width":1024,"height":827},{"@type":"BreadcrumbList","@id":"https:\/\/blanca.es\/nuevaweb\/arranca-la-segunda-edicion-del-certamen-teatro-comico-amateur-blanca\/#breadcrumb","itemListElement":[{"@type":"ListItem","position":1,"name":"Portada","item":"https:\/\/blanca.es\/nuevaweb\/"},{"@type":"ListItem","position":2,"name":"Arranca la segunda edici\u00f3n del certamen de teatro c\u00f3mico amateur de Blanca"}]},{"@type":"WebSite","@id":"https:\/\/blanca.es\/nuevaweb\/#website","url":"https:\/\/blanca.es\/nuevaweb\/","name":"Ayuntamiento de Blanca","description":"Web Municipal Blanca (Murcia)","publisher":{"@id":"https:\/\/blanca.es\/nuevaweb\/#organization"},"potentialAction":[{"@type":"SearchAction","target":{"@type":"EntryPoint","urlTemplate":"https:\/\/blanca.es\/nuevaweb\/?s={search_term_string}"},"query-input":{"@type":"PropertyValueSpecification","valueRequired":true,"valueName":"search_term_string"}}],"inLanguage":"es"},{"@type":"Organization","@id":"https:\/\/blanca.es\/nuevaweb\/#organization","name":"Ayuntamiento de Blanca","url":"https:\/\/blanca.es\/nuevaweb\/","logo":{"@type":"ImageObject","inLanguage":"es","@id":"https:\/\/blanca.es\/nuevaweb\/#\/schema\/logo\/image\/","url":"https:\/\/blanca.es\/nuevaweb\/wp-content\/uploads\/2020\/09\/Escudo_alta_cuadrado-3.png","contentUrl":"https:\/\/blanca.es\/nuevaweb\/wp-content\/uploads\/2020\/09\/Escudo_alta_cuadrado-3.png","width":300,"height":300,"caption":"Ayuntamiento de Blanca"},"image":{"@id":"https:\/\/blanca.es\/nuevaweb\/#\/schema\/logo\/image\/"},"sameAs":["https:\/\/es-es.facebook.com\/AyuntamientodeBlanca","https:\/\/x.com\/ayto_blanca","https:\/\/www.youtube.com\/channel\/UC9weal_OZVKN6meF0Fd_rqw"]},{"@type":"Person","@id":"https:\/\/blanca.es\/nuevaweb\/#\/schema\/person\/068ffbe563a96e998dc141bd91d5a84a","name":"Comunicaci\u00f3n","image":{"@type":"ImageObject","inLanguage":"es","@id":"https:\/\/secure.gravatar.com\/avatar\/0a6839cedbb80e4510cc6b40b620b579d19c8c87d368475504cb313c55980873?s=96&d=mm&r=g","url":"https:\/\/secure.gravatar.com\/avatar\/0a6839cedbb80e4510cc6b40b620b579d19c8c87d368475504cb313c55980873?s=96&d=mm&r=g","contentUrl":"https:\/\/secure.gravatar.com\/avatar\/0a6839cedbb80e4510cc6b40b620b579d19c8c87d368475504cb313c55980873?s=96&d=mm&r=g","caption":"Comunicaci\u00f3n"}}]}},"_links":{"self":[{"href":"https:\/\/blanca.es\/nuevaweb\/wp-json\/wp\/v2\/posts\/3644","targetHints":{"allow":["GET"]}}],"collection":[{"href":"https:\/\/blanca.es\/nuevaweb\/wp-json\/wp\/v2\/posts"}],"about":[{"href":"https:\/\/blanca.es\/nuevaweb\/wp-json\/wp\/v2\/types\/post"}],"author":[{"embeddable":true,"href":"https:\/\/blanca.es\/nuevaweb\/wp-json\/wp\/v2\/users\/2"}],"replies":[{"embeddable":true,"href":"https:\/\/blanca.es\/nuevaweb\/wp-json\/wp\/v2\/comments?post=3644"}],"version-history":[{"count":0,"href":"https:\/\/blanca.es\/nuevaweb\/wp-json\/wp\/v2\/posts\/3644\/revisions"}],"wp:featuredmedia":[{"embeddable":true,"href":"https:\/\/blanca.es\/nuevaweb\/wp-json\/wp\/v2\/media\/3645"}],"wp:attachment":[{"href":"https:\/\/blanca.es\/nuevaweb\/wp-json\/wp\/v2\/media?parent=3644"}],"wp:term":[{"taxonomy":"category","embeddable":true,"href":"https:\/\/blanca.es\/nuevaweb\/wp-json\/wp\/v2\/categories?post=3644"},{"taxonomy":"post_tag","embeddable":true,"href":"https:\/\/blanca.es\/nuevaweb\/wp-json\/wp\/v2\/tags?post=3644"}],"curies":[{"name":"wp","href":"https:\/\/api.w.org\/{rel}","templated":true}]}}