{"id":4267,"date":"2017-03-03T14:02:47","date_gmt":"2017-03-03T13:02:47","guid":{"rendered":"http:\/\/blanca.es\/?p=4267"},"modified":"2017-03-03T14:02:47","modified_gmt":"2017-03-03T13:02:47","slug":"blanca-acoge-manana-primer-encierro-toros","status":"publish","type":"post","link":"https:\/\/blanca.es\/nuevaweb\/blanca-acoge-manana-primer-encierro-toros\/","title":{"rendered":"Blanca acoge ma\u00f1ana su primer encierro de toros"},"content":{"rendered":"<ul>\n<li>\n<h4><strong>Los astados de la ganader\u00eda gaditana El Torero protagonizar\u00e1n el primer encierro de toros que se celebra en este municipio <\/strong><\/h4>\n<\/li>\n<\/ul>\n<p style=\"text-align: justify;\">Todo est\u00e1 preparado en Blanca para celebrar el primer encierro de toros en la localidad. Siendo un municipio de una gran tradici\u00f3n taurina, con su encierro de la feria de agosto declarado de Inter\u00e9s Tur\u00edstico Regional y uno de los m\u00e1s antiguos de Espa\u00f1a, siempre hab\u00edan sido novillos o novillos-toros los protagonistas del mismo por lo que ma\u00f1ana, la Villa del Toro ver\u00e1 correr por sus calles astados provenientes de la ganader\u00eda gaditana El Torero.<\/p>\n<p style=\"text-align: justify;\">Adem\u00e1s de esta novedad, se da el caso de un nuevo recorrido que tendr\u00e1 su inicio en la intersecci\u00f3n de las calles Juan Ram\u00f3n Jim\u00e9nez y Cervantes, por la que continuar\u00e1n hacia la Calle Nueva de Blanca hasta la plaza del Iglesia. una vez all\u00ed se seguir\u00e1 por la Pintor Pedro Cano hasta la plaza del Ayuntamiento donde se encuentran los corrales.<\/p>\n<p style=\"text-align: justify;\">El Consistorio Municipal ha previsto un dispositivo de seguridad para este d\u00eda en el que se cuenta con 6 agentes de Polic\u00eda Local, 5 Guardia Civil, 20 efectivos de Protecci\u00f3n Civil, 8 pastores y 12 voluntarios que forman parte del comit\u00e9 organizador.<\/p>\n<p style=\"text-align: justify;\">El inicio del encierro de toros ser\u00e1 a las 13 horas, cuando se lance el tercer cohete que anuncia la apertura de las puertas del corral. Un cuarto cohete indicar\u00e1 que el encierro ha terminado.<\/p>\n<p style=\"text-align: justify;\">A las 13.30 horas est\u00e1 prevista la suelta de reses bravas por las calles Cervantes y Nueva de Blanca hasta el cruce con Gran V\u00eda.<\/p>\n<p style=\"text-align: justify;\"><a href=\"http:\/\/blanca.es\/web\/wp-content\/uploads\/2017\/02\/IV-Feria-Villa-del-Toro_interiores.jpg\"><img loading=\"lazy\" decoding=\"async\" class=\"alignnone size-large wp-image-4212\" src=\"http:\/\/blanca.es\/web\/wp-content\/uploads\/2017\/02\/IV-Feria-Villa-del-Toro_interiores-1024x546.jpg\" alt=\"\" width=\"680\" height=\"363\" \/><\/a><\/p>\n","protected":false},"excerpt":{"rendered":"<p>Los astados de la ganader\u00eda gaditana El Torero protagonizar\u00e1n el primer encierro de toros que se celebra en este municipio Todo est\u00e1 preparado en Blanca para celebrar el primer encierro de toros en la localidad. Siendo un municipio de una gran tradici\u00f3n taurina, con su encierro de la feria de agosto declarado de Inter\u00e9s Tur\u00edstico [&hellip;]<\/p>\n","protected":false},"author":2,"featured_media":4207,"comment_status":"closed","ping_status":"open","sticky":false,"template":"","format":"standard","meta":{"footnotes":""},"categories":[162],"tags":[],"class_list":["post-4267","post","type-post","status-publish","format-standard","has-post-thumbnail","hentry","category-fiestas"],"yoast_head":"<!-- This site is optimized with the Yoast SEO plugin v28.1 - https:\/\/yoast.com\/product\/yoast-seo-wordpress\/ -->\n<title>Blanca acoge ma\u00f1ana su primer encierro de toros - Ayuntamiento de Blanca<\/title>\n<meta name=\"robots\" content=\"index, follow, max-snippet:-1, max-image-preview:large, max-video-preview:-1\" \/>\n<link rel=\"canonical\" href=\"https:\/\/blanca.es\/nuevaweb\/blanca-acoge-manana-primer-encierro-toros\/\" \/>\n<meta property=\"og:locale\" content=\"es_ES\" \/>\n<meta property=\"og:type\" content=\"article\" \/>\n<meta property=\"og:title\" content=\"Blanca acoge ma\u00f1ana su primer encierro de toros - Ayuntamiento de Blanca\" \/>\n<meta property=\"og:description\" content=\"Los astados de la ganader\u00eda gaditana El Torero protagonizar\u00e1n el primer encierro de toros que se celebra en este municipio Todo est\u00e1 preparado en Blanca para celebrar el primer encierro de toros en la localidad. Siendo un municipio de una gran tradici\u00f3n taurina, con su encierro de la feria de agosto declarado de Inter\u00e9s Tur\u00edstico [&hellip;]\" \/>\n<meta property=\"og:url\" content=\"https:\/\/blanca.es\/nuevaweb\/blanca-acoge-manana-primer-encierro-toros\/\" \/>\n<meta property=\"og:site_name\" content=\"Ayuntamiento de Blanca\" \/>\n<meta property=\"article:publisher\" content=\"https:\/\/es-es.facebook.com\/AyuntamientodeBlanca\" \/>\n<meta property=\"article:published_time\" content=\"2017-03-03T13:02:47+00:00\" \/>\n<meta property=\"og:image\" content=\"https:\/\/blanca.es\/nuevaweb\/wp-content\/uploads\/2017\/02\/Encierro-392-x-420.jpg\" \/>\n\t<meta property=\"og:image:width\" content=\"392\" \/>\n\t<meta property=\"og:image:height\" content=\"420\" \/>\n\t<meta property=\"og:image:type\" content=\"image\/jpeg\" \/>\n<meta name=\"author\" content=\"Comunicaci\u00f3n\" \/>\n<meta name=\"twitter:card\" content=\"summary_large_image\" \/>\n<meta name=\"twitter:creator\" content=\"@ayto_blanca\" \/>\n<meta name=\"twitter:site\" content=\"@ayto_blanca\" \/>\n<meta name=\"twitter:label1\" content=\"Escrito por\" \/>\n\t<meta name=\"twitter:data1\" content=\"Comunicaci\u00f3n\" \/>\n\t<meta name=\"twitter:label2\" content=\"Tiempo de lectura\" \/>\n\t<meta name=\"twitter:data2\" content=\"1 minuto\" \/>\n<script type=\"application\/ld+json\" class=\"yoast-schema-graph\">{\"@context\":\"https:\\\/\\\/schema.org\",\"@graph\":[{\"@type\":\"Article\",\"@id\":\"https:\\\/\\\/blanca.es\\\/nuevaweb\\\/blanca-acoge-manana-primer-encierro-toros\\\/#article\",\"isPartOf\":{\"@id\":\"https:\\\/\\\/blanca.es\\\/nuevaweb\\\/blanca-acoge-manana-primer-encierro-toros\\\/\"},\"author\":{\"name\":\"Comunicaci\u00f3n\",\"@id\":\"https:\\\/\\\/blanca.es\\\/nuevaweb\\\/#\\\/schema\\\/person\\\/068ffbe563a96e998dc141bd91d5a84a\"},\"headline\":\"Blanca acoge ma\u00f1ana su primer encierro de toros\",\"datePublished\":\"2017-03-03T13:02:47+00:00\",\"mainEntityOfPage\":{\"@id\":\"https:\\\/\\\/blanca.es\\\/nuevaweb\\\/blanca-acoge-manana-primer-encierro-toros\\\/\"},\"wordCount\":280,\"publisher\":{\"@id\":\"https:\\\/\\\/blanca.es\\\/nuevaweb\\\/#organization\"},\"image\":{\"@id\":\"https:\\\/\\\/blanca.es\\\/nuevaweb\\\/blanca-acoge-manana-primer-encierro-toros\\\/#primaryimage\"},\"thumbnailUrl\":\"https:\\\/\\\/blanca.es\\\/nuevaweb\\\/wp-content\\\/uploads\\\/2017\\\/02\\\/Encierro-392-x-420.jpg\",\"articleSection\":[\"Fiestas\"],\"inLanguage\":\"es\"},{\"@type\":\"WebPage\",\"@id\":\"https:\\\/\\\/blanca.es\\\/nuevaweb\\\/blanca-acoge-manana-primer-encierro-toros\\\/\",\"url\":\"https:\\\/\\\/blanca.es\\\/nuevaweb\\\/blanca-acoge-manana-primer-encierro-toros\\\/\",\"name\":\"Blanca acoge ma\u00f1ana su primer encierro de toros - Ayuntamiento de Blanca\",\"isPartOf\":{\"@id\":\"https:\\\/\\\/blanca.es\\\/nuevaweb\\\/#website\"},\"primaryImageOfPage\":{\"@id\":\"https:\\\/\\\/blanca.es\\\/nuevaweb\\\/blanca-acoge-manana-primer-encierro-toros\\\/#primaryimage\"},\"image\":{\"@id\":\"https:\\\/\\\/blanca.es\\\/nuevaweb\\\/blanca-acoge-manana-primer-encierro-toros\\\/#primaryimage\"},\"thumbnailUrl\":\"https:\\\/\\\/blanca.es\\\/nuevaweb\\\/wp-content\\\/uploads\\\/2017\\\/02\\\/Encierro-392-x-420.jpg\",\"datePublished\":\"2017-03-03T13:02:47+00:00\",\"breadcrumb\":{\"@id\":\"https:\\\/\\\/blanca.es\\\/nuevaweb\\\/blanca-acoge-manana-primer-encierro-toros\\\/#breadcrumb\"},\"inLanguage\":\"es\",\"potentialAction\":[{\"@type\":\"ReadAction\",\"target\":[\"https:\\\/\\\/blanca.es\\\/nuevaweb\\\/blanca-acoge-manana-primer-encierro-toros\\\/\"]}]},{\"@type\":\"ImageObject\",\"inLanguage\":\"es\",\"@id\":\"https:\\\/\\\/blanca.es\\\/nuevaweb\\\/blanca-acoge-manana-primer-encierro-toros\\\/#primaryimage\",\"url\":\"https:\\\/\\\/blanca.es\\\/nuevaweb\\\/wp-content\\\/uploads\\\/2017\\\/02\\\/Encierro-392-x-420.jpg\",\"contentUrl\":\"https:\\\/\\\/blanca.es\\\/nuevaweb\\\/wp-content\\\/uploads\\\/2017\\\/02\\\/Encierro-392-x-420.jpg\",\"width\":392,\"height\":420},{\"@type\":\"BreadcrumbList\",\"@id\":\"https:\\\/\\\/blanca.es\\\/nuevaweb\\\/blanca-acoge-manana-primer-encierro-toros\\\/#breadcrumb\",\"itemListElement\":[{\"@type\":\"ListItem\",\"position\":1,\"name\":\"Portada\",\"item\":\"https:\\\/\\\/blanca.es\\\/nuevaweb\\\/\"},{\"@type\":\"ListItem\",\"position\":2,\"name\":\"Blanca acoge ma\u00f1ana su primer encierro de toros\"}]},{\"@type\":\"WebSite\",\"@id\":\"https:\\\/\\\/blanca.es\\\/nuevaweb\\\/#website\",\"url\":\"https:\\\/\\\/blanca.es\\\/nuevaweb\\\/\",\"name\":\"Ayuntamiento de Blanca\",\"description\":\"Web Municipal Blanca (Murcia)\",\"publisher\":{\"@id\":\"https:\\\/\\\/blanca.es\\\/nuevaweb\\\/#organization\"},\"potentialAction\":[{\"@type\":\"SearchAction\",\"target\":{\"@type\":\"EntryPoint\",\"urlTemplate\":\"https:\\\/\\\/blanca.es\\\/nuevaweb\\\/?s={search_term_string}\"},\"query-input\":{\"@type\":\"PropertyValueSpecification\",\"valueRequired\":true,\"valueName\":\"search_term_string\"}}],\"inLanguage\":\"es\"},{\"@type\":\"Organization\",\"@id\":\"https:\\\/\\\/blanca.es\\\/nuevaweb\\\/#organization\",\"name\":\"Ayuntamiento de Blanca\",\"url\":\"https:\\\/\\\/blanca.es\\\/nuevaweb\\\/\",\"logo\":{\"@type\":\"ImageObject\",\"inLanguage\":\"es\",\"@id\":\"https:\\\/\\\/blanca.es\\\/nuevaweb\\\/#\\\/schema\\\/logo\\\/image\\\/\",\"url\":\"https:\\\/\\\/blanca.es\\\/nuevaweb\\\/wp-content\\\/uploads\\\/2020\\\/09\\\/Escudo_alta_cuadrado-3.png\",\"contentUrl\":\"https:\\\/\\\/blanca.es\\\/nuevaweb\\\/wp-content\\\/uploads\\\/2020\\\/09\\\/Escudo_alta_cuadrado-3.png\",\"width\":300,\"height\":300,\"caption\":\"Ayuntamiento de Blanca\"},\"image\":{\"@id\":\"https:\\\/\\\/blanca.es\\\/nuevaweb\\\/#\\\/schema\\\/logo\\\/image\\\/\"},\"sameAs\":[\"https:\\\/\\\/es-es.facebook.com\\\/AyuntamientodeBlanca\",\"https:\\\/\\\/x.com\\\/ayto_blanca\",\"https:\\\/\\\/www.youtube.com\\\/channel\\\/UC9weal_OZVKN6meF0Fd_rqw\"]},{\"@type\":\"Person\",\"@id\":\"https:\\\/\\\/blanca.es\\\/nuevaweb\\\/#\\\/schema\\\/person\\\/068ffbe563a96e998dc141bd91d5a84a\",\"name\":\"Comunicaci\u00f3n\",\"image\":{\"@type\":\"ImageObject\",\"inLanguage\":\"es\",\"@id\":\"https:\\\/\\\/secure.gravatar.com\\\/avatar\\\/0a6839cedbb80e4510cc6b40b620b579d19c8c87d368475504cb313c55980873?s=96&d=mm&r=g\",\"url\":\"https:\\\/\\\/secure.gravatar.com\\\/avatar\\\/0a6839cedbb80e4510cc6b40b620b579d19c8c87d368475504cb313c55980873?s=96&d=mm&r=g\",\"contentUrl\":\"https:\\\/\\\/secure.gravatar.com\\\/avatar\\\/0a6839cedbb80e4510cc6b40b620b579d19c8c87d368475504cb313c55980873?s=96&d=mm&r=g\",\"caption\":\"Comunicaci\u00f3n\"}}]}<\/script>\n<!-- \/ Yoast SEO plugin. -->","yoast_head_json":{"title":"Blanca acoge ma\u00f1ana su primer encierro de toros - Ayuntamiento de Blanca","robots":{"index":"index","follow":"follow","max-snippet":"max-snippet:-1","max-image-preview":"max-image-preview:large","max-video-preview":"max-video-preview:-1"},"canonical":"https:\/\/blanca.es\/nuevaweb\/blanca-acoge-manana-primer-encierro-toros\/","og_locale":"es_ES","og_type":"article","og_title":"Blanca acoge ma\u00f1ana su primer encierro de toros - Ayuntamiento de Blanca","og_description":"Los astados de la ganader\u00eda gaditana El Torero protagonizar\u00e1n el primer encierro de toros que se celebra en este municipio Todo est\u00e1 preparado en Blanca para celebrar el primer encierro de toros en la localidad. Siendo un municipio de una gran tradici\u00f3n taurina, con su encierro de la feria de agosto declarado de Inter\u00e9s Tur\u00edstico [&hellip;]","og_url":"https:\/\/blanca.es\/nuevaweb\/blanca-acoge-manana-primer-encierro-toros\/","og_site_name":"Ayuntamiento de Blanca","article_publisher":"https:\/\/es-es.facebook.com\/AyuntamientodeBlanca","article_published_time":"2017-03-03T13:02:47+00:00","og_image":[{"width":392,"height":420,"url":"https:\/\/blanca.es\/nuevaweb\/wp-content\/uploads\/2017\/02\/Encierro-392-x-420.jpg","type":"image\/jpeg"}],"author":"Comunicaci\u00f3n","twitter_card":"summary_large_image","twitter_creator":"@ayto_blanca","twitter_site":"@ayto_blanca","twitter_misc":{"Escrito por":"Comunicaci\u00f3n","Tiempo de lectura":"1 minuto"},"schema":{"@context":"https:\/\/schema.org","@graph":[{"@type":"Article","@id":"https:\/\/blanca.es\/nuevaweb\/blanca-acoge-manana-primer-encierro-toros\/#article","isPartOf":{"@id":"https:\/\/blanca.es\/nuevaweb\/blanca-acoge-manana-primer-encierro-toros\/"},"author":{"name":"Comunicaci\u00f3n","@id":"https:\/\/blanca.es\/nuevaweb\/#\/schema\/person\/068ffbe563a96e998dc141bd91d5a84a"},"headline":"Blanca acoge ma\u00f1ana su primer encierro de toros","datePublished":"2017-03-03T13:02:47+00:00","mainEntityOfPage":{"@id":"https:\/\/blanca.es\/nuevaweb\/blanca-acoge-manana-primer-encierro-toros\/"},"wordCount":280,"publisher":{"@id":"https:\/\/blanca.es\/nuevaweb\/#organization"},"image":{"@id":"https:\/\/blanca.es\/nuevaweb\/blanca-acoge-manana-primer-encierro-toros\/#primaryimage"},"thumbnailUrl":"https:\/\/blanca.es\/nuevaweb\/wp-content\/uploads\/2017\/02\/Encierro-392-x-420.jpg","articleSection":["Fiestas"],"inLanguage":"es"},{"@type":"WebPage","@id":"https:\/\/blanca.es\/nuevaweb\/blanca-acoge-manana-primer-encierro-toros\/","url":"https:\/\/blanca.es\/nuevaweb\/blanca-acoge-manana-primer-encierro-toros\/","name":"Blanca acoge ma\u00f1ana su primer encierro de toros - Ayuntamiento de Blanca","isPartOf":{"@id":"https:\/\/blanca.es\/nuevaweb\/#website"},"primaryImageOfPage":{"@id":"https:\/\/blanca.es\/nuevaweb\/blanca-acoge-manana-primer-encierro-toros\/#primaryimage"},"image":{"@id":"https:\/\/blanca.es\/nuevaweb\/blanca-acoge-manana-primer-encierro-toros\/#primaryimage"},"thumbnailUrl":"https:\/\/blanca.es\/nuevaweb\/wp-content\/uploads\/2017\/02\/Encierro-392-x-420.jpg","datePublished":"2017-03-03T13:02:47+00:00","breadcrumb":{"@id":"https:\/\/blanca.es\/nuevaweb\/blanca-acoge-manana-primer-encierro-toros\/#breadcrumb"},"inLanguage":"es","potentialAction":[{"@type":"ReadAction","target":["https:\/\/blanca.es\/nuevaweb\/blanca-acoge-manana-primer-encierro-toros\/"]}]},{"@type":"ImageObject","inLanguage":"es","@id":"https:\/\/blanca.es\/nuevaweb\/blanca-acoge-manana-primer-encierro-toros\/#primaryimage","url":"https:\/\/blanca.es\/nuevaweb\/wp-content\/uploads\/2017\/02\/Encierro-392-x-420.jpg","contentUrl":"https:\/\/blanca.es\/nuevaweb\/wp-content\/uploads\/2017\/02\/Encierro-392-x-420.jpg","width":392,"height":420},{"@type":"BreadcrumbList","@id":"https:\/\/blanca.es\/nuevaweb\/blanca-acoge-manana-primer-encierro-toros\/#breadcrumb","itemListElement":[{"@type":"ListItem","position":1,"name":"Portada","item":"https:\/\/blanca.es\/nuevaweb\/"},{"@type":"ListItem","position":2,"name":"Blanca acoge ma\u00f1ana su primer encierro de toros"}]},{"@type":"WebSite","@id":"https:\/\/blanca.es\/nuevaweb\/#website","url":"https:\/\/blanca.es\/nuevaweb\/","name":"Ayuntamiento de Blanca","description":"Web Municipal Blanca (Murcia)","publisher":{"@id":"https:\/\/blanca.es\/nuevaweb\/#organization"},"potentialAction":[{"@type":"SearchAction","target":{"@type":"EntryPoint","urlTemplate":"https:\/\/blanca.es\/nuevaweb\/?s={search_term_string}"},"query-input":{"@type":"PropertyValueSpecification","valueRequired":true,"valueName":"search_term_string"}}],"inLanguage":"es"},{"@type":"Organization","@id":"https:\/\/blanca.es\/nuevaweb\/#organization","name":"Ayuntamiento de Blanca","url":"https:\/\/blanca.es\/nuevaweb\/","logo":{"@type":"ImageObject","inLanguage":"es","@id":"https:\/\/blanca.es\/nuevaweb\/#\/schema\/logo\/image\/","url":"https:\/\/blanca.es\/nuevaweb\/wp-content\/uploads\/2020\/09\/Escudo_alta_cuadrado-3.png","contentUrl":"https:\/\/blanca.es\/nuevaweb\/wp-content\/uploads\/2020\/09\/Escudo_alta_cuadrado-3.png","width":300,"height":300,"caption":"Ayuntamiento de Blanca"},"image":{"@id":"https:\/\/blanca.es\/nuevaweb\/#\/schema\/logo\/image\/"},"sameAs":["https:\/\/es-es.facebook.com\/AyuntamientodeBlanca","https:\/\/x.com\/ayto_blanca","https:\/\/www.youtube.com\/channel\/UC9weal_OZVKN6meF0Fd_rqw"]},{"@type":"Person","@id":"https:\/\/blanca.es\/nuevaweb\/#\/schema\/person\/068ffbe563a96e998dc141bd91d5a84a","name":"Comunicaci\u00f3n","image":{"@type":"ImageObject","inLanguage":"es","@id":"https:\/\/secure.gravatar.com\/avatar\/0a6839cedbb80e4510cc6b40b620b579d19c8c87d368475504cb313c55980873?s=96&d=mm&r=g","url":"https:\/\/secure.gravatar.com\/avatar\/0a6839cedbb80e4510cc6b40b620b579d19c8c87d368475504cb313c55980873?s=96&d=mm&r=g","contentUrl":"https:\/\/secure.gravatar.com\/avatar\/0a6839cedbb80e4510cc6b40b620b579d19c8c87d368475504cb313c55980873?s=96&d=mm&r=g","caption":"Comunicaci\u00f3n"}}]}},"_links":{"self":[{"href":"https:\/\/blanca.es\/nuevaweb\/wp-json\/wp\/v2\/posts\/4267","targetHints":{"allow":["GET"]}}],"collection":[{"href":"https:\/\/blanca.es\/nuevaweb\/wp-json\/wp\/v2\/posts"}],"about":[{"href":"https:\/\/blanca.es\/nuevaweb\/wp-json\/wp\/v2\/types\/post"}],"author":[{"embeddable":true,"href":"https:\/\/blanca.es\/nuevaweb\/wp-json\/wp\/v2\/users\/2"}],"replies":[{"embeddable":true,"href":"https:\/\/blanca.es\/nuevaweb\/wp-json\/wp\/v2\/comments?post=4267"}],"version-history":[{"count":0,"href":"https:\/\/blanca.es\/nuevaweb\/wp-json\/wp\/v2\/posts\/4267\/revisions"}],"wp:featuredmedia":[{"embeddable":true,"href":"https:\/\/blanca.es\/nuevaweb\/wp-json\/wp\/v2\/media\/4207"}],"wp:attachment":[{"href":"https:\/\/blanca.es\/nuevaweb\/wp-json\/wp\/v2\/media?parent=4267"}],"wp:term":[{"taxonomy":"category","embeddable":true,"href":"https:\/\/blanca.es\/nuevaweb\/wp-json\/wp\/v2\/categories?post=4267"},{"taxonomy":"post_tag","embeddable":true,"href":"https:\/\/blanca.es\/nuevaweb\/wp-json\/wp\/v2\/tags?post=4267"}],"curies":[{"name":"wp","href":"https:\/\/api.w.org\/{rel}","templated":true}]}}