{"id":4857,"date":"2017-03-17T13:50:56","date_gmt":"2017-03-17T12:50:56","guid":{"rendered":"http:\/\/blanca.es\/?p=4857"},"modified":"2017-03-17T13:50:56","modified_gmt":"2017-03-17T12:50:56","slug":"cartel-bando-de-la-huerta","status":"publish","type":"post","link":"https:\/\/blanca.es\/nuevaweb\/cartel-bando-de-la-huerta\/","title":{"rendered":"La concejal de Cultura acude a la presentaci\u00f3n del cartel del Bando de la Huerta"},"content":{"rendered":"<p style=\"text-align: justify;\"><code>Ayer se present\u00f3 el cartel anunciador del Bando de la Huerta de la Murcia que ha sido realizado por el pintor \u00c1lvaro Pe\u00f1a. Al acto acudieron diferentes personalidades y autoridades p\u00fablicas como la concejal de Cultura del Ayuntamiento de Blanca, Soledad R\u00edos quien quiso estar junto a Pe\u00f1a en este d\u00eda tan importante y al que le dio la enhorabuena por el trabajo realizado.\"Estamos muy orgullosos de poder contar con \u00e9l en nuestro equipo del Ayuntamiento. Siempre comprometido en el desarrollo cultural de nuestro pueblo\" afirm\u00f3 la edil blanque\u00f1a.<br \/>\n<\/code><\/p>\n<p style=\"text-align: justify;\"><code>La imagen del cartel de este a\u00f1o est\u00e1 basada en una estampa de la t\u00edpica familia murciana que se prepara para disfrutar de un d\u00eda de Bando. El padre espera junto al hijo menor mientras que la madre termina de hacer el mo\u00f1o picaporte a la hija. \u00abEs una explosi\u00f3n de color con la imagen del clavel como eje central, ya que es la flor t\u00edpica de este d\u00eda\u00bb, explic\u00f3 \u00c1lvaro Pe\u00f1a. El pintor destac\u00f3 que la Federaci\u00f3n de Pe\u00f1as Huertanas quer\u00eda una imagen m\u00e1s moderna sin perder la tradici\u00f3n, \u00abpor lo que he utilizado mi propio estilo para reflejar la alegr\u00eda del Bando de la Huerta\u00bb. Se trata de una imagen llena de vitalidad y cuyo autor salta a la vista s\u00f3lo con ver la explosi\u00f3n de color que la impregna.<\/code><\/p>\n<p style=\"text-align: justify;\"><a href=\"http:\/\/blanca.es\/web\/wp-content\/uploads\/2017\/03\/MGP_2009_FILEminimizer_Copiar.jpg\"><img loading=\"lazy\" decoding=\"async\" class=\"alignnone wp-image-4858\" src=\"http:\/\/blanca.es\/web\/wp-content\/uploads\/2017\/03\/MGP_2009_FILEminimizer_Copiar.jpg\" alt=\"\" width=\"126\" height=\"188\" srcset=\"https:\/\/blanca.es\/nuevaweb\/wp-content\/uploads\/2017\/03\/MGP_2009_FILEminimizer_Copiar.jpg 514w, https:\/\/blanca.es\/nuevaweb\/wp-content\/uploads\/2017\/03\/MGP_2009_FILEminimizer_Copiar-201x300.jpg 201w\" sizes=\"auto, (max-width: 126px) 100vw, 126px\" \/><\/a> <a href=\"http:\/\/blanca.es\/web\/wp-content\/uploads\/2017\/03\/MGP_2069_FILEminimizer_Copiar.jpg\"><img loading=\"lazy\" decoding=\"async\" class=\"alignnone wp-image-4859\" src=\"http:\/\/blanca.es\/web\/wp-content\/uploads\/2017\/03\/MGP_2069_FILEminimizer_Copiar-1024x685.jpg\" alt=\"\" width=\"281\" height=\"188\" \/><\/a> <a href=\"http:\/\/blanca.es\/web\/wp-content\/uploads\/2017\/03\/MGP_2079_FILEminimizer_Copiar.jpg\"><img loading=\"lazy\" decoding=\"async\" class=\"alignnone wp-image-4860\" src=\"http:\/\/blanca.es\/web\/wp-content\/uploads\/2017\/03\/MGP_2079_FILEminimizer_Copiar-1024x685.jpg\" alt=\"\" width=\"282\" height=\"188\" \/><\/a><\/p>\n","protected":false},"excerpt":{"rendered":"<p>Ayer se present\u00f3 el cartel anunciador del Bando de la Huerta de la Murcia que ha sido realizado por el pintor \u00c1lvaro Pe\u00f1a. Al acto acudieron diferentes personalidades y autoridades p\u00fablicas como la concejal de Cultura del Ayuntamiento de Blanca, Soledad R\u00edos quien quiso estar junto a Pe\u00f1a en este d\u00eda tan importante y al [&hellip;]<\/p>\n","protected":false},"author":2,"featured_media":4859,"comment_status":"closed","ping_status":"open","sticky":false,"template":"","format":"standard","meta":{"footnotes":""},"categories":[160],"tags":[],"class_list":["post-4857","post","type-post","status-publish","format-standard","has-post-thumbnail","hentry","category-cul_tur"],"yoast_head":"<!-- This site is optimized with the Yoast SEO plugin v28.1 - https:\/\/yoast.com\/product\/yoast-seo-wordpress\/ -->\n<title>La concejal de Cultura acude a la presentaci\u00f3n del cartel del Bando de la Huerta - Ayuntamiento de Blanca<\/title>\n<meta name=\"robots\" content=\"index, follow, max-snippet:-1, max-image-preview:large, max-video-preview:-1\" \/>\n<link rel=\"canonical\" href=\"https:\/\/blanca.es\/nuevaweb\/cartel-bando-de-la-huerta\/\" \/>\n<meta property=\"og:locale\" content=\"es_ES\" \/>\n<meta property=\"og:type\" content=\"article\" \/>\n<meta property=\"og:title\" content=\"La concejal de Cultura acude a la presentaci\u00f3n del cartel del Bando de la Huerta - Ayuntamiento de Blanca\" \/>\n<meta property=\"og:description\" content=\"Ayer se present\u00f3 el cartel anunciador del Bando de la Huerta de la Murcia que ha sido realizado por el pintor \u00c1lvaro Pe\u00f1a. Al acto acudieron diferentes personalidades y autoridades p\u00fablicas como la concejal de Cultura del Ayuntamiento de Blanca, Soledad R\u00edos quien quiso estar junto a Pe\u00f1a en este d\u00eda tan importante y al [&hellip;]\" \/>\n<meta property=\"og:url\" content=\"https:\/\/blanca.es\/nuevaweb\/cartel-bando-de-la-huerta\/\" \/>\n<meta property=\"og:site_name\" content=\"Ayuntamiento de Blanca\" \/>\n<meta property=\"article:publisher\" content=\"https:\/\/es-es.facebook.com\/AyuntamientodeBlanca\" \/>\n<meta property=\"article:published_time\" content=\"2017-03-17T12:50:56+00:00\" \/>\n<meta property=\"og:image\" content=\"https:\/\/blanca.es\/nuevaweb\/wp-content\/uploads\/2017\/03\/MGP_2069_FILEminimizer_Copiar.jpg\" \/>\n\t<meta property=\"og:image:width\" content=\"1024\" \/>\n\t<meta property=\"og:image:height\" content=\"685\" \/>\n\t<meta property=\"og:image:type\" content=\"image\/jpeg\" \/>\n<meta name=\"author\" content=\"Comunicaci\u00f3n\" \/>\n<meta name=\"twitter:card\" content=\"summary_large_image\" \/>\n<meta name=\"twitter:creator\" content=\"@ayto_blanca\" \/>\n<meta name=\"twitter:site\" content=\"@ayto_blanca\" \/>\n<meta name=\"twitter:label1\" content=\"Escrito por\" \/>\n\t<meta name=\"twitter:data1\" content=\"Comunicaci\u00f3n\" \/>\n\t<meta name=\"twitter:label2\" content=\"Tiempo de lectura\" \/>\n\t<meta name=\"twitter:data2\" content=\"1 minuto\" \/>\n<script type=\"application\/ld+json\" class=\"yoast-schema-graph\">{\"@context\":\"https:\\\/\\\/schema.org\",\"@graph\":[{\"@type\":\"Article\",\"@id\":\"https:\\\/\\\/blanca.es\\\/nuevaweb\\\/cartel-bando-de-la-huerta\\\/#article\",\"isPartOf\":{\"@id\":\"https:\\\/\\\/blanca.es\\\/nuevaweb\\\/cartel-bando-de-la-huerta\\\/\"},\"author\":{\"name\":\"Comunicaci\u00f3n\",\"@id\":\"https:\\\/\\\/blanca.es\\\/nuevaweb\\\/#\\\/schema\\\/person\\\/068ffbe563a96e998dc141bd91d5a84a\"},\"headline\":\"La concejal de Cultura acude a la presentaci\u00f3n del cartel del Bando de la Huerta\",\"datePublished\":\"2017-03-17T12:50:56+00:00\",\"mainEntityOfPage\":{\"@id\":\"https:\\\/\\\/blanca.es\\\/nuevaweb\\\/cartel-bando-de-la-huerta\\\/\"},\"wordCount\":16,\"publisher\":{\"@id\":\"https:\\\/\\\/blanca.es\\\/nuevaweb\\\/#organization\"},\"image\":{\"@id\":\"https:\\\/\\\/blanca.es\\\/nuevaweb\\\/cartel-bando-de-la-huerta\\\/#primaryimage\"},\"thumbnailUrl\":\"https:\\\/\\\/blanca.es\\\/nuevaweb\\\/wp-content\\\/uploads\\\/2017\\\/03\\\/MGP_2069_FILEminimizer_Copiar.jpg\",\"articleSection\":[\"Cultura y Turismo\"],\"inLanguage\":\"es\"},{\"@type\":\"WebPage\",\"@id\":\"https:\\\/\\\/blanca.es\\\/nuevaweb\\\/cartel-bando-de-la-huerta\\\/\",\"url\":\"https:\\\/\\\/blanca.es\\\/nuevaweb\\\/cartel-bando-de-la-huerta\\\/\",\"name\":\"La concejal de Cultura acude a la presentaci\u00f3n del cartel del Bando de la Huerta - Ayuntamiento de Blanca\",\"isPartOf\":{\"@id\":\"https:\\\/\\\/blanca.es\\\/nuevaweb\\\/#website\"},\"primaryImageOfPage\":{\"@id\":\"https:\\\/\\\/blanca.es\\\/nuevaweb\\\/cartel-bando-de-la-huerta\\\/#primaryimage\"},\"image\":{\"@id\":\"https:\\\/\\\/blanca.es\\\/nuevaweb\\\/cartel-bando-de-la-huerta\\\/#primaryimage\"},\"thumbnailUrl\":\"https:\\\/\\\/blanca.es\\\/nuevaweb\\\/wp-content\\\/uploads\\\/2017\\\/03\\\/MGP_2069_FILEminimizer_Copiar.jpg\",\"datePublished\":\"2017-03-17T12:50:56+00:00\",\"breadcrumb\":{\"@id\":\"https:\\\/\\\/blanca.es\\\/nuevaweb\\\/cartel-bando-de-la-huerta\\\/#breadcrumb\"},\"inLanguage\":\"es\",\"potentialAction\":[{\"@type\":\"ReadAction\",\"target\":[\"https:\\\/\\\/blanca.es\\\/nuevaweb\\\/cartel-bando-de-la-huerta\\\/\"]}]},{\"@type\":\"ImageObject\",\"inLanguage\":\"es\",\"@id\":\"https:\\\/\\\/blanca.es\\\/nuevaweb\\\/cartel-bando-de-la-huerta\\\/#primaryimage\",\"url\":\"https:\\\/\\\/blanca.es\\\/nuevaweb\\\/wp-content\\\/uploads\\\/2017\\\/03\\\/MGP_2069_FILEminimizer_Copiar.jpg\",\"contentUrl\":\"https:\\\/\\\/blanca.es\\\/nuevaweb\\\/wp-content\\\/uploads\\\/2017\\\/03\\\/MGP_2069_FILEminimizer_Copiar.jpg\",\"width\":1024,\"height\":685},{\"@type\":\"BreadcrumbList\",\"@id\":\"https:\\\/\\\/blanca.es\\\/nuevaweb\\\/cartel-bando-de-la-huerta\\\/#breadcrumb\",\"itemListElement\":[{\"@type\":\"ListItem\",\"position\":1,\"name\":\"Portada\",\"item\":\"https:\\\/\\\/blanca.es\\\/nuevaweb\\\/\"},{\"@type\":\"ListItem\",\"position\":2,\"name\":\"La concejal de Cultura acude a la presentaci\u00f3n del cartel del Bando de la Huerta\"}]},{\"@type\":\"WebSite\",\"@id\":\"https:\\\/\\\/blanca.es\\\/nuevaweb\\\/#website\",\"url\":\"https:\\\/\\\/blanca.es\\\/nuevaweb\\\/\",\"name\":\"Ayuntamiento de Blanca\",\"description\":\"Web Municipal Blanca (Murcia)\",\"publisher\":{\"@id\":\"https:\\\/\\\/blanca.es\\\/nuevaweb\\\/#organization\"},\"potentialAction\":[{\"@type\":\"SearchAction\",\"target\":{\"@type\":\"EntryPoint\",\"urlTemplate\":\"https:\\\/\\\/blanca.es\\\/nuevaweb\\\/?s={search_term_string}\"},\"query-input\":{\"@type\":\"PropertyValueSpecification\",\"valueRequired\":true,\"valueName\":\"search_term_string\"}}],\"inLanguage\":\"es\"},{\"@type\":\"Organization\",\"@id\":\"https:\\\/\\\/blanca.es\\\/nuevaweb\\\/#organization\",\"name\":\"Ayuntamiento de Blanca\",\"url\":\"https:\\\/\\\/blanca.es\\\/nuevaweb\\\/\",\"logo\":{\"@type\":\"ImageObject\",\"inLanguage\":\"es\",\"@id\":\"https:\\\/\\\/blanca.es\\\/nuevaweb\\\/#\\\/schema\\\/logo\\\/image\\\/\",\"url\":\"https:\\\/\\\/blanca.es\\\/nuevaweb\\\/wp-content\\\/uploads\\\/2020\\\/09\\\/Escudo_alta_cuadrado-3.png\",\"contentUrl\":\"https:\\\/\\\/blanca.es\\\/nuevaweb\\\/wp-content\\\/uploads\\\/2020\\\/09\\\/Escudo_alta_cuadrado-3.png\",\"width\":300,\"height\":300,\"caption\":\"Ayuntamiento de Blanca\"},\"image\":{\"@id\":\"https:\\\/\\\/blanca.es\\\/nuevaweb\\\/#\\\/schema\\\/logo\\\/image\\\/\"},\"sameAs\":[\"https:\\\/\\\/es-es.facebook.com\\\/AyuntamientodeBlanca\",\"https:\\\/\\\/x.com\\\/ayto_blanca\",\"https:\\\/\\\/www.youtube.com\\\/channel\\\/UC9weal_OZVKN6meF0Fd_rqw\"]},{\"@type\":\"Person\",\"@id\":\"https:\\\/\\\/blanca.es\\\/nuevaweb\\\/#\\\/schema\\\/person\\\/068ffbe563a96e998dc141bd91d5a84a\",\"name\":\"Comunicaci\u00f3n\",\"image\":{\"@type\":\"ImageObject\",\"inLanguage\":\"es\",\"@id\":\"https:\\\/\\\/secure.gravatar.com\\\/avatar\\\/0a6839cedbb80e4510cc6b40b620b579d19c8c87d368475504cb313c55980873?s=96&d=mm&r=g\",\"url\":\"https:\\\/\\\/secure.gravatar.com\\\/avatar\\\/0a6839cedbb80e4510cc6b40b620b579d19c8c87d368475504cb313c55980873?s=96&d=mm&r=g\",\"contentUrl\":\"https:\\\/\\\/secure.gravatar.com\\\/avatar\\\/0a6839cedbb80e4510cc6b40b620b579d19c8c87d368475504cb313c55980873?s=96&d=mm&r=g\",\"caption\":\"Comunicaci\u00f3n\"}}]}<\/script>\n<!-- \/ Yoast SEO plugin. -->","yoast_head_json":{"title":"La concejal de Cultura acude a la presentaci\u00f3n del cartel del Bando de la Huerta - Ayuntamiento de Blanca","robots":{"index":"index","follow":"follow","max-snippet":"max-snippet:-1","max-image-preview":"max-image-preview:large","max-video-preview":"max-video-preview:-1"},"canonical":"https:\/\/blanca.es\/nuevaweb\/cartel-bando-de-la-huerta\/","og_locale":"es_ES","og_type":"article","og_title":"La concejal de Cultura acude a la presentaci\u00f3n del cartel del Bando de la Huerta - Ayuntamiento de Blanca","og_description":"Ayer se present\u00f3 el cartel anunciador del Bando de la Huerta de la Murcia que ha sido realizado por el pintor \u00c1lvaro Pe\u00f1a. Al acto acudieron diferentes personalidades y autoridades p\u00fablicas como la concejal de Cultura del Ayuntamiento de Blanca, Soledad R\u00edos quien quiso estar junto a Pe\u00f1a en este d\u00eda tan importante y al [&hellip;]","og_url":"https:\/\/blanca.es\/nuevaweb\/cartel-bando-de-la-huerta\/","og_site_name":"Ayuntamiento de Blanca","article_publisher":"https:\/\/es-es.facebook.com\/AyuntamientodeBlanca","article_published_time":"2017-03-17T12:50:56+00:00","og_image":[{"width":1024,"height":685,"url":"https:\/\/blanca.es\/nuevaweb\/wp-content\/uploads\/2017\/03\/MGP_2069_FILEminimizer_Copiar.jpg","type":"image\/jpeg"}],"author":"Comunicaci\u00f3n","twitter_card":"summary_large_image","twitter_creator":"@ayto_blanca","twitter_site":"@ayto_blanca","twitter_misc":{"Escrito por":"Comunicaci\u00f3n","Tiempo de lectura":"1 minuto"},"schema":{"@context":"https:\/\/schema.org","@graph":[{"@type":"Article","@id":"https:\/\/blanca.es\/nuevaweb\/cartel-bando-de-la-huerta\/#article","isPartOf":{"@id":"https:\/\/blanca.es\/nuevaweb\/cartel-bando-de-la-huerta\/"},"author":{"name":"Comunicaci\u00f3n","@id":"https:\/\/blanca.es\/nuevaweb\/#\/schema\/person\/068ffbe563a96e998dc141bd91d5a84a"},"headline":"La concejal de Cultura acude a la presentaci\u00f3n del cartel del Bando de la Huerta","datePublished":"2017-03-17T12:50:56+00:00","mainEntityOfPage":{"@id":"https:\/\/blanca.es\/nuevaweb\/cartel-bando-de-la-huerta\/"},"wordCount":16,"publisher":{"@id":"https:\/\/blanca.es\/nuevaweb\/#organization"},"image":{"@id":"https:\/\/blanca.es\/nuevaweb\/cartel-bando-de-la-huerta\/#primaryimage"},"thumbnailUrl":"https:\/\/blanca.es\/nuevaweb\/wp-content\/uploads\/2017\/03\/MGP_2069_FILEminimizer_Copiar.jpg","articleSection":["Cultura y Turismo"],"inLanguage":"es"},{"@type":"WebPage","@id":"https:\/\/blanca.es\/nuevaweb\/cartel-bando-de-la-huerta\/","url":"https:\/\/blanca.es\/nuevaweb\/cartel-bando-de-la-huerta\/","name":"La concejal de Cultura acude a la presentaci\u00f3n del cartel del Bando de la Huerta - Ayuntamiento de Blanca","isPartOf":{"@id":"https:\/\/blanca.es\/nuevaweb\/#website"},"primaryImageOfPage":{"@id":"https:\/\/blanca.es\/nuevaweb\/cartel-bando-de-la-huerta\/#primaryimage"},"image":{"@id":"https:\/\/blanca.es\/nuevaweb\/cartel-bando-de-la-huerta\/#primaryimage"},"thumbnailUrl":"https:\/\/blanca.es\/nuevaweb\/wp-content\/uploads\/2017\/03\/MGP_2069_FILEminimizer_Copiar.jpg","datePublished":"2017-03-17T12:50:56+00:00","breadcrumb":{"@id":"https:\/\/blanca.es\/nuevaweb\/cartel-bando-de-la-huerta\/#breadcrumb"},"inLanguage":"es","potentialAction":[{"@type":"ReadAction","target":["https:\/\/blanca.es\/nuevaweb\/cartel-bando-de-la-huerta\/"]}]},{"@type":"ImageObject","inLanguage":"es","@id":"https:\/\/blanca.es\/nuevaweb\/cartel-bando-de-la-huerta\/#primaryimage","url":"https:\/\/blanca.es\/nuevaweb\/wp-content\/uploads\/2017\/03\/MGP_2069_FILEminimizer_Copiar.jpg","contentUrl":"https:\/\/blanca.es\/nuevaweb\/wp-content\/uploads\/2017\/03\/MGP_2069_FILEminimizer_Copiar.jpg","width":1024,"height":685},{"@type":"BreadcrumbList","@id":"https:\/\/blanca.es\/nuevaweb\/cartel-bando-de-la-huerta\/#breadcrumb","itemListElement":[{"@type":"ListItem","position":1,"name":"Portada","item":"https:\/\/blanca.es\/nuevaweb\/"},{"@type":"ListItem","position":2,"name":"La concejal de Cultura acude a la presentaci\u00f3n del cartel del Bando de la Huerta"}]},{"@type":"WebSite","@id":"https:\/\/blanca.es\/nuevaweb\/#website","url":"https:\/\/blanca.es\/nuevaweb\/","name":"Ayuntamiento de Blanca","description":"Web Municipal Blanca (Murcia)","publisher":{"@id":"https:\/\/blanca.es\/nuevaweb\/#organization"},"potentialAction":[{"@type":"SearchAction","target":{"@type":"EntryPoint","urlTemplate":"https:\/\/blanca.es\/nuevaweb\/?s={search_term_string}"},"query-input":{"@type":"PropertyValueSpecification","valueRequired":true,"valueName":"search_term_string"}}],"inLanguage":"es"},{"@type":"Organization","@id":"https:\/\/blanca.es\/nuevaweb\/#organization","name":"Ayuntamiento de Blanca","url":"https:\/\/blanca.es\/nuevaweb\/","logo":{"@type":"ImageObject","inLanguage":"es","@id":"https:\/\/blanca.es\/nuevaweb\/#\/schema\/logo\/image\/","url":"https:\/\/blanca.es\/nuevaweb\/wp-content\/uploads\/2020\/09\/Escudo_alta_cuadrado-3.png","contentUrl":"https:\/\/blanca.es\/nuevaweb\/wp-content\/uploads\/2020\/09\/Escudo_alta_cuadrado-3.png","width":300,"height":300,"caption":"Ayuntamiento de Blanca"},"image":{"@id":"https:\/\/blanca.es\/nuevaweb\/#\/schema\/logo\/image\/"},"sameAs":["https:\/\/es-es.facebook.com\/AyuntamientodeBlanca","https:\/\/x.com\/ayto_blanca","https:\/\/www.youtube.com\/channel\/UC9weal_OZVKN6meF0Fd_rqw"]},{"@type":"Person","@id":"https:\/\/blanca.es\/nuevaweb\/#\/schema\/person\/068ffbe563a96e998dc141bd91d5a84a","name":"Comunicaci\u00f3n","image":{"@type":"ImageObject","inLanguage":"es","@id":"https:\/\/secure.gravatar.com\/avatar\/0a6839cedbb80e4510cc6b40b620b579d19c8c87d368475504cb313c55980873?s=96&d=mm&r=g","url":"https:\/\/secure.gravatar.com\/avatar\/0a6839cedbb80e4510cc6b40b620b579d19c8c87d368475504cb313c55980873?s=96&d=mm&r=g","contentUrl":"https:\/\/secure.gravatar.com\/avatar\/0a6839cedbb80e4510cc6b40b620b579d19c8c87d368475504cb313c55980873?s=96&d=mm&r=g","caption":"Comunicaci\u00f3n"}}]}},"_links":{"self":[{"href":"https:\/\/blanca.es\/nuevaweb\/wp-json\/wp\/v2\/posts\/4857","targetHints":{"allow":["GET"]}}],"collection":[{"href":"https:\/\/blanca.es\/nuevaweb\/wp-json\/wp\/v2\/posts"}],"about":[{"href":"https:\/\/blanca.es\/nuevaweb\/wp-json\/wp\/v2\/types\/post"}],"author":[{"embeddable":true,"href":"https:\/\/blanca.es\/nuevaweb\/wp-json\/wp\/v2\/users\/2"}],"replies":[{"embeddable":true,"href":"https:\/\/blanca.es\/nuevaweb\/wp-json\/wp\/v2\/comments?post=4857"}],"version-history":[{"count":0,"href":"https:\/\/blanca.es\/nuevaweb\/wp-json\/wp\/v2\/posts\/4857\/revisions"}],"wp:featuredmedia":[{"embeddable":true,"href":"https:\/\/blanca.es\/nuevaweb\/wp-json\/wp\/v2\/media\/4859"}],"wp:attachment":[{"href":"https:\/\/blanca.es\/nuevaweb\/wp-json\/wp\/v2\/media?parent=4857"}],"wp:term":[{"taxonomy":"category","embeddable":true,"href":"https:\/\/blanca.es\/nuevaweb\/wp-json\/wp\/v2\/categories?post=4857"},{"taxonomy":"post_tag","embeddable":true,"href":"https:\/\/blanca.es\/nuevaweb\/wp-json\/wp\/v2\/tags?post=4857"}],"curies":[{"name":"wp","href":"https:\/\/api.w.org\/{rel}","templated":true}]}}