{"id":5019,"date":"2017-03-24T13:50:17","date_gmt":"2017-03-24T12:50:17","guid":{"rendered":"http:\/\/blanca.es\/?p=5019"},"modified":"2017-03-24T13:50:17","modified_gmt":"2017-03-24T12:50:17","slug":"la-alcaldesa-blanca-solicita-municipio-acoja-la-feria-sicarm","status":"publish","type":"post","link":"https:\/\/blanca.es\/nuevaweb\/la-alcaldesa-blanca-solicita-municipio-acoja-la-feria-sicarm\/","title":{"rendered":"La alcaldesa de Blanca solicita que el municipio acoja la feria SICARM"},"content":{"rendered":"<p style=\"text-align: justify;\"><a href=\"http:\/\/blanca.es\/web\/wp-content\/uploads\/2017\/03\/Visita-dir-gral-simplificacion-1.jpg\"><img loading=\"lazy\" decoding=\"async\" class=\"alignnone wp-image-5020\" src=\"http:\/\/blanca.es\/web\/wp-content\/uploads\/2017\/03\/Visita-dir-gral-simplificacion-1-1024x681.jpg\" alt=\"\" width=\"191\" height=\"127\" \/><\/a><\/p>\n<p style=\"text-align: justify;\">La alcaldesa de Blanca, Ester Hortelano, ha recibido esta ma\u00f1ana, en su despacho, al director general de Simplificaci\u00f3n de la Actividad Empresarial y Econom\u00eda Digital, Francisco Abril, para tratar varios asuntos de inter\u00e9s para el municipio.<\/p>\n<p style=\"text-align: justify;\">Entre otros, la primer edil blanque\u00f1a ha solicitado que Blanca sea el lugar elegido para celebrar la pr\u00f3xima feria SICARM, que ya se celebr\u00f3 en el 2008 y que tuvo una gran acogida en la localidad.<\/p>\n<p style=\"text-align: justify;\">Adem\u00e1s, la alcaldesa y el director general han ultimado los detalles sobre una producci\u00f3n audiovisual sobre Blanca que ser\u00e1 presentada en el marco de Promoci\u00f3n Tur\u00edstica Municipal, cuyo lanzamiento est\u00e1 previsto para el mes de mayo.<\/p>\n<p style=\"text-align: justify;\">Por otra parte, Francisco Abril dado a conocer a la regidora blanque\u00f1a el funcionamiento de la Oficina para la Defensa del Aut\u00f3nomo y la Pyme, DEPA, que pretende ayudar a los aut\u00f3nomos y pymes locales as\u00ed como agilizar y simplificar los procesos administrativos de los mismos.<\/p>\n<p style=\"text-align: justify;\">Para contactar con la DEPA puede hacerse mediante correo electr\u00f3nico a depa@carm.es o por tel\u00e9fono al 968 394 100, Tambi\u00e9n ofrecen informaci\u00f3n desde su web www.depa.carm.es y Twitter @depa_murcia<\/p>\n<p style=\"text-align: justify;\"><a href=\"http:\/\/blanca.es\/web\/wp-content\/uploads\/2017\/03\/Visita-dir-gral-simplificacion-2.jpg\"><img loading=\"lazy\" decoding=\"async\" class=\"alignnone  wp-image-5021\" src=\"http:\/\/blanca.es\/web\/wp-content\/uploads\/2017\/03\/Visita-dir-gral-simplificacion-2-1024x681.jpg\" alt=\"\" width=\"229\" height=\"152\" \/><\/a><\/p>\n","protected":false},"excerpt":{"rendered":"<p>La alcaldesa de Blanca, Ester Hortelano, ha recibido esta ma\u00f1ana, en su despacho, al director general de Simplificaci\u00f3n de la Actividad Empresarial y Econom\u00eda Digital, Francisco Abril, para tratar varios asuntos de inter\u00e9s para el municipio. Entre otros, la primer edil blanque\u00f1a ha solicitado que Blanca sea el lugar elegido para celebrar la pr\u00f3xima feria [&hellip;]<\/p>\n","protected":false},"author":2,"featured_media":5020,"comment_status":"closed","ping_status":"open","sticky":false,"template":"","format":"standard","meta":{"footnotes":""},"categories":[156],"tags":[],"class_list":["post-5019","post","type-post","status-publish","format-standard","has-post-thumbnail","hentry","category-institucional"],"yoast_head":"<!-- This site is optimized with the Yoast SEO plugin v28.1 - https:\/\/yoast.com\/product\/yoast-seo-wordpress\/ -->\n<title>La alcaldesa de Blanca solicita que el municipio acoja la feria SICARM - Ayuntamiento de Blanca<\/title>\n<meta name=\"robots\" content=\"index, follow, max-snippet:-1, max-image-preview:large, max-video-preview:-1\" \/>\n<link rel=\"canonical\" href=\"https:\/\/blanca.es\/nuevaweb\/la-alcaldesa-blanca-solicita-municipio-acoja-la-feria-sicarm\/\" \/>\n<meta property=\"og:locale\" content=\"es_ES\" \/>\n<meta property=\"og:type\" content=\"article\" \/>\n<meta property=\"og:title\" content=\"La alcaldesa de Blanca solicita que el municipio acoja la feria SICARM - Ayuntamiento de Blanca\" \/>\n<meta property=\"og:description\" content=\"La alcaldesa de Blanca, Ester Hortelano, ha recibido esta ma\u00f1ana, en su despacho, al director general de Simplificaci\u00f3n de la Actividad Empresarial y Econom\u00eda Digital, Francisco Abril, para tratar varios asuntos de inter\u00e9s para el municipio. Entre otros, la primer edil blanque\u00f1a ha solicitado que Blanca sea el lugar elegido para celebrar la pr\u00f3xima feria [&hellip;]\" \/>\n<meta property=\"og:url\" content=\"https:\/\/blanca.es\/nuevaweb\/la-alcaldesa-blanca-solicita-municipio-acoja-la-feria-sicarm\/\" \/>\n<meta property=\"og:site_name\" content=\"Ayuntamiento de Blanca\" \/>\n<meta property=\"article:publisher\" content=\"https:\/\/es-es.facebook.com\/AyuntamientodeBlanca\" \/>\n<meta property=\"article:published_time\" content=\"2017-03-24T12:50:17+00:00\" \/>\n<meta property=\"og:image\" content=\"https:\/\/blanca.es\/nuevaweb\/wp-content\/uploads\/2017\/03\/Visita-dir-gral-simplificacion-1.jpg\" \/>\n\t<meta property=\"og:image:width\" content=\"1024\" \/>\n\t<meta property=\"og:image:height\" content=\"681\" \/>\n\t<meta property=\"og:image:type\" content=\"image\/jpeg\" \/>\n<meta name=\"author\" content=\"Comunicaci\u00f3n\" \/>\n<meta name=\"twitter:card\" content=\"summary_large_image\" \/>\n<meta name=\"twitter:creator\" content=\"@ayto_blanca\" \/>\n<meta name=\"twitter:site\" content=\"@ayto_blanca\" \/>\n<meta name=\"twitter:label1\" content=\"Escrito por\" \/>\n\t<meta name=\"twitter:data1\" content=\"Comunicaci\u00f3n\" \/>\n\t<meta name=\"twitter:label2\" content=\"Tiempo de lectura\" \/>\n\t<meta name=\"twitter:data2\" content=\"1 minuto\" \/>\n<script type=\"application\/ld+json\" class=\"yoast-schema-graph\">{\"@context\":\"https:\\\/\\\/schema.org\",\"@graph\":[{\"@type\":\"Article\",\"@id\":\"https:\\\/\\\/blanca.es\\\/nuevaweb\\\/la-alcaldesa-blanca-solicita-municipio-acoja-la-feria-sicarm\\\/#article\",\"isPartOf\":{\"@id\":\"https:\\\/\\\/blanca.es\\\/nuevaweb\\\/la-alcaldesa-blanca-solicita-municipio-acoja-la-feria-sicarm\\\/\"},\"author\":{\"name\":\"Comunicaci\u00f3n\",\"@id\":\"https:\\\/\\\/blanca.es\\\/nuevaweb\\\/#\\\/schema\\\/person\\\/068ffbe563a96e998dc141bd91d5a84a\"},\"headline\":\"La alcaldesa de Blanca solicita que el municipio acoja la feria SICARM\",\"datePublished\":\"2017-03-24T12:50:17+00:00\",\"mainEntityOfPage\":{\"@id\":\"https:\\\/\\\/blanca.es\\\/nuevaweb\\\/la-alcaldesa-blanca-solicita-municipio-acoja-la-feria-sicarm\\\/\"},\"wordCount\":214,\"publisher\":{\"@id\":\"https:\\\/\\\/blanca.es\\\/nuevaweb\\\/#organization\"},\"image\":{\"@id\":\"https:\\\/\\\/blanca.es\\\/nuevaweb\\\/la-alcaldesa-blanca-solicita-municipio-acoja-la-feria-sicarm\\\/#primaryimage\"},\"thumbnailUrl\":\"https:\\\/\\\/blanca.es\\\/nuevaweb\\\/wp-content\\\/uploads\\\/2017\\\/03\\\/Visita-dir-gral-simplificacion-1.jpg\",\"articleSection\":[\"Institucional\"],\"inLanguage\":\"es\"},{\"@type\":\"WebPage\",\"@id\":\"https:\\\/\\\/blanca.es\\\/nuevaweb\\\/la-alcaldesa-blanca-solicita-municipio-acoja-la-feria-sicarm\\\/\",\"url\":\"https:\\\/\\\/blanca.es\\\/nuevaweb\\\/la-alcaldesa-blanca-solicita-municipio-acoja-la-feria-sicarm\\\/\",\"name\":\"La alcaldesa de Blanca solicita que el municipio acoja la feria SICARM - Ayuntamiento de Blanca\",\"isPartOf\":{\"@id\":\"https:\\\/\\\/blanca.es\\\/nuevaweb\\\/#website\"},\"primaryImageOfPage\":{\"@id\":\"https:\\\/\\\/blanca.es\\\/nuevaweb\\\/la-alcaldesa-blanca-solicita-municipio-acoja-la-feria-sicarm\\\/#primaryimage\"},\"image\":{\"@id\":\"https:\\\/\\\/blanca.es\\\/nuevaweb\\\/la-alcaldesa-blanca-solicita-municipio-acoja-la-feria-sicarm\\\/#primaryimage\"},\"thumbnailUrl\":\"https:\\\/\\\/blanca.es\\\/nuevaweb\\\/wp-content\\\/uploads\\\/2017\\\/03\\\/Visita-dir-gral-simplificacion-1.jpg\",\"datePublished\":\"2017-03-24T12:50:17+00:00\",\"breadcrumb\":{\"@id\":\"https:\\\/\\\/blanca.es\\\/nuevaweb\\\/la-alcaldesa-blanca-solicita-municipio-acoja-la-feria-sicarm\\\/#breadcrumb\"},\"inLanguage\":\"es\",\"potentialAction\":[{\"@type\":\"ReadAction\",\"target\":[\"https:\\\/\\\/blanca.es\\\/nuevaweb\\\/la-alcaldesa-blanca-solicita-municipio-acoja-la-feria-sicarm\\\/\"]}]},{\"@type\":\"ImageObject\",\"inLanguage\":\"es\",\"@id\":\"https:\\\/\\\/blanca.es\\\/nuevaweb\\\/la-alcaldesa-blanca-solicita-municipio-acoja-la-feria-sicarm\\\/#primaryimage\",\"url\":\"https:\\\/\\\/blanca.es\\\/nuevaweb\\\/wp-content\\\/uploads\\\/2017\\\/03\\\/Visita-dir-gral-simplificacion-1.jpg\",\"contentUrl\":\"https:\\\/\\\/blanca.es\\\/nuevaweb\\\/wp-content\\\/uploads\\\/2017\\\/03\\\/Visita-dir-gral-simplificacion-1.jpg\",\"width\":1024,\"height\":681},{\"@type\":\"BreadcrumbList\",\"@id\":\"https:\\\/\\\/blanca.es\\\/nuevaweb\\\/la-alcaldesa-blanca-solicita-municipio-acoja-la-feria-sicarm\\\/#breadcrumb\",\"itemListElement\":[{\"@type\":\"ListItem\",\"position\":1,\"name\":\"Portada\",\"item\":\"https:\\\/\\\/blanca.es\\\/nuevaweb\\\/\"},{\"@type\":\"ListItem\",\"position\":2,\"name\":\"La alcaldesa de Blanca solicita que el municipio acoja la feria SICARM\"}]},{\"@type\":\"WebSite\",\"@id\":\"https:\\\/\\\/blanca.es\\\/nuevaweb\\\/#website\",\"url\":\"https:\\\/\\\/blanca.es\\\/nuevaweb\\\/\",\"name\":\"Ayuntamiento de Blanca\",\"description\":\"Web Municipal Blanca (Murcia)\",\"publisher\":{\"@id\":\"https:\\\/\\\/blanca.es\\\/nuevaweb\\\/#organization\"},\"potentialAction\":[{\"@type\":\"SearchAction\",\"target\":{\"@type\":\"EntryPoint\",\"urlTemplate\":\"https:\\\/\\\/blanca.es\\\/nuevaweb\\\/?s={search_term_string}\"},\"query-input\":{\"@type\":\"PropertyValueSpecification\",\"valueRequired\":true,\"valueName\":\"search_term_string\"}}],\"inLanguage\":\"es\"},{\"@type\":\"Organization\",\"@id\":\"https:\\\/\\\/blanca.es\\\/nuevaweb\\\/#organization\",\"name\":\"Ayuntamiento de Blanca\",\"url\":\"https:\\\/\\\/blanca.es\\\/nuevaweb\\\/\",\"logo\":{\"@type\":\"ImageObject\",\"inLanguage\":\"es\",\"@id\":\"https:\\\/\\\/blanca.es\\\/nuevaweb\\\/#\\\/schema\\\/logo\\\/image\\\/\",\"url\":\"https:\\\/\\\/blanca.es\\\/nuevaweb\\\/wp-content\\\/uploads\\\/2020\\\/09\\\/Escudo_alta_cuadrado-3.png\",\"contentUrl\":\"https:\\\/\\\/blanca.es\\\/nuevaweb\\\/wp-content\\\/uploads\\\/2020\\\/09\\\/Escudo_alta_cuadrado-3.png\",\"width\":300,\"height\":300,\"caption\":\"Ayuntamiento de Blanca\"},\"image\":{\"@id\":\"https:\\\/\\\/blanca.es\\\/nuevaweb\\\/#\\\/schema\\\/logo\\\/image\\\/\"},\"sameAs\":[\"https:\\\/\\\/es-es.facebook.com\\\/AyuntamientodeBlanca\",\"https:\\\/\\\/x.com\\\/ayto_blanca\",\"https:\\\/\\\/www.youtube.com\\\/channel\\\/UC9weal_OZVKN6meF0Fd_rqw\"]},{\"@type\":\"Person\",\"@id\":\"https:\\\/\\\/blanca.es\\\/nuevaweb\\\/#\\\/schema\\\/person\\\/068ffbe563a96e998dc141bd91d5a84a\",\"name\":\"Comunicaci\u00f3n\",\"image\":{\"@type\":\"ImageObject\",\"inLanguage\":\"es\",\"@id\":\"https:\\\/\\\/secure.gravatar.com\\\/avatar\\\/0a6839cedbb80e4510cc6b40b620b579d19c8c87d368475504cb313c55980873?s=96&d=mm&r=g\",\"url\":\"https:\\\/\\\/secure.gravatar.com\\\/avatar\\\/0a6839cedbb80e4510cc6b40b620b579d19c8c87d368475504cb313c55980873?s=96&d=mm&r=g\",\"contentUrl\":\"https:\\\/\\\/secure.gravatar.com\\\/avatar\\\/0a6839cedbb80e4510cc6b40b620b579d19c8c87d368475504cb313c55980873?s=96&d=mm&r=g\",\"caption\":\"Comunicaci\u00f3n\"}}]}<\/script>\n<!-- \/ Yoast SEO plugin. -->","yoast_head_json":{"title":"La alcaldesa de Blanca solicita que el municipio acoja la feria SICARM - Ayuntamiento de Blanca","robots":{"index":"index","follow":"follow","max-snippet":"max-snippet:-1","max-image-preview":"max-image-preview:large","max-video-preview":"max-video-preview:-1"},"canonical":"https:\/\/blanca.es\/nuevaweb\/la-alcaldesa-blanca-solicita-municipio-acoja-la-feria-sicarm\/","og_locale":"es_ES","og_type":"article","og_title":"La alcaldesa de Blanca solicita que el municipio acoja la feria SICARM - Ayuntamiento de Blanca","og_description":"La alcaldesa de Blanca, Ester Hortelano, ha recibido esta ma\u00f1ana, en su despacho, al director general de Simplificaci\u00f3n de la Actividad Empresarial y Econom\u00eda Digital, Francisco Abril, para tratar varios asuntos de inter\u00e9s para el municipio. Entre otros, la primer edil blanque\u00f1a ha solicitado que Blanca sea el lugar elegido para celebrar la pr\u00f3xima feria [&hellip;]","og_url":"https:\/\/blanca.es\/nuevaweb\/la-alcaldesa-blanca-solicita-municipio-acoja-la-feria-sicarm\/","og_site_name":"Ayuntamiento de Blanca","article_publisher":"https:\/\/es-es.facebook.com\/AyuntamientodeBlanca","article_published_time":"2017-03-24T12:50:17+00:00","og_image":[{"width":1024,"height":681,"url":"https:\/\/blanca.es\/nuevaweb\/wp-content\/uploads\/2017\/03\/Visita-dir-gral-simplificacion-1.jpg","type":"image\/jpeg"}],"author":"Comunicaci\u00f3n","twitter_card":"summary_large_image","twitter_creator":"@ayto_blanca","twitter_site":"@ayto_blanca","twitter_misc":{"Escrito por":"Comunicaci\u00f3n","Tiempo de lectura":"1 minuto"},"schema":{"@context":"https:\/\/schema.org","@graph":[{"@type":"Article","@id":"https:\/\/blanca.es\/nuevaweb\/la-alcaldesa-blanca-solicita-municipio-acoja-la-feria-sicarm\/#article","isPartOf":{"@id":"https:\/\/blanca.es\/nuevaweb\/la-alcaldesa-blanca-solicita-municipio-acoja-la-feria-sicarm\/"},"author":{"name":"Comunicaci\u00f3n","@id":"https:\/\/blanca.es\/nuevaweb\/#\/schema\/person\/068ffbe563a96e998dc141bd91d5a84a"},"headline":"La alcaldesa de Blanca solicita que el municipio acoja la feria SICARM","datePublished":"2017-03-24T12:50:17+00:00","mainEntityOfPage":{"@id":"https:\/\/blanca.es\/nuevaweb\/la-alcaldesa-blanca-solicita-municipio-acoja-la-feria-sicarm\/"},"wordCount":214,"publisher":{"@id":"https:\/\/blanca.es\/nuevaweb\/#organization"},"image":{"@id":"https:\/\/blanca.es\/nuevaweb\/la-alcaldesa-blanca-solicita-municipio-acoja-la-feria-sicarm\/#primaryimage"},"thumbnailUrl":"https:\/\/blanca.es\/nuevaweb\/wp-content\/uploads\/2017\/03\/Visita-dir-gral-simplificacion-1.jpg","articleSection":["Institucional"],"inLanguage":"es"},{"@type":"WebPage","@id":"https:\/\/blanca.es\/nuevaweb\/la-alcaldesa-blanca-solicita-municipio-acoja-la-feria-sicarm\/","url":"https:\/\/blanca.es\/nuevaweb\/la-alcaldesa-blanca-solicita-municipio-acoja-la-feria-sicarm\/","name":"La alcaldesa de Blanca solicita que el municipio acoja la feria SICARM - Ayuntamiento de Blanca","isPartOf":{"@id":"https:\/\/blanca.es\/nuevaweb\/#website"},"primaryImageOfPage":{"@id":"https:\/\/blanca.es\/nuevaweb\/la-alcaldesa-blanca-solicita-municipio-acoja-la-feria-sicarm\/#primaryimage"},"image":{"@id":"https:\/\/blanca.es\/nuevaweb\/la-alcaldesa-blanca-solicita-municipio-acoja-la-feria-sicarm\/#primaryimage"},"thumbnailUrl":"https:\/\/blanca.es\/nuevaweb\/wp-content\/uploads\/2017\/03\/Visita-dir-gral-simplificacion-1.jpg","datePublished":"2017-03-24T12:50:17+00:00","breadcrumb":{"@id":"https:\/\/blanca.es\/nuevaweb\/la-alcaldesa-blanca-solicita-municipio-acoja-la-feria-sicarm\/#breadcrumb"},"inLanguage":"es","potentialAction":[{"@type":"ReadAction","target":["https:\/\/blanca.es\/nuevaweb\/la-alcaldesa-blanca-solicita-municipio-acoja-la-feria-sicarm\/"]}]},{"@type":"ImageObject","inLanguage":"es","@id":"https:\/\/blanca.es\/nuevaweb\/la-alcaldesa-blanca-solicita-municipio-acoja-la-feria-sicarm\/#primaryimage","url":"https:\/\/blanca.es\/nuevaweb\/wp-content\/uploads\/2017\/03\/Visita-dir-gral-simplificacion-1.jpg","contentUrl":"https:\/\/blanca.es\/nuevaweb\/wp-content\/uploads\/2017\/03\/Visita-dir-gral-simplificacion-1.jpg","width":1024,"height":681},{"@type":"BreadcrumbList","@id":"https:\/\/blanca.es\/nuevaweb\/la-alcaldesa-blanca-solicita-municipio-acoja-la-feria-sicarm\/#breadcrumb","itemListElement":[{"@type":"ListItem","position":1,"name":"Portada","item":"https:\/\/blanca.es\/nuevaweb\/"},{"@type":"ListItem","position":2,"name":"La alcaldesa de Blanca solicita que el municipio acoja la feria SICARM"}]},{"@type":"WebSite","@id":"https:\/\/blanca.es\/nuevaweb\/#website","url":"https:\/\/blanca.es\/nuevaweb\/","name":"Ayuntamiento de Blanca","description":"Web Municipal Blanca (Murcia)","publisher":{"@id":"https:\/\/blanca.es\/nuevaweb\/#organization"},"potentialAction":[{"@type":"SearchAction","target":{"@type":"EntryPoint","urlTemplate":"https:\/\/blanca.es\/nuevaweb\/?s={search_term_string}"},"query-input":{"@type":"PropertyValueSpecification","valueRequired":true,"valueName":"search_term_string"}}],"inLanguage":"es"},{"@type":"Organization","@id":"https:\/\/blanca.es\/nuevaweb\/#organization","name":"Ayuntamiento de Blanca","url":"https:\/\/blanca.es\/nuevaweb\/","logo":{"@type":"ImageObject","inLanguage":"es","@id":"https:\/\/blanca.es\/nuevaweb\/#\/schema\/logo\/image\/","url":"https:\/\/blanca.es\/nuevaweb\/wp-content\/uploads\/2020\/09\/Escudo_alta_cuadrado-3.png","contentUrl":"https:\/\/blanca.es\/nuevaweb\/wp-content\/uploads\/2020\/09\/Escudo_alta_cuadrado-3.png","width":300,"height":300,"caption":"Ayuntamiento de Blanca"},"image":{"@id":"https:\/\/blanca.es\/nuevaweb\/#\/schema\/logo\/image\/"},"sameAs":["https:\/\/es-es.facebook.com\/AyuntamientodeBlanca","https:\/\/x.com\/ayto_blanca","https:\/\/www.youtube.com\/channel\/UC9weal_OZVKN6meF0Fd_rqw"]},{"@type":"Person","@id":"https:\/\/blanca.es\/nuevaweb\/#\/schema\/person\/068ffbe563a96e998dc141bd91d5a84a","name":"Comunicaci\u00f3n","image":{"@type":"ImageObject","inLanguage":"es","@id":"https:\/\/secure.gravatar.com\/avatar\/0a6839cedbb80e4510cc6b40b620b579d19c8c87d368475504cb313c55980873?s=96&d=mm&r=g","url":"https:\/\/secure.gravatar.com\/avatar\/0a6839cedbb80e4510cc6b40b620b579d19c8c87d368475504cb313c55980873?s=96&d=mm&r=g","contentUrl":"https:\/\/secure.gravatar.com\/avatar\/0a6839cedbb80e4510cc6b40b620b579d19c8c87d368475504cb313c55980873?s=96&d=mm&r=g","caption":"Comunicaci\u00f3n"}}]}},"_links":{"self":[{"href":"https:\/\/blanca.es\/nuevaweb\/wp-json\/wp\/v2\/posts\/5019","targetHints":{"allow":["GET"]}}],"collection":[{"href":"https:\/\/blanca.es\/nuevaweb\/wp-json\/wp\/v2\/posts"}],"about":[{"href":"https:\/\/blanca.es\/nuevaweb\/wp-json\/wp\/v2\/types\/post"}],"author":[{"embeddable":true,"href":"https:\/\/blanca.es\/nuevaweb\/wp-json\/wp\/v2\/users\/2"}],"replies":[{"embeddable":true,"href":"https:\/\/blanca.es\/nuevaweb\/wp-json\/wp\/v2\/comments?post=5019"}],"version-history":[{"count":0,"href":"https:\/\/blanca.es\/nuevaweb\/wp-json\/wp\/v2\/posts\/5019\/revisions"}],"wp:featuredmedia":[{"embeddable":true,"href":"https:\/\/blanca.es\/nuevaweb\/wp-json\/wp\/v2\/media\/5020"}],"wp:attachment":[{"href":"https:\/\/blanca.es\/nuevaweb\/wp-json\/wp\/v2\/media?parent=5019"}],"wp:term":[{"taxonomy":"category","embeddable":true,"href":"https:\/\/blanca.es\/nuevaweb\/wp-json\/wp\/v2\/categories?post=5019"},{"taxonomy":"post_tag","embeddable":true,"href":"https:\/\/blanca.es\/nuevaweb\/wp-json\/wp\/v2\/tags?post=5019"}],"curies":[{"name":"wp","href":"https:\/\/api.w.org\/{rel}","templated":true}]}}