{"id":5160,"date":"2017-04-03T10:48:04","date_gmt":"2017-04-03T08:48:04","guid":{"rendered":"http:\/\/blanca.es\/?p=5160"},"modified":"2017-04-03T10:48:04","modified_gmt":"2017-04-03T08:48:04","slug":"jose-antonio-lopez-rios-repasa-la-semana-santa-blanquena-emotivo-sentido-pregon","status":"publish","type":"post","link":"https:\/\/blanca.es\/nuevaweb\/jose-antonio-lopez-rios-repasa-la-semana-santa-blanquena-emotivo-sentido-pregon\/","title":{"rendered":"Jos\u00e9 Antonio L\u00f3pez R\u00edos repasa la Semana Santa blanque\u00f1a en un emotivo y sentido preg\u00f3n"},"content":{"rendered":"<h2 style=\"text-align: justify;\">El Cabildo de Cofrad\u00edas y Hermandades de la Semana Santa de Blanca celebr\u00f3 en la noche del s\u00e1bado, en el Teatro Victoria, el acto de lectura del Preg\u00f3n que recay\u00f3 en la figura del celador del Hospital Morales Meseguer, y vocal de formaci\u00f3n y comunicaci\u00f3n de la Hermandad San Juan Evangelista, Jos\u00e9 Antonio L\u00f3pez R\u00edos.<\/h2>\n<p style=\"text-align: justify;\">Blanca inicia de manera oficial los actos en torno a la Semana Santa. El Teatro Victoria acogi\u00f3 en la noche del s\u00e1bado el acto de lectura del preg\u00f3n donde, adem\u00e1s, se realiz\u00f3 la petici\u00f3n del uso de la V\u00eda P\u00fablica a la alcaldesa del municipio, Ester Hortelano. Tras la autorizaci\u00f3n por parte de la primera edil para el uso de la v\u00eda p\u00fablica, lleg\u00f3 la lectura del Preg\u00f3n que abre los actos de la Semana Santa de Blanca.<\/p>\n<p style=\"text-align: justify;\">El celador del Hospital Morales de Meseguer, Jos\u00e9 Antonio L\u00f3pez, se dispuso a dar lectura a su preg\u00f3n con una introducci\u00f3n en la que record\u00f3 sus inicios desde peque\u00f1o en la Semana Santa, con una dedicaci\u00f3n a sus padres y hermana, ya fallecidos.<\/p>\n<p style=\"text-align: justify;\">Jos\u00e9 Antonio fue recitando su Preg\u00f3n desgranando cada d\u00eda y cada imagen que procesiona desde su punto de vista como nazareno, y penitente, agradeciendo el trabajo, sin \u00e1nimo de lucro, de todos los componentes del Cabildo y Hermandades que hacen que cada a\u00f1o, la tradici\u00f3n blanque\u00f1a siga viva y mantenga las \u201cse\u00f1as de identidad de nuestra Semana Santa\u201d.<\/p>\n<p style=\"text-align: justify;\">El pregonero recibi\u00f3 una gran ovaci\u00f3n brindada por los alrededor de 300 asistentes al Teatro Victoria al finalizar su acto, donde su rostro mostr\u00f3 una gran emoci\u00f3n. Tras el Preg\u00f3n, el Cabildo entreg\u00f3 el galard\u00f3n de Cofrades del A\u00f1o a las hermanas Pilar Molina y M\u00aa Encarnaci\u00f3n Molina, por su labor desinteresada en la Semana Santa blanque\u00f1a. Un preg\u00f3n que estuvo amenizado por la Coral de la Agrupaci\u00f3n Musical de Blanca.<\/p>\n<div id='gallery-1' class='gallery galleryid-5160 gallery-columns-3 gallery-size-thumbnail'><figure class='gallery-item'>\n\t\t\t<div class='gallery-icon landscape'>\n\t\t\t\t<a href='https:\/\/blanca.es\/nuevaweb\/wp-content\/uploads\/2017\/04\/DSC_9079.jpg'><img loading=\"lazy\" decoding=\"async\" width=\"150\" height=\"150\" src=\"https:\/\/blanca.es\/nuevaweb\/wp-content\/uploads\/2017\/04\/DSC_9079-150x150.jpg\" class=\"attachment-thumbnail size-thumbnail\" alt=\"\" \/><\/a>\n\t\t\t<\/div><\/figure><figure class='gallery-item'>\n\t\t\t<div class='gallery-icon landscape'>\n\t\t\t\t<a href='https:\/\/blanca.es\/nuevaweb\/wp-content\/uploads\/2017\/04\/DSC_9080.jpg'><img loading=\"lazy\" decoding=\"async\" width=\"150\" height=\"150\" src=\"https:\/\/blanca.es\/nuevaweb\/wp-content\/uploads\/2017\/04\/DSC_9080-150x150.jpg\" class=\"attachment-thumbnail size-thumbnail\" alt=\"\" \/><\/a>\n\t\t\t<\/div><\/figure><figure class='gallery-item'>\n\t\t\t<div class='gallery-icon landscape'>\n\t\t\t\t<a href='https:\/\/blanca.es\/nuevaweb\/wp-content\/uploads\/2017\/04\/DSC_9082.jpg'><img loading=\"lazy\" decoding=\"async\" width=\"150\" height=\"150\" src=\"https:\/\/blanca.es\/nuevaweb\/wp-content\/uploads\/2017\/04\/DSC_9082-150x150.jpg\" class=\"attachment-thumbnail size-thumbnail\" alt=\"\" \/><\/a>\n\t\t\t<\/div><\/figure><figure class='gallery-item'>\n\t\t\t<div class='gallery-icon landscape'>\n\t\t\t\t<a href='https:\/\/blanca.es\/nuevaweb\/wp-content\/uploads\/2017\/04\/DSC_9084.jpg'><img loading=\"lazy\" decoding=\"async\" width=\"150\" height=\"150\" src=\"https:\/\/blanca.es\/nuevaweb\/wp-content\/uploads\/2017\/04\/DSC_9084-150x150.jpg\" class=\"attachment-thumbnail size-thumbnail\" alt=\"\" \/><\/a>\n\t\t\t<\/div><\/figure><figure class='gallery-item'>\n\t\t\t<div class='gallery-icon landscape'>\n\t\t\t\t<a href='https:\/\/blanca.es\/nuevaweb\/wp-content\/uploads\/2017\/04\/DSC_9094.jpg'><img loading=\"lazy\" decoding=\"async\" width=\"150\" height=\"150\" src=\"https:\/\/blanca.es\/nuevaweb\/wp-content\/uploads\/2017\/04\/DSC_9094-150x150.jpg\" class=\"attachment-thumbnail size-thumbnail\" alt=\"\" \/><\/a>\n\t\t\t<\/div><\/figure><figure class='gallery-item'>\n\t\t\t<div class='gallery-icon landscape'>\n\t\t\t\t<a href='https:\/\/blanca.es\/nuevaweb\/wp-content\/uploads\/2017\/04\/DSC_9095.jpg'><img loading=\"lazy\" decoding=\"async\" width=\"150\" height=\"150\" src=\"https:\/\/blanca.es\/nuevaweb\/wp-content\/uploads\/2017\/04\/DSC_9095-150x150.jpg\" class=\"attachment-thumbnail size-thumbnail\" alt=\"\" \/><\/a>\n\t\t\t<\/div><\/figure><figure class='gallery-item'>\n\t\t\t<div class='gallery-icon landscape'>\n\t\t\t\t<a href='https:\/\/blanca.es\/nuevaweb\/wp-content\/uploads\/2017\/04\/DSC_9119.jpg'><img loading=\"lazy\" decoding=\"async\" width=\"150\" height=\"150\" src=\"https:\/\/blanca.es\/nuevaweb\/wp-content\/uploads\/2017\/04\/DSC_9119-150x150.jpg\" class=\"attachment-thumbnail size-thumbnail\" alt=\"\" \/><\/a>\n\t\t\t<\/div><\/figure><figure class='gallery-item'>\n\t\t\t<div class='gallery-icon landscape'>\n\t\t\t\t<a href='https:\/\/blanca.es\/nuevaweb\/wp-content\/uploads\/2017\/04\/DSC_9121.jpg'><img loading=\"lazy\" decoding=\"async\" width=\"150\" height=\"150\" src=\"https:\/\/blanca.es\/nuevaweb\/wp-content\/uploads\/2017\/04\/DSC_9121-150x150.jpg\" class=\"attachment-thumbnail size-thumbnail\" alt=\"\" \/><\/a>\n\t\t\t<\/div><\/figure><figure class='gallery-item'>\n\t\t\t<div class='gallery-icon landscape'>\n\t\t\t\t<a href='https:\/\/blanca.es\/nuevaweb\/wp-content\/uploads\/2017\/04\/DSC_9135.jpg'><img loading=\"lazy\" decoding=\"async\" width=\"150\" height=\"150\" src=\"https:\/\/blanca.es\/nuevaweb\/wp-content\/uploads\/2017\/04\/DSC_9135-150x150.jpg\" class=\"attachment-thumbnail size-thumbnail\" alt=\"\" \/><\/a>\n\t\t\t<\/div><\/figure><figure class='gallery-item'>\n\t\t\t<div class='gallery-icon landscape'>\n\t\t\t\t<a href='https:\/\/blanca.es\/nuevaweb\/wp-content\/uploads\/2017\/04\/DSC_9147.jpg'><img loading=\"lazy\" decoding=\"async\" width=\"150\" height=\"150\" src=\"https:\/\/blanca.es\/nuevaweb\/wp-content\/uploads\/2017\/04\/DSC_9147-150x150.jpg\" class=\"attachment-thumbnail size-thumbnail\" alt=\"\" \/><\/a>\n\t\t\t<\/div><\/figure><figure class='gallery-item'>\n\t\t\t<div class='gallery-icon landscape'>\n\t\t\t\t<a href='https:\/\/blanca.es\/nuevaweb\/wp-content\/uploads\/2017\/04\/DSC_9149.jpg'><img loading=\"lazy\" decoding=\"async\" width=\"150\" height=\"150\" src=\"https:\/\/blanca.es\/nuevaweb\/wp-content\/uploads\/2017\/04\/DSC_9149-150x150.jpg\" class=\"attachment-thumbnail size-thumbnail\" alt=\"\" \/><\/a>\n\t\t\t<\/div><\/figure><figure class='gallery-item'>\n\t\t\t<div class='gallery-icon landscape'>\n\t\t\t\t<a href='https:\/\/blanca.es\/nuevaweb\/wp-content\/uploads\/2017\/04\/DSC_9155.jpg'><img loading=\"lazy\" decoding=\"async\" width=\"150\" height=\"150\" src=\"https:\/\/blanca.es\/nuevaweb\/wp-content\/uploads\/2017\/04\/DSC_9155-150x150.jpg\" class=\"attachment-thumbnail size-thumbnail\" alt=\"\" \/><\/a>\n\t\t\t<\/div><\/figure><figure class='gallery-item'>\n\t\t\t<div class='gallery-icon landscape'>\n\t\t\t\t<a href='https:\/\/blanca.es\/nuevaweb\/wp-content\/uploads\/2017\/04\/DSC_9156.jpg'><img loading=\"lazy\" decoding=\"async\" width=\"150\" height=\"150\" src=\"https:\/\/blanca.es\/nuevaweb\/wp-content\/uploads\/2017\/04\/DSC_9156-150x150.jpg\" class=\"attachment-thumbnail size-thumbnail\" alt=\"\" \/><\/a>\n\t\t\t<\/div><\/figure><figure class='gallery-item'>\n\t\t\t<div class='gallery-icon landscape'>\n\t\t\t\t<a href='https:\/\/blanca.es\/nuevaweb\/wp-content\/uploads\/2017\/04\/DSC_9159.jpg'><img loading=\"lazy\" decoding=\"async\" width=\"150\" height=\"150\" src=\"https:\/\/blanca.es\/nuevaweb\/wp-content\/uploads\/2017\/04\/DSC_9159-150x150.jpg\" class=\"attachment-thumbnail size-thumbnail\" alt=\"\" \/><\/a>\n\t\t\t<\/div><\/figure><figure class='gallery-item'>\n\t\t\t<div class='gallery-icon landscape'>\n\t\t\t\t<a href='https:\/\/blanca.es\/nuevaweb\/wp-content\/uploads\/2017\/04\/DSC_9161.jpg'><img loading=\"lazy\" decoding=\"async\" width=\"150\" height=\"150\" src=\"https:\/\/blanca.es\/nuevaweb\/wp-content\/uploads\/2017\/04\/DSC_9161-150x150.jpg\" class=\"attachment-thumbnail size-thumbnail\" alt=\"\" \/><\/a>\n\t\t\t<\/div><\/figure><figure class='gallery-item'>\n\t\t\t<div class='gallery-icon landscape'>\n\t\t\t\t<a href='https:\/\/blanca.es\/nuevaweb\/wp-content\/uploads\/2017\/04\/DSC_9163.jpg'><img loading=\"lazy\" decoding=\"async\" width=\"150\" height=\"150\" src=\"https:\/\/blanca.es\/nuevaweb\/wp-content\/uploads\/2017\/04\/DSC_9163-150x150.jpg\" class=\"attachment-thumbnail size-thumbnail\" alt=\"\" \/><\/a>\n\t\t\t<\/div><\/figure><figure class='gallery-item'>\n\t\t\t<div class='gallery-icon landscape'>\n\t\t\t\t<a href='https:\/\/blanca.es\/nuevaweb\/wp-content\/uploads\/2017\/04\/DSC_9164.jpg'><img loading=\"lazy\" decoding=\"async\" width=\"150\" height=\"150\" src=\"https:\/\/blanca.es\/nuevaweb\/wp-content\/uploads\/2017\/04\/DSC_9164-150x150.jpg\" class=\"attachment-thumbnail size-thumbnail\" alt=\"\" \/><\/a>\n\t\t\t<\/div><\/figure><figure class='gallery-item'>\n\t\t\t<div class='gallery-icon landscape'>\n\t\t\t\t<a href='https:\/\/blanca.es\/nuevaweb\/wp-content\/uploads\/2017\/04\/DSC_9166.jpg'><img loading=\"lazy\" decoding=\"async\" width=\"150\" height=\"150\" src=\"https:\/\/blanca.es\/nuevaweb\/wp-content\/uploads\/2017\/04\/DSC_9166-150x150.jpg\" class=\"attachment-thumbnail size-thumbnail\" alt=\"\" \/><\/a>\n\t\t\t<\/div><\/figure><figure class='gallery-item'>\n\t\t\t<div class='gallery-icon landscape'>\n\t\t\t\t<a href='https:\/\/blanca.es\/nuevaweb\/wp-content\/uploads\/2017\/04\/DSC_9169.jpg'><img loading=\"lazy\" decoding=\"async\" width=\"150\" height=\"150\" src=\"https:\/\/blanca.es\/nuevaweb\/wp-content\/uploads\/2017\/04\/DSC_9169-150x150.jpg\" class=\"attachment-thumbnail size-thumbnail\" alt=\"\" \/><\/a>\n\t\t\t<\/div><\/figure><figure class='gallery-item'>\n\t\t\t<div class='gallery-icon landscape'>\n\t\t\t\t<a href='https:\/\/blanca.es\/nuevaweb\/wp-content\/uploads\/2017\/04\/DSC_9171.jpg'><img loading=\"lazy\" decoding=\"async\" width=\"150\" height=\"150\" src=\"https:\/\/blanca.es\/nuevaweb\/wp-content\/uploads\/2017\/04\/DSC_9171-150x150.jpg\" class=\"attachment-thumbnail size-thumbnail\" alt=\"\" \/><\/a>\n\t\t\t<\/div><\/figure><figure class='gallery-item'>\n\t\t\t<div class='gallery-icon landscape'>\n\t\t\t\t<a href='https:\/\/blanca.es\/nuevaweb\/wp-content\/uploads\/2017\/04\/DSC_9174.jpg'><img loading=\"lazy\" decoding=\"async\" width=\"150\" height=\"150\" src=\"https:\/\/blanca.es\/nuevaweb\/wp-content\/uploads\/2017\/04\/DSC_9174-150x150.jpg\" class=\"attachment-thumbnail size-thumbnail\" alt=\"\" \/><\/a>\n\t\t\t<\/div><\/figure><figure class='gallery-item'>\n\t\t\t<div class='gallery-icon landscape'>\n\t\t\t\t<a href='https:\/\/blanca.es\/nuevaweb\/wp-content\/uploads\/2017\/04\/DSC_9175.jpg'><img loading=\"lazy\" decoding=\"async\" width=\"150\" height=\"150\" src=\"https:\/\/blanca.es\/nuevaweb\/wp-content\/uploads\/2017\/04\/DSC_9175-150x150.jpg\" class=\"attachment-thumbnail size-thumbnail\" alt=\"\" \/><\/a>\n\t\t\t<\/div><\/figure><figure class='gallery-item'>\n\t\t\t<div class='gallery-icon landscape'>\n\t\t\t\t<a href='https:\/\/blanca.es\/nuevaweb\/wp-content\/uploads\/2017\/04\/DSC_9176.jpg'><img loading=\"lazy\" decoding=\"async\" width=\"150\" height=\"150\" src=\"https:\/\/blanca.es\/nuevaweb\/wp-content\/uploads\/2017\/04\/DSC_9176-150x150.jpg\" class=\"attachment-thumbnail size-thumbnail\" alt=\"\" \/><\/a>\n\t\t\t<\/div><\/figure><figure class='gallery-item'>\n\t\t\t<div class='gallery-icon landscape'>\n\t\t\t\t<a href='https:\/\/blanca.es\/nuevaweb\/wp-content\/uploads\/2017\/04\/DSC_9177.jpg'><img loading=\"lazy\" decoding=\"async\" width=\"150\" height=\"150\" src=\"https:\/\/blanca.es\/nuevaweb\/wp-content\/uploads\/2017\/04\/DSC_9177-150x150.jpg\" class=\"attachment-thumbnail size-thumbnail\" alt=\"\" \/><\/a>\n\t\t\t<\/div><\/figure><figure class='gallery-item'>\n\t\t\t<div class='gallery-icon landscape'>\n\t\t\t\t<a href='https:\/\/blanca.es\/nuevaweb\/wp-content\/uploads\/2017\/04\/DSC_9178.jpg'><img loading=\"lazy\" decoding=\"async\" width=\"150\" height=\"150\" src=\"https:\/\/blanca.es\/nuevaweb\/wp-content\/uploads\/2017\/04\/DSC_9178-150x150.jpg\" class=\"attachment-thumbnail size-thumbnail\" alt=\"\" \/><\/a>\n\t\t\t<\/div><\/figure><figure class='gallery-item'>\n\t\t\t<div class='gallery-icon landscape'>\n\t\t\t\t<a href='https:\/\/blanca.es\/nuevaweb\/wp-content\/uploads\/2017\/04\/DSC_9179.jpg'><img loading=\"lazy\" decoding=\"async\" width=\"150\" height=\"150\" src=\"https:\/\/blanca.es\/nuevaweb\/wp-content\/uploads\/2017\/04\/DSC_9179-150x150.jpg\" class=\"attachment-thumbnail size-thumbnail\" alt=\"\" \/><\/a>\n\t\t\t<\/div><\/figure><figure class='gallery-item'>\n\t\t\t<div class='gallery-icon landscape'>\n\t\t\t\t<a href='https:\/\/blanca.es\/nuevaweb\/wp-content\/uploads\/2017\/04\/DSC_9183.jpg'><img loading=\"lazy\" decoding=\"async\" width=\"150\" height=\"150\" src=\"https:\/\/blanca.es\/nuevaweb\/wp-content\/uploads\/2017\/04\/DSC_9183-150x150.jpg\" class=\"attachment-thumbnail size-thumbnail\" alt=\"\" \/><\/a>\n\t\t\t<\/div><\/figure>\n\t\t<\/div>\n\n","protected":false},"excerpt":{"rendered":"<p>El Cabildo de Cofrad\u00edas y Hermandades de la Semana Santa de Blanca celebr\u00f3 en la noche del s\u00e1bado, en el Teatro Victoria, el acto de lectura del Preg\u00f3n que recay\u00f3 en la figura del celador del Hospital Morales Meseguer, y vocal de formaci\u00f3n y comunicaci\u00f3n de la Hermandad San Juan Evangelista, Jos\u00e9 Antonio L\u00f3pez R\u00edos. [&hellip;]<\/p>\n","protected":false},"author":2,"featured_media":5175,"comment_status":"closed","ping_status":"open","sticky":false,"template":"","format":"standard","meta":{"footnotes":""},"categories":[160,162],"tags":[],"class_list":["post-5160","post","type-post","status-publish","format-standard","has-post-thumbnail","hentry","category-cul_tur","category-fiestas"],"yoast_head":"<!-- This site is optimized with the Yoast SEO plugin v28.1 - https:\/\/yoast.com\/product\/yoast-seo-wordpress\/ -->\n<title>Jos\u00e9 Antonio L\u00f3pez R\u00edos repasa la Semana Santa blanque\u00f1a en un emotivo y sentido preg\u00f3n - Ayuntamiento de Blanca<\/title>\n<meta name=\"robots\" content=\"index, follow, max-snippet:-1, max-image-preview:large, max-video-preview:-1\" \/>\n<link rel=\"canonical\" href=\"https:\/\/blanca.es\/nuevaweb\/jose-antonio-lopez-rios-repasa-la-semana-santa-blanquena-emotivo-sentido-pregon\/\" \/>\n<meta property=\"og:locale\" content=\"es_ES\" \/>\n<meta property=\"og:type\" content=\"article\" \/>\n<meta property=\"og:title\" content=\"Jos\u00e9 Antonio L\u00f3pez R\u00edos repasa la Semana Santa blanque\u00f1a en un emotivo y sentido preg\u00f3n - Ayuntamiento de Blanca\" \/>\n<meta property=\"og:description\" content=\"El Cabildo de Cofrad\u00edas y Hermandades de la Semana Santa de Blanca celebr\u00f3 en la noche del s\u00e1bado, en el Teatro Victoria, el acto de lectura del Preg\u00f3n que recay\u00f3 en la figura del celador del Hospital Morales Meseguer, y vocal de formaci\u00f3n y comunicaci\u00f3n de la Hermandad San Juan Evangelista, Jos\u00e9 Antonio L\u00f3pez R\u00edos. [&hellip;]\" \/>\n<meta property=\"og:url\" content=\"https:\/\/blanca.es\/nuevaweb\/jose-antonio-lopez-rios-repasa-la-semana-santa-blanquena-emotivo-sentido-pregon\/\" \/>\n<meta property=\"og:site_name\" content=\"Ayuntamiento de Blanca\" \/>\n<meta property=\"article:publisher\" content=\"https:\/\/es-es.facebook.com\/AyuntamientodeBlanca\" \/>\n<meta property=\"article:published_time\" content=\"2017-04-03T08:48:04+00:00\" \/>\n<meta property=\"og:image\" content=\"https:\/\/blanca.es\/nuevaweb\/wp-content\/uploads\/2017\/04\/DSC_9159.jpg\" \/>\n\t<meta property=\"og:image:width\" content=\"800\" \/>\n\t<meta property=\"og:image:height\" content=\"533\" \/>\n\t<meta property=\"og:image:type\" content=\"image\/jpeg\" \/>\n<meta name=\"author\" content=\"Comunicaci\u00f3n\" \/>\n<meta name=\"twitter:card\" content=\"summary_large_image\" \/>\n<meta name=\"twitter:creator\" content=\"@ayto_blanca\" \/>\n<meta name=\"twitter:site\" content=\"@ayto_blanca\" \/>\n<meta name=\"twitter:label1\" content=\"Escrito por\" \/>\n\t<meta name=\"twitter:data1\" content=\"Comunicaci\u00f3n\" \/>\n\t<meta name=\"twitter:label2\" content=\"Tiempo de lectura\" \/>\n\t<meta name=\"twitter:data2\" content=\"2 minutos\" \/>\n<script type=\"application\/ld+json\" class=\"yoast-schema-graph\">{\"@context\":\"https:\\\/\\\/schema.org\",\"@graph\":[{\"@type\":\"Article\",\"@id\":\"https:\\\/\\\/blanca.es\\\/nuevaweb\\\/jose-antonio-lopez-rios-repasa-la-semana-santa-blanquena-emotivo-sentido-pregon\\\/#article\",\"isPartOf\":{\"@id\":\"https:\\\/\\\/blanca.es\\\/nuevaweb\\\/jose-antonio-lopez-rios-repasa-la-semana-santa-blanquena-emotivo-sentido-pregon\\\/\"},\"author\":{\"name\":\"Comunicaci\u00f3n\",\"@id\":\"https:\\\/\\\/blanca.es\\\/nuevaweb\\\/#\\\/schema\\\/person\\\/068ffbe563a96e998dc141bd91d5a84a\"},\"headline\":\"Jos\u00e9 Antonio L\u00f3pez R\u00edos repasa la Semana Santa blanque\u00f1a en un emotivo y sentido preg\u00f3n\",\"datePublished\":\"2017-04-03T08:48:04+00:00\",\"mainEntityOfPage\":{\"@id\":\"https:\\\/\\\/blanca.es\\\/nuevaweb\\\/jose-antonio-lopez-rios-repasa-la-semana-santa-blanquena-emotivo-sentido-pregon\\\/\"},\"wordCount\":366,\"publisher\":{\"@id\":\"https:\\\/\\\/blanca.es\\\/nuevaweb\\\/#organization\"},\"image\":{\"@id\":\"https:\\\/\\\/blanca.es\\\/nuevaweb\\\/jose-antonio-lopez-rios-repasa-la-semana-santa-blanquena-emotivo-sentido-pregon\\\/#primaryimage\"},\"thumbnailUrl\":\"https:\\\/\\\/blanca.es\\\/nuevaweb\\\/wp-content\\\/uploads\\\/2017\\\/04\\\/DSC_9159.jpg\",\"articleSection\":[\"Cultura y Turismo\",\"Fiestas\"],\"inLanguage\":\"es\"},{\"@type\":\"WebPage\",\"@id\":\"https:\\\/\\\/blanca.es\\\/nuevaweb\\\/jose-antonio-lopez-rios-repasa-la-semana-santa-blanquena-emotivo-sentido-pregon\\\/\",\"url\":\"https:\\\/\\\/blanca.es\\\/nuevaweb\\\/jose-antonio-lopez-rios-repasa-la-semana-santa-blanquena-emotivo-sentido-pregon\\\/\",\"name\":\"Jos\u00e9 Antonio L\u00f3pez R\u00edos repasa la Semana Santa blanque\u00f1a en un emotivo y sentido preg\u00f3n - Ayuntamiento de Blanca\",\"isPartOf\":{\"@id\":\"https:\\\/\\\/blanca.es\\\/nuevaweb\\\/#website\"},\"primaryImageOfPage\":{\"@id\":\"https:\\\/\\\/blanca.es\\\/nuevaweb\\\/jose-antonio-lopez-rios-repasa-la-semana-santa-blanquena-emotivo-sentido-pregon\\\/#primaryimage\"},\"image\":{\"@id\":\"https:\\\/\\\/blanca.es\\\/nuevaweb\\\/jose-antonio-lopez-rios-repasa-la-semana-santa-blanquena-emotivo-sentido-pregon\\\/#primaryimage\"},\"thumbnailUrl\":\"https:\\\/\\\/blanca.es\\\/nuevaweb\\\/wp-content\\\/uploads\\\/2017\\\/04\\\/DSC_9159.jpg\",\"datePublished\":\"2017-04-03T08:48:04+00:00\",\"breadcrumb\":{\"@id\":\"https:\\\/\\\/blanca.es\\\/nuevaweb\\\/jose-antonio-lopez-rios-repasa-la-semana-santa-blanquena-emotivo-sentido-pregon\\\/#breadcrumb\"},\"inLanguage\":\"es\",\"potentialAction\":[{\"@type\":\"ReadAction\",\"target\":[\"https:\\\/\\\/blanca.es\\\/nuevaweb\\\/jose-antonio-lopez-rios-repasa-la-semana-santa-blanquena-emotivo-sentido-pregon\\\/\"]}]},{\"@type\":\"ImageObject\",\"inLanguage\":\"es\",\"@id\":\"https:\\\/\\\/blanca.es\\\/nuevaweb\\\/jose-antonio-lopez-rios-repasa-la-semana-santa-blanquena-emotivo-sentido-pregon\\\/#primaryimage\",\"url\":\"https:\\\/\\\/blanca.es\\\/nuevaweb\\\/wp-content\\\/uploads\\\/2017\\\/04\\\/DSC_9159.jpg\",\"contentUrl\":\"https:\\\/\\\/blanca.es\\\/nuevaweb\\\/wp-content\\\/uploads\\\/2017\\\/04\\\/DSC_9159.jpg\",\"width\":800,\"height\":533},{\"@type\":\"BreadcrumbList\",\"@id\":\"https:\\\/\\\/blanca.es\\\/nuevaweb\\\/jose-antonio-lopez-rios-repasa-la-semana-santa-blanquena-emotivo-sentido-pregon\\\/#breadcrumb\",\"itemListElement\":[{\"@type\":\"ListItem\",\"position\":1,\"name\":\"Portada\",\"item\":\"https:\\\/\\\/blanca.es\\\/nuevaweb\\\/\"},{\"@type\":\"ListItem\",\"position\":2,\"name\":\"Jos\u00e9 Antonio L\u00f3pez R\u00edos repasa la Semana Santa blanque\u00f1a en un emotivo y sentido preg\u00f3n\"}]},{\"@type\":\"WebSite\",\"@id\":\"https:\\\/\\\/blanca.es\\\/nuevaweb\\\/#website\",\"url\":\"https:\\\/\\\/blanca.es\\\/nuevaweb\\\/\",\"name\":\"Ayuntamiento de Blanca\",\"description\":\"Web Municipal Blanca (Murcia)\",\"publisher\":{\"@id\":\"https:\\\/\\\/blanca.es\\\/nuevaweb\\\/#organization\"},\"potentialAction\":[{\"@type\":\"SearchAction\",\"target\":{\"@type\":\"EntryPoint\",\"urlTemplate\":\"https:\\\/\\\/blanca.es\\\/nuevaweb\\\/?s={search_term_string}\"},\"query-input\":{\"@type\":\"PropertyValueSpecification\",\"valueRequired\":true,\"valueName\":\"search_term_string\"}}],\"inLanguage\":\"es\"},{\"@type\":\"Organization\",\"@id\":\"https:\\\/\\\/blanca.es\\\/nuevaweb\\\/#organization\",\"name\":\"Ayuntamiento de Blanca\",\"url\":\"https:\\\/\\\/blanca.es\\\/nuevaweb\\\/\",\"logo\":{\"@type\":\"ImageObject\",\"inLanguage\":\"es\",\"@id\":\"https:\\\/\\\/blanca.es\\\/nuevaweb\\\/#\\\/schema\\\/logo\\\/image\\\/\",\"url\":\"https:\\\/\\\/blanca.es\\\/nuevaweb\\\/wp-content\\\/uploads\\\/2020\\\/09\\\/Escudo_alta_cuadrado-3.png\",\"contentUrl\":\"https:\\\/\\\/blanca.es\\\/nuevaweb\\\/wp-content\\\/uploads\\\/2020\\\/09\\\/Escudo_alta_cuadrado-3.png\",\"width\":300,\"height\":300,\"caption\":\"Ayuntamiento de Blanca\"},\"image\":{\"@id\":\"https:\\\/\\\/blanca.es\\\/nuevaweb\\\/#\\\/schema\\\/logo\\\/image\\\/\"},\"sameAs\":[\"https:\\\/\\\/es-es.facebook.com\\\/AyuntamientodeBlanca\",\"https:\\\/\\\/x.com\\\/ayto_blanca\",\"https:\\\/\\\/www.youtube.com\\\/channel\\\/UC9weal_OZVKN6meF0Fd_rqw\"]},{\"@type\":\"Person\",\"@id\":\"https:\\\/\\\/blanca.es\\\/nuevaweb\\\/#\\\/schema\\\/person\\\/068ffbe563a96e998dc141bd91d5a84a\",\"name\":\"Comunicaci\u00f3n\",\"image\":{\"@type\":\"ImageObject\",\"inLanguage\":\"es\",\"@id\":\"https:\\\/\\\/secure.gravatar.com\\\/avatar\\\/0a6839cedbb80e4510cc6b40b620b579d19c8c87d368475504cb313c55980873?s=96&d=mm&r=g\",\"url\":\"https:\\\/\\\/secure.gravatar.com\\\/avatar\\\/0a6839cedbb80e4510cc6b40b620b579d19c8c87d368475504cb313c55980873?s=96&d=mm&r=g\",\"contentUrl\":\"https:\\\/\\\/secure.gravatar.com\\\/avatar\\\/0a6839cedbb80e4510cc6b40b620b579d19c8c87d368475504cb313c55980873?s=96&d=mm&r=g\",\"caption\":\"Comunicaci\u00f3n\"}}]}<\/script>\n<!-- \/ Yoast SEO plugin. -->","yoast_head_json":{"title":"Jos\u00e9 Antonio L\u00f3pez R\u00edos repasa la Semana Santa blanque\u00f1a en un emotivo y sentido preg\u00f3n - Ayuntamiento de Blanca","robots":{"index":"index","follow":"follow","max-snippet":"max-snippet:-1","max-image-preview":"max-image-preview:large","max-video-preview":"max-video-preview:-1"},"canonical":"https:\/\/blanca.es\/nuevaweb\/jose-antonio-lopez-rios-repasa-la-semana-santa-blanquena-emotivo-sentido-pregon\/","og_locale":"es_ES","og_type":"article","og_title":"Jos\u00e9 Antonio L\u00f3pez R\u00edos repasa la Semana Santa blanque\u00f1a en un emotivo y sentido preg\u00f3n - Ayuntamiento de Blanca","og_description":"El Cabildo de Cofrad\u00edas y Hermandades de la Semana Santa de Blanca celebr\u00f3 en la noche del s\u00e1bado, en el Teatro Victoria, el acto de lectura del Preg\u00f3n que recay\u00f3 en la figura del celador del Hospital Morales Meseguer, y vocal de formaci\u00f3n y comunicaci\u00f3n de la Hermandad San Juan Evangelista, Jos\u00e9 Antonio L\u00f3pez R\u00edos. [&hellip;]","og_url":"https:\/\/blanca.es\/nuevaweb\/jose-antonio-lopez-rios-repasa-la-semana-santa-blanquena-emotivo-sentido-pregon\/","og_site_name":"Ayuntamiento de Blanca","article_publisher":"https:\/\/es-es.facebook.com\/AyuntamientodeBlanca","article_published_time":"2017-04-03T08:48:04+00:00","og_image":[{"width":800,"height":533,"url":"https:\/\/blanca.es\/nuevaweb\/wp-content\/uploads\/2017\/04\/DSC_9159.jpg","type":"image\/jpeg"}],"author":"Comunicaci\u00f3n","twitter_card":"summary_large_image","twitter_creator":"@ayto_blanca","twitter_site":"@ayto_blanca","twitter_misc":{"Escrito por":"Comunicaci\u00f3n","Tiempo de lectura":"2 minutos"},"schema":{"@context":"https:\/\/schema.org","@graph":[{"@type":"Article","@id":"https:\/\/blanca.es\/nuevaweb\/jose-antonio-lopez-rios-repasa-la-semana-santa-blanquena-emotivo-sentido-pregon\/#article","isPartOf":{"@id":"https:\/\/blanca.es\/nuevaweb\/jose-antonio-lopez-rios-repasa-la-semana-santa-blanquena-emotivo-sentido-pregon\/"},"author":{"name":"Comunicaci\u00f3n","@id":"https:\/\/blanca.es\/nuevaweb\/#\/schema\/person\/068ffbe563a96e998dc141bd91d5a84a"},"headline":"Jos\u00e9 Antonio L\u00f3pez R\u00edos repasa la Semana Santa blanque\u00f1a en un emotivo y sentido preg\u00f3n","datePublished":"2017-04-03T08:48:04+00:00","mainEntityOfPage":{"@id":"https:\/\/blanca.es\/nuevaweb\/jose-antonio-lopez-rios-repasa-la-semana-santa-blanquena-emotivo-sentido-pregon\/"},"wordCount":366,"publisher":{"@id":"https:\/\/blanca.es\/nuevaweb\/#organization"},"image":{"@id":"https:\/\/blanca.es\/nuevaweb\/jose-antonio-lopez-rios-repasa-la-semana-santa-blanquena-emotivo-sentido-pregon\/#primaryimage"},"thumbnailUrl":"https:\/\/blanca.es\/nuevaweb\/wp-content\/uploads\/2017\/04\/DSC_9159.jpg","articleSection":["Cultura y Turismo","Fiestas"],"inLanguage":"es"},{"@type":"WebPage","@id":"https:\/\/blanca.es\/nuevaweb\/jose-antonio-lopez-rios-repasa-la-semana-santa-blanquena-emotivo-sentido-pregon\/","url":"https:\/\/blanca.es\/nuevaweb\/jose-antonio-lopez-rios-repasa-la-semana-santa-blanquena-emotivo-sentido-pregon\/","name":"Jos\u00e9 Antonio L\u00f3pez R\u00edos repasa la Semana Santa blanque\u00f1a en un emotivo y sentido preg\u00f3n - Ayuntamiento de Blanca","isPartOf":{"@id":"https:\/\/blanca.es\/nuevaweb\/#website"},"primaryImageOfPage":{"@id":"https:\/\/blanca.es\/nuevaweb\/jose-antonio-lopez-rios-repasa-la-semana-santa-blanquena-emotivo-sentido-pregon\/#primaryimage"},"image":{"@id":"https:\/\/blanca.es\/nuevaweb\/jose-antonio-lopez-rios-repasa-la-semana-santa-blanquena-emotivo-sentido-pregon\/#primaryimage"},"thumbnailUrl":"https:\/\/blanca.es\/nuevaweb\/wp-content\/uploads\/2017\/04\/DSC_9159.jpg","datePublished":"2017-04-03T08:48:04+00:00","breadcrumb":{"@id":"https:\/\/blanca.es\/nuevaweb\/jose-antonio-lopez-rios-repasa-la-semana-santa-blanquena-emotivo-sentido-pregon\/#breadcrumb"},"inLanguage":"es","potentialAction":[{"@type":"ReadAction","target":["https:\/\/blanca.es\/nuevaweb\/jose-antonio-lopez-rios-repasa-la-semana-santa-blanquena-emotivo-sentido-pregon\/"]}]},{"@type":"ImageObject","inLanguage":"es","@id":"https:\/\/blanca.es\/nuevaweb\/jose-antonio-lopez-rios-repasa-la-semana-santa-blanquena-emotivo-sentido-pregon\/#primaryimage","url":"https:\/\/blanca.es\/nuevaweb\/wp-content\/uploads\/2017\/04\/DSC_9159.jpg","contentUrl":"https:\/\/blanca.es\/nuevaweb\/wp-content\/uploads\/2017\/04\/DSC_9159.jpg","width":800,"height":533},{"@type":"BreadcrumbList","@id":"https:\/\/blanca.es\/nuevaweb\/jose-antonio-lopez-rios-repasa-la-semana-santa-blanquena-emotivo-sentido-pregon\/#breadcrumb","itemListElement":[{"@type":"ListItem","position":1,"name":"Portada","item":"https:\/\/blanca.es\/nuevaweb\/"},{"@type":"ListItem","position":2,"name":"Jos\u00e9 Antonio L\u00f3pez R\u00edos repasa la Semana Santa blanque\u00f1a en un emotivo y sentido preg\u00f3n"}]},{"@type":"WebSite","@id":"https:\/\/blanca.es\/nuevaweb\/#website","url":"https:\/\/blanca.es\/nuevaweb\/","name":"Ayuntamiento de Blanca","description":"Web Municipal Blanca (Murcia)","publisher":{"@id":"https:\/\/blanca.es\/nuevaweb\/#organization"},"potentialAction":[{"@type":"SearchAction","target":{"@type":"EntryPoint","urlTemplate":"https:\/\/blanca.es\/nuevaweb\/?s={search_term_string}"},"query-input":{"@type":"PropertyValueSpecification","valueRequired":true,"valueName":"search_term_string"}}],"inLanguage":"es"},{"@type":"Organization","@id":"https:\/\/blanca.es\/nuevaweb\/#organization","name":"Ayuntamiento de Blanca","url":"https:\/\/blanca.es\/nuevaweb\/","logo":{"@type":"ImageObject","inLanguage":"es","@id":"https:\/\/blanca.es\/nuevaweb\/#\/schema\/logo\/image\/","url":"https:\/\/blanca.es\/nuevaweb\/wp-content\/uploads\/2020\/09\/Escudo_alta_cuadrado-3.png","contentUrl":"https:\/\/blanca.es\/nuevaweb\/wp-content\/uploads\/2020\/09\/Escudo_alta_cuadrado-3.png","width":300,"height":300,"caption":"Ayuntamiento de Blanca"},"image":{"@id":"https:\/\/blanca.es\/nuevaweb\/#\/schema\/logo\/image\/"},"sameAs":["https:\/\/es-es.facebook.com\/AyuntamientodeBlanca","https:\/\/x.com\/ayto_blanca","https:\/\/www.youtube.com\/channel\/UC9weal_OZVKN6meF0Fd_rqw"]},{"@type":"Person","@id":"https:\/\/blanca.es\/nuevaweb\/#\/schema\/person\/068ffbe563a96e998dc141bd91d5a84a","name":"Comunicaci\u00f3n","image":{"@type":"ImageObject","inLanguage":"es","@id":"https:\/\/secure.gravatar.com\/avatar\/0a6839cedbb80e4510cc6b40b620b579d19c8c87d368475504cb313c55980873?s=96&d=mm&r=g","url":"https:\/\/secure.gravatar.com\/avatar\/0a6839cedbb80e4510cc6b40b620b579d19c8c87d368475504cb313c55980873?s=96&d=mm&r=g","contentUrl":"https:\/\/secure.gravatar.com\/avatar\/0a6839cedbb80e4510cc6b40b620b579d19c8c87d368475504cb313c55980873?s=96&d=mm&r=g","caption":"Comunicaci\u00f3n"}}]}},"_links":{"self":[{"href":"https:\/\/blanca.es\/nuevaweb\/wp-json\/wp\/v2\/posts\/5160","targetHints":{"allow":["GET"]}}],"collection":[{"href":"https:\/\/blanca.es\/nuevaweb\/wp-json\/wp\/v2\/posts"}],"about":[{"href":"https:\/\/blanca.es\/nuevaweb\/wp-json\/wp\/v2\/types\/post"}],"author":[{"embeddable":true,"href":"https:\/\/blanca.es\/nuevaweb\/wp-json\/wp\/v2\/users\/2"}],"replies":[{"embeddable":true,"href":"https:\/\/blanca.es\/nuevaweb\/wp-json\/wp\/v2\/comments?post=5160"}],"version-history":[{"count":0,"href":"https:\/\/blanca.es\/nuevaweb\/wp-json\/wp\/v2\/posts\/5160\/revisions"}],"wp:featuredmedia":[{"embeddable":true,"href":"https:\/\/blanca.es\/nuevaweb\/wp-json\/wp\/v2\/media\/5175"}],"wp:attachment":[{"href":"https:\/\/blanca.es\/nuevaweb\/wp-json\/wp\/v2\/media?parent=5160"}],"wp:term":[{"taxonomy":"category","embeddable":true,"href":"https:\/\/blanca.es\/nuevaweb\/wp-json\/wp\/v2\/categories?post=5160"},{"taxonomy":"post_tag","embeddable":true,"href":"https:\/\/blanca.es\/nuevaweb\/wp-json\/wp\/v2\/tags?post=5160"}],"curies":[{"name":"wp","href":"https:\/\/api.w.org\/{rel}","templated":true}]}}