{"id":5348,"date":"2017-04-10T14:14:35","date_gmt":"2017-04-10T12:14:35","guid":{"rendered":"http:\/\/blanca.es\/?p=5348"},"modified":"2017-04-10T14:14:35","modified_gmt":"2017-04-10T12:14:35","slug":"una-quincena-desempleados-blanca-se-especializan-cuidado-personas-dependientes","status":"publish","type":"post","link":"https:\/\/blanca.es\/nuevaweb\/una-quincena-desempleados-blanca-se-especializan-cuidado-personas-dependientes\/","title":{"rendered":"Una quincena de desempleados de Blanca se especializan en el cuidado de personas dependientes"},"content":{"rendered":"<h3><strong>Los participantes han alternado durante un a\u00f1o formaci\u00f3n te\u00f3rica con un trabajo remunerado en el centro de d\u00eda y la residencia de mayores del municipio <\/strong><\/h3>\n<h3><strong>La iniciativa ha contado con una subvenci\u00f3n del SEF de 220.000 euros <\/strong><\/h3>\n<p><a href=\"http:\/\/blanca.es\/web\/wp-content\/uploads\/2017\/04\/Clausura-Taller-Empleo-Blanca2.jpg\"><img loading=\"lazy\" decoding=\"async\" class=\"alignnone wp-image-5349\" src=\"http:\/\/blanca.es\/web\/wp-content\/uploads\/2017\/04\/Clausura-Taller-Empleo-Blanca2-1024x768.jpg\" alt=\"\" width=\"262\" height=\"196\" \/><\/a><\/p>\n<p style=\"text-align: justify;\">Un total de 15 desempleados de entre 25 y 54 a\u00f1os de Blanca se han especializado en el cuidado de personas dependientes tras completar un programa de la Comunidad, que durante un a\u00f1o les ha permitido formarse y realizar un trabajo remunerado. Este proyecto ha contado con una\u00a0 subvenci\u00f3n de 220.000 euros de la Consejer\u00eda de Desarrollo Econ\u00f3mico, Turismo y Empleo, a trav\u00e9s del SEF.<\/p>\n<p style=\"text-align: justify;\">Una vez concluido el per\u00edodo de formaci\u00f3n, los alumnos han obtenido un certificado de profesionalidad en la especialidad de \u2018Atenci\u00f3n sociosanitaria a personas dependientes en instituciones sociales\u2019, que les capacita para trabajar como cuidadores en centros ocupacionales, centros de estancia diurna y centros de atenci\u00f3n temprana.<\/p>\n<p style=\"text-align: justify;\">Esta ma\u00f1ana se ha celebrado el acto de clausura que ha contado con la presencia de la alcaldesa de Blanca, Ester Hortelano, el concejal de Empleo, \u00c1ngel Pablo Cano, y el director general del SEF, Alejandro Zamora, que han entregado a los participantes un diploma en la especialidad para la que se han formado. Con este t\u00edtulo, los participantes pueden ahora acreditar las competencias profesionales adquiridas durante estos meses de formaci\u00f3n y trabajo efectivo, lo que incrementa sus opciones de encontrar trabajo.<\/p>\n<p style=\"text-align: justify;\">En este sentido, Zamora insisti\u00f3 en la importancia actual de contar con un certificado de profesionalidad, \u201cporque concede a los que buscan empleo una ventaja significativa a la hora de acceder al mercado laboral frente a otros candidatos que no lo tienen. Se trata de un t\u00edtulo oficial, con validez en todo el pa\u00eds, que abre muchas puertas\u201d.<\/p>\n<p style=\"text-align: justify;\">El programa ha ofrecido un total de 2.016 horas de formaci\u00f3n, de las que 642 han servido para completar la parte te\u00f3rica y 1.374 para la realizaci\u00f3n de la fase pr\u00e1ctica, consistente en el trabajo remunerado. En concreto, estos 15 desempleados fueron contratados por el Ayuntamiento de Blanca para atender a personas dependientes en el centro de d\u00eda y la residencia de mayores. Adem\u00e1s, los alumnos han trabajado en la guarder\u00eda municipal cuidando a menores con dependencias especiales.<\/p>\n<p style=\"text-align: justify;\"><strong>Cursos de Garant\u00eda Juvenil <\/strong><\/p>\n<p style=\"text-align: justify;\">Previamente a la entrega de certificados, Alejandro Zamora mantuvo un encuentro con la alcaldesa de Blanca, Esther Hortelano, y el concejal de Empleo, \u00c1ngel Pablo Cano, en el que se abordaron los proyectos formativos que se van a poner en marcha pr\u00f3ximamente en el municipio, as\u00ed como otras posibles colaboraciones conjuntas para dinamizar el empleo en la localidad.<\/p>\n<p style=\"text-align: justify;\">El Consistorio de Blanca va a ofertar dos cursos para j\u00f3venes beneficiarios de Garant\u00eda Juvenil con una subvenci\u00f3n del SEF que se eleva a 35.000 euros. La primera de estas acciones, con una partida de 20.300 euros, permitir\u00e1 a una quincena de desempleados menores de 30 a\u00f1os obtener un certificado de profesionalidad en la especialidad de \u2018Socorrismo en instalaciones acu\u00e1ticas\u2019.<\/p>\n<p style=\"text-align: justify;\">Asimismo, otros 15 j\u00f3venes que no estudian ni trabajan conocer\u00e1n las funcionalidades y aplicaciones necesarias para planificar y dise\u00f1ar en Internet, con el curso \u2018Confecci\u00f3n y publicaci\u00f3n de p\u00e1ginas web\u2019, que cuenta con una subvenci\u00f3n del SEF de 14.700 euros.<\/p>\n<div id='gallery-1' class='gallery galleryid-5348 gallery-columns-3 gallery-size-thumbnail'><figure class='gallery-item'>\n\t\t\t<div class='gallery-icon landscape'>\n\t\t\t\t<a href='https:\/\/blanca.es\/nuevaweb\/wp-content\/uploads\/2017\/04\/Clausura-taller-empleo-2017_06.jpg'><img loading=\"lazy\" decoding=\"async\" width=\"150\" height=\"150\" src=\"https:\/\/blanca.es\/nuevaweb\/wp-content\/uploads\/2017\/04\/Clausura-taller-empleo-2017_06-150x150.jpg\" class=\"attachment-thumbnail size-thumbnail\" alt=\"\" \/><\/a>\n\t\t\t<\/div><\/figure><figure class='gallery-item'>\n\t\t\t<div class='gallery-icon landscape'>\n\t\t\t\t<a href='https:\/\/blanca.es\/nuevaweb\/wp-content\/uploads\/2017\/04\/Clausura-taller-empleo-2017_17.jpg'><img loading=\"lazy\" decoding=\"async\" width=\"150\" height=\"150\" src=\"https:\/\/blanca.es\/nuevaweb\/wp-content\/uploads\/2017\/04\/Clausura-taller-empleo-2017_17-150x150.jpg\" class=\"attachment-thumbnail size-thumbnail\" alt=\"\" \/><\/a>\n\t\t\t<\/div><\/figure><figure class='gallery-item'>\n\t\t\t<div class='gallery-icon landscape'>\n\t\t\t\t<a href='https:\/\/blanca.es\/nuevaweb\/wp-content\/uploads\/2017\/04\/Clausura-taller-empleo-2017_24.jpg'><img loading=\"lazy\" decoding=\"async\" width=\"150\" height=\"150\" src=\"https:\/\/blanca.es\/nuevaweb\/wp-content\/uploads\/2017\/04\/Clausura-taller-empleo-2017_24-150x150.jpg\" class=\"attachment-thumbnail size-thumbnail\" alt=\"\" \/><\/a>\n\t\t\t<\/div><\/figure><figure class='gallery-item'>\n\t\t\t<div class='gallery-icon landscape'>\n\t\t\t\t<a href='https:\/\/blanca.es\/nuevaweb\/wp-content\/uploads\/2017\/04\/Clausura-taller-empleo-2017_31.jpg'><img loading=\"lazy\" decoding=\"async\" width=\"150\" height=\"150\" src=\"https:\/\/blanca.es\/nuevaweb\/wp-content\/uploads\/2017\/04\/Clausura-taller-empleo-2017_31-150x150.jpg\" class=\"attachment-thumbnail size-thumbnail\" alt=\"\" \/><\/a>\n\t\t\t<\/div><\/figure><figure class='gallery-item'>\n\t\t\t<div class='gallery-icon landscape'>\n\t\t\t\t<a href='https:\/\/blanca.es\/nuevaweb\/wp-content\/uploads\/2017\/04\/Clausura-taller-empleo-2017_36.jpg'><img loading=\"lazy\" decoding=\"async\" width=\"150\" height=\"150\" src=\"https:\/\/blanca.es\/nuevaweb\/wp-content\/uploads\/2017\/04\/Clausura-taller-empleo-2017_36-150x150.jpg\" class=\"attachment-thumbnail size-thumbnail\" alt=\"\" \/><\/a>\n\t\t\t<\/div><\/figure><figure class='gallery-item'>\n\t\t\t<div class='gallery-icon landscape'>\n\t\t\t\t<a href='https:\/\/blanca.es\/nuevaweb\/wp-content\/uploads\/2017\/04\/Clausura-Taller-Empleo-Blanca2-e1491826156738.jpg'><img loading=\"lazy\" decoding=\"async\" width=\"150\" height=\"150\" src=\"https:\/\/blanca.es\/nuevaweb\/wp-content\/uploads\/2017\/04\/Clausura-Taller-Empleo-Blanca2-e1491826156738-150x150.jpg\" class=\"attachment-thumbnail size-thumbnail\" alt=\"\" \/><\/a>\n\t\t\t<\/div><\/figure>\n\t\t<\/div>\n\n","protected":false},"excerpt":{"rendered":"<p>Los participantes han alternado durante un a\u00f1o formaci\u00f3n te\u00f3rica con un trabajo remunerado en el centro de d\u00eda y la residencia de mayores del municipio La iniciativa ha contado con una subvenci\u00f3n del SEF de 220.000 euros Un total de 15 desempleados de entre 25 y 54 a\u00f1os de Blanca se han especializado en el [&hellip;]<\/p>\n","protected":false},"author":2,"featured_media":5349,"comment_status":"closed","ping_status":"open","sticky":false,"template":"","format":"standard","meta":{"footnotes":""},"categories":[168],"tags":[],"class_list":["post-5348","post","type-post","status-publish","format-standard","has-post-thumbnail","hentry","category-emp_for"],"yoast_head":"<!-- This site is optimized with the Yoast SEO plugin v28.1 - https:\/\/yoast.com\/product\/yoast-seo-wordpress\/ -->\n<title>Una quincena de desempleados de Blanca se especializan en el cuidado de personas dependientes - Ayuntamiento de Blanca<\/title>\n<meta name=\"robots\" content=\"index, follow, max-snippet:-1, max-image-preview:large, max-video-preview:-1\" \/>\n<link rel=\"canonical\" href=\"https:\/\/blanca.es\/nuevaweb\/una-quincena-desempleados-blanca-se-especializan-cuidado-personas-dependientes\/\" \/>\n<meta property=\"og:locale\" content=\"es_ES\" \/>\n<meta property=\"og:type\" content=\"article\" \/>\n<meta property=\"og:title\" content=\"Una quincena de desempleados de Blanca se especializan en el cuidado de personas dependientes - Ayuntamiento de Blanca\" \/>\n<meta property=\"og:description\" content=\"Los participantes han alternado durante un a\u00f1o formaci\u00f3n te\u00f3rica con un trabajo remunerado en el centro de d\u00eda y la residencia de mayores del municipio La iniciativa ha contado con una subvenci\u00f3n del SEF de 220.000 euros Un total de 15 desempleados de entre 25 y 54 a\u00f1os de Blanca se han especializado en el [&hellip;]\" \/>\n<meta property=\"og:url\" content=\"https:\/\/blanca.es\/nuevaweb\/una-quincena-desempleados-blanca-se-especializan-cuidado-personas-dependientes\/\" \/>\n<meta property=\"og:site_name\" content=\"Ayuntamiento de Blanca\" \/>\n<meta property=\"article:publisher\" content=\"https:\/\/es-es.facebook.com\/AyuntamientodeBlanca\" \/>\n<meta property=\"article:published_time\" content=\"2017-04-10T12:14:35+00:00\" \/>\n<meta property=\"og:image\" content=\"https:\/\/blanca.es\/nuevaweb\/wp-content\/uploads\/2017\/04\/Clausura-Taller-Empleo-Blanca2-e1491826156738.jpg\" \/>\n\t<meta property=\"og:image:width\" content=\"1024\" \/>\n\t<meta property=\"og:image:height\" content=\"768\" \/>\n\t<meta property=\"og:image:type\" content=\"image\/jpeg\" \/>\n<meta name=\"author\" content=\"Comunicaci\u00f3n\" \/>\n<meta name=\"twitter:card\" content=\"summary_large_image\" \/>\n<meta name=\"twitter:creator\" content=\"@ayto_blanca\" \/>\n<meta name=\"twitter:site\" content=\"@ayto_blanca\" \/>\n<meta name=\"twitter:label1\" content=\"Escrito por\" \/>\n\t<meta name=\"twitter:data1\" content=\"Comunicaci\u00f3n\" \/>\n\t<meta name=\"twitter:label2\" content=\"Tiempo de lectura\" \/>\n\t<meta name=\"twitter:data2\" content=\"3 minutos\" \/>\n<script type=\"application\/ld+json\" class=\"yoast-schema-graph\">{\"@context\":\"https:\\\/\\\/schema.org\",\"@graph\":[{\"@type\":\"Article\",\"@id\":\"https:\\\/\\\/blanca.es\\\/nuevaweb\\\/una-quincena-desempleados-blanca-se-especializan-cuidado-personas-dependientes\\\/#article\",\"isPartOf\":{\"@id\":\"https:\\\/\\\/blanca.es\\\/nuevaweb\\\/una-quincena-desempleados-blanca-se-especializan-cuidado-personas-dependientes\\\/\"},\"author\":{\"name\":\"Comunicaci\u00f3n\",\"@id\":\"https:\\\/\\\/blanca.es\\\/nuevaweb\\\/#\\\/schema\\\/person\\\/068ffbe563a96e998dc141bd91d5a84a\"},\"headline\":\"Una quincena de desempleados de Blanca se especializan en el cuidado de personas dependientes\",\"datePublished\":\"2017-04-10T12:14:35+00:00\",\"mainEntityOfPage\":{\"@id\":\"https:\\\/\\\/blanca.es\\\/nuevaweb\\\/una-quincena-desempleados-blanca-se-especializan-cuidado-personas-dependientes\\\/\"},\"wordCount\":575,\"publisher\":{\"@id\":\"https:\\\/\\\/blanca.es\\\/nuevaweb\\\/#organization\"},\"image\":{\"@id\":\"https:\\\/\\\/blanca.es\\\/nuevaweb\\\/una-quincena-desempleados-blanca-se-especializan-cuidado-personas-dependientes\\\/#primaryimage\"},\"thumbnailUrl\":\"https:\\\/\\\/blanca.es\\\/nuevaweb\\\/wp-content\\\/uploads\\\/2017\\\/04\\\/Clausura-Taller-Empleo-Blanca2-e1491826156738.jpg\",\"articleSection\":[\"Empleo y Formaci\u00f3n\"],\"inLanguage\":\"es\"},{\"@type\":\"WebPage\",\"@id\":\"https:\\\/\\\/blanca.es\\\/nuevaweb\\\/una-quincena-desempleados-blanca-se-especializan-cuidado-personas-dependientes\\\/\",\"url\":\"https:\\\/\\\/blanca.es\\\/nuevaweb\\\/una-quincena-desempleados-blanca-se-especializan-cuidado-personas-dependientes\\\/\",\"name\":\"Una quincena de desempleados de Blanca se especializan en el cuidado de personas dependientes - Ayuntamiento de Blanca\",\"isPartOf\":{\"@id\":\"https:\\\/\\\/blanca.es\\\/nuevaweb\\\/#website\"},\"primaryImageOfPage\":{\"@id\":\"https:\\\/\\\/blanca.es\\\/nuevaweb\\\/una-quincena-desempleados-blanca-se-especializan-cuidado-personas-dependientes\\\/#primaryimage\"},\"image\":{\"@id\":\"https:\\\/\\\/blanca.es\\\/nuevaweb\\\/una-quincena-desempleados-blanca-se-especializan-cuidado-personas-dependientes\\\/#primaryimage\"},\"thumbnailUrl\":\"https:\\\/\\\/blanca.es\\\/nuevaweb\\\/wp-content\\\/uploads\\\/2017\\\/04\\\/Clausura-Taller-Empleo-Blanca2-e1491826156738.jpg\",\"datePublished\":\"2017-04-10T12:14:35+00:00\",\"breadcrumb\":{\"@id\":\"https:\\\/\\\/blanca.es\\\/nuevaweb\\\/una-quincena-desempleados-blanca-se-especializan-cuidado-personas-dependientes\\\/#breadcrumb\"},\"inLanguage\":\"es\",\"potentialAction\":[{\"@type\":\"ReadAction\",\"target\":[\"https:\\\/\\\/blanca.es\\\/nuevaweb\\\/una-quincena-desempleados-blanca-se-especializan-cuidado-personas-dependientes\\\/\"]}]},{\"@type\":\"ImageObject\",\"inLanguage\":\"es\",\"@id\":\"https:\\\/\\\/blanca.es\\\/nuevaweb\\\/una-quincena-desempleados-blanca-se-especializan-cuidado-personas-dependientes\\\/#primaryimage\",\"url\":\"https:\\\/\\\/blanca.es\\\/nuevaweb\\\/wp-content\\\/uploads\\\/2017\\\/04\\\/Clausura-Taller-Empleo-Blanca2-e1491826156738.jpg\",\"contentUrl\":\"https:\\\/\\\/blanca.es\\\/nuevaweb\\\/wp-content\\\/uploads\\\/2017\\\/04\\\/Clausura-Taller-Empleo-Blanca2-e1491826156738.jpg\",\"width\":1024,\"height\":768},{\"@type\":\"BreadcrumbList\",\"@id\":\"https:\\\/\\\/blanca.es\\\/nuevaweb\\\/una-quincena-desempleados-blanca-se-especializan-cuidado-personas-dependientes\\\/#breadcrumb\",\"itemListElement\":[{\"@type\":\"ListItem\",\"position\":1,\"name\":\"Portada\",\"item\":\"https:\\\/\\\/blanca.es\\\/nuevaweb\\\/\"},{\"@type\":\"ListItem\",\"position\":2,\"name\":\"Una quincena de desempleados de Blanca se especializan en el cuidado de personas dependientes\"}]},{\"@type\":\"WebSite\",\"@id\":\"https:\\\/\\\/blanca.es\\\/nuevaweb\\\/#website\",\"url\":\"https:\\\/\\\/blanca.es\\\/nuevaweb\\\/\",\"name\":\"Ayuntamiento de Blanca\",\"description\":\"Web Municipal Blanca (Murcia)\",\"publisher\":{\"@id\":\"https:\\\/\\\/blanca.es\\\/nuevaweb\\\/#organization\"},\"potentialAction\":[{\"@type\":\"SearchAction\",\"target\":{\"@type\":\"EntryPoint\",\"urlTemplate\":\"https:\\\/\\\/blanca.es\\\/nuevaweb\\\/?s={search_term_string}\"},\"query-input\":{\"@type\":\"PropertyValueSpecification\",\"valueRequired\":true,\"valueName\":\"search_term_string\"}}],\"inLanguage\":\"es\"},{\"@type\":\"Organization\",\"@id\":\"https:\\\/\\\/blanca.es\\\/nuevaweb\\\/#organization\",\"name\":\"Ayuntamiento de Blanca\",\"url\":\"https:\\\/\\\/blanca.es\\\/nuevaweb\\\/\",\"logo\":{\"@type\":\"ImageObject\",\"inLanguage\":\"es\",\"@id\":\"https:\\\/\\\/blanca.es\\\/nuevaweb\\\/#\\\/schema\\\/logo\\\/image\\\/\",\"url\":\"https:\\\/\\\/blanca.es\\\/nuevaweb\\\/wp-content\\\/uploads\\\/2020\\\/09\\\/Escudo_alta_cuadrado-3.png\",\"contentUrl\":\"https:\\\/\\\/blanca.es\\\/nuevaweb\\\/wp-content\\\/uploads\\\/2020\\\/09\\\/Escudo_alta_cuadrado-3.png\",\"width\":300,\"height\":300,\"caption\":\"Ayuntamiento de Blanca\"},\"image\":{\"@id\":\"https:\\\/\\\/blanca.es\\\/nuevaweb\\\/#\\\/schema\\\/logo\\\/image\\\/\"},\"sameAs\":[\"https:\\\/\\\/es-es.facebook.com\\\/AyuntamientodeBlanca\",\"https:\\\/\\\/x.com\\\/ayto_blanca\",\"https:\\\/\\\/www.youtube.com\\\/channel\\\/UC9weal_OZVKN6meF0Fd_rqw\"]},{\"@type\":\"Person\",\"@id\":\"https:\\\/\\\/blanca.es\\\/nuevaweb\\\/#\\\/schema\\\/person\\\/068ffbe563a96e998dc141bd91d5a84a\",\"name\":\"Comunicaci\u00f3n\",\"image\":{\"@type\":\"ImageObject\",\"inLanguage\":\"es\",\"@id\":\"https:\\\/\\\/secure.gravatar.com\\\/avatar\\\/0a6839cedbb80e4510cc6b40b620b579d19c8c87d368475504cb313c55980873?s=96&d=mm&r=g\",\"url\":\"https:\\\/\\\/secure.gravatar.com\\\/avatar\\\/0a6839cedbb80e4510cc6b40b620b579d19c8c87d368475504cb313c55980873?s=96&d=mm&r=g\",\"contentUrl\":\"https:\\\/\\\/secure.gravatar.com\\\/avatar\\\/0a6839cedbb80e4510cc6b40b620b579d19c8c87d368475504cb313c55980873?s=96&d=mm&r=g\",\"caption\":\"Comunicaci\u00f3n\"}}]}<\/script>\n<!-- \/ Yoast SEO plugin. -->","yoast_head_json":{"title":"Una quincena de desempleados de Blanca se especializan en el cuidado de personas dependientes - Ayuntamiento de Blanca","robots":{"index":"index","follow":"follow","max-snippet":"max-snippet:-1","max-image-preview":"max-image-preview:large","max-video-preview":"max-video-preview:-1"},"canonical":"https:\/\/blanca.es\/nuevaweb\/una-quincena-desempleados-blanca-se-especializan-cuidado-personas-dependientes\/","og_locale":"es_ES","og_type":"article","og_title":"Una quincena de desempleados de Blanca se especializan en el cuidado de personas dependientes - Ayuntamiento de Blanca","og_description":"Los participantes han alternado durante un a\u00f1o formaci\u00f3n te\u00f3rica con un trabajo remunerado en el centro de d\u00eda y la residencia de mayores del municipio La iniciativa ha contado con una subvenci\u00f3n del SEF de 220.000 euros Un total de 15 desempleados de entre 25 y 54 a\u00f1os de Blanca se han especializado en el [&hellip;]","og_url":"https:\/\/blanca.es\/nuevaweb\/una-quincena-desempleados-blanca-se-especializan-cuidado-personas-dependientes\/","og_site_name":"Ayuntamiento de Blanca","article_publisher":"https:\/\/es-es.facebook.com\/AyuntamientodeBlanca","article_published_time":"2017-04-10T12:14:35+00:00","og_image":[{"width":1024,"height":768,"url":"https:\/\/blanca.es\/nuevaweb\/wp-content\/uploads\/2017\/04\/Clausura-Taller-Empleo-Blanca2-e1491826156738.jpg","type":"image\/jpeg"}],"author":"Comunicaci\u00f3n","twitter_card":"summary_large_image","twitter_creator":"@ayto_blanca","twitter_site":"@ayto_blanca","twitter_misc":{"Escrito por":"Comunicaci\u00f3n","Tiempo de lectura":"3 minutos"},"schema":{"@context":"https:\/\/schema.org","@graph":[{"@type":"Article","@id":"https:\/\/blanca.es\/nuevaweb\/una-quincena-desempleados-blanca-se-especializan-cuidado-personas-dependientes\/#article","isPartOf":{"@id":"https:\/\/blanca.es\/nuevaweb\/una-quincena-desempleados-blanca-se-especializan-cuidado-personas-dependientes\/"},"author":{"name":"Comunicaci\u00f3n","@id":"https:\/\/blanca.es\/nuevaweb\/#\/schema\/person\/068ffbe563a96e998dc141bd91d5a84a"},"headline":"Una quincena de desempleados de Blanca se especializan en el cuidado de personas dependientes","datePublished":"2017-04-10T12:14:35+00:00","mainEntityOfPage":{"@id":"https:\/\/blanca.es\/nuevaweb\/una-quincena-desempleados-blanca-se-especializan-cuidado-personas-dependientes\/"},"wordCount":575,"publisher":{"@id":"https:\/\/blanca.es\/nuevaweb\/#organization"},"image":{"@id":"https:\/\/blanca.es\/nuevaweb\/una-quincena-desempleados-blanca-se-especializan-cuidado-personas-dependientes\/#primaryimage"},"thumbnailUrl":"https:\/\/blanca.es\/nuevaweb\/wp-content\/uploads\/2017\/04\/Clausura-Taller-Empleo-Blanca2-e1491826156738.jpg","articleSection":["Empleo y Formaci\u00f3n"],"inLanguage":"es"},{"@type":"WebPage","@id":"https:\/\/blanca.es\/nuevaweb\/una-quincena-desempleados-blanca-se-especializan-cuidado-personas-dependientes\/","url":"https:\/\/blanca.es\/nuevaweb\/una-quincena-desempleados-blanca-se-especializan-cuidado-personas-dependientes\/","name":"Una quincena de desempleados de Blanca se especializan en el cuidado de personas dependientes - Ayuntamiento de Blanca","isPartOf":{"@id":"https:\/\/blanca.es\/nuevaweb\/#website"},"primaryImageOfPage":{"@id":"https:\/\/blanca.es\/nuevaweb\/una-quincena-desempleados-blanca-se-especializan-cuidado-personas-dependientes\/#primaryimage"},"image":{"@id":"https:\/\/blanca.es\/nuevaweb\/una-quincena-desempleados-blanca-se-especializan-cuidado-personas-dependientes\/#primaryimage"},"thumbnailUrl":"https:\/\/blanca.es\/nuevaweb\/wp-content\/uploads\/2017\/04\/Clausura-Taller-Empleo-Blanca2-e1491826156738.jpg","datePublished":"2017-04-10T12:14:35+00:00","breadcrumb":{"@id":"https:\/\/blanca.es\/nuevaweb\/una-quincena-desempleados-blanca-se-especializan-cuidado-personas-dependientes\/#breadcrumb"},"inLanguage":"es","potentialAction":[{"@type":"ReadAction","target":["https:\/\/blanca.es\/nuevaweb\/una-quincena-desempleados-blanca-se-especializan-cuidado-personas-dependientes\/"]}]},{"@type":"ImageObject","inLanguage":"es","@id":"https:\/\/blanca.es\/nuevaweb\/una-quincena-desempleados-blanca-se-especializan-cuidado-personas-dependientes\/#primaryimage","url":"https:\/\/blanca.es\/nuevaweb\/wp-content\/uploads\/2017\/04\/Clausura-Taller-Empleo-Blanca2-e1491826156738.jpg","contentUrl":"https:\/\/blanca.es\/nuevaweb\/wp-content\/uploads\/2017\/04\/Clausura-Taller-Empleo-Blanca2-e1491826156738.jpg","width":1024,"height":768},{"@type":"BreadcrumbList","@id":"https:\/\/blanca.es\/nuevaweb\/una-quincena-desempleados-blanca-se-especializan-cuidado-personas-dependientes\/#breadcrumb","itemListElement":[{"@type":"ListItem","position":1,"name":"Portada","item":"https:\/\/blanca.es\/nuevaweb\/"},{"@type":"ListItem","position":2,"name":"Una quincena de desempleados de Blanca se especializan en el cuidado de personas dependientes"}]},{"@type":"WebSite","@id":"https:\/\/blanca.es\/nuevaweb\/#website","url":"https:\/\/blanca.es\/nuevaweb\/","name":"Ayuntamiento de Blanca","description":"Web Municipal Blanca (Murcia)","publisher":{"@id":"https:\/\/blanca.es\/nuevaweb\/#organization"},"potentialAction":[{"@type":"SearchAction","target":{"@type":"EntryPoint","urlTemplate":"https:\/\/blanca.es\/nuevaweb\/?s={search_term_string}"},"query-input":{"@type":"PropertyValueSpecification","valueRequired":true,"valueName":"search_term_string"}}],"inLanguage":"es"},{"@type":"Organization","@id":"https:\/\/blanca.es\/nuevaweb\/#organization","name":"Ayuntamiento de Blanca","url":"https:\/\/blanca.es\/nuevaweb\/","logo":{"@type":"ImageObject","inLanguage":"es","@id":"https:\/\/blanca.es\/nuevaweb\/#\/schema\/logo\/image\/","url":"https:\/\/blanca.es\/nuevaweb\/wp-content\/uploads\/2020\/09\/Escudo_alta_cuadrado-3.png","contentUrl":"https:\/\/blanca.es\/nuevaweb\/wp-content\/uploads\/2020\/09\/Escudo_alta_cuadrado-3.png","width":300,"height":300,"caption":"Ayuntamiento de Blanca"},"image":{"@id":"https:\/\/blanca.es\/nuevaweb\/#\/schema\/logo\/image\/"},"sameAs":["https:\/\/es-es.facebook.com\/AyuntamientodeBlanca","https:\/\/x.com\/ayto_blanca","https:\/\/www.youtube.com\/channel\/UC9weal_OZVKN6meF0Fd_rqw"]},{"@type":"Person","@id":"https:\/\/blanca.es\/nuevaweb\/#\/schema\/person\/068ffbe563a96e998dc141bd91d5a84a","name":"Comunicaci\u00f3n","image":{"@type":"ImageObject","inLanguage":"es","@id":"https:\/\/secure.gravatar.com\/avatar\/0a6839cedbb80e4510cc6b40b620b579d19c8c87d368475504cb313c55980873?s=96&d=mm&r=g","url":"https:\/\/secure.gravatar.com\/avatar\/0a6839cedbb80e4510cc6b40b620b579d19c8c87d368475504cb313c55980873?s=96&d=mm&r=g","contentUrl":"https:\/\/secure.gravatar.com\/avatar\/0a6839cedbb80e4510cc6b40b620b579d19c8c87d368475504cb313c55980873?s=96&d=mm&r=g","caption":"Comunicaci\u00f3n"}}]}},"_links":{"self":[{"href":"https:\/\/blanca.es\/nuevaweb\/wp-json\/wp\/v2\/posts\/5348","targetHints":{"allow":["GET"]}}],"collection":[{"href":"https:\/\/blanca.es\/nuevaweb\/wp-json\/wp\/v2\/posts"}],"about":[{"href":"https:\/\/blanca.es\/nuevaweb\/wp-json\/wp\/v2\/types\/post"}],"author":[{"embeddable":true,"href":"https:\/\/blanca.es\/nuevaweb\/wp-json\/wp\/v2\/users\/2"}],"replies":[{"embeddable":true,"href":"https:\/\/blanca.es\/nuevaweb\/wp-json\/wp\/v2\/comments?post=5348"}],"version-history":[{"count":0,"href":"https:\/\/blanca.es\/nuevaweb\/wp-json\/wp\/v2\/posts\/5348\/revisions"}],"wp:featuredmedia":[{"embeddable":true,"href":"https:\/\/blanca.es\/nuevaweb\/wp-json\/wp\/v2\/media\/5349"}],"wp:attachment":[{"href":"https:\/\/blanca.es\/nuevaweb\/wp-json\/wp\/v2\/media?parent=5348"}],"wp:term":[{"taxonomy":"category","embeddable":true,"href":"https:\/\/blanca.es\/nuevaweb\/wp-json\/wp\/v2\/categories?post=5348"},{"taxonomy":"post_tag","embeddable":true,"href":"https:\/\/blanca.es\/nuevaweb\/wp-json\/wp\/v2\/tags?post=5348"}],"curies":[{"name":"wp","href":"https:\/\/api.w.org\/{rel}","templated":true}]}}