{"id":5826,"date":"2017-04-19T10:23:12","date_gmt":"2017-04-19T08:23:12","guid":{"rendered":"http:\/\/blanca.es\/?p=5826"},"modified":"2017-04-19T10:23:12","modified_gmt":"2017-04-19T08:23:12","slug":"aperitivo-literario-celebrar-dia-del-libro","status":"publish","type":"post","link":"https:\/\/blanca.es\/nuevaweb\/aperitivo-literario-celebrar-dia-del-libro\/","title":{"rendered":"Aperitivo literario para celebrar el D\u00eda del Libro"},"content":{"rendered":"<p style=\"text-align: justify;\">El pr\u00f3ximo domingo, 23 de abril, Blanca celebra una jornada dedicada al D\u00eda Internacional del Libro que comenzar\u00e1 a las 11 de la ma\u00f1ana con la inauguraci\u00f3n de una Feria en la explanada del MUCAB. Ese mismo d\u00eda coincide con el \u00faltimo de las Fiestas Patronales donde la concejal\u00eda de Cultura, en su apuesta por la literatura, ha querido dotar de un espacio literario en el que acercar la cultura a \u00abpie de calle\u00bb tal y como ha expresado la edil de Cultura, Soledad R\u00edos.<\/p>\n<p style=\"text-align: justify;\">\u00abSe trata de un proyecto para toda la familia y el p\u00fablico en general, puesto que se ha organizado un taller infantil, una actuaci\u00f3n musical y m\u00e1s de 40 escritores con los que los visitantes podr\u00e1n charlar mientras disfrutan de un refresco o un caf\u00e9\u00bb ha se\u00f1alado R\u00edos.<\/p>\n<p style=\"text-align: justify;\">Los m\u00e1s peque\u00f1os podr\u00e1n disfrutar del taller infantil &#8216;Los cient\u00edficos del mundo perdido que se desarrollar\u00e1 en dos pases, uno a las 11.30 horas y otro\u00a0 a las 12.30, que ser\u00e1 impartido por Ibern\u00f3n Gesti\u00f3n Cultural.<\/p>\n<p style=\"text-align: justify;\">El espect\u00e1culo musical de Mar\u00eda Mulero cerrar\u00e1 el encuentro literario para el que la concejal\u00eda de Cultura ha contado con la colaboraci\u00f3n de Taller de Prensa Comunicaci\u00f3n, Librer\u00eda Ana y Papeler\u00eda V\u00edctor.<\/p>\n<p style=\"text-align: justify;\"><a href=\"http:\/\/blanca.es\/web\/wp-content\/uploads\/2017\/04\/Presentacion-dia-del-libro.jpg\"><img loading=\"lazy\" decoding=\"async\" class=\"alignnone size-medium wp-image-5827\" src=\"http:\/\/blanca.es\/web\/wp-content\/uploads\/2017\/04\/Presentacion-dia-del-libro-300x208.jpg\" alt=\"\" width=\"300\" height=\"208\" srcset=\"https:\/\/blanca.es\/nuevaweb\/wp-content\/uploads\/2017\/04\/Presentacion-dia-del-libro-300x208.jpg 300w, https:\/\/blanca.es\/nuevaweb\/wp-content\/uploads\/2017\/04\/Presentacion-dia-del-libro-768x533.jpg 768w, https:\/\/blanca.es\/nuevaweb\/wp-content\/uploads\/2017\/04\/Presentacion-dia-del-libro.jpg 1024w\" sizes=\"auto, (max-width: 300px) 100vw, 300px\" \/><\/a><\/p>\n<p style=\"text-align: justify;\"><a href=\"http:\/\/blanca.es\/web\/wp-content\/uploads\/2017\/04\/dia-del-libro1-424-x-600.jpg\"><img loading=\"lazy\" decoding=\"async\" class=\"alignnone size-medium wp-image-5821\" src=\"http:\/\/blanca.es\/web\/wp-content\/uploads\/2017\/04\/dia-del-libro1-424-x-600-212x300.jpg\" alt=\"\" width=\"212\" height=\"300\" srcset=\"https:\/\/blanca.es\/nuevaweb\/wp-content\/uploads\/2017\/04\/dia-del-libro1-424-x-600-212x300.jpg 212w, https:\/\/blanca.es\/nuevaweb\/wp-content\/uploads\/2017\/04\/dia-del-libro1-424-x-600.jpg 424w\" sizes=\"auto, (max-width: 212px) 100vw, 212px\" \/><\/a><\/p>\n","protected":false},"excerpt":{"rendered":"<p>El pr\u00f3ximo domingo, 23 de abril, Blanca celebra una jornada dedicada al D\u00eda Internacional del Libro que comenzar\u00e1 a las 11 de la ma\u00f1ana con la inauguraci\u00f3n de una Feria en la explanada del MUCAB. Ese mismo d\u00eda coincide con el \u00faltimo de las Fiestas Patronales donde la concejal\u00eda de Cultura, en su apuesta por [&hellip;]<\/p>\n","protected":false},"author":2,"featured_media":5821,"comment_status":"closed","ping_status":"open","sticky":false,"template":"","format":"standard","meta":{"footnotes":""},"categories":[160,162],"tags":[],"class_list":["post-5826","post","type-post","status-publish","format-standard","has-post-thumbnail","hentry","category-cul_tur","category-fiestas"],"yoast_head":"<!-- This site is optimized with the Yoast SEO plugin v28.1 - https:\/\/yoast.com\/product\/yoast-seo-wordpress\/ -->\n<title>Aperitivo literario para celebrar el D\u00eda del Libro - Ayuntamiento de Blanca<\/title>\n<meta name=\"robots\" content=\"index, follow, max-snippet:-1, max-image-preview:large, max-video-preview:-1\" \/>\n<link rel=\"canonical\" href=\"https:\/\/blanca.es\/nuevaweb\/aperitivo-literario-celebrar-dia-del-libro\/\" \/>\n<meta property=\"og:locale\" content=\"es_ES\" \/>\n<meta property=\"og:type\" content=\"article\" \/>\n<meta property=\"og:title\" content=\"Aperitivo literario para celebrar el D\u00eda del Libro - Ayuntamiento de Blanca\" \/>\n<meta property=\"og:description\" content=\"El pr\u00f3ximo domingo, 23 de abril, Blanca celebra una jornada dedicada al D\u00eda Internacional del Libro que comenzar\u00e1 a las 11 de la ma\u00f1ana con la inauguraci\u00f3n de una Feria en la explanada del MUCAB. Ese mismo d\u00eda coincide con el \u00faltimo de las Fiestas Patronales donde la concejal\u00eda de Cultura, en su apuesta por [&hellip;]\" \/>\n<meta property=\"og:url\" content=\"https:\/\/blanca.es\/nuevaweb\/aperitivo-literario-celebrar-dia-del-libro\/\" \/>\n<meta property=\"og:site_name\" content=\"Ayuntamiento de Blanca\" \/>\n<meta property=\"article:publisher\" content=\"https:\/\/es-es.facebook.com\/AyuntamientodeBlanca\" \/>\n<meta property=\"article:published_time\" content=\"2017-04-19T08:23:12+00:00\" \/>\n<meta property=\"og:image\" content=\"https:\/\/blanca.es\/nuevaweb\/wp-content\/uploads\/2017\/04\/dia-del-libro1-424-x-600.jpg\" \/>\n\t<meta property=\"og:image:width\" content=\"424\" \/>\n\t<meta property=\"og:image:height\" content=\"600\" \/>\n\t<meta property=\"og:image:type\" content=\"image\/jpeg\" \/>\n<meta name=\"author\" content=\"Comunicaci\u00f3n\" \/>\n<meta name=\"twitter:card\" content=\"summary_large_image\" \/>\n<meta name=\"twitter:creator\" content=\"@ayto_blanca\" \/>\n<meta name=\"twitter:site\" content=\"@ayto_blanca\" \/>\n<meta name=\"twitter:label1\" content=\"Escrito por\" \/>\n\t<meta name=\"twitter:data1\" content=\"Comunicaci\u00f3n\" \/>\n\t<meta name=\"twitter:label2\" content=\"Tiempo de lectura\" \/>\n\t<meta name=\"twitter:data2\" content=\"1 minuto\" \/>\n<script type=\"application\/ld+json\" class=\"yoast-schema-graph\">{\"@context\":\"https:\\\/\\\/schema.org\",\"@graph\":[{\"@type\":\"Article\",\"@id\":\"https:\\\/\\\/blanca.es\\\/nuevaweb\\\/aperitivo-literario-celebrar-dia-del-libro\\\/#article\",\"isPartOf\":{\"@id\":\"https:\\\/\\\/blanca.es\\\/nuevaweb\\\/aperitivo-literario-celebrar-dia-del-libro\\\/\"},\"author\":{\"name\":\"Comunicaci\u00f3n\",\"@id\":\"https:\\\/\\\/blanca.es\\\/nuevaweb\\\/#\\\/schema\\\/person\\\/068ffbe563a96e998dc141bd91d5a84a\"},\"headline\":\"Aperitivo literario para celebrar el D\u00eda del Libro\",\"datePublished\":\"2017-04-19T08:23:12+00:00\",\"mainEntityOfPage\":{\"@id\":\"https:\\\/\\\/blanca.es\\\/nuevaweb\\\/aperitivo-literario-celebrar-dia-del-libro\\\/\"},\"wordCount\":232,\"publisher\":{\"@id\":\"https:\\\/\\\/blanca.es\\\/nuevaweb\\\/#organization\"},\"image\":{\"@id\":\"https:\\\/\\\/blanca.es\\\/nuevaweb\\\/aperitivo-literario-celebrar-dia-del-libro\\\/#primaryimage\"},\"thumbnailUrl\":\"https:\\\/\\\/blanca.es\\\/nuevaweb\\\/wp-content\\\/uploads\\\/2017\\\/04\\\/dia-del-libro1-424-x-600.jpg\",\"articleSection\":[\"Cultura y Turismo\",\"Fiestas\"],\"inLanguage\":\"es\"},{\"@type\":\"WebPage\",\"@id\":\"https:\\\/\\\/blanca.es\\\/nuevaweb\\\/aperitivo-literario-celebrar-dia-del-libro\\\/\",\"url\":\"https:\\\/\\\/blanca.es\\\/nuevaweb\\\/aperitivo-literario-celebrar-dia-del-libro\\\/\",\"name\":\"Aperitivo literario para celebrar el D\u00eda del Libro - Ayuntamiento de Blanca\",\"isPartOf\":{\"@id\":\"https:\\\/\\\/blanca.es\\\/nuevaweb\\\/#website\"},\"primaryImageOfPage\":{\"@id\":\"https:\\\/\\\/blanca.es\\\/nuevaweb\\\/aperitivo-literario-celebrar-dia-del-libro\\\/#primaryimage\"},\"image\":{\"@id\":\"https:\\\/\\\/blanca.es\\\/nuevaweb\\\/aperitivo-literario-celebrar-dia-del-libro\\\/#primaryimage\"},\"thumbnailUrl\":\"https:\\\/\\\/blanca.es\\\/nuevaweb\\\/wp-content\\\/uploads\\\/2017\\\/04\\\/dia-del-libro1-424-x-600.jpg\",\"datePublished\":\"2017-04-19T08:23:12+00:00\",\"breadcrumb\":{\"@id\":\"https:\\\/\\\/blanca.es\\\/nuevaweb\\\/aperitivo-literario-celebrar-dia-del-libro\\\/#breadcrumb\"},\"inLanguage\":\"es\",\"potentialAction\":[{\"@type\":\"ReadAction\",\"target\":[\"https:\\\/\\\/blanca.es\\\/nuevaweb\\\/aperitivo-literario-celebrar-dia-del-libro\\\/\"]}]},{\"@type\":\"ImageObject\",\"inLanguage\":\"es\",\"@id\":\"https:\\\/\\\/blanca.es\\\/nuevaweb\\\/aperitivo-literario-celebrar-dia-del-libro\\\/#primaryimage\",\"url\":\"https:\\\/\\\/blanca.es\\\/nuevaweb\\\/wp-content\\\/uploads\\\/2017\\\/04\\\/dia-del-libro1-424-x-600.jpg\",\"contentUrl\":\"https:\\\/\\\/blanca.es\\\/nuevaweb\\\/wp-content\\\/uploads\\\/2017\\\/04\\\/dia-del-libro1-424-x-600.jpg\",\"width\":424,\"height\":600},{\"@type\":\"BreadcrumbList\",\"@id\":\"https:\\\/\\\/blanca.es\\\/nuevaweb\\\/aperitivo-literario-celebrar-dia-del-libro\\\/#breadcrumb\",\"itemListElement\":[{\"@type\":\"ListItem\",\"position\":1,\"name\":\"Portada\",\"item\":\"https:\\\/\\\/blanca.es\\\/nuevaweb\\\/\"},{\"@type\":\"ListItem\",\"position\":2,\"name\":\"Aperitivo literario para celebrar el D\u00eda del Libro\"}]},{\"@type\":\"WebSite\",\"@id\":\"https:\\\/\\\/blanca.es\\\/nuevaweb\\\/#website\",\"url\":\"https:\\\/\\\/blanca.es\\\/nuevaweb\\\/\",\"name\":\"Ayuntamiento de Blanca\",\"description\":\"Web Municipal Blanca (Murcia)\",\"publisher\":{\"@id\":\"https:\\\/\\\/blanca.es\\\/nuevaweb\\\/#organization\"},\"potentialAction\":[{\"@type\":\"SearchAction\",\"target\":{\"@type\":\"EntryPoint\",\"urlTemplate\":\"https:\\\/\\\/blanca.es\\\/nuevaweb\\\/?s={search_term_string}\"},\"query-input\":{\"@type\":\"PropertyValueSpecification\",\"valueRequired\":true,\"valueName\":\"search_term_string\"}}],\"inLanguage\":\"es\"},{\"@type\":\"Organization\",\"@id\":\"https:\\\/\\\/blanca.es\\\/nuevaweb\\\/#organization\",\"name\":\"Ayuntamiento de Blanca\",\"url\":\"https:\\\/\\\/blanca.es\\\/nuevaweb\\\/\",\"logo\":{\"@type\":\"ImageObject\",\"inLanguage\":\"es\",\"@id\":\"https:\\\/\\\/blanca.es\\\/nuevaweb\\\/#\\\/schema\\\/logo\\\/image\\\/\",\"url\":\"https:\\\/\\\/blanca.es\\\/nuevaweb\\\/wp-content\\\/uploads\\\/2020\\\/09\\\/Escudo_alta_cuadrado-3.png\",\"contentUrl\":\"https:\\\/\\\/blanca.es\\\/nuevaweb\\\/wp-content\\\/uploads\\\/2020\\\/09\\\/Escudo_alta_cuadrado-3.png\",\"width\":300,\"height\":300,\"caption\":\"Ayuntamiento de Blanca\"},\"image\":{\"@id\":\"https:\\\/\\\/blanca.es\\\/nuevaweb\\\/#\\\/schema\\\/logo\\\/image\\\/\"},\"sameAs\":[\"https:\\\/\\\/es-es.facebook.com\\\/AyuntamientodeBlanca\",\"https:\\\/\\\/x.com\\\/ayto_blanca\",\"https:\\\/\\\/www.youtube.com\\\/channel\\\/UC9weal_OZVKN6meF0Fd_rqw\"]},{\"@type\":\"Person\",\"@id\":\"https:\\\/\\\/blanca.es\\\/nuevaweb\\\/#\\\/schema\\\/person\\\/068ffbe563a96e998dc141bd91d5a84a\",\"name\":\"Comunicaci\u00f3n\",\"image\":{\"@type\":\"ImageObject\",\"inLanguage\":\"es\",\"@id\":\"https:\\\/\\\/secure.gravatar.com\\\/avatar\\\/0a6839cedbb80e4510cc6b40b620b579d19c8c87d368475504cb313c55980873?s=96&d=mm&r=g\",\"url\":\"https:\\\/\\\/secure.gravatar.com\\\/avatar\\\/0a6839cedbb80e4510cc6b40b620b579d19c8c87d368475504cb313c55980873?s=96&d=mm&r=g\",\"contentUrl\":\"https:\\\/\\\/secure.gravatar.com\\\/avatar\\\/0a6839cedbb80e4510cc6b40b620b579d19c8c87d368475504cb313c55980873?s=96&d=mm&r=g\",\"caption\":\"Comunicaci\u00f3n\"}}]}<\/script>\n<!-- \/ Yoast SEO plugin. -->","yoast_head_json":{"title":"Aperitivo literario para celebrar el D\u00eda del Libro - Ayuntamiento de Blanca","robots":{"index":"index","follow":"follow","max-snippet":"max-snippet:-1","max-image-preview":"max-image-preview:large","max-video-preview":"max-video-preview:-1"},"canonical":"https:\/\/blanca.es\/nuevaweb\/aperitivo-literario-celebrar-dia-del-libro\/","og_locale":"es_ES","og_type":"article","og_title":"Aperitivo literario para celebrar el D\u00eda del Libro - Ayuntamiento de Blanca","og_description":"El pr\u00f3ximo domingo, 23 de abril, Blanca celebra una jornada dedicada al D\u00eda Internacional del Libro que comenzar\u00e1 a las 11 de la ma\u00f1ana con la inauguraci\u00f3n de una Feria en la explanada del MUCAB. Ese mismo d\u00eda coincide con el \u00faltimo de las Fiestas Patronales donde la concejal\u00eda de Cultura, en su apuesta por [&hellip;]","og_url":"https:\/\/blanca.es\/nuevaweb\/aperitivo-literario-celebrar-dia-del-libro\/","og_site_name":"Ayuntamiento de Blanca","article_publisher":"https:\/\/es-es.facebook.com\/AyuntamientodeBlanca","article_published_time":"2017-04-19T08:23:12+00:00","og_image":[{"width":424,"height":600,"url":"https:\/\/blanca.es\/nuevaweb\/wp-content\/uploads\/2017\/04\/dia-del-libro1-424-x-600.jpg","type":"image\/jpeg"}],"author":"Comunicaci\u00f3n","twitter_card":"summary_large_image","twitter_creator":"@ayto_blanca","twitter_site":"@ayto_blanca","twitter_misc":{"Escrito por":"Comunicaci\u00f3n","Tiempo de lectura":"1 minuto"},"schema":{"@context":"https:\/\/schema.org","@graph":[{"@type":"Article","@id":"https:\/\/blanca.es\/nuevaweb\/aperitivo-literario-celebrar-dia-del-libro\/#article","isPartOf":{"@id":"https:\/\/blanca.es\/nuevaweb\/aperitivo-literario-celebrar-dia-del-libro\/"},"author":{"name":"Comunicaci\u00f3n","@id":"https:\/\/blanca.es\/nuevaweb\/#\/schema\/person\/068ffbe563a96e998dc141bd91d5a84a"},"headline":"Aperitivo literario para celebrar el D\u00eda del Libro","datePublished":"2017-04-19T08:23:12+00:00","mainEntityOfPage":{"@id":"https:\/\/blanca.es\/nuevaweb\/aperitivo-literario-celebrar-dia-del-libro\/"},"wordCount":232,"publisher":{"@id":"https:\/\/blanca.es\/nuevaweb\/#organization"},"image":{"@id":"https:\/\/blanca.es\/nuevaweb\/aperitivo-literario-celebrar-dia-del-libro\/#primaryimage"},"thumbnailUrl":"https:\/\/blanca.es\/nuevaweb\/wp-content\/uploads\/2017\/04\/dia-del-libro1-424-x-600.jpg","articleSection":["Cultura y Turismo","Fiestas"],"inLanguage":"es"},{"@type":"WebPage","@id":"https:\/\/blanca.es\/nuevaweb\/aperitivo-literario-celebrar-dia-del-libro\/","url":"https:\/\/blanca.es\/nuevaweb\/aperitivo-literario-celebrar-dia-del-libro\/","name":"Aperitivo literario para celebrar el D\u00eda del Libro - Ayuntamiento de Blanca","isPartOf":{"@id":"https:\/\/blanca.es\/nuevaweb\/#website"},"primaryImageOfPage":{"@id":"https:\/\/blanca.es\/nuevaweb\/aperitivo-literario-celebrar-dia-del-libro\/#primaryimage"},"image":{"@id":"https:\/\/blanca.es\/nuevaweb\/aperitivo-literario-celebrar-dia-del-libro\/#primaryimage"},"thumbnailUrl":"https:\/\/blanca.es\/nuevaweb\/wp-content\/uploads\/2017\/04\/dia-del-libro1-424-x-600.jpg","datePublished":"2017-04-19T08:23:12+00:00","breadcrumb":{"@id":"https:\/\/blanca.es\/nuevaweb\/aperitivo-literario-celebrar-dia-del-libro\/#breadcrumb"},"inLanguage":"es","potentialAction":[{"@type":"ReadAction","target":["https:\/\/blanca.es\/nuevaweb\/aperitivo-literario-celebrar-dia-del-libro\/"]}]},{"@type":"ImageObject","inLanguage":"es","@id":"https:\/\/blanca.es\/nuevaweb\/aperitivo-literario-celebrar-dia-del-libro\/#primaryimage","url":"https:\/\/blanca.es\/nuevaweb\/wp-content\/uploads\/2017\/04\/dia-del-libro1-424-x-600.jpg","contentUrl":"https:\/\/blanca.es\/nuevaweb\/wp-content\/uploads\/2017\/04\/dia-del-libro1-424-x-600.jpg","width":424,"height":600},{"@type":"BreadcrumbList","@id":"https:\/\/blanca.es\/nuevaweb\/aperitivo-literario-celebrar-dia-del-libro\/#breadcrumb","itemListElement":[{"@type":"ListItem","position":1,"name":"Portada","item":"https:\/\/blanca.es\/nuevaweb\/"},{"@type":"ListItem","position":2,"name":"Aperitivo literario para celebrar el D\u00eda del Libro"}]},{"@type":"WebSite","@id":"https:\/\/blanca.es\/nuevaweb\/#website","url":"https:\/\/blanca.es\/nuevaweb\/","name":"Ayuntamiento de Blanca","description":"Web Municipal Blanca (Murcia)","publisher":{"@id":"https:\/\/blanca.es\/nuevaweb\/#organization"},"potentialAction":[{"@type":"SearchAction","target":{"@type":"EntryPoint","urlTemplate":"https:\/\/blanca.es\/nuevaweb\/?s={search_term_string}"},"query-input":{"@type":"PropertyValueSpecification","valueRequired":true,"valueName":"search_term_string"}}],"inLanguage":"es"},{"@type":"Organization","@id":"https:\/\/blanca.es\/nuevaweb\/#organization","name":"Ayuntamiento de Blanca","url":"https:\/\/blanca.es\/nuevaweb\/","logo":{"@type":"ImageObject","inLanguage":"es","@id":"https:\/\/blanca.es\/nuevaweb\/#\/schema\/logo\/image\/","url":"https:\/\/blanca.es\/nuevaweb\/wp-content\/uploads\/2020\/09\/Escudo_alta_cuadrado-3.png","contentUrl":"https:\/\/blanca.es\/nuevaweb\/wp-content\/uploads\/2020\/09\/Escudo_alta_cuadrado-3.png","width":300,"height":300,"caption":"Ayuntamiento de Blanca"},"image":{"@id":"https:\/\/blanca.es\/nuevaweb\/#\/schema\/logo\/image\/"},"sameAs":["https:\/\/es-es.facebook.com\/AyuntamientodeBlanca","https:\/\/x.com\/ayto_blanca","https:\/\/www.youtube.com\/channel\/UC9weal_OZVKN6meF0Fd_rqw"]},{"@type":"Person","@id":"https:\/\/blanca.es\/nuevaweb\/#\/schema\/person\/068ffbe563a96e998dc141bd91d5a84a","name":"Comunicaci\u00f3n","image":{"@type":"ImageObject","inLanguage":"es","@id":"https:\/\/secure.gravatar.com\/avatar\/0a6839cedbb80e4510cc6b40b620b579d19c8c87d368475504cb313c55980873?s=96&d=mm&r=g","url":"https:\/\/secure.gravatar.com\/avatar\/0a6839cedbb80e4510cc6b40b620b579d19c8c87d368475504cb313c55980873?s=96&d=mm&r=g","contentUrl":"https:\/\/secure.gravatar.com\/avatar\/0a6839cedbb80e4510cc6b40b620b579d19c8c87d368475504cb313c55980873?s=96&d=mm&r=g","caption":"Comunicaci\u00f3n"}}]}},"_links":{"self":[{"href":"https:\/\/blanca.es\/nuevaweb\/wp-json\/wp\/v2\/posts\/5826","targetHints":{"allow":["GET"]}}],"collection":[{"href":"https:\/\/blanca.es\/nuevaweb\/wp-json\/wp\/v2\/posts"}],"about":[{"href":"https:\/\/blanca.es\/nuevaweb\/wp-json\/wp\/v2\/types\/post"}],"author":[{"embeddable":true,"href":"https:\/\/blanca.es\/nuevaweb\/wp-json\/wp\/v2\/users\/2"}],"replies":[{"embeddable":true,"href":"https:\/\/blanca.es\/nuevaweb\/wp-json\/wp\/v2\/comments?post=5826"}],"version-history":[{"count":0,"href":"https:\/\/blanca.es\/nuevaweb\/wp-json\/wp\/v2\/posts\/5826\/revisions"}],"wp:featuredmedia":[{"embeddable":true,"href":"https:\/\/blanca.es\/nuevaweb\/wp-json\/wp\/v2\/media\/5821"}],"wp:attachment":[{"href":"https:\/\/blanca.es\/nuevaweb\/wp-json\/wp\/v2\/media?parent=5826"}],"wp:term":[{"taxonomy":"category","embeddable":true,"href":"https:\/\/blanca.es\/nuevaweb\/wp-json\/wp\/v2\/categories?post=5826"},{"taxonomy":"post_tag","embeddable":true,"href":"https:\/\/blanca.es\/nuevaweb\/wp-json\/wp\/v2\/tags?post=5826"}],"curies":[{"name":"wp","href":"https:\/\/api.w.org\/{rel}","templated":true}]}}