{"id":6979,"date":"2017-05-08T14:14:36","date_gmt":"2017-05-08T12:14:36","guid":{"rendered":"http:\/\/blanca.es\/?p=6979"},"modified":"2017-05-08T14:14:36","modified_gmt":"2017-05-08T12:14:36","slug":"los-escolares-blanca-reciben-charlas-clases-practicas-educacion-vial","status":"publish","type":"post","link":"https:\/\/blanca.es\/nuevaweb\/los-escolares-blanca-reciben-charlas-clases-practicas-educacion-vial\/","title":{"rendered":"Los escolares de Blanca reciben charlas y clases pr\u00e1cticas de Educaci\u00f3n Vial"},"content":{"rendered":"<p style=\"text-align: justify;\">Hoy han comenzado las jornadas de Educaci\u00f3n Vial que ha organizado la concejal\u00eda de Seguridad Ciudadana junto a Polic\u00eda Local de Blanca. Las jornadas constan de charlas te\u00f3ricas y clases pr\u00e1cticas en las que, los agentes locales ense\u00f1ar\u00e1n a los ni\u00f1os y ni\u00f1as de los tres colegios del municipio las normas de circulaci\u00f3n. El CEIP Virgen del Pilar ha sido el centro en el que se han iniciado las jornadas con unas clases te\u00f3ricas que han tenido lugar durante el d\u00eda de hoy, y con las pr\u00e1cticas que se realizar\u00e1n el viernes 12. Durante los d\u00edas 15, 16 y 17 se celebrar\u00e1n en el CC La Milagrosa y en el CEIP Antonio Molina Gonz\u00e1lez ser\u00e1n los d\u00edas 22,23 y 24<\/p>\n<p style=\"text-align: justify;\">\n<p style=\"text-align: justify;\"><a href=\"http:\/\/blanca.es\/web\/wp-content\/uploads\/2017\/05\/educacion-vial1.jpeg\"><img loading=\"lazy\" decoding=\"async\" class=\"alignnone size-large wp-image-6980\" src=\"http:\/\/blanca.es\/web\/wp-content\/uploads\/2017\/05\/educacion-vial1-1024x576.jpeg\" alt=\"\" width=\"680\" height=\"383\" \/><\/a> <a href=\"http:\/\/blanca.es\/web\/wp-content\/uploads\/2017\/05\/educacion-vial2.jpeg\"><img loading=\"lazy\" decoding=\"async\" class=\"alignnone size-large wp-image-6981\" src=\"http:\/\/blanca.es\/web\/wp-content\/uploads\/2017\/05\/educacion-vial2-1024x576.jpeg\" alt=\"\" width=\"680\" height=\"383\" \/><\/a><\/p>\n","protected":false},"excerpt":{"rendered":"<p>Hoy han comenzado las jornadas de Educaci\u00f3n Vial que ha organizado la concejal\u00eda de Seguridad Ciudadana junto a Polic\u00eda Local de Blanca. Las jornadas constan de charlas te\u00f3ricas y clases pr\u00e1cticas en las que, los agentes locales ense\u00f1ar\u00e1n a los ni\u00f1os y ni\u00f1as de los tres colegios del municipio las normas de circulaci\u00f3n. El CEIP [&hellip;]<\/p>\n","protected":false},"author":2,"featured_media":6980,"comment_status":"closed","ping_status":"open","sticky":false,"template":"","format":"standard","meta":{"footnotes":""},"categories":[161],"tags":[],"class_list":["post-6979","post","type-post","status-publish","format-standard","has-post-thumbnail","hentry","category-juv"],"yoast_head":"<!-- This site is optimized with the Yoast SEO plugin v28.1 - https:\/\/yoast.com\/product\/yoast-seo-wordpress\/ -->\n<title>Los escolares de Blanca reciben charlas y clases pr\u00e1cticas de Educaci\u00f3n Vial - Ayuntamiento de Blanca<\/title>\n<meta name=\"robots\" content=\"index, follow, max-snippet:-1, max-image-preview:large, max-video-preview:-1\" \/>\n<link rel=\"canonical\" href=\"https:\/\/blanca.es\/nuevaweb\/los-escolares-blanca-reciben-charlas-clases-practicas-educacion-vial\/\" \/>\n<meta property=\"og:locale\" content=\"es_ES\" \/>\n<meta property=\"og:type\" content=\"article\" \/>\n<meta property=\"og:title\" content=\"Los escolares de Blanca reciben charlas y clases pr\u00e1cticas de Educaci\u00f3n Vial - Ayuntamiento de Blanca\" \/>\n<meta property=\"og:description\" content=\"Hoy han comenzado las jornadas de Educaci\u00f3n Vial que ha organizado la concejal\u00eda de Seguridad Ciudadana junto a Polic\u00eda Local de Blanca. Las jornadas constan de charlas te\u00f3ricas y clases pr\u00e1cticas en las que, los agentes locales ense\u00f1ar\u00e1n a los ni\u00f1os y ni\u00f1as de los tres colegios del municipio las normas de circulaci\u00f3n. El CEIP [&hellip;]\" \/>\n<meta property=\"og:url\" content=\"https:\/\/blanca.es\/nuevaweb\/los-escolares-blanca-reciben-charlas-clases-practicas-educacion-vial\/\" \/>\n<meta property=\"og:site_name\" content=\"Ayuntamiento de Blanca\" \/>\n<meta property=\"article:publisher\" content=\"https:\/\/es-es.facebook.com\/AyuntamientodeBlanca\" \/>\n<meta property=\"article:published_time\" content=\"2017-05-08T12:14:36+00:00\" \/>\n<meta property=\"og:image\" content=\"https:\/\/blanca.es\/nuevaweb\/wp-content\/uploads\/2017\/05\/educacion-vial1.jpeg\" \/>\n\t<meta property=\"og:image:width\" content=\"1024\" \/>\n\t<meta property=\"og:image:height\" content=\"576\" \/>\n\t<meta property=\"og:image:type\" content=\"image\/jpeg\" \/>\n<meta name=\"author\" content=\"Comunicaci\u00f3n\" \/>\n<meta name=\"twitter:card\" content=\"summary_large_image\" \/>\n<meta name=\"twitter:creator\" content=\"@ayto_blanca\" \/>\n<meta name=\"twitter:site\" content=\"@ayto_blanca\" \/>\n<meta name=\"twitter:label1\" content=\"Escrito por\" \/>\n\t<meta name=\"twitter:data1\" content=\"Comunicaci\u00f3n\" \/>\n\t<meta name=\"twitter:label2\" content=\"Tiempo de lectura\" \/>\n\t<meta name=\"twitter:data2\" content=\"1 minuto\" \/>\n<script type=\"application\/ld+json\" class=\"yoast-schema-graph\">{\"@context\":\"https:\\\/\\\/schema.org\",\"@graph\":[{\"@type\":\"Article\",\"@id\":\"https:\\\/\\\/blanca.es\\\/nuevaweb\\\/los-escolares-blanca-reciben-charlas-clases-practicas-educacion-vial\\\/#article\",\"isPartOf\":{\"@id\":\"https:\\\/\\\/blanca.es\\\/nuevaweb\\\/los-escolares-blanca-reciben-charlas-clases-practicas-educacion-vial\\\/\"},\"author\":{\"name\":\"Comunicaci\u00f3n\",\"@id\":\"https:\\\/\\\/blanca.es\\\/nuevaweb\\\/#\\\/schema\\\/person\\\/068ffbe563a96e998dc141bd91d5a84a\"},\"headline\":\"Los escolares de Blanca reciben charlas y clases pr\u00e1cticas de Educaci\u00f3n Vial\",\"datePublished\":\"2017-05-08T12:14:36+00:00\",\"mainEntityOfPage\":{\"@id\":\"https:\\\/\\\/blanca.es\\\/nuevaweb\\\/los-escolares-blanca-reciben-charlas-clases-practicas-educacion-vial\\\/\"},\"wordCount\":147,\"publisher\":{\"@id\":\"https:\\\/\\\/blanca.es\\\/nuevaweb\\\/#organization\"},\"image\":{\"@id\":\"https:\\\/\\\/blanca.es\\\/nuevaweb\\\/los-escolares-blanca-reciben-charlas-clases-practicas-educacion-vial\\\/#primaryimage\"},\"thumbnailUrl\":\"https:\\\/\\\/blanca.es\\\/nuevaweb\\\/wp-content\\\/uploads\\\/2017\\\/05\\\/educacion-vial1.jpeg\",\"articleSection\":[\"Juventud\"],\"inLanguage\":\"es\"},{\"@type\":\"WebPage\",\"@id\":\"https:\\\/\\\/blanca.es\\\/nuevaweb\\\/los-escolares-blanca-reciben-charlas-clases-practicas-educacion-vial\\\/\",\"url\":\"https:\\\/\\\/blanca.es\\\/nuevaweb\\\/los-escolares-blanca-reciben-charlas-clases-practicas-educacion-vial\\\/\",\"name\":\"Los escolares de Blanca reciben charlas y clases pr\u00e1cticas de Educaci\u00f3n Vial - Ayuntamiento de Blanca\",\"isPartOf\":{\"@id\":\"https:\\\/\\\/blanca.es\\\/nuevaweb\\\/#website\"},\"primaryImageOfPage\":{\"@id\":\"https:\\\/\\\/blanca.es\\\/nuevaweb\\\/los-escolares-blanca-reciben-charlas-clases-practicas-educacion-vial\\\/#primaryimage\"},\"image\":{\"@id\":\"https:\\\/\\\/blanca.es\\\/nuevaweb\\\/los-escolares-blanca-reciben-charlas-clases-practicas-educacion-vial\\\/#primaryimage\"},\"thumbnailUrl\":\"https:\\\/\\\/blanca.es\\\/nuevaweb\\\/wp-content\\\/uploads\\\/2017\\\/05\\\/educacion-vial1.jpeg\",\"datePublished\":\"2017-05-08T12:14:36+00:00\",\"breadcrumb\":{\"@id\":\"https:\\\/\\\/blanca.es\\\/nuevaweb\\\/los-escolares-blanca-reciben-charlas-clases-practicas-educacion-vial\\\/#breadcrumb\"},\"inLanguage\":\"es\",\"potentialAction\":[{\"@type\":\"ReadAction\",\"target\":[\"https:\\\/\\\/blanca.es\\\/nuevaweb\\\/los-escolares-blanca-reciben-charlas-clases-practicas-educacion-vial\\\/\"]}]},{\"@type\":\"ImageObject\",\"inLanguage\":\"es\",\"@id\":\"https:\\\/\\\/blanca.es\\\/nuevaweb\\\/los-escolares-blanca-reciben-charlas-clases-practicas-educacion-vial\\\/#primaryimage\",\"url\":\"https:\\\/\\\/blanca.es\\\/nuevaweb\\\/wp-content\\\/uploads\\\/2017\\\/05\\\/educacion-vial1.jpeg\",\"contentUrl\":\"https:\\\/\\\/blanca.es\\\/nuevaweb\\\/wp-content\\\/uploads\\\/2017\\\/05\\\/educacion-vial1.jpeg\",\"width\":1024,\"height\":576},{\"@type\":\"BreadcrumbList\",\"@id\":\"https:\\\/\\\/blanca.es\\\/nuevaweb\\\/los-escolares-blanca-reciben-charlas-clases-practicas-educacion-vial\\\/#breadcrumb\",\"itemListElement\":[{\"@type\":\"ListItem\",\"position\":1,\"name\":\"Portada\",\"item\":\"https:\\\/\\\/blanca.es\\\/nuevaweb\\\/\"},{\"@type\":\"ListItem\",\"position\":2,\"name\":\"Los escolares de Blanca reciben charlas y clases pr\u00e1cticas de Educaci\u00f3n Vial\"}]},{\"@type\":\"WebSite\",\"@id\":\"https:\\\/\\\/blanca.es\\\/nuevaweb\\\/#website\",\"url\":\"https:\\\/\\\/blanca.es\\\/nuevaweb\\\/\",\"name\":\"Ayuntamiento de Blanca\",\"description\":\"Web Municipal Blanca (Murcia)\",\"publisher\":{\"@id\":\"https:\\\/\\\/blanca.es\\\/nuevaweb\\\/#organization\"},\"potentialAction\":[{\"@type\":\"SearchAction\",\"target\":{\"@type\":\"EntryPoint\",\"urlTemplate\":\"https:\\\/\\\/blanca.es\\\/nuevaweb\\\/?s={search_term_string}\"},\"query-input\":{\"@type\":\"PropertyValueSpecification\",\"valueRequired\":true,\"valueName\":\"search_term_string\"}}],\"inLanguage\":\"es\"},{\"@type\":\"Organization\",\"@id\":\"https:\\\/\\\/blanca.es\\\/nuevaweb\\\/#organization\",\"name\":\"Ayuntamiento de Blanca\",\"url\":\"https:\\\/\\\/blanca.es\\\/nuevaweb\\\/\",\"logo\":{\"@type\":\"ImageObject\",\"inLanguage\":\"es\",\"@id\":\"https:\\\/\\\/blanca.es\\\/nuevaweb\\\/#\\\/schema\\\/logo\\\/image\\\/\",\"url\":\"https:\\\/\\\/blanca.es\\\/nuevaweb\\\/wp-content\\\/uploads\\\/2020\\\/09\\\/Escudo_alta_cuadrado-3.png\",\"contentUrl\":\"https:\\\/\\\/blanca.es\\\/nuevaweb\\\/wp-content\\\/uploads\\\/2020\\\/09\\\/Escudo_alta_cuadrado-3.png\",\"width\":300,\"height\":300,\"caption\":\"Ayuntamiento de Blanca\"},\"image\":{\"@id\":\"https:\\\/\\\/blanca.es\\\/nuevaweb\\\/#\\\/schema\\\/logo\\\/image\\\/\"},\"sameAs\":[\"https:\\\/\\\/es-es.facebook.com\\\/AyuntamientodeBlanca\",\"https:\\\/\\\/x.com\\\/ayto_blanca\",\"https:\\\/\\\/www.youtube.com\\\/channel\\\/UC9weal_OZVKN6meF0Fd_rqw\"]},{\"@type\":\"Person\",\"@id\":\"https:\\\/\\\/blanca.es\\\/nuevaweb\\\/#\\\/schema\\\/person\\\/068ffbe563a96e998dc141bd91d5a84a\",\"name\":\"Comunicaci\u00f3n\",\"image\":{\"@type\":\"ImageObject\",\"inLanguage\":\"es\",\"@id\":\"https:\\\/\\\/secure.gravatar.com\\\/avatar\\\/0a6839cedbb80e4510cc6b40b620b579d19c8c87d368475504cb313c55980873?s=96&d=mm&r=g\",\"url\":\"https:\\\/\\\/secure.gravatar.com\\\/avatar\\\/0a6839cedbb80e4510cc6b40b620b579d19c8c87d368475504cb313c55980873?s=96&d=mm&r=g\",\"contentUrl\":\"https:\\\/\\\/secure.gravatar.com\\\/avatar\\\/0a6839cedbb80e4510cc6b40b620b579d19c8c87d368475504cb313c55980873?s=96&d=mm&r=g\",\"caption\":\"Comunicaci\u00f3n\"}}]}<\/script>\n<!-- \/ Yoast SEO plugin. -->","yoast_head_json":{"title":"Los escolares de Blanca reciben charlas y clases pr\u00e1cticas de Educaci\u00f3n Vial - Ayuntamiento de Blanca","robots":{"index":"index","follow":"follow","max-snippet":"max-snippet:-1","max-image-preview":"max-image-preview:large","max-video-preview":"max-video-preview:-1"},"canonical":"https:\/\/blanca.es\/nuevaweb\/los-escolares-blanca-reciben-charlas-clases-practicas-educacion-vial\/","og_locale":"es_ES","og_type":"article","og_title":"Los escolares de Blanca reciben charlas y clases pr\u00e1cticas de Educaci\u00f3n Vial - Ayuntamiento de Blanca","og_description":"Hoy han comenzado las jornadas de Educaci\u00f3n Vial que ha organizado la concejal\u00eda de Seguridad Ciudadana junto a Polic\u00eda Local de Blanca. Las jornadas constan de charlas te\u00f3ricas y clases pr\u00e1cticas en las que, los agentes locales ense\u00f1ar\u00e1n a los ni\u00f1os y ni\u00f1as de los tres colegios del municipio las normas de circulaci\u00f3n. El CEIP [&hellip;]","og_url":"https:\/\/blanca.es\/nuevaweb\/los-escolares-blanca-reciben-charlas-clases-practicas-educacion-vial\/","og_site_name":"Ayuntamiento de Blanca","article_publisher":"https:\/\/es-es.facebook.com\/AyuntamientodeBlanca","article_published_time":"2017-05-08T12:14:36+00:00","og_image":[{"width":1024,"height":576,"url":"https:\/\/blanca.es\/nuevaweb\/wp-content\/uploads\/2017\/05\/educacion-vial1.jpeg","type":"image\/jpeg"}],"author":"Comunicaci\u00f3n","twitter_card":"summary_large_image","twitter_creator":"@ayto_blanca","twitter_site":"@ayto_blanca","twitter_misc":{"Escrito por":"Comunicaci\u00f3n","Tiempo de lectura":"1 minuto"},"schema":{"@context":"https:\/\/schema.org","@graph":[{"@type":"Article","@id":"https:\/\/blanca.es\/nuevaweb\/los-escolares-blanca-reciben-charlas-clases-practicas-educacion-vial\/#article","isPartOf":{"@id":"https:\/\/blanca.es\/nuevaweb\/los-escolares-blanca-reciben-charlas-clases-practicas-educacion-vial\/"},"author":{"name":"Comunicaci\u00f3n","@id":"https:\/\/blanca.es\/nuevaweb\/#\/schema\/person\/068ffbe563a96e998dc141bd91d5a84a"},"headline":"Los escolares de Blanca reciben charlas y clases pr\u00e1cticas de Educaci\u00f3n Vial","datePublished":"2017-05-08T12:14:36+00:00","mainEntityOfPage":{"@id":"https:\/\/blanca.es\/nuevaweb\/los-escolares-blanca-reciben-charlas-clases-practicas-educacion-vial\/"},"wordCount":147,"publisher":{"@id":"https:\/\/blanca.es\/nuevaweb\/#organization"},"image":{"@id":"https:\/\/blanca.es\/nuevaweb\/los-escolares-blanca-reciben-charlas-clases-practicas-educacion-vial\/#primaryimage"},"thumbnailUrl":"https:\/\/blanca.es\/nuevaweb\/wp-content\/uploads\/2017\/05\/educacion-vial1.jpeg","articleSection":["Juventud"],"inLanguage":"es"},{"@type":"WebPage","@id":"https:\/\/blanca.es\/nuevaweb\/los-escolares-blanca-reciben-charlas-clases-practicas-educacion-vial\/","url":"https:\/\/blanca.es\/nuevaweb\/los-escolares-blanca-reciben-charlas-clases-practicas-educacion-vial\/","name":"Los escolares de Blanca reciben charlas y clases pr\u00e1cticas de Educaci\u00f3n Vial - Ayuntamiento de Blanca","isPartOf":{"@id":"https:\/\/blanca.es\/nuevaweb\/#website"},"primaryImageOfPage":{"@id":"https:\/\/blanca.es\/nuevaweb\/los-escolares-blanca-reciben-charlas-clases-practicas-educacion-vial\/#primaryimage"},"image":{"@id":"https:\/\/blanca.es\/nuevaweb\/los-escolares-blanca-reciben-charlas-clases-practicas-educacion-vial\/#primaryimage"},"thumbnailUrl":"https:\/\/blanca.es\/nuevaweb\/wp-content\/uploads\/2017\/05\/educacion-vial1.jpeg","datePublished":"2017-05-08T12:14:36+00:00","breadcrumb":{"@id":"https:\/\/blanca.es\/nuevaweb\/los-escolares-blanca-reciben-charlas-clases-practicas-educacion-vial\/#breadcrumb"},"inLanguage":"es","potentialAction":[{"@type":"ReadAction","target":["https:\/\/blanca.es\/nuevaweb\/los-escolares-blanca-reciben-charlas-clases-practicas-educacion-vial\/"]}]},{"@type":"ImageObject","inLanguage":"es","@id":"https:\/\/blanca.es\/nuevaweb\/los-escolares-blanca-reciben-charlas-clases-practicas-educacion-vial\/#primaryimage","url":"https:\/\/blanca.es\/nuevaweb\/wp-content\/uploads\/2017\/05\/educacion-vial1.jpeg","contentUrl":"https:\/\/blanca.es\/nuevaweb\/wp-content\/uploads\/2017\/05\/educacion-vial1.jpeg","width":1024,"height":576},{"@type":"BreadcrumbList","@id":"https:\/\/blanca.es\/nuevaweb\/los-escolares-blanca-reciben-charlas-clases-practicas-educacion-vial\/#breadcrumb","itemListElement":[{"@type":"ListItem","position":1,"name":"Portada","item":"https:\/\/blanca.es\/nuevaweb\/"},{"@type":"ListItem","position":2,"name":"Los escolares de Blanca reciben charlas y clases pr\u00e1cticas de Educaci\u00f3n Vial"}]},{"@type":"WebSite","@id":"https:\/\/blanca.es\/nuevaweb\/#website","url":"https:\/\/blanca.es\/nuevaweb\/","name":"Ayuntamiento de Blanca","description":"Web Municipal Blanca (Murcia)","publisher":{"@id":"https:\/\/blanca.es\/nuevaweb\/#organization"},"potentialAction":[{"@type":"SearchAction","target":{"@type":"EntryPoint","urlTemplate":"https:\/\/blanca.es\/nuevaweb\/?s={search_term_string}"},"query-input":{"@type":"PropertyValueSpecification","valueRequired":true,"valueName":"search_term_string"}}],"inLanguage":"es"},{"@type":"Organization","@id":"https:\/\/blanca.es\/nuevaweb\/#organization","name":"Ayuntamiento de Blanca","url":"https:\/\/blanca.es\/nuevaweb\/","logo":{"@type":"ImageObject","inLanguage":"es","@id":"https:\/\/blanca.es\/nuevaweb\/#\/schema\/logo\/image\/","url":"https:\/\/blanca.es\/nuevaweb\/wp-content\/uploads\/2020\/09\/Escudo_alta_cuadrado-3.png","contentUrl":"https:\/\/blanca.es\/nuevaweb\/wp-content\/uploads\/2020\/09\/Escudo_alta_cuadrado-3.png","width":300,"height":300,"caption":"Ayuntamiento de Blanca"},"image":{"@id":"https:\/\/blanca.es\/nuevaweb\/#\/schema\/logo\/image\/"},"sameAs":["https:\/\/es-es.facebook.com\/AyuntamientodeBlanca","https:\/\/x.com\/ayto_blanca","https:\/\/www.youtube.com\/channel\/UC9weal_OZVKN6meF0Fd_rqw"]},{"@type":"Person","@id":"https:\/\/blanca.es\/nuevaweb\/#\/schema\/person\/068ffbe563a96e998dc141bd91d5a84a","name":"Comunicaci\u00f3n","image":{"@type":"ImageObject","inLanguage":"es","@id":"https:\/\/secure.gravatar.com\/avatar\/0a6839cedbb80e4510cc6b40b620b579d19c8c87d368475504cb313c55980873?s=96&d=mm&r=g","url":"https:\/\/secure.gravatar.com\/avatar\/0a6839cedbb80e4510cc6b40b620b579d19c8c87d368475504cb313c55980873?s=96&d=mm&r=g","contentUrl":"https:\/\/secure.gravatar.com\/avatar\/0a6839cedbb80e4510cc6b40b620b579d19c8c87d368475504cb313c55980873?s=96&d=mm&r=g","caption":"Comunicaci\u00f3n"}}]}},"_links":{"self":[{"href":"https:\/\/blanca.es\/nuevaweb\/wp-json\/wp\/v2\/posts\/6979","targetHints":{"allow":["GET"]}}],"collection":[{"href":"https:\/\/blanca.es\/nuevaweb\/wp-json\/wp\/v2\/posts"}],"about":[{"href":"https:\/\/blanca.es\/nuevaweb\/wp-json\/wp\/v2\/types\/post"}],"author":[{"embeddable":true,"href":"https:\/\/blanca.es\/nuevaweb\/wp-json\/wp\/v2\/users\/2"}],"replies":[{"embeddable":true,"href":"https:\/\/blanca.es\/nuevaweb\/wp-json\/wp\/v2\/comments?post=6979"}],"version-history":[{"count":0,"href":"https:\/\/blanca.es\/nuevaweb\/wp-json\/wp\/v2\/posts\/6979\/revisions"}],"wp:featuredmedia":[{"embeddable":true,"href":"https:\/\/blanca.es\/nuevaweb\/wp-json\/wp\/v2\/media\/6980"}],"wp:attachment":[{"href":"https:\/\/blanca.es\/nuevaweb\/wp-json\/wp\/v2\/media?parent=6979"}],"wp:term":[{"taxonomy":"category","embeddable":true,"href":"https:\/\/blanca.es\/nuevaweb\/wp-json\/wp\/v2\/categories?post=6979"},{"taxonomy":"post_tag","embeddable":true,"href":"https:\/\/blanca.es\/nuevaweb\/wp-json\/wp\/v2\/tags?post=6979"}],"curies":[{"name":"wp","href":"https:\/\/api.w.org\/{rel}","templated":true}]}}