{"id":8011,"date":"2017-07-27T12:14:24","date_gmt":"2017-07-27T10:14:24","guid":{"rendered":"http:\/\/blanca.es\/?p=8011"},"modified":"2017-07-27T12:14:24","modified_gmt":"2017-07-27T10:14:24","slug":"ayuntamiento-blanca-afemce-firman-convenio-promover-la-integracion-laboral-jovenes-enfermedad-mental","status":"publish","type":"post","link":"https:\/\/blanca.es\/nuevaweb\/ayuntamiento-blanca-afemce-firman-convenio-promover-la-integracion-laboral-jovenes-enfermedad-mental\/","title":{"rendered":"El Ayuntamiento de Blanca y AFEMCE firman un convenio para promover la integraci\u00f3n laboral de j\u00f3venes con enfermedad mental"},"content":{"rendered":"<p style=\"text-align: justify;\">El Ayuntamiento de Blanca y la Asociaci\u00f3n AFEMCE han firmado un convenio de colaboraci\u00f3n con el fin de que ambas entidades participen en el programa de inserci\u00f3n laboral de j\u00f3venes con discapacidad intelectual y enfermedad mental \u201cJuntos somos Capaces\u201d, que promueve FUNDACI\u00d3N MAPFRE desde 2010. En la firma de este convenio han participado, Ester Hortelano Ortega, como Alcaldesa de Blanca, Josefa Ruiz Moreno como Presidenta de AFEMCE y Jos\u00e9 Gonz\u00e1lez director de MAPFRE as\u00ed como Soledad R\u00edos Ramos como Concejala de Bienestar Social, Cultura y Personal.<\/p>\n<p style=\"text-align: justify;\">Gracias a este acuerdo, j\u00f3venes de la asociaci\u00f3n AFEMCE realizar\u00e1n pr\u00e1cticas en el Ayuntamiento, que les permitir\u00e1n adquirir habilidades y experiencia en los trabajos y tareas propias de las distintas dependencias de dicho Consistorio.<\/p>\n<p style=\"text-align: justify;\">Hasta el momento, el programa \u201cJuntos Somos Capaces\u201d ha hecho posible que m\u00e1s de 4.000 empresas colaboren activamente con esta iniciativa, facilitando la formaci\u00f3n de 2.238 personas y la inserci\u00f3n laboral de 2.554 personas con discapacidad intelectual y enfermedad mental.<\/p>\n<p style=\"text-align: justify;\">El Ayuntamiento de Blanca d\u00eda viene demostrando de manera continuada su gran compromiso con las personas m\u00e1s vulnerables, apoyando diferentes actuaciones a favor de las mismas tanto en el \u00e1mbito laboral, como en el de la vivienda, la educaci\u00f3n, la alimentaci\u00f3n o la salud.<\/p>\n<p style=\"text-align: justify;\">Por su parte, AFEMCE \u00a0lleva a cabo diferentes programas formativos, psicol\u00f3gicos, y culturales con el objetivo de lograr la integraci\u00f3n social y laboral de estas personas.<\/p>\n<p style=\"text-align: justify;\">\n<p style=\"text-align: justify;\"><a href=\"http:\/\/blanca.es\/web\/wp-content\/uploads\/2017\/07\/firma-convenio-AFEMCE.jpg\"><img loading=\"lazy\" decoding=\"async\" class=\"alignnone size-large wp-image-8012\" src=\"http:\/\/blanca.es\/web\/wp-content\/uploads\/2017\/07\/firma-convenio-AFEMCE-1024x683.jpg\" alt=\"\" width=\"680\" height=\"454\" \/><\/a> <a href=\"http:\/\/blanca.es\/web\/wp-content\/uploads\/2017\/07\/firma-convenio-AFEMCE2.jpg\"><img loading=\"lazy\" decoding=\"async\" class=\"alignnone size-large wp-image-8013\" src=\"http:\/\/blanca.es\/web\/wp-content\/uploads\/2017\/07\/firma-convenio-AFEMCE2-1024x683.jpg\" alt=\"\" width=\"680\" height=\"454\" \/><\/a><\/p>\n","protected":false},"excerpt":{"rendered":"<p>El Ayuntamiento de Blanca y la Asociaci\u00f3n AFEMCE han firmado un convenio de colaboraci\u00f3n con el fin de que ambas entidades participen en el programa de inserci\u00f3n laboral de j\u00f3venes con discapacidad intelectual y enfermedad mental \u201cJuntos somos Capaces\u201d, que promueve FUNDACI\u00d3N MAPFRE desde 2010. En la firma de este convenio han participado, Ester Hortelano [&hellip;]<\/p>\n","protected":false},"author":2,"featured_media":8012,"comment_status":"closed","ping_status":"open","sticky":false,"template":"","format":"standard","meta":{"footnotes":""},"categories":[164,156],"tags":[],"class_list":["post-8011","post","type-post","status-publish","format-standard","has-post-thumbnail","hentry","category-bienestar-social","category-institucional"],"yoast_head":"<!-- This site is optimized with the Yoast SEO plugin v28.1 - https:\/\/yoast.com\/product\/yoast-seo-wordpress\/ -->\n<title>El Ayuntamiento de Blanca y AFEMCE firman un convenio para promover la integraci\u00f3n laboral de j\u00f3venes con enfermedad mental - Ayuntamiento de Blanca<\/title>\n<meta name=\"robots\" content=\"index, follow, max-snippet:-1, max-image-preview:large, max-video-preview:-1\" \/>\n<link rel=\"canonical\" href=\"https:\/\/blanca.es\/nuevaweb\/ayuntamiento-blanca-afemce-firman-convenio-promover-la-integracion-laboral-jovenes-enfermedad-mental\/\" \/>\n<meta property=\"og:locale\" content=\"es_ES\" \/>\n<meta property=\"og:type\" content=\"article\" \/>\n<meta property=\"og:title\" content=\"El Ayuntamiento de Blanca y AFEMCE firman un convenio para promover la integraci\u00f3n laboral de j\u00f3venes con enfermedad mental - Ayuntamiento de Blanca\" \/>\n<meta property=\"og:description\" content=\"El Ayuntamiento de Blanca y la Asociaci\u00f3n AFEMCE han firmado un convenio de colaboraci\u00f3n con el fin de que ambas entidades participen en el programa de inserci\u00f3n laboral de j\u00f3venes con discapacidad intelectual y enfermedad mental \u201cJuntos somos Capaces\u201d, que promueve FUNDACI\u00d3N MAPFRE desde 2010. En la firma de este convenio han participado, Ester Hortelano [&hellip;]\" \/>\n<meta property=\"og:url\" content=\"https:\/\/blanca.es\/nuevaweb\/ayuntamiento-blanca-afemce-firman-convenio-promover-la-integracion-laboral-jovenes-enfermedad-mental\/\" \/>\n<meta property=\"og:site_name\" content=\"Ayuntamiento de Blanca\" \/>\n<meta property=\"article:publisher\" content=\"https:\/\/es-es.facebook.com\/AyuntamientodeBlanca\" \/>\n<meta property=\"article:published_time\" content=\"2017-07-27T10:14:24+00:00\" \/>\n<meta property=\"og:image\" content=\"https:\/\/blanca.es\/nuevaweb\/wp-content\/uploads\/2017\/07\/firma-convenio-AFEMCE.jpg\" \/>\n\t<meta property=\"og:image:width\" content=\"1024\" \/>\n\t<meta property=\"og:image:height\" content=\"683\" \/>\n\t<meta property=\"og:image:type\" content=\"image\/jpeg\" \/>\n<meta name=\"author\" content=\"Comunicaci\u00f3n\" \/>\n<meta name=\"twitter:card\" content=\"summary_large_image\" \/>\n<meta name=\"twitter:creator\" content=\"@ayto_blanca\" \/>\n<meta name=\"twitter:site\" content=\"@ayto_blanca\" \/>\n<meta name=\"twitter:label1\" content=\"Escrito por\" \/>\n\t<meta name=\"twitter:data1\" content=\"Comunicaci\u00f3n\" \/>\n\t<meta name=\"twitter:label2\" content=\"Tiempo de lectura\" \/>\n\t<meta name=\"twitter:data2\" content=\"1 minuto\" \/>\n<script type=\"application\/ld+json\" class=\"yoast-schema-graph\">{\"@context\":\"https:\\\/\\\/schema.org\",\"@graph\":[{\"@type\":\"Article\",\"@id\":\"https:\\\/\\\/blanca.es\\\/nuevaweb\\\/ayuntamiento-blanca-afemce-firman-convenio-promover-la-integracion-laboral-jovenes-enfermedad-mental\\\/#article\",\"isPartOf\":{\"@id\":\"https:\\\/\\\/blanca.es\\\/nuevaweb\\\/ayuntamiento-blanca-afemce-firman-convenio-promover-la-integracion-laboral-jovenes-enfermedad-mental\\\/\"},\"author\":{\"name\":\"Comunicaci\u00f3n\",\"@id\":\"https:\\\/\\\/blanca.es\\\/nuevaweb\\\/#\\\/schema\\\/person\\\/068ffbe563a96e998dc141bd91d5a84a\"},\"headline\":\"El Ayuntamiento de Blanca y AFEMCE firman un convenio para promover la integraci\u00f3n laboral de j\u00f3venes con enfermedad mental\",\"datePublished\":\"2017-07-27T10:14:24+00:00\",\"mainEntityOfPage\":{\"@id\":\"https:\\\/\\\/blanca.es\\\/nuevaweb\\\/ayuntamiento-blanca-afemce-firman-convenio-promover-la-integracion-laboral-jovenes-enfermedad-mental\\\/\"},\"wordCount\":268,\"publisher\":{\"@id\":\"https:\\\/\\\/blanca.es\\\/nuevaweb\\\/#organization\"},\"image\":{\"@id\":\"https:\\\/\\\/blanca.es\\\/nuevaweb\\\/ayuntamiento-blanca-afemce-firman-convenio-promover-la-integracion-laboral-jovenes-enfermedad-mental\\\/#primaryimage\"},\"thumbnailUrl\":\"https:\\\/\\\/blanca.es\\\/nuevaweb\\\/wp-content\\\/uploads\\\/2017\\\/07\\\/firma-convenio-AFEMCE.jpg\",\"articleSection\":[\"Bienestar Social\",\"Institucional\"],\"inLanguage\":\"es\"},{\"@type\":\"WebPage\",\"@id\":\"https:\\\/\\\/blanca.es\\\/nuevaweb\\\/ayuntamiento-blanca-afemce-firman-convenio-promover-la-integracion-laboral-jovenes-enfermedad-mental\\\/\",\"url\":\"https:\\\/\\\/blanca.es\\\/nuevaweb\\\/ayuntamiento-blanca-afemce-firman-convenio-promover-la-integracion-laboral-jovenes-enfermedad-mental\\\/\",\"name\":\"El Ayuntamiento de Blanca y AFEMCE firman un convenio para promover la integraci\u00f3n laboral de j\u00f3venes con enfermedad mental - Ayuntamiento de Blanca\",\"isPartOf\":{\"@id\":\"https:\\\/\\\/blanca.es\\\/nuevaweb\\\/#website\"},\"primaryImageOfPage\":{\"@id\":\"https:\\\/\\\/blanca.es\\\/nuevaweb\\\/ayuntamiento-blanca-afemce-firman-convenio-promover-la-integracion-laboral-jovenes-enfermedad-mental\\\/#primaryimage\"},\"image\":{\"@id\":\"https:\\\/\\\/blanca.es\\\/nuevaweb\\\/ayuntamiento-blanca-afemce-firman-convenio-promover-la-integracion-laboral-jovenes-enfermedad-mental\\\/#primaryimage\"},\"thumbnailUrl\":\"https:\\\/\\\/blanca.es\\\/nuevaweb\\\/wp-content\\\/uploads\\\/2017\\\/07\\\/firma-convenio-AFEMCE.jpg\",\"datePublished\":\"2017-07-27T10:14:24+00:00\",\"breadcrumb\":{\"@id\":\"https:\\\/\\\/blanca.es\\\/nuevaweb\\\/ayuntamiento-blanca-afemce-firman-convenio-promover-la-integracion-laboral-jovenes-enfermedad-mental\\\/#breadcrumb\"},\"inLanguage\":\"es\",\"potentialAction\":[{\"@type\":\"ReadAction\",\"target\":[\"https:\\\/\\\/blanca.es\\\/nuevaweb\\\/ayuntamiento-blanca-afemce-firman-convenio-promover-la-integracion-laboral-jovenes-enfermedad-mental\\\/\"]}]},{\"@type\":\"ImageObject\",\"inLanguage\":\"es\",\"@id\":\"https:\\\/\\\/blanca.es\\\/nuevaweb\\\/ayuntamiento-blanca-afemce-firman-convenio-promover-la-integracion-laboral-jovenes-enfermedad-mental\\\/#primaryimage\",\"url\":\"https:\\\/\\\/blanca.es\\\/nuevaweb\\\/wp-content\\\/uploads\\\/2017\\\/07\\\/firma-convenio-AFEMCE.jpg\",\"contentUrl\":\"https:\\\/\\\/blanca.es\\\/nuevaweb\\\/wp-content\\\/uploads\\\/2017\\\/07\\\/firma-convenio-AFEMCE.jpg\",\"width\":1024,\"height\":683},{\"@type\":\"BreadcrumbList\",\"@id\":\"https:\\\/\\\/blanca.es\\\/nuevaweb\\\/ayuntamiento-blanca-afemce-firman-convenio-promover-la-integracion-laboral-jovenes-enfermedad-mental\\\/#breadcrumb\",\"itemListElement\":[{\"@type\":\"ListItem\",\"position\":1,\"name\":\"Portada\",\"item\":\"https:\\\/\\\/blanca.es\\\/nuevaweb\\\/\"},{\"@type\":\"ListItem\",\"position\":2,\"name\":\"El Ayuntamiento de Blanca y AFEMCE firman un convenio para promover la integraci\u00f3n laboral de j\u00f3venes con enfermedad mental\"}]},{\"@type\":\"WebSite\",\"@id\":\"https:\\\/\\\/blanca.es\\\/nuevaweb\\\/#website\",\"url\":\"https:\\\/\\\/blanca.es\\\/nuevaweb\\\/\",\"name\":\"Ayuntamiento de Blanca\",\"description\":\"Web Municipal Blanca (Murcia)\",\"publisher\":{\"@id\":\"https:\\\/\\\/blanca.es\\\/nuevaweb\\\/#organization\"},\"potentialAction\":[{\"@type\":\"SearchAction\",\"target\":{\"@type\":\"EntryPoint\",\"urlTemplate\":\"https:\\\/\\\/blanca.es\\\/nuevaweb\\\/?s={search_term_string}\"},\"query-input\":{\"@type\":\"PropertyValueSpecification\",\"valueRequired\":true,\"valueName\":\"search_term_string\"}}],\"inLanguage\":\"es\"},{\"@type\":\"Organization\",\"@id\":\"https:\\\/\\\/blanca.es\\\/nuevaweb\\\/#organization\",\"name\":\"Ayuntamiento de Blanca\",\"url\":\"https:\\\/\\\/blanca.es\\\/nuevaweb\\\/\",\"logo\":{\"@type\":\"ImageObject\",\"inLanguage\":\"es\",\"@id\":\"https:\\\/\\\/blanca.es\\\/nuevaweb\\\/#\\\/schema\\\/logo\\\/image\\\/\",\"url\":\"https:\\\/\\\/blanca.es\\\/nuevaweb\\\/wp-content\\\/uploads\\\/2020\\\/09\\\/Escudo_alta_cuadrado-3.png\",\"contentUrl\":\"https:\\\/\\\/blanca.es\\\/nuevaweb\\\/wp-content\\\/uploads\\\/2020\\\/09\\\/Escudo_alta_cuadrado-3.png\",\"width\":300,\"height\":300,\"caption\":\"Ayuntamiento de Blanca\"},\"image\":{\"@id\":\"https:\\\/\\\/blanca.es\\\/nuevaweb\\\/#\\\/schema\\\/logo\\\/image\\\/\"},\"sameAs\":[\"https:\\\/\\\/es-es.facebook.com\\\/AyuntamientodeBlanca\",\"https:\\\/\\\/x.com\\\/ayto_blanca\",\"https:\\\/\\\/www.youtube.com\\\/channel\\\/UC9weal_OZVKN6meF0Fd_rqw\"]},{\"@type\":\"Person\",\"@id\":\"https:\\\/\\\/blanca.es\\\/nuevaweb\\\/#\\\/schema\\\/person\\\/068ffbe563a96e998dc141bd91d5a84a\",\"name\":\"Comunicaci\u00f3n\",\"image\":{\"@type\":\"ImageObject\",\"inLanguage\":\"es\",\"@id\":\"https:\\\/\\\/secure.gravatar.com\\\/avatar\\\/0a6839cedbb80e4510cc6b40b620b579d19c8c87d368475504cb313c55980873?s=96&d=mm&r=g\",\"url\":\"https:\\\/\\\/secure.gravatar.com\\\/avatar\\\/0a6839cedbb80e4510cc6b40b620b579d19c8c87d368475504cb313c55980873?s=96&d=mm&r=g\",\"contentUrl\":\"https:\\\/\\\/secure.gravatar.com\\\/avatar\\\/0a6839cedbb80e4510cc6b40b620b579d19c8c87d368475504cb313c55980873?s=96&d=mm&r=g\",\"caption\":\"Comunicaci\u00f3n\"}}]}<\/script>\n<!-- \/ Yoast SEO plugin. -->","yoast_head_json":{"title":"El Ayuntamiento de Blanca y AFEMCE firman un convenio para promover la integraci\u00f3n laboral de j\u00f3venes con enfermedad mental - Ayuntamiento de Blanca","robots":{"index":"index","follow":"follow","max-snippet":"max-snippet:-1","max-image-preview":"max-image-preview:large","max-video-preview":"max-video-preview:-1"},"canonical":"https:\/\/blanca.es\/nuevaweb\/ayuntamiento-blanca-afemce-firman-convenio-promover-la-integracion-laboral-jovenes-enfermedad-mental\/","og_locale":"es_ES","og_type":"article","og_title":"El Ayuntamiento de Blanca y AFEMCE firman un convenio para promover la integraci\u00f3n laboral de j\u00f3venes con enfermedad mental - Ayuntamiento de Blanca","og_description":"El Ayuntamiento de Blanca y la Asociaci\u00f3n AFEMCE han firmado un convenio de colaboraci\u00f3n con el fin de que ambas entidades participen en el programa de inserci\u00f3n laboral de j\u00f3venes con discapacidad intelectual y enfermedad mental \u201cJuntos somos Capaces\u201d, que promueve FUNDACI\u00d3N MAPFRE desde 2010. En la firma de este convenio han participado, Ester Hortelano [&hellip;]","og_url":"https:\/\/blanca.es\/nuevaweb\/ayuntamiento-blanca-afemce-firman-convenio-promover-la-integracion-laboral-jovenes-enfermedad-mental\/","og_site_name":"Ayuntamiento de Blanca","article_publisher":"https:\/\/es-es.facebook.com\/AyuntamientodeBlanca","article_published_time":"2017-07-27T10:14:24+00:00","og_image":[{"width":1024,"height":683,"url":"https:\/\/blanca.es\/nuevaweb\/wp-content\/uploads\/2017\/07\/firma-convenio-AFEMCE.jpg","type":"image\/jpeg"}],"author":"Comunicaci\u00f3n","twitter_card":"summary_large_image","twitter_creator":"@ayto_blanca","twitter_site":"@ayto_blanca","twitter_misc":{"Escrito por":"Comunicaci\u00f3n","Tiempo de lectura":"1 minuto"},"schema":{"@context":"https:\/\/schema.org","@graph":[{"@type":"Article","@id":"https:\/\/blanca.es\/nuevaweb\/ayuntamiento-blanca-afemce-firman-convenio-promover-la-integracion-laboral-jovenes-enfermedad-mental\/#article","isPartOf":{"@id":"https:\/\/blanca.es\/nuevaweb\/ayuntamiento-blanca-afemce-firman-convenio-promover-la-integracion-laboral-jovenes-enfermedad-mental\/"},"author":{"name":"Comunicaci\u00f3n","@id":"https:\/\/blanca.es\/nuevaweb\/#\/schema\/person\/068ffbe563a96e998dc141bd91d5a84a"},"headline":"El Ayuntamiento de Blanca y AFEMCE firman un convenio para promover la integraci\u00f3n laboral de j\u00f3venes con enfermedad mental","datePublished":"2017-07-27T10:14:24+00:00","mainEntityOfPage":{"@id":"https:\/\/blanca.es\/nuevaweb\/ayuntamiento-blanca-afemce-firman-convenio-promover-la-integracion-laboral-jovenes-enfermedad-mental\/"},"wordCount":268,"publisher":{"@id":"https:\/\/blanca.es\/nuevaweb\/#organization"},"image":{"@id":"https:\/\/blanca.es\/nuevaweb\/ayuntamiento-blanca-afemce-firman-convenio-promover-la-integracion-laboral-jovenes-enfermedad-mental\/#primaryimage"},"thumbnailUrl":"https:\/\/blanca.es\/nuevaweb\/wp-content\/uploads\/2017\/07\/firma-convenio-AFEMCE.jpg","articleSection":["Bienestar Social","Institucional"],"inLanguage":"es"},{"@type":"WebPage","@id":"https:\/\/blanca.es\/nuevaweb\/ayuntamiento-blanca-afemce-firman-convenio-promover-la-integracion-laboral-jovenes-enfermedad-mental\/","url":"https:\/\/blanca.es\/nuevaweb\/ayuntamiento-blanca-afemce-firman-convenio-promover-la-integracion-laboral-jovenes-enfermedad-mental\/","name":"El Ayuntamiento de Blanca y AFEMCE firman un convenio para promover la integraci\u00f3n laboral de j\u00f3venes con enfermedad mental - Ayuntamiento de Blanca","isPartOf":{"@id":"https:\/\/blanca.es\/nuevaweb\/#website"},"primaryImageOfPage":{"@id":"https:\/\/blanca.es\/nuevaweb\/ayuntamiento-blanca-afemce-firman-convenio-promover-la-integracion-laboral-jovenes-enfermedad-mental\/#primaryimage"},"image":{"@id":"https:\/\/blanca.es\/nuevaweb\/ayuntamiento-blanca-afemce-firman-convenio-promover-la-integracion-laboral-jovenes-enfermedad-mental\/#primaryimage"},"thumbnailUrl":"https:\/\/blanca.es\/nuevaweb\/wp-content\/uploads\/2017\/07\/firma-convenio-AFEMCE.jpg","datePublished":"2017-07-27T10:14:24+00:00","breadcrumb":{"@id":"https:\/\/blanca.es\/nuevaweb\/ayuntamiento-blanca-afemce-firman-convenio-promover-la-integracion-laboral-jovenes-enfermedad-mental\/#breadcrumb"},"inLanguage":"es","potentialAction":[{"@type":"ReadAction","target":["https:\/\/blanca.es\/nuevaweb\/ayuntamiento-blanca-afemce-firman-convenio-promover-la-integracion-laboral-jovenes-enfermedad-mental\/"]}]},{"@type":"ImageObject","inLanguage":"es","@id":"https:\/\/blanca.es\/nuevaweb\/ayuntamiento-blanca-afemce-firman-convenio-promover-la-integracion-laboral-jovenes-enfermedad-mental\/#primaryimage","url":"https:\/\/blanca.es\/nuevaweb\/wp-content\/uploads\/2017\/07\/firma-convenio-AFEMCE.jpg","contentUrl":"https:\/\/blanca.es\/nuevaweb\/wp-content\/uploads\/2017\/07\/firma-convenio-AFEMCE.jpg","width":1024,"height":683},{"@type":"BreadcrumbList","@id":"https:\/\/blanca.es\/nuevaweb\/ayuntamiento-blanca-afemce-firman-convenio-promover-la-integracion-laboral-jovenes-enfermedad-mental\/#breadcrumb","itemListElement":[{"@type":"ListItem","position":1,"name":"Portada","item":"https:\/\/blanca.es\/nuevaweb\/"},{"@type":"ListItem","position":2,"name":"El Ayuntamiento de Blanca y AFEMCE firman un convenio para promover la integraci\u00f3n laboral de j\u00f3venes con enfermedad mental"}]},{"@type":"WebSite","@id":"https:\/\/blanca.es\/nuevaweb\/#website","url":"https:\/\/blanca.es\/nuevaweb\/","name":"Ayuntamiento de Blanca","description":"Web Municipal Blanca (Murcia)","publisher":{"@id":"https:\/\/blanca.es\/nuevaweb\/#organization"},"potentialAction":[{"@type":"SearchAction","target":{"@type":"EntryPoint","urlTemplate":"https:\/\/blanca.es\/nuevaweb\/?s={search_term_string}"},"query-input":{"@type":"PropertyValueSpecification","valueRequired":true,"valueName":"search_term_string"}}],"inLanguage":"es"},{"@type":"Organization","@id":"https:\/\/blanca.es\/nuevaweb\/#organization","name":"Ayuntamiento de Blanca","url":"https:\/\/blanca.es\/nuevaweb\/","logo":{"@type":"ImageObject","inLanguage":"es","@id":"https:\/\/blanca.es\/nuevaweb\/#\/schema\/logo\/image\/","url":"https:\/\/blanca.es\/nuevaweb\/wp-content\/uploads\/2020\/09\/Escudo_alta_cuadrado-3.png","contentUrl":"https:\/\/blanca.es\/nuevaweb\/wp-content\/uploads\/2020\/09\/Escudo_alta_cuadrado-3.png","width":300,"height":300,"caption":"Ayuntamiento de Blanca"},"image":{"@id":"https:\/\/blanca.es\/nuevaweb\/#\/schema\/logo\/image\/"},"sameAs":["https:\/\/es-es.facebook.com\/AyuntamientodeBlanca","https:\/\/x.com\/ayto_blanca","https:\/\/www.youtube.com\/channel\/UC9weal_OZVKN6meF0Fd_rqw"]},{"@type":"Person","@id":"https:\/\/blanca.es\/nuevaweb\/#\/schema\/person\/068ffbe563a96e998dc141bd91d5a84a","name":"Comunicaci\u00f3n","image":{"@type":"ImageObject","inLanguage":"es","@id":"https:\/\/secure.gravatar.com\/avatar\/0a6839cedbb80e4510cc6b40b620b579d19c8c87d368475504cb313c55980873?s=96&d=mm&r=g","url":"https:\/\/secure.gravatar.com\/avatar\/0a6839cedbb80e4510cc6b40b620b579d19c8c87d368475504cb313c55980873?s=96&d=mm&r=g","contentUrl":"https:\/\/secure.gravatar.com\/avatar\/0a6839cedbb80e4510cc6b40b620b579d19c8c87d368475504cb313c55980873?s=96&d=mm&r=g","caption":"Comunicaci\u00f3n"}}]}},"_links":{"self":[{"href":"https:\/\/blanca.es\/nuevaweb\/wp-json\/wp\/v2\/posts\/8011","targetHints":{"allow":["GET"]}}],"collection":[{"href":"https:\/\/blanca.es\/nuevaweb\/wp-json\/wp\/v2\/posts"}],"about":[{"href":"https:\/\/blanca.es\/nuevaweb\/wp-json\/wp\/v2\/types\/post"}],"author":[{"embeddable":true,"href":"https:\/\/blanca.es\/nuevaweb\/wp-json\/wp\/v2\/users\/2"}],"replies":[{"embeddable":true,"href":"https:\/\/blanca.es\/nuevaweb\/wp-json\/wp\/v2\/comments?post=8011"}],"version-history":[{"count":0,"href":"https:\/\/blanca.es\/nuevaweb\/wp-json\/wp\/v2\/posts\/8011\/revisions"}],"wp:featuredmedia":[{"embeddable":true,"href":"https:\/\/blanca.es\/nuevaweb\/wp-json\/wp\/v2\/media\/8012"}],"wp:attachment":[{"href":"https:\/\/blanca.es\/nuevaweb\/wp-json\/wp\/v2\/media?parent=8011"}],"wp:term":[{"taxonomy":"category","embeddable":true,"href":"https:\/\/blanca.es\/nuevaweb\/wp-json\/wp\/v2\/categories?post=8011"},{"taxonomy":"post_tag","embeddable":true,"href":"https:\/\/blanca.es\/nuevaweb\/wp-json\/wp\/v2\/tags?post=8011"}],"curies":[{"name":"wp","href":"https:\/\/api.w.org\/{rel}","templated":true}]}}