{"id":9738,"date":"2017-11-22T13:56:58","date_gmt":"2017-11-22T12:56:58","guid":{"rendered":"http:\/\/blanca.es\/?p=9738"},"modified":"2017-11-22T13:56:58","modified_gmt":"2017-11-22T12:56:58","slug":"blanca-presente-las-jornadas-formacion-platea","status":"publish","type":"post","link":"https:\/\/blanca.es\/nuevaweb\/blanca-presente-las-jornadas-formacion-platea\/","title":{"rendered":"Blanca presente en las jornadas de formaci\u00f3n de PLATEA"},"content":{"rendered":"<p style=\"text-align: justify;\">La concejal de Cultura, Soledad R\u00edos, acudi\u00f3 a las jornadas de formaci\u00f3n impartidas por el Programa Estatal de Circulaci\u00f3n de Espect\u00e1culos de Artes Esc\u00e9nicas en Espacios de las Entidades Locales, PLATEA, que se celebraron en el Centro Cultural Conde Duque de Madrid. Una iniciativa que busca ser un punto de encuentro para dialogar en torno a las nuevas tendencias del mundo esc\u00e9nico, a la que acudieron programadores, gestores y dem\u00e1s profesionales del sector de las artes esc\u00e9nicas<\/p>\n<p style=\"text-align: justify;\">Entre las actividades que se desarrollaron durante la jornada, destaca la presentaci\u00f3n del an\u00e1lisis estad\u00edstico de la circulaci\u00f3n de espect\u00e1culos en Espa\u00f1a, promovido por la Comisi\u00f3n de Formaci\u00f3n de La Red Espa\u00f1ola de Teatros, Auditorios, Circuitos y Festivales de Titularidad P\u00fablica. El estudio fue presentando por Javier G\u00f3mez, director del Departamento de Sociolog\u00eda de la Universidad de Valladolid, y Mar\u00eda S\u00e1nchez, miembro de la Comisi\u00f3n de Formaci\u00f3n y Conocimiento de La Red.<\/p>\n<p style=\"text-align: justify;\">Adem\u00e1s, se trataron temas como la \u00abcreaci\u00f3n de p\u00fablicos de danza y circo\u00bb, nuevos formatos en artes esc\u00e9nicas, la inclusi\u00f3n en el sector o las redes y alianzas, entre otros.<\/p>\n<p style=\"text-align: justify;\">Desde la concejal\u00eda de Cultura \u00abse est\u00e1 luchando por traer al teatro obras de calidad como es el caso de la que tendremos este s\u00e1bado, con la actuaci\u00f3n de la gran actriz Isabel Ordaz\u00bb ha indicado Soledad R\u00edos, quien anima a que los ciuadanos acudan a ver esta obra y \u00abdisfruten del TEATRO en may\u00fasculas\u00bb.<\/p>\n<div id='gallery-1' class='gallery galleryid-9738 gallery-columns-3 gallery-size-thumbnail'><figure class='gallery-item'>\n\t\t\t<div class='gallery-icon portrait'>\n\t\t\t\t<a href='https:\/\/blanca.es\/nuevaweb\/wp-content\/uploads\/2017\/11\/image1.jpeg'><img loading=\"lazy\" decoding=\"async\" width=\"150\" height=\"150\" src=\"https:\/\/blanca.es\/nuevaweb\/wp-content\/uploads\/2017\/11\/image1-150x150.jpeg\" class=\"attachment-thumbnail size-thumbnail\" alt=\"\" \/><\/a>\n\t\t\t<\/div><\/figure><figure class='gallery-item'>\n\t\t\t<div class='gallery-icon landscape'>\n\t\t\t\t<a href='https:\/\/blanca.es\/nuevaweb\/wp-content\/uploads\/2017\/11\/Captura-de-pantalla-2017-11-17-a-las-00.06.17.png'><img loading=\"lazy\" decoding=\"async\" width=\"150\" height=\"150\" src=\"https:\/\/blanca.es\/nuevaweb\/wp-content\/uploads\/2017\/11\/Captura-de-pantalla-2017-11-17-a-las-00.06.17-150x150.png\" class=\"attachment-thumbnail size-thumbnail\" alt=\"\" \/><\/a>\n\t\t\t<\/div><\/figure><figure class='gallery-item'>\n\t\t\t<div class='gallery-icon landscape'>\n\t\t\t\t<a href='https:\/\/blanca.es\/nuevaweb\/wp-content\/uploads\/2017\/11\/Captura-de-pantalla-2017-11-17-a-las-00.07.42.png'><img loading=\"lazy\" decoding=\"async\" width=\"150\" height=\"150\" src=\"https:\/\/blanca.es\/nuevaweb\/wp-content\/uploads\/2017\/11\/Captura-de-pantalla-2017-11-17-a-las-00.07.42-150x150.png\" class=\"attachment-thumbnail size-thumbnail\" alt=\"\" \/><\/a>\n\t\t\t<\/div><\/figure><figure class='gallery-item'>\n\t\t\t<div class='gallery-icon landscape'>\n\t\t\t\t<a href='https:\/\/blanca.es\/nuevaweb\/wp-content\/uploads\/2017\/11\/Captura-de-pantalla-2017-11-17-a-las-00.10.36.png'><img loading=\"lazy\" decoding=\"async\" width=\"150\" height=\"150\" src=\"https:\/\/blanca.es\/nuevaweb\/wp-content\/uploads\/2017\/11\/Captura-de-pantalla-2017-11-17-a-las-00.10.36-150x150.png\" class=\"attachment-thumbnail size-thumbnail\" alt=\"\" srcset=\"https:\/\/blanca.es\/nuevaweb\/wp-content\/uploads\/2017\/11\/Captura-de-pantalla-2017-11-17-a-las-00.10.36-150x150.png 150w, https:\/\/blanca.es\/nuevaweb\/wp-content\/uploads\/2017\/11\/Captura-de-pantalla-2017-11-17-a-las-00.10.36-300x300.png 300w, https:\/\/blanca.es\/nuevaweb\/wp-content\/uploads\/2017\/11\/Captura-de-pantalla-2017-11-17-a-las-00.10.36.png 565w\" sizes=\"auto, (max-width: 150px) 100vw, 150px\" \/><\/a>\n\t\t\t<\/div><\/figure>\n\t\t<\/div>\n\n<p style=\"text-align: justify;\"><strong>El programa PLATEA<\/strong><\/p>\n<p style=\"text-align: justify;\">El Programa estatal de circulaci\u00f3n de espect\u00e1culos de artes esc\u00e9nicas en espacios de las Entidades Locales, PLATEA, fruto de la colaboraci\u00f3n del INAEM y la Federaci\u00f3n Espa\u00f1ola de Municipios y Provincias, viene destinando desde 2014 hasta cinco millones de euros anuales destinados a reforzar y enriquecer las posibilidades de contrataci\u00f3n de los teatros locales, garantizando la viabilidad econ\u00f3mica de las compa\u00f1\u00edas de artes esc\u00e9nicas. Gracias a PLATEA se han programado hasta hoy cerca de 4.000 espect\u00e1culos en toda Espa\u00f1a.<\/p>\n","protected":false},"excerpt":{"rendered":"<p>La concejal de Cultura, Soledad R\u00edos, acudi\u00f3 a las jornadas de formaci\u00f3n impartidas por el Programa Estatal de Circulaci\u00f3n de Espect\u00e1culos de Artes Esc\u00e9nicas en Espacios de las Entidades Locales, PLATEA, que se celebraron en el Centro Cultural Conde Duque de Madrid. Una iniciativa que busca ser un punto de encuentro para dialogar en torno [&hellip;]<\/p>\n","protected":false},"author":2,"featured_media":9742,"comment_status":"closed","ping_status":"open","sticky":false,"template":"","format":"standard","meta":{"footnotes":""},"categories":[160],"tags":[],"class_list":["post-9738","post","type-post","status-publish","format-standard","has-post-thumbnail","hentry","category-cul_tur"],"yoast_head":"<!-- This site is optimized with the Yoast SEO plugin v28.1 - https:\/\/yoast.com\/product\/yoast-seo-wordpress\/ -->\n<title>Blanca presente en las jornadas de formaci\u00f3n de PLATEA - Ayuntamiento de Blanca<\/title>\n<meta name=\"robots\" content=\"index, follow, max-snippet:-1, max-image-preview:large, max-video-preview:-1\" \/>\n<link rel=\"canonical\" href=\"https:\/\/blanca.es\/nuevaweb\/blanca-presente-las-jornadas-formacion-platea\/\" \/>\n<meta property=\"og:locale\" content=\"es_ES\" \/>\n<meta property=\"og:type\" content=\"article\" \/>\n<meta property=\"og:title\" content=\"Blanca presente en las jornadas de formaci\u00f3n de PLATEA - Ayuntamiento de Blanca\" \/>\n<meta property=\"og:description\" content=\"La concejal de Cultura, Soledad R\u00edos, acudi\u00f3 a las jornadas de formaci\u00f3n impartidas por el Programa Estatal de Circulaci\u00f3n de Espect\u00e1culos de Artes Esc\u00e9nicas en Espacios de las Entidades Locales, PLATEA, que se celebraron en el Centro Cultural Conde Duque de Madrid. Una iniciativa que busca ser un punto de encuentro para dialogar en torno [&hellip;]\" \/>\n<meta property=\"og:url\" content=\"https:\/\/blanca.es\/nuevaweb\/blanca-presente-las-jornadas-formacion-platea\/\" \/>\n<meta property=\"og:site_name\" content=\"Ayuntamiento de Blanca\" \/>\n<meta property=\"article:publisher\" content=\"https:\/\/es-es.facebook.com\/AyuntamientodeBlanca\" \/>\n<meta property=\"article:published_time\" content=\"2017-11-22T12:56:58+00:00\" \/>\n<meta property=\"og:image\" content=\"https:\/\/blanca.es\/nuevaweb\/wp-content\/uploads\/2017\/11\/image1.jpeg\" \/>\n\t<meta property=\"og:image:width\" content=\"1024\" \/>\n\t<meta property=\"og:image:height\" content=\"1365\" \/>\n\t<meta property=\"og:image:type\" content=\"image\/jpeg\" \/>\n<meta name=\"author\" content=\"Comunicaci\u00f3n\" \/>\n<meta name=\"twitter:card\" content=\"summary_large_image\" \/>\n<meta name=\"twitter:creator\" content=\"@ayto_blanca\" \/>\n<meta name=\"twitter:site\" content=\"@ayto_blanca\" \/>\n<meta name=\"twitter:label1\" content=\"Escrito por\" \/>\n\t<meta name=\"twitter:data1\" content=\"Comunicaci\u00f3n\" \/>\n\t<meta name=\"twitter:label2\" content=\"Tiempo de lectura\" \/>\n\t<meta name=\"twitter:data2\" content=\"2 minutos\" \/>\n<script type=\"application\/ld+json\" class=\"yoast-schema-graph\">{\"@context\":\"https:\\\/\\\/schema.org\",\"@graph\":[{\"@type\":\"Article\",\"@id\":\"https:\\\/\\\/blanca.es\\\/nuevaweb\\\/blanca-presente-las-jornadas-formacion-platea\\\/#article\",\"isPartOf\":{\"@id\":\"https:\\\/\\\/blanca.es\\\/nuevaweb\\\/blanca-presente-las-jornadas-formacion-platea\\\/\"},\"author\":{\"name\":\"Comunicaci\u00f3n\",\"@id\":\"https:\\\/\\\/blanca.es\\\/nuevaweb\\\/#\\\/schema\\\/person\\\/068ffbe563a96e998dc141bd91d5a84a\"},\"headline\":\"Blanca presente en las jornadas de formaci\u00f3n de PLATEA\",\"datePublished\":\"2017-11-22T12:56:58+00:00\",\"mainEntityOfPage\":{\"@id\":\"https:\\\/\\\/blanca.es\\\/nuevaweb\\\/blanca-presente-las-jornadas-formacion-platea\\\/\"},\"wordCount\":376,\"publisher\":{\"@id\":\"https:\\\/\\\/blanca.es\\\/nuevaweb\\\/#organization\"},\"image\":{\"@id\":\"https:\\\/\\\/blanca.es\\\/nuevaweb\\\/blanca-presente-las-jornadas-formacion-platea\\\/#primaryimage\"},\"thumbnailUrl\":\"https:\\\/\\\/blanca.es\\\/nuevaweb\\\/wp-content\\\/uploads\\\/2017\\\/11\\\/image1.jpeg\",\"articleSection\":[\"Cultura y Turismo\"],\"inLanguage\":\"es\"},{\"@type\":\"WebPage\",\"@id\":\"https:\\\/\\\/blanca.es\\\/nuevaweb\\\/blanca-presente-las-jornadas-formacion-platea\\\/\",\"url\":\"https:\\\/\\\/blanca.es\\\/nuevaweb\\\/blanca-presente-las-jornadas-formacion-platea\\\/\",\"name\":\"Blanca presente en las jornadas de formaci\u00f3n de PLATEA - Ayuntamiento de Blanca\",\"isPartOf\":{\"@id\":\"https:\\\/\\\/blanca.es\\\/nuevaweb\\\/#website\"},\"primaryImageOfPage\":{\"@id\":\"https:\\\/\\\/blanca.es\\\/nuevaweb\\\/blanca-presente-las-jornadas-formacion-platea\\\/#primaryimage\"},\"image\":{\"@id\":\"https:\\\/\\\/blanca.es\\\/nuevaweb\\\/blanca-presente-las-jornadas-formacion-platea\\\/#primaryimage\"},\"thumbnailUrl\":\"https:\\\/\\\/blanca.es\\\/nuevaweb\\\/wp-content\\\/uploads\\\/2017\\\/11\\\/image1.jpeg\",\"datePublished\":\"2017-11-22T12:56:58+00:00\",\"breadcrumb\":{\"@id\":\"https:\\\/\\\/blanca.es\\\/nuevaweb\\\/blanca-presente-las-jornadas-formacion-platea\\\/#breadcrumb\"},\"inLanguage\":\"es\",\"potentialAction\":[{\"@type\":\"ReadAction\",\"target\":[\"https:\\\/\\\/blanca.es\\\/nuevaweb\\\/blanca-presente-las-jornadas-formacion-platea\\\/\"]}]},{\"@type\":\"ImageObject\",\"inLanguage\":\"es\",\"@id\":\"https:\\\/\\\/blanca.es\\\/nuevaweb\\\/blanca-presente-las-jornadas-formacion-platea\\\/#primaryimage\",\"url\":\"https:\\\/\\\/blanca.es\\\/nuevaweb\\\/wp-content\\\/uploads\\\/2017\\\/11\\\/image1.jpeg\",\"contentUrl\":\"https:\\\/\\\/blanca.es\\\/nuevaweb\\\/wp-content\\\/uploads\\\/2017\\\/11\\\/image1.jpeg\",\"width\":1024,\"height\":1365},{\"@type\":\"BreadcrumbList\",\"@id\":\"https:\\\/\\\/blanca.es\\\/nuevaweb\\\/blanca-presente-las-jornadas-formacion-platea\\\/#breadcrumb\",\"itemListElement\":[{\"@type\":\"ListItem\",\"position\":1,\"name\":\"Portada\",\"item\":\"https:\\\/\\\/blanca.es\\\/nuevaweb\\\/\"},{\"@type\":\"ListItem\",\"position\":2,\"name\":\"Blanca presente en las jornadas de formaci\u00f3n de PLATEA\"}]},{\"@type\":\"WebSite\",\"@id\":\"https:\\\/\\\/blanca.es\\\/nuevaweb\\\/#website\",\"url\":\"https:\\\/\\\/blanca.es\\\/nuevaweb\\\/\",\"name\":\"Ayuntamiento de Blanca\",\"description\":\"Web Municipal Blanca (Murcia)\",\"publisher\":{\"@id\":\"https:\\\/\\\/blanca.es\\\/nuevaweb\\\/#organization\"},\"potentialAction\":[{\"@type\":\"SearchAction\",\"target\":{\"@type\":\"EntryPoint\",\"urlTemplate\":\"https:\\\/\\\/blanca.es\\\/nuevaweb\\\/?s={search_term_string}\"},\"query-input\":{\"@type\":\"PropertyValueSpecification\",\"valueRequired\":true,\"valueName\":\"search_term_string\"}}],\"inLanguage\":\"es\"},{\"@type\":\"Organization\",\"@id\":\"https:\\\/\\\/blanca.es\\\/nuevaweb\\\/#organization\",\"name\":\"Ayuntamiento de Blanca\",\"url\":\"https:\\\/\\\/blanca.es\\\/nuevaweb\\\/\",\"logo\":{\"@type\":\"ImageObject\",\"inLanguage\":\"es\",\"@id\":\"https:\\\/\\\/blanca.es\\\/nuevaweb\\\/#\\\/schema\\\/logo\\\/image\\\/\",\"url\":\"https:\\\/\\\/blanca.es\\\/nuevaweb\\\/wp-content\\\/uploads\\\/2020\\\/09\\\/Escudo_alta_cuadrado-3.png\",\"contentUrl\":\"https:\\\/\\\/blanca.es\\\/nuevaweb\\\/wp-content\\\/uploads\\\/2020\\\/09\\\/Escudo_alta_cuadrado-3.png\",\"width\":300,\"height\":300,\"caption\":\"Ayuntamiento de Blanca\"},\"image\":{\"@id\":\"https:\\\/\\\/blanca.es\\\/nuevaweb\\\/#\\\/schema\\\/logo\\\/image\\\/\"},\"sameAs\":[\"https:\\\/\\\/es-es.facebook.com\\\/AyuntamientodeBlanca\",\"https:\\\/\\\/x.com\\\/ayto_blanca\",\"https:\\\/\\\/www.youtube.com\\\/channel\\\/UC9weal_OZVKN6meF0Fd_rqw\"]},{\"@type\":\"Person\",\"@id\":\"https:\\\/\\\/blanca.es\\\/nuevaweb\\\/#\\\/schema\\\/person\\\/068ffbe563a96e998dc141bd91d5a84a\",\"name\":\"Comunicaci\u00f3n\",\"image\":{\"@type\":\"ImageObject\",\"inLanguage\":\"es\",\"@id\":\"https:\\\/\\\/secure.gravatar.com\\\/avatar\\\/0a6839cedbb80e4510cc6b40b620b579d19c8c87d368475504cb313c55980873?s=96&d=mm&r=g\",\"url\":\"https:\\\/\\\/secure.gravatar.com\\\/avatar\\\/0a6839cedbb80e4510cc6b40b620b579d19c8c87d368475504cb313c55980873?s=96&d=mm&r=g\",\"contentUrl\":\"https:\\\/\\\/secure.gravatar.com\\\/avatar\\\/0a6839cedbb80e4510cc6b40b620b579d19c8c87d368475504cb313c55980873?s=96&d=mm&r=g\",\"caption\":\"Comunicaci\u00f3n\"}}]}<\/script>\n<!-- \/ Yoast SEO plugin. -->","yoast_head_json":{"title":"Blanca presente en las jornadas de formaci\u00f3n de PLATEA - Ayuntamiento de Blanca","robots":{"index":"index","follow":"follow","max-snippet":"max-snippet:-1","max-image-preview":"max-image-preview:large","max-video-preview":"max-video-preview:-1"},"canonical":"https:\/\/blanca.es\/nuevaweb\/blanca-presente-las-jornadas-formacion-platea\/","og_locale":"es_ES","og_type":"article","og_title":"Blanca presente en las jornadas de formaci\u00f3n de PLATEA - Ayuntamiento de Blanca","og_description":"La concejal de Cultura, Soledad R\u00edos, acudi\u00f3 a las jornadas de formaci\u00f3n impartidas por el Programa Estatal de Circulaci\u00f3n de Espect\u00e1culos de Artes Esc\u00e9nicas en Espacios de las Entidades Locales, PLATEA, que se celebraron en el Centro Cultural Conde Duque de Madrid. Una iniciativa que busca ser un punto de encuentro para dialogar en torno [&hellip;]","og_url":"https:\/\/blanca.es\/nuevaweb\/blanca-presente-las-jornadas-formacion-platea\/","og_site_name":"Ayuntamiento de Blanca","article_publisher":"https:\/\/es-es.facebook.com\/AyuntamientodeBlanca","article_published_time":"2017-11-22T12:56:58+00:00","og_image":[{"width":1024,"height":1365,"url":"https:\/\/blanca.es\/nuevaweb\/wp-content\/uploads\/2017\/11\/image1.jpeg","type":"image\/jpeg"}],"author":"Comunicaci\u00f3n","twitter_card":"summary_large_image","twitter_creator":"@ayto_blanca","twitter_site":"@ayto_blanca","twitter_misc":{"Escrito por":"Comunicaci\u00f3n","Tiempo de lectura":"2 minutos"},"schema":{"@context":"https:\/\/schema.org","@graph":[{"@type":"Article","@id":"https:\/\/blanca.es\/nuevaweb\/blanca-presente-las-jornadas-formacion-platea\/#article","isPartOf":{"@id":"https:\/\/blanca.es\/nuevaweb\/blanca-presente-las-jornadas-formacion-platea\/"},"author":{"name":"Comunicaci\u00f3n","@id":"https:\/\/blanca.es\/nuevaweb\/#\/schema\/person\/068ffbe563a96e998dc141bd91d5a84a"},"headline":"Blanca presente en las jornadas de formaci\u00f3n de PLATEA","datePublished":"2017-11-22T12:56:58+00:00","mainEntityOfPage":{"@id":"https:\/\/blanca.es\/nuevaweb\/blanca-presente-las-jornadas-formacion-platea\/"},"wordCount":376,"publisher":{"@id":"https:\/\/blanca.es\/nuevaweb\/#organization"},"image":{"@id":"https:\/\/blanca.es\/nuevaweb\/blanca-presente-las-jornadas-formacion-platea\/#primaryimage"},"thumbnailUrl":"https:\/\/blanca.es\/nuevaweb\/wp-content\/uploads\/2017\/11\/image1.jpeg","articleSection":["Cultura y Turismo"],"inLanguage":"es"},{"@type":"WebPage","@id":"https:\/\/blanca.es\/nuevaweb\/blanca-presente-las-jornadas-formacion-platea\/","url":"https:\/\/blanca.es\/nuevaweb\/blanca-presente-las-jornadas-formacion-platea\/","name":"Blanca presente en las jornadas de formaci\u00f3n de PLATEA - Ayuntamiento de Blanca","isPartOf":{"@id":"https:\/\/blanca.es\/nuevaweb\/#website"},"primaryImageOfPage":{"@id":"https:\/\/blanca.es\/nuevaweb\/blanca-presente-las-jornadas-formacion-platea\/#primaryimage"},"image":{"@id":"https:\/\/blanca.es\/nuevaweb\/blanca-presente-las-jornadas-formacion-platea\/#primaryimage"},"thumbnailUrl":"https:\/\/blanca.es\/nuevaweb\/wp-content\/uploads\/2017\/11\/image1.jpeg","datePublished":"2017-11-22T12:56:58+00:00","breadcrumb":{"@id":"https:\/\/blanca.es\/nuevaweb\/blanca-presente-las-jornadas-formacion-platea\/#breadcrumb"},"inLanguage":"es","potentialAction":[{"@type":"ReadAction","target":["https:\/\/blanca.es\/nuevaweb\/blanca-presente-las-jornadas-formacion-platea\/"]}]},{"@type":"ImageObject","inLanguage":"es","@id":"https:\/\/blanca.es\/nuevaweb\/blanca-presente-las-jornadas-formacion-platea\/#primaryimage","url":"https:\/\/blanca.es\/nuevaweb\/wp-content\/uploads\/2017\/11\/image1.jpeg","contentUrl":"https:\/\/blanca.es\/nuevaweb\/wp-content\/uploads\/2017\/11\/image1.jpeg","width":1024,"height":1365},{"@type":"BreadcrumbList","@id":"https:\/\/blanca.es\/nuevaweb\/blanca-presente-las-jornadas-formacion-platea\/#breadcrumb","itemListElement":[{"@type":"ListItem","position":1,"name":"Portada","item":"https:\/\/blanca.es\/nuevaweb\/"},{"@type":"ListItem","position":2,"name":"Blanca presente en las jornadas de formaci\u00f3n de PLATEA"}]},{"@type":"WebSite","@id":"https:\/\/blanca.es\/nuevaweb\/#website","url":"https:\/\/blanca.es\/nuevaweb\/","name":"Ayuntamiento de Blanca","description":"Web Municipal Blanca (Murcia)","publisher":{"@id":"https:\/\/blanca.es\/nuevaweb\/#organization"},"potentialAction":[{"@type":"SearchAction","target":{"@type":"EntryPoint","urlTemplate":"https:\/\/blanca.es\/nuevaweb\/?s={search_term_string}"},"query-input":{"@type":"PropertyValueSpecification","valueRequired":true,"valueName":"search_term_string"}}],"inLanguage":"es"},{"@type":"Organization","@id":"https:\/\/blanca.es\/nuevaweb\/#organization","name":"Ayuntamiento de Blanca","url":"https:\/\/blanca.es\/nuevaweb\/","logo":{"@type":"ImageObject","inLanguage":"es","@id":"https:\/\/blanca.es\/nuevaweb\/#\/schema\/logo\/image\/","url":"https:\/\/blanca.es\/nuevaweb\/wp-content\/uploads\/2020\/09\/Escudo_alta_cuadrado-3.png","contentUrl":"https:\/\/blanca.es\/nuevaweb\/wp-content\/uploads\/2020\/09\/Escudo_alta_cuadrado-3.png","width":300,"height":300,"caption":"Ayuntamiento de Blanca"},"image":{"@id":"https:\/\/blanca.es\/nuevaweb\/#\/schema\/logo\/image\/"},"sameAs":["https:\/\/es-es.facebook.com\/AyuntamientodeBlanca","https:\/\/x.com\/ayto_blanca","https:\/\/www.youtube.com\/channel\/UC9weal_OZVKN6meF0Fd_rqw"]},{"@type":"Person","@id":"https:\/\/blanca.es\/nuevaweb\/#\/schema\/person\/068ffbe563a96e998dc141bd91d5a84a","name":"Comunicaci\u00f3n","image":{"@type":"ImageObject","inLanguage":"es","@id":"https:\/\/secure.gravatar.com\/avatar\/0a6839cedbb80e4510cc6b40b620b579d19c8c87d368475504cb313c55980873?s=96&d=mm&r=g","url":"https:\/\/secure.gravatar.com\/avatar\/0a6839cedbb80e4510cc6b40b620b579d19c8c87d368475504cb313c55980873?s=96&d=mm&r=g","contentUrl":"https:\/\/secure.gravatar.com\/avatar\/0a6839cedbb80e4510cc6b40b620b579d19c8c87d368475504cb313c55980873?s=96&d=mm&r=g","caption":"Comunicaci\u00f3n"}}]}},"_links":{"self":[{"href":"https:\/\/blanca.es\/nuevaweb\/wp-json\/wp\/v2\/posts\/9738","targetHints":{"allow":["GET"]}}],"collection":[{"href":"https:\/\/blanca.es\/nuevaweb\/wp-json\/wp\/v2\/posts"}],"about":[{"href":"https:\/\/blanca.es\/nuevaweb\/wp-json\/wp\/v2\/types\/post"}],"author":[{"embeddable":true,"href":"https:\/\/blanca.es\/nuevaweb\/wp-json\/wp\/v2\/users\/2"}],"replies":[{"embeddable":true,"href":"https:\/\/blanca.es\/nuevaweb\/wp-json\/wp\/v2\/comments?post=9738"}],"version-history":[{"count":0,"href":"https:\/\/blanca.es\/nuevaweb\/wp-json\/wp\/v2\/posts\/9738\/revisions"}],"wp:featuredmedia":[{"embeddable":true,"href":"https:\/\/blanca.es\/nuevaweb\/wp-json\/wp\/v2\/media\/9742"}],"wp:attachment":[{"href":"https:\/\/blanca.es\/nuevaweb\/wp-json\/wp\/v2\/media?parent=9738"}],"wp:term":[{"taxonomy":"category","embeddable":true,"href":"https:\/\/blanca.es\/nuevaweb\/wp-json\/wp\/v2\/categories?post=9738"},{"taxonomy":"post_tag","embeddable":true,"href":"https:\/\/blanca.es\/nuevaweb\/wp-json\/wp\/v2\/tags?post=9738"}],"curies":[{"name":"wp","href":"https:\/\/api.w.org\/{rel}","templated":true}]}}